{"id":1755,"date":"2006-06-18T21:35:53","date_gmt":"2006-06-18T21:35:53","guid":{"rendered":"http:\/\/blogs.thesocialmedia.com\/leblogmoto\/2006\/06\/18\/250-catalunya-d\/"},"modified":"2012-07-11T14:25:04","modified_gmt":"2012-07-11T14:25:04","slug":"250-catalunya-d","status":"publish","type":"post","link":"https:\/\/blogs.thesocialmedia.com\/leblogmoto\/2006\/06\/18\/250-catalunya-d\/","title":{"rendered":"250 CATALUNYA: DOVI se d\u00e9tache"},"content":{"rendered":"<p><a href=\"http:\/\/blogs.thesocialmedia.com\/leblogmoto\/files\/2012\/07\/08_2.jpg\"><strong><img loading=\"lazy\" decoding=\"async\" height=\"376\" alt=\"08_2\" src=\"http:\/\/www.leblogmoto.com\/images\/08_2.jpg\" width=\"250\"  \/><\/strong><\/a><strong>DOVIZIOSO<\/strong> a marqu\u00e9 le coup en terre catalane. <\/p>\n<p>Dans le fief d&rsquo;un <a href=\"http:\/\/www.leblogmoto.com\/2006\/06\/motogp_du_rifif.html\">LORENZO<\/a> qui ne laisse jamais sa part au chien, il a sign\u00e9 <strong>la pole<\/strong> et remport\u00e9 une victoire importante dans l&rsquo;optique du titre. <strong>Sa premi\u00e8re de la saison<\/strong>, qui plus est.<\/p>\n<p>Car cette victoire a \u00e9t\u00e9 l&rsquo;issue d&rsquo;un duel qui ne s&rsquo;est termin\u00e9 que dans les derniers m\u00e8tres menant \u00e0 la ligne d&rsquo;arriv\u00e9e. <\/p>\n<p>L&rsquo;impact psychologique est certain et, progressivement, le soci\u00e8taire <strong>HONDA<\/strong> prend une taille patron dans la cat\u00e9gorie. <\/p>\n<p>C\u00f4t\u00e9 Fran\u00e7ais, c&rsquo;est moyen&#8230; <\/p>\n<p><a href=\"http:\/\/clabedan.typepad.com\/.shared\/image.html?\/photos\/uncategorized\/01_8.jpg\"><img loading=\"lazy\" decoding=\"async\" height=\"376\" alt=\"01_8\" src=\"http:\/\/www.leblogmoto.com\/images\/01_8.jpg\" width=\"250\"  \/><\/a>Fer de lance des tricolores, <a href=\"http:\/\/www.leblogmoto.com\/2006\/06\/motogp_guintoli.html\">GUINTOLI<\/a> a pourtant rat\u00e9 ses essais pendant lesquels il a m\u00eame \u00e9t\u00e9 devanc\u00e9 par son teigneux bin\u00f4me <a href=\"http:\/\/www.leblogmoto.com\/2006\/02\/equipe_de_franc.html\">CLUZEL<\/a>. Onzi\u00e8me pour l&rsquo;un, dixi\u00e8me pour l&rsquo;autre, la course a donn\u00e9 un verdict invers\u00e9, mais pas tant que cela au vu des diff\u00e9rences de mat\u00e9riels et d&rsquo;exp\u00e9rience. CLUZEL finit bon <strong>treizi\u00e8me<\/strong> alors que GUINTOLI accroche une modeste <strong>huiti\u00e8me<\/strong> position.<\/p>\n<p><strong>LOCATELLI<\/strong> avec une moto suppos\u00e9e identique a d&rsquo;abord jou\u00e9 la victoire pour se classer, finalement, quatri\u00e8me. Pour m\u00e9moire.<\/p>\n<p>VINCENT termine seizi\u00e8me.<\/p>\n<p>DOVIZIOSO, LORENZO et DE ANGELIS, voil\u00e0 le podium final.<\/p>\n<p>Au championnat, DOVIZIOSO creuse l&rsquo;\u00e9cart avec <strong>133 <\/strong>points devant LORENZO <strong>108<\/strong> et TAKAHASHI <strong>89<\/strong>. Deux HONDA encadrant une <a href=\"http:\/\/www.leblogmoto.com\/2006\/04\/aprilia_vivemen.html\">APRILIA<\/a>, ce n&rsquo;est pas exactement ce qu&rsquo;escomptait la firme de Noalle en d\u00e9but de saison&#8230;&nbsp; &nbsp;<\/p>\n","protected":false},"excerpt":{"rendered":"<p>DOVIZIOSO a marqu\u00e9 le coup en terre catalane. Dans le fief d&rsquo;un LORENZO qui ne laisse jamais sa part au chien, il a sign\u00e9 la pole et remport\u00e9 une victoire importante dans l&rsquo;optique du titre. Sa premi\u00e8re de la saison, qui plus est. Car cette victoire a \u00e9t\u00e9 l&rsquo;issue d&rsquo;un duel qui ne s&rsquo;est termin\u00e9 [&hellip;]<\/p>\n","protected":false},"author":336,"featured_media":0,"comment_status":"open","ping_status":"open","sticky":false,"template":"","format":"standard","meta":{"footnotes":""},"categories":[14,22,32],"tags":[],"class_list":["post-1755","post","type-post","status-publish","format-standard","hentry","category-honda","category-motogp","category-sport-moto"],"yoast_head":"<!-- This site is optimized with the Yoast SEO plugin v26.0 - https:\/\/yoast.com\/wordpress\/plugins\/seo\/ -->\n<title>250 CATALUNYA: DOVI se d\u00e9tache - leblogmoto.com<\/title>\n<meta name=\"robots\" content=\"index, follow, max-snippet:-1, max-image-preview:large, max-video-preview:-1\" \/>\n<link rel=\"canonical\" href=\"https:\/\/blogs.thesocialmedia.com\/leblogmoto\/2006\/06\/18\/250-catalunya-d\/\" \/>\n<meta name=\"twitter:card\" content=\"summary_large_image\" \/>\n<meta name=\"twitter:title\" content=\"250 CATALUNYA: DOVI se d\u00e9tache - leblogmoto.com\" \/>\n<meta name=\"twitter:description\" content=\"DOVIZIOSO a marqu\u00e9 le coup en terre catalane. Dans le fief d&rsquo;un LORENZO qui ne laisse jamais sa part au chien, il a sign\u00e9 la pole et remport\u00e9 une victoire importante dans l&rsquo;optique du titre. Sa premi\u00e8re de la saison, qui plus est. Car cette victoire a \u00e9t\u00e9 l&rsquo;issue d&rsquo;un duel qui ne s&rsquo;est termin\u00e9 [&hellip;]\" \/>\n<meta name=\"twitter:image\" content=\"http:\/\/www.leblogmoto.com\/images\/08_2.jpg\" \/>\n<meta name=\"twitter:label1\" content=\"\u00c9crit par\" \/>\n\t<meta name=\"twitter:data1\" content=\"andre leconde\" \/>\n\t<meta name=\"twitter:label2\" content=\"Dur\u00e9e de lecture estim\u00e9e\" \/>\n\t<meta name=\"twitter:data2\" content=\"1 minute\" \/>\n<script type=\"application\/ld+json\" class=\"yoast-schema-graph\">{\"@context\":\"https:\/\/schema.org\",\"@graph\":[{\"@type\":\"WebPage\",\"@id\":\"https:\/\/blogs.thesocialmedia.com\/leblogmoto\/2006\/06\/18\/250-catalunya-d\/\",\"url\":\"https:\/\/blogs.thesocialmedia.com\/leblogmoto\/2006\/06\/18\/250-catalunya-d\/\",\"name\":\"250 CATALUNYA: DOVI se d\u00e9tache - leblogmoto.com\",\"isPartOf\":{\"@id\":\"https:\/\/blogs.thesocialmedia.com\/leblogmoto\/#website\"},\"primaryImageOfPage\":{\"@id\":\"https:\/\/blogs.thesocialmedia.com\/leblogmoto\/2006\/06\/18\/250-catalunya-d\/#primaryimage\"},\"image\":{\"@id\":\"https:\/\/blogs.thesocialmedia.com\/leblogmoto\/2006\/06\/18\/250-catalunya-d\/#primaryimage\"},\"thumbnailUrl\":\"http:\/\/www.leblogmoto.com\/images\/08_2.jpg\",\"datePublished\":\"2006-06-18T21:35:53+00:00\",\"dateModified\":\"2012-07-11T14:25:04+00:00\",\"author\":{\"@id\":\"https:\/\/blogs.thesocialmedia.com\/leblogmoto\/#\/schema\/person\/1a1dcfc7cec206573105eb4af91155c2\"},\"breadcrumb\":{\"@id\":\"https:\/\/blogs.thesocialmedia.com\/leblogmoto\/2006\/06\/18\/250-catalunya-d\/#breadcrumb\"},\"inLanguage\":\"fr-FR\",\"potentialAction\":[{\"@type\":\"ReadAction\",\"target\":[\"https:\/\/blogs.thesocialmedia.com\/leblogmoto\/2006\/06\/18\/250-catalunya-d\/\"]}]},{\"@type\":\"ImageObject\",\"inLanguage\":\"fr-FR\",\"@id\":\"https:\/\/blogs.thesocialmedia.com\/leblogmoto\/2006\/06\/18\/250-catalunya-d\/#primaryimage\",\"url\":\"http:\/\/www.leblogmoto.com\/images\/08_2.jpg\",\"contentUrl\":\"http:\/\/www.leblogmoto.com\/images\/08_2.jpg\"},{\"@type\":\"BreadcrumbList\",\"@id\":\"https:\/\/blogs.thesocialmedia.com\/leblogmoto\/2006\/06\/18\/250-catalunya-d\/#breadcrumb\",\"itemListElement\":[{\"@type\":\"ListItem\",\"position\":1,\"name\":\"Accueil\",\"item\":\"https:\/\/blogs.thesocialmedia.com\/leblogmoto\/\"},{\"@type\":\"ListItem\",\"position\":2,\"name\":\"250 CATALUNYA: DOVI se d\u00e9tache\"}]},{\"@type\":\"WebSite\",\"@id\":\"https:\/\/blogs.thesocialmedia.com\/leblogmoto\/#website\",\"url\":\"https:\/\/blogs.thesocialmedia.com\/leblogmoto\/\",\"name\":\"leblogmoto\",\"description\":\"Toute l&#039;actualit\u00e9 des 2 roues\",\"potentialAction\":[{\"@type\":\"SearchAction\",\"target\":{\"@type\":\"EntryPoint\",\"urlTemplate\":\"https:\/\/blogs.thesocialmedia.com\/leblogmoto\/?s={search_term_string}\"},\"query-input\":{\"@type\":\"PropertyValueSpecification\",\"valueRequired\":true,\"valueName\":\"search_term_string\"}}],\"inLanguage\":\"fr-FR\"},{\"@type\":\"Person\",\"@id\":\"https:\/\/blogs.thesocialmedia.com\/leblogmoto\/#\/schema\/person\/1a1dcfc7cec206573105eb4af91155c2\",\"name\":\"andre leconde\",\"image\":{\"@type\":\"ImageObject\",\"inLanguage\":\"fr-FR\",\"@id\":\"https:\/\/blogs.thesocialmedia.com\/leblogmoto\/#\/schema\/person\/image\/\",\"url\":\"https:\/\/secure.gravatar.com\/avatar\/?s=96&d=mm&r=g\",\"contentUrl\":\"https:\/\/secure.gravatar.com\/avatar\/?s=96&d=mm&r=g\",\"caption\":\"andre leconde\"},\"url\":\"https:\/\/blogs.thesocialmedia.com\/leblogmoto\/author\/andre-leconde\/\"}]}<\/script>\n<!-- \/ Yoast SEO plugin. -->","yoast_head_json":{"title":"250 CATALUNYA: DOVI se d\u00e9tache - leblogmoto.com","robots":{"index":"index","follow":"follow","max-snippet":"max-snippet:-1","max-image-preview":"max-image-preview:large","max-video-preview":"max-video-preview:-1"},"canonical":"https:\/\/blogs.thesocialmedia.com\/leblogmoto\/2006\/06\/18\/250-catalunya-d\/","twitter_card":"summary_large_image","twitter_title":"250 CATALUNYA: DOVI se d\u00e9tache - leblogmoto.com","twitter_description":"DOVIZIOSO a marqu\u00e9 le coup en terre catalane. Dans le fief d&rsquo;un LORENZO qui ne laisse jamais sa part au chien, il a sign\u00e9 la pole et remport\u00e9 une victoire importante dans l&rsquo;optique du titre. Sa premi\u00e8re de la saison, qui plus est. Car cette victoire a \u00e9t\u00e9 l&rsquo;issue d&rsquo;un duel qui ne s&rsquo;est termin\u00e9 [&hellip;]","twitter_image":"http:\/\/www.leblogmoto.com\/images\/08_2.jpg","twitter_misc":{"\u00c9crit par":"andre leconde","Dur\u00e9e de lecture estim\u00e9e":"1 minute"},"schema":{"@context":"https:\/\/schema.org","@graph":[{"@type":"WebPage","@id":"https:\/\/blogs.thesocialmedia.com\/leblogmoto\/2006\/06\/18\/250-catalunya-d\/","url":"https:\/\/blogs.thesocialmedia.com\/leblogmoto\/2006\/06\/18\/250-catalunya-d\/","name":"250 CATALUNYA: DOVI se d\u00e9tache - leblogmoto.com","isPartOf":{"@id":"https:\/\/blogs.thesocialmedia.com\/leblogmoto\/#website"},"primaryImageOfPage":{"@id":"https:\/\/blogs.thesocialmedia.com\/leblogmoto\/2006\/06\/18\/250-catalunya-d\/#primaryimage"},"image":{"@id":"https:\/\/blogs.thesocialmedia.com\/leblogmoto\/2006\/06\/18\/250-catalunya-d\/#primaryimage"},"thumbnailUrl":"http:\/\/www.leblogmoto.com\/images\/08_2.jpg","datePublished":"2006-06-18T21:35:53+00:00","dateModified":"2012-07-11T14:25:04+00:00","author":{"@id":"https:\/\/blogs.thesocialmedia.com\/leblogmoto\/#\/schema\/person\/1a1dcfc7cec206573105eb4af91155c2"},"breadcrumb":{"@id":"https:\/\/blogs.thesocialmedia.com\/leblogmoto\/2006\/06\/18\/250-catalunya-d\/#breadcrumb"},"inLanguage":"fr-FR","potentialAction":[{"@type":"ReadAction","target":["https:\/\/blogs.thesocialmedia.com\/leblogmoto\/2006\/06\/18\/250-catalunya-d\/"]}]},{"@type":"ImageObject","inLanguage":"fr-FR","@id":"https:\/\/blogs.thesocialmedia.com\/leblogmoto\/2006\/06\/18\/250-catalunya-d\/#primaryimage","url":"http:\/\/www.leblogmoto.com\/images\/08_2.jpg","contentUrl":"http:\/\/www.leblogmoto.com\/images\/08_2.jpg"},{"@type":"BreadcrumbList","@id":"https:\/\/blogs.thesocialmedia.com\/leblogmoto\/2006\/06\/18\/250-catalunya-d\/#breadcrumb","itemListElement":[{"@type":"ListItem","position":1,"name":"Accueil","item":"https:\/\/blogs.thesocialmedia.com\/leblogmoto\/"},{"@type":"ListItem","position":2,"name":"250 CATALUNYA: DOVI se d\u00e9tache"}]},{"@type":"WebSite","@id":"https:\/\/blogs.thesocialmedia.com\/leblogmoto\/#website","url":"https:\/\/blogs.thesocialmedia.com\/leblogmoto\/","name":"leblogmoto","description":"Toute l&#039;actualit\u00e9 des 2 roues","potentialAction":[{"@type":"SearchAction","target":{"@type":"EntryPoint","urlTemplate":"https:\/\/blogs.thesocialmedia.com\/leblogmoto\/?s={search_term_string}"},"query-input":{"@type":"PropertyValueSpecification","valueRequired":true,"valueName":"search_term_string"}}],"inLanguage":"fr-FR"},{"@type":"Person","@id":"https:\/\/blogs.thesocialmedia.com\/leblogmoto\/#\/schema\/person\/1a1dcfc7cec206573105eb4af91155c2","name":"andre leconde","image":{"@type":"ImageObject","inLanguage":"fr-FR","@id":"https:\/\/blogs.thesocialmedia.com\/leblogmoto\/#\/schema\/person\/image\/","url":"https:\/\/secure.gravatar.com\/avatar\/?s=96&d=mm&r=g","contentUrl":"https:\/\/secure.gravatar.com\/avatar\/?s=96&d=mm&r=g","caption":"andre leconde"},"url":"https:\/\/blogs.thesocialmedia.com\/leblogmoto\/author\/andre-leconde\/"}]}},"_links":{"self":[{"href":"https:\/\/blogs.thesocialmedia.com\/leblogmoto\/wp-json\/wp\/v2\/posts\/1755","targetHints":{"allow":["GET"]}}],"collection":[{"href":"https:\/\/blogs.thesocialmedia.com\/leblogmoto\/wp-json\/wp\/v2\/posts"}],"about":[{"href":"https:\/\/blogs.thesocialmedia.com\/leblogmoto\/wp-json\/wp\/v2\/types\/post"}],"author":[{"embeddable":true,"href":"https:\/\/blogs.thesocialmedia.com\/leblogmoto\/wp-json\/wp\/v2\/users\/336"}],"replies":[{"embeddable":true,"href":"https:\/\/blogs.thesocialmedia.com\/leblogmoto\/wp-json\/wp\/v2\/comments?post=1755"}],"version-history":[{"count":2,"href":"https:\/\/blogs.thesocialmedia.com\/leblogmoto\/wp-json\/wp\/v2\/posts\/1755\/revisions"}],"predecessor-version":[{"id":7623,"href":"https:\/\/blogs.thesocialmedia.com\/leblogmoto\/wp-json\/wp\/v2\/posts\/1755\/revisions\/7623"}],"wp:attachment":[{"href":"https:\/\/blogs.thesocialmedia.com\/leblogmoto\/wp-json\/wp\/v2\/media?parent=1755"}],"wp:term":[{"taxonomy":"category","embeddable":true,"href":"https:\/\/blogs.thesocialmedia.com\/leblogmoto\/wp-json\/wp\/v2\/categories?post=1755"},{"taxonomy":"post_tag","embeddable":true,"href":"https:\/\/blogs.thesocialmedia.com\/leblogmoto\/wp-json\/wp\/v2\/tags?post=1755"}],"curies":[{"name":"wp","href":"https:\/\/api.w.org\/{rel}","templated":true}]}}