{"id":1756,"date":"2006-06-18T20:29:12","date_gmt":"2006-06-18T20:29:12","guid":{"rendered":"http:\/\/blogs.thesocialmedia.com\/leblogmoto\/2006\/06\/18\/dpart-catalunya\/"},"modified":"2012-07-11T14:25:01","modified_gmt":"2012-07-11T14:25:01","slug":"dpart-catalunya","status":"publish","type":"post","link":"https:\/\/blogs.thesocialmedia.com\/leblogmoto\/2006\/06\/18\/dpart-catalunya\/","title":{"rendered":"D\u00e9part CATALUNYA: Le bilan"},"content":{"rendered":"<p><a href=\"http:\/\/blogs.thesocialmedia.com\/leblogmoto\/files\/2012\/07\/456852_98493.jpg\"><img loading=\"lazy\" decoding=\"async\" height=\"321\" alt=\"456852_98493\" src=\"http:\/\/www.leblogmoto.com\/images\/456852_98493.jpg\" width=\"470\"  \/><\/a><strong>GIBERNAU<\/strong> vient d&rsquo;accrocher son levier de frein sur son \u00e9quipier <strong>CAPIROSSI<\/strong> et entame une folle cabriole.<\/p>\n<p>Le d\u00e9but d&rsquo;un effet domino qui ne va pas \u00eatre sans cons\u00e9quence sur la sant\u00e9 des protagonistes et, partant, sur la suite du championnat&#8230;&nbsp; <\/p>\n<p><a href=\"http:\/\/blogs.thesocialmedia.com\/leblogmoto\/files\/2012\/07\/457020_82940.jpg\"><img loading=\"lazy\" decoding=\"async\" height=\"187\" alt=\"457020_82940\" src=\"http:\/\/www.leblogmoto.com\/images\/457020_82940.jpg\" width=\"250\"  \/><\/a>La MotoGP entame une s\u00e9rie de GP au timing rapproch\u00e9. Toute blessure peut s&rsquo;av\u00e9rer, dans une telle conjoncture, comme dramatique. Regardez <a href=\"http:\/\/www.leblogmoto.com\/2006\/06\/250_barbera_out.html\">BARBERA<\/a>, qui peut presque faire son deuil du titre, alors que <a href=\"http:\/\/www.leblogmoto.com\/2006\/05\/125_la_tuile_po.html\">L\u00dcTHI<\/a>, serre magnifiquement les dents pour pr\u00e9server l&rsquo;espoir de garder le sien.<\/p>\n<p>Le bilan de ce d\u00e9part du CATALUNYA est le suivant: <strong>contusion abdominale<\/strong> pour CAPIREX et on a craint un moment un risque s\u00e9rieux d&rsquo;h\u00e9morragie interne. Crainte, finalement \u00e9cart\u00e9e.<\/p>\n<p>MELANDRI est rest\u00e9 un moment inconscient pour revenir \u00e0 lui et souffrir d&rsquo;une<strong> \u00e9paule d\u00e9bo\u00eet\u00e9e<\/strong>. Quant \u00e0 GIBERNAU, <strong>clavicule gauche fractur\u00e9e<\/strong>. C&rsquo;est lui qui est bien le moins certain pour&nbsp; la prochaine manche \u00e0 ASSEN.<\/p>\n<p>&nbsp; &nbsp;<\/p>\n","protected":false},"excerpt":{"rendered":"<p>GIBERNAU vient d&rsquo;accrocher son levier de frein sur son \u00e9quipier CAPIROSSI et entame une folle cabriole. Le d\u00e9but d&rsquo;un effet domino qui ne va pas \u00eatre sans cons\u00e9quence sur la sant\u00e9 des protagonistes et, partant, sur la suite du championnat&#8230;&nbsp; La MotoGP entame une s\u00e9rie de GP au timing rapproch\u00e9. Toute blessure peut s&rsquo;av\u00e9rer, dans [&hellip;]<\/p>\n","protected":false},"author":336,"featured_media":0,"comment_status":"open","ping_status":"open","sticky":false,"template":"","format":"standard","meta":{"footnotes":""},"categories":[3,22,32],"tags":[],"class_list":["post-1756","post","type-post","status-publish","format-standard","hentry","category-actualite","category-motogp","category-sport-moto"],"yoast_head":"<!-- This site is optimized with the Yoast SEO plugin v26.0 - https:\/\/yoast.com\/wordpress\/plugins\/seo\/ -->\n<title>D\u00e9part CATALUNYA: Le bilan - leblogmoto.com<\/title>\n<meta name=\"robots\" content=\"index, follow, max-snippet:-1, max-image-preview:large, max-video-preview:-1\" \/>\n<link rel=\"canonical\" href=\"https:\/\/blogs.thesocialmedia.com\/leblogmoto\/2006\/06\/18\/dpart-catalunya\/\" \/>\n<meta name=\"twitter:card\" content=\"summary_large_image\" \/>\n<meta name=\"twitter:title\" content=\"D\u00e9part CATALUNYA: Le bilan - leblogmoto.com\" \/>\n<meta name=\"twitter:description\" content=\"GIBERNAU vient d&rsquo;accrocher son levier de frein sur son \u00e9quipier CAPIROSSI et entame une folle cabriole. Le d\u00e9but d&rsquo;un effet domino qui ne va pas \u00eatre sans cons\u00e9quence sur la sant\u00e9 des protagonistes et, partant, sur la suite du championnat&#8230;&nbsp; La MotoGP entame une s\u00e9rie de GP au timing rapproch\u00e9. Toute blessure peut s&rsquo;av\u00e9rer, dans [&hellip;]\" \/>\n<meta name=\"twitter:image\" content=\"http:\/\/www.leblogmoto.com\/images\/456852_98493.jpg\" \/>\n<meta name=\"twitter:label1\" content=\"\u00c9crit par\" \/>\n\t<meta name=\"twitter:data1\" content=\"andre leconde\" \/>\n\t<meta name=\"twitter:label2\" content=\"Dur\u00e9e de lecture estim\u00e9e\" \/>\n\t<meta name=\"twitter:data2\" content=\"1 minute\" \/>\n<script type=\"application\/ld+json\" class=\"yoast-schema-graph\">{\"@context\":\"https:\/\/schema.org\",\"@graph\":[{\"@type\":\"WebPage\",\"@id\":\"https:\/\/blogs.thesocialmedia.com\/leblogmoto\/2006\/06\/18\/dpart-catalunya\/\",\"url\":\"https:\/\/blogs.thesocialmedia.com\/leblogmoto\/2006\/06\/18\/dpart-catalunya\/\",\"name\":\"D\u00e9part CATALUNYA: Le bilan - leblogmoto.com\",\"isPartOf\":{\"@id\":\"https:\/\/blogs.thesocialmedia.com\/leblogmoto\/#website\"},\"primaryImageOfPage\":{\"@id\":\"https:\/\/blogs.thesocialmedia.com\/leblogmoto\/2006\/06\/18\/dpart-catalunya\/#primaryimage\"},\"image\":{\"@id\":\"https:\/\/blogs.thesocialmedia.com\/leblogmoto\/2006\/06\/18\/dpart-catalunya\/#primaryimage\"},\"thumbnailUrl\":\"http:\/\/www.leblogmoto.com\/images\/456852_98493.jpg\",\"datePublished\":\"2006-06-18T20:29:12+00:00\",\"dateModified\":\"2012-07-11T14:25:01+00:00\",\"author\":{\"@id\":\"https:\/\/blogs.thesocialmedia.com\/leblogmoto\/#\/schema\/person\/1a1dcfc7cec206573105eb4af91155c2\"},\"breadcrumb\":{\"@id\":\"https:\/\/blogs.thesocialmedia.com\/leblogmoto\/2006\/06\/18\/dpart-catalunya\/#breadcrumb\"},\"inLanguage\":\"fr-FR\",\"potentialAction\":[{\"@type\":\"ReadAction\",\"target\":[\"https:\/\/blogs.thesocialmedia.com\/leblogmoto\/2006\/06\/18\/dpart-catalunya\/\"]}]},{\"@type\":\"ImageObject\",\"inLanguage\":\"fr-FR\",\"@id\":\"https:\/\/blogs.thesocialmedia.com\/leblogmoto\/2006\/06\/18\/dpart-catalunya\/#primaryimage\",\"url\":\"http:\/\/www.leblogmoto.com\/images\/456852_98493.jpg\",\"contentUrl\":\"http:\/\/www.leblogmoto.com\/images\/456852_98493.jpg\"},{\"@type\":\"BreadcrumbList\",\"@id\":\"https:\/\/blogs.thesocialmedia.com\/leblogmoto\/2006\/06\/18\/dpart-catalunya\/#breadcrumb\",\"itemListElement\":[{\"@type\":\"ListItem\",\"position\":1,\"name\":\"Accueil\",\"item\":\"https:\/\/blogs.thesocialmedia.com\/leblogmoto\/\"},{\"@type\":\"ListItem\",\"position\":2,\"name\":\"D\u00e9part CATALUNYA: Le bilan\"}]},{\"@type\":\"WebSite\",\"@id\":\"https:\/\/blogs.thesocialmedia.com\/leblogmoto\/#website\",\"url\":\"https:\/\/blogs.thesocialmedia.com\/leblogmoto\/\",\"name\":\"leblogmoto\",\"description\":\"Toute l&#039;actualit\u00e9 des 2 roues\",\"potentialAction\":[{\"@type\":\"SearchAction\",\"target\":{\"@type\":\"EntryPoint\",\"urlTemplate\":\"https:\/\/blogs.thesocialmedia.com\/leblogmoto\/?s={search_term_string}\"},\"query-input\":{\"@type\":\"PropertyValueSpecification\",\"valueRequired\":true,\"valueName\":\"search_term_string\"}}],\"inLanguage\":\"fr-FR\"},{\"@type\":\"Person\",\"@id\":\"https:\/\/blogs.thesocialmedia.com\/leblogmoto\/#\/schema\/person\/1a1dcfc7cec206573105eb4af91155c2\",\"name\":\"andre leconde\",\"image\":{\"@type\":\"ImageObject\",\"inLanguage\":\"fr-FR\",\"@id\":\"https:\/\/blogs.thesocialmedia.com\/leblogmoto\/#\/schema\/person\/image\/\",\"url\":\"https:\/\/secure.gravatar.com\/avatar\/?s=96&d=mm&r=g\",\"contentUrl\":\"https:\/\/secure.gravatar.com\/avatar\/?s=96&d=mm&r=g\",\"caption\":\"andre leconde\"},\"url\":\"https:\/\/blogs.thesocialmedia.com\/leblogmoto\/author\/andre-leconde\/\"}]}<\/script>\n<!-- \/ Yoast SEO plugin. -->","yoast_head_json":{"title":"D\u00e9part CATALUNYA: Le bilan - leblogmoto.com","robots":{"index":"index","follow":"follow","max-snippet":"max-snippet:-1","max-image-preview":"max-image-preview:large","max-video-preview":"max-video-preview:-1"},"canonical":"https:\/\/blogs.thesocialmedia.com\/leblogmoto\/2006\/06\/18\/dpart-catalunya\/","twitter_card":"summary_large_image","twitter_title":"D\u00e9part CATALUNYA: Le bilan - leblogmoto.com","twitter_description":"GIBERNAU vient d&rsquo;accrocher son levier de frein sur son \u00e9quipier CAPIROSSI et entame une folle cabriole. Le d\u00e9but d&rsquo;un effet domino qui ne va pas \u00eatre sans cons\u00e9quence sur la sant\u00e9 des protagonistes et, partant, sur la suite du championnat&#8230;&nbsp; La MotoGP entame une s\u00e9rie de GP au timing rapproch\u00e9. Toute blessure peut s&rsquo;av\u00e9rer, dans [&hellip;]","twitter_image":"http:\/\/www.leblogmoto.com\/images\/456852_98493.jpg","twitter_misc":{"\u00c9crit par":"andre leconde","Dur\u00e9e de lecture estim\u00e9e":"1 minute"},"schema":{"@context":"https:\/\/schema.org","@graph":[{"@type":"WebPage","@id":"https:\/\/blogs.thesocialmedia.com\/leblogmoto\/2006\/06\/18\/dpart-catalunya\/","url":"https:\/\/blogs.thesocialmedia.com\/leblogmoto\/2006\/06\/18\/dpart-catalunya\/","name":"D\u00e9part CATALUNYA: Le bilan - leblogmoto.com","isPartOf":{"@id":"https:\/\/blogs.thesocialmedia.com\/leblogmoto\/#website"},"primaryImageOfPage":{"@id":"https:\/\/blogs.thesocialmedia.com\/leblogmoto\/2006\/06\/18\/dpart-catalunya\/#primaryimage"},"image":{"@id":"https:\/\/blogs.thesocialmedia.com\/leblogmoto\/2006\/06\/18\/dpart-catalunya\/#primaryimage"},"thumbnailUrl":"http:\/\/www.leblogmoto.com\/images\/456852_98493.jpg","datePublished":"2006-06-18T20:29:12+00:00","dateModified":"2012-07-11T14:25:01+00:00","author":{"@id":"https:\/\/blogs.thesocialmedia.com\/leblogmoto\/#\/schema\/person\/1a1dcfc7cec206573105eb4af91155c2"},"breadcrumb":{"@id":"https:\/\/blogs.thesocialmedia.com\/leblogmoto\/2006\/06\/18\/dpart-catalunya\/#breadcrumb"},"inLanguage":"fr-FR","potentialAction":[{"@type":"ReadAction","target":["https:\/\/blogs.thesocialmedia.com\/leblogmoto\/2006\/06\/18\/dpart-catalunya\/"]}]},{"@type":"ImageObject","inLanguage":"fr-FR","@id":"https:\/\/blogs.thesocialmedia.com\/leblogmoto\/2006\/06\/18\/dpart-catalunya\/#primaryimage","url":"http:\/\/www.leblogmoto.com\/images\/456852_98493.jpg","contentUrl":"http:\/\/www.leblogmoto.com\/images\/456852_98493.jpg"},{"@type":"BreadcrumbList","@id":"https:\/\/blogs.thesocialmedia.com\/leblogmoto\/2006\/06\/18\/dpart-catalunya\/#breadcrumb","itemListElement":[{"@type":"ListItem","position":1,"name":"Accueil","item":"https:\/\/blogs.thesocialmedia.com\/leblogmoto\/"},{"@type":"ListItem","position":2,"name":"D\u00e9part CATALUNYA: Le bilan"}]},{"@type":"WebSite","@id":"https:\/\/blogs.thesocialmedia.com\/leblogmoto\/#website","url":"https:\/\/blogs.thesocialmedia.com\/leblogmoto\/","name":"leblogmoto","description":"Toute l&#039;actualit\u00e9 des 2 roues","potentialAction":[{"@type":"SearchAction","target":{"@type":"EntryPoint","urlTemplate":"https:\/\/blogs.thesocialmedia.com\/leblogmoto\/?s={search_term_string}"},"query-input":{"@type":"PropertyValueSpecification","valueRequired":true,"valueName":"search_term_string"}}],"inLanguage":"fr-FR"},{"@type":"Person","@id":"https:\/\/blogs.thesocialmedia.com\/leblogmoto\/#\/schema\/person\/1a1dcfc7cec206573105eb4af91155c2","name":"andre leconde","image":{"@type":"ImageObject","inLanguage":"fr-FR","@id":"https:\/\/blogs.thesocialmedia.com\/leblogmoto\/#\/schema\/person\/image\/","url":"https:\/\/secure.gravatar.com\/avatar\/?s=96&d=mm&r=g","contentUrl":"https:\/\/secure.gravatar.com\/avatar\/?s=96&d=mm&r=g","caption":"andre leconde"},"url":"https:\/\/blogs.thesocialmedia.com\/leblogmoto\/author\/andre-leconde\/"}]}},"_links":{"self":[{"href":"https:\/\/blogs.thesocialmedia.com\/leblogmoto\/wp-json\/wp\/v2\/posts\/1756","targetHints":{"allow":["GET"]}}],"collection":[{"href":"https:\/\/blogs.thesocialmedia.com\/leblogmoto\/wp-json\/wp\/v2\/posts"}],"about":[{"href":"https:\/\/blogs.thesocialmedia.com\/leblogmoto\/wp-json\/wp\/v2\/types\/post"}],"author":[{"embeddable":true,"href":"https:\/\/blogs.thesocialmedia.com\/leblogmoto\/wp-json\/wp\/v2\/users\/336"}],"replies":[{"embeddable":true,"href":"https:\/\/blogs.thesocialmedia.com\/leblogmoto\/wp-json\/wp\/v2\/comments?post=1756"}],"version-history":[{"count":2,"href":"https:\/\/blogs.thesocialmedia.com\/leblogmoto\/wp-json\/wp\/v2\/posts\/1756\/revisions"}],"predecessor-version":[{"id":7621,"href":"https:\/\/blogs.thesocialmedia.com\/leblogmoto\/wp-json\/wp\/v2\/posts\/1756\/revisions\/7621"}],"wp:attachment":[{"href":"https:\/\/blogs.thesocialmedia.com\/leblogmoto\/wp-json\/wp\/v2\/media?parent=1756"}],"wp:term":[{"taxonomy":"category","embeddable":true,"href":"https:\/\/blogs.thesocialmedia.com\/leblogmoto\/wp-json\/wp\/v2\/categories?post=1756"},{"taxonomy":"post_tag","embeddable":true,"href":"https:\/\/blogs.thesocialmedia.com\/leblogmoto\/wp-json\/wp\/v2\/tags?post=1756"}],"curies":[{"name":"wp","href":"https:\/\/api.w.org\/{rel}","templated":true}]}}