{"id":1757,"date":"2006-06-18T19:30:16","date_gmt":"2006-06-18T19:30:16","guid":{"rendered":"http:\/\/blogs.thesocialmedia.com\/leblogmoto\/2006\/06\/18\/motogp-cataluny\/"},"modified":"2012-07-11T14:24:56","modified_gmt":"2012-07-11T14:24:56","slug":"motogp-cataluny","status":"publish","type":"post","link":"https:\/\/blogs.thesocialmedia.com\/leblogmoto\/2006\/06\/18\/motogp-cataluny\/","title":{"rendered":"MotoGP CATALUNYA: ROSSI sort du chaos"},"content":{"rendered":"<p><a href=\"http:\/\/blogs.thesocialmedia.com\/leblogmoto\/files\/2012\/07\/rossi21_05.jpg\"><img loading=\"lazy\" decoding=\"async\" height=\"352\" alt=\"Rossi21_05\" src=\"http:\/\/www.leblogmoto.com\/images\/rossi21_05.jpg\" width=\"470\"  \/><\/a>Les essais \u00e9taient d\u00e9j\u00e0 annonciateurs d&rsquo;orages. <strong>Une pole de ROSSI<\/strong>, la premi\u00e8re depuis quatorze courses, une paille ! Et quelle pole, avec le <strong>record de GIBERNAU trois fois battu <\/strong>par un Valentino plus saignant que jamais. <\/p>\n<p>C&rsquo;\u00e9tait oublier que le Doctor avait d\u00e9j\u00e0 triomph\u00e9 <strong>sept fois en douze courses<\/strong> sur le tourniquet de Montmelo. Mais ce sont ces compagnons de grille qui surprenaient: <a href=\"http:\/\/www.leblogmoto.com\/2006\/04\/motogp_le_coup_.html\">HOPKINS<\/a>, <a href=\"http:\/\/www.leblogmoto.com\/2006\/04\/motogp_qatar_st.html\">ROBERTS Jr<\/a> qui n&rsquo;avait jamais vu un horizon aussi d\u00e9gag\u00e9 devant lui \u00e0 un d\u00e9part depuis <strong>2004<\/strong>&#8230; VERMEULEN, NAKANO suivaient. <strong>CAPIREX<\/strong> n&rsquo;\u00e9tait que sixi\u00e8me et les <strong>HONDA<\/strong> tr\u00e8s loin. Puis, ce fut le d\u00e9part&#8230; <\/p>\n<p><a href=\"http:\/\/clabedan.typepad.com\/.shared\/image.html?\/photos\/uncategorized\/mic_1683.jpg\"><img loading=\"lazy\" decoding=\"async\" height=\"166\" alt=\"Mic_1683\" src=\"http:\/\/www.leblogmoto.com\/images\/mic_1683.jpg\" width=\"250\"  \/><\/a> Un d\u00e9part aux allures de <strong>Big Bang<\/strong>. <strong>GIBERNAU<\/strong> accroche sa poign\u00e9e de frein sur <strong>CAPIREX<\/strong> et part dans un vol plan\u00e9 effrayant. Son \u00e9quipier percute durement <a href=\"http:\/\/www.leblogmoto.com\/2006\/04\/motogp_turquie__2.html\">MELANDRI<\/a> et, dans la m\u00eal\u00e9e, <strong>HOPKINS<\/strong> et <strong>PEDROSA<\/strong> tirent droit, alors que <strong>DE PUNIET<\/strong> s&rsquo;offre une nouvelle s\u00e9ance de trampoling sur graviers. N&rsquo;en jetez plus, l&rsquo;infirmerie est pleine et le drapeau rouge est mis. Valentino avait bien fait de faire la pole. Cette fois, ce sont ses adversaires qui ont pay\u00e9 les pots cass\u00e9s. Certains, et non des moindres, ne repartiront pas. Dont <strong>aucune DUCATI<\/strong>.<\/p>\n<p><a href=\"http:\/\/clabedan.typepad.com\/.shared\/image.html?\/photos\/uncategorized\/ml4_0891.jpg\"><img loading=\"lazy\" decoding=\"async\" height=\"166\" alt=\"Ml4_0891\" src=\"http:\/\/www.leblogmoto.com\/images\/ml4_0891.jpg\" width=\"250\"  \/><\/a>Second d\u00e9part, et nouveau drapeau rouge, la SUZ de <strong>VERMEULEN<\/strong> refusant l&rsquo;obstacle. La <strong>troisi\u00e8me<\/strong> tentative sera la bonne, et ROSSI s&rsquo;offrira une course pleine d&rsquo;intelligence, portant son effort au moment idoine, juste de quoi contrer un <strong>PEDROSA <\/strong>en verve, qui, gris\u00e9, ira encore \u00e0 la chute. <strong>STONER<\/strong>, un temps leader, \u00e0 vouloir aussi tenir la cadence, tatera \u00e9galement du bitume.<\/p>\n<p>Au final, ROSSI fait <strong>une op\u00e9ration de r\u00eave<\/strong> au championnat en remportant son <strong>cinquante sixi\u00e8me<\/strong> <a href=\"http:\/\/blogs.thesocialmedia.com\/leblogmoto\/files\/2012\/07\/mic_0446_1.jpg\"><img loading=\"lazy\" decoding=\"async\" height=\"166\" alt=\"Mic_0446_1\" src=\"http:\/\/www.leblogmoto.com\/images\/mic_0446_1.jpg\" width=\"250\"  \/><\/a> succ\u00e8s devant <strong>HAYDEN<\/strong> et <strong>ROBERTS Jr<\/strong>. HOPKINS est priv\u00e9 de podium par son compatriote mais devance EDWARDS et TAMADA. Valentino devance quatre am\u00e9ricains. De la revanche dans l&rsquo;air pour le GP des Etats-Unis&#8230;<\/p>\n<p><strong><em><u>Championnat<\/u><\/em><\/strong>: HAYDEN 119 &#8211; CAPIROSSI 99 &#8211; ROSSI 90 &#8211; MELANDRI 89 &#8211; PEDROSA 86&nbsp; &nbsp; <\/p>\n","protected":false},"excerpt":{"rendered":"<p>Les essais \u00e9taient d\u00e9j\u00e0 annonciateurs d&rsquo;orages. Une pole de ROSSI, la premi\u00e8re depuis quatorze courses, une paille ! Et quelle pole, avec le record de GIBERNAU trois fois battu par un Valentino plus saignant que jamais. C&rsquo;\u00e9tait oublier que le Doctor avait d\u00e9j\u00e0 triomph\u00e9 sept fois en douze courses sur le tourniquet de Montmelo. Mais [&hellip;]<\/p>\n","protected":false},"author":336,"featured_media":0,"comment_status":"open","ping_status":"open","sticky":false,"template":"","format":"standard","meta":{"footnotes":""},"categories":[22,32,44],"tags":[],"class_list":["post-1757","post","type-post","status-publish","format-standard","hentry","category-motogp","category-sport-moto","category-yamaha"],"yoast_head":"<!-- This site is optimized with the Yoast SEO plugin v26.0 - https:\/\/yoast.com\/wordpress\/plugins\/seo\/ -->\n<title>MotoGP CATALUNYA: ROSSI sort du chaos - leblogmoto.com<\/title>\n<meta name=\"robots\" content=\"index, follow, max-snippet:-1, max-image-preview:large, max-video-preview:-1\" \/>\n<link rel=\"canonical\" href=\"https:\/\/blogs.thesocialmedia.com\/leblogmoto\/2006\/06\/18\/motogp-cataluny\/\" \/>\n<meta name=\"twitter:card\" content=\"summary_large_image\" \/>\n<meta name=\"twitter:title\" content=\"MotoGP CATALUNYA: ROSSI sort du chaos - leblogmoto.com\" \/>\n<meta name=\"twitter:description\" content=\"Les essais \u00e9taient d\u00e9j\u00e0 annonciateurs d&rsquo;orages. Une pole de ROSSI, la premi\u00e8re depuis quatorze courses, une paille ! Et quelle pole, avec le record de GIBERNAU trois fois battu par un Valentino plus saignant que jamais. C&rsquo;\u00e9tait oublier que le Doctor avait d\u00e9j\u00e0 triomph\u00e9 sept fois en douze courses sur le tourniquet de Montmelo. Mais [&hellip;]\" \/>\n<meta name=\"twitter:image\" content=\"http:\/\/www.leblogmoto.com\/images\/rossi21_05.jpg\" \/>\n<meta name=\"twitter:label1\" content=\"\u00c9crit par\" \/>\n\t<meta name=\"twitter:data1\" content=\"andre leconde\" \/>\n\t<meta name=\"twitter:label2\" content=\"Dur\u00e9e de lecture estim\u00e9e\" \/>\n\t<meta name=\"twitter:data2\" content=\"2 minutes\" \/>\n<script type=\"application\/ld+json\" class=\"yoast-schema-graph\">{\"@context\":\"https:\/\/schema.org\",\"@graph\":[{\"@type\":\"WebPage\",\"@id\":\"https:\/\/blogs.thesocialmedia.com\/leblogmoto\/2006\/06\/18\/motogp-cataluny\/\",\"url\":\"https:\/\/blogs.thesocialmedia.com\/leblogmoto\/2006\/06\/18\/motogp-cataluny\/\",\"name\":\"MotoGP CATALUNYA: ROSSI sort du chaos - leblogmoto.com\",\"isPartOf\":{\"@id\":\"https:\/\/blogs.thesocialmedia.com\/leblogmoto\/#website\"},\"primaryImageOfPage\":{\"@id\":\"https:\/\/blogs.thesocialmedia.com\/leblogmoto\/2006\/06\/18\/motogp-cataluny\/#primaryimage\"},\"image\":{\"@id\":\"https:\/\/blogs.thesocialmedia.com\/leblogmoto\/2006\/06\/18\/motogp-cataluny\/#primaryimage\"},\"thumbnailUrl\":\"http:\/\/www.leblogmoto.com\/images\/rossi21_05.jpg\",\"datePublished\":\"2006-06-18T19:30:16+00:00\",\"dateModified\":\"2012-07-11T14:24:56+00:00\",\"author\":{\"@id\":\"https:\/\/blogs.thesocialmedia.com\/leblogmoto\/#\/schema\/person\/1a1dcfc7cec206573105eb4af91155c2\"},\"breadcrumb\":{\"@id\":\"https:\/\/blogs.thesocialmedia.com\/leblogmoto\/2006\/06\/18\/motogp-cataluny\/#breadcrumb\"},\"inLanguage\":\"fr-FR\",\"potentialAction\":[{\"@type\":\"ReadAction\",\"target\":[\"https:\/\/blogs.thesocialmedia.com\/leblogmoto\/2006\/06\/18\/motogp-cataluny\/\"]}]},{\"@type\":\"ImageObject\",\"inLanguage\":\"fr-FR\",\"@id\":\"https:\/\/blogs.thesocialmedia.com\/leblogmoto\/2006\/06\/18\/motogp-cataluny\/#primaryimage\",\"url\":\"http:\/\/www.leblogmoto.com\/images\/rossi21_05.jpg\",\"contentUrl\":\"http:\/\/www.leblogmoto.com\/images\/rossi21_05.jpg\"},{\"@type\":\"BreadcrumbList\",\"@id\":\"https:\/\/blogs.thesocialmedia.com\/leblogmoto\/2006\/06\/18\/motogp-cataluny\/#breadcrumb\",\"itemListElement\":[{\"@type\":\"ListItem\",\"position\":1,\"name\":\"Accueil\",\"item\":\"https:\/\/blogs.thesocialmedia.com\/leblogmoto\/\"},{\"@type\":\"ListItem\",\"position\":2,\"name\":\"MotoGP CATALUNYA: ROSSI sort du chaos\"}]},{\"@type\":\"WebSite\",\"@id\":\"https:\/\/blogs.thesocialmedia.com\/leblogmoto\/#website\",\"url\":\"https:\/\/blogs.thesocialmedia.com\/leblogmoto\/\",\"name\":\"leblogmoto\",\"description\":\"Toute l&#039;actualit\u00e9 des 2 roues\",\"potentialAction\":[{\"@type\":\"SearchAction\",\"target\":{\"@type\":\"EntryPoint\",\"urlTemplate\":\"https:\/\/blogs.thesocialmedia.com\/leblogmoto\/?s={search_term_string}\"},\"query-input\":{\"@type\":\"PropertyValueSpecification\",\"valueRequired\":true,\"valueName\":\"search_term_string\"}}],\"inLanguage\":\"fr-FR\"},{\"@type\":\"Person\",\"@id\":\"https:\/\/blogs.thesocialmedia.com\/leblogmoto\/#\/schema\/person\/1a1dcfc7cec206573105eb4af91155c2\",\"name\":\"andre leconde\",\"image\":{\"@type\":\"ImageObject\",\"inLanguage\":\"fr-FR\",\"@id\":\"https:\/\/blogs.thesocialmedia.com\/leblogmoto\/#\/schema\/person\/image\/\",\"url\":\"https:\/\/secure.gravatar.com\/avatar\/?s=96&d=mm&r=g\",\"contentUrl\":\"https:\/\/secure.gravatar.com\/avatar\/?s=96&d=mm&r=g\",\"caption\":\"andre leconde\"},\"url\":\"https:\/\/blogs.thesocialmedia.com\/leblogmoto\/author\/andre-leconde\/\"}]}<\/script>\n<!-- \/ Yoast SEO plugin. -->","yoast_head_json":{"title":"MotoGP CATALUNYA: ROSSI sort du chaos - leblogmoto.com","robots":{"index":"index","follow":"follow","max-snippet":"max-snippet:-1","max-image-preview":"max-image-preview:large","max-video-preview":"max-video-preview:-1"},"canonical":"https:\/\/blogs.thesocialmedia.com\/leblogmoto\/2006\/06\/18\/motogp-cataluny\/","twitter_card":"summary_large_image","twitter_title":"MotoGP CATALUNYA: ROSSI sort du chaos - leblogmoto.com","twitter_description":"Les essais \u00e9taient d\u00e9j\u00e0 annonciateurs d&rsquo;orages. Une pole de ROSSI, la premi\u00e8re depuis quatorze courses, une paille ! Et quelle pole, avec le record de GIBERNAU trois fois battu par un Valentino plus saignant que jamais. C&rsquo;\u00e9tait oublier que le Doctor avait d\u00e9j\u00e0 triomph\u00e9 sept fois en douze courses sur le tourniquet de Montmelo. Mais [&hellip;]","twitter_image":"http:\/\/www.leblogmoto.com\/images\/rossi21_05.jpg","twitter_misc":{"\u00c9crit par":"andre leconde","Dur\u00e9e de lecture estim\u00e9e":"2 minutes"},"schema":{"@context":"https:\/\/schema.org","@graph":[{"@type":"WebPage","@id":"https:\/\/blogs.thesocialmedia.com\/leblogmoto\/2006\/06\/18\/motogp-cataluny\/","url":"https:\/\/blogs.thesocialmedia.com\/leblogmoto\/2006\/06\/18\/motogp-cataluny\/","name":"MotoGP CATALUNYA: ROSSI sort du chaos - leblogmoto.com","isPartOf":{"@id":"https:\/\/blogs.thesocialmedia.com\/leblogmoto\/#website"},"primaryImageOfPage":{"@id":"https:\/\/blogs.thesocialmedia.com\/leblogmoto\/2006\/06\/18\/motogp-cataluny\/#primaryimage"},"image":{"@id":"https:\/\/blogs.thesocialmedia.com\/leblogmoto\/2006\/06\/18\/motogp-cataluny\/#primaryimage"},"thumbnailUrl":"http:\/\/www.leblogmoto.com\/images\/rossi21_05.jpg","datePublished":"2006-06-18T19:30:16+00:00","dateModified":"2012-07-11T14:24:56+00:00","author":{"@id":"https:\/\/blogs.thesocialmedia.com\/leblogmoto\/#\/schema\/person\/1a1dcfc7cec206573105eb4af91155c2"},"breadcrumb":{"@id":"https:\/\/blogs.thesocialmedia.com\/leblogmoto\/2006\/06\/18\/motogp-cataluny\/#breadcrumb"},"inLanguage":"fr-FR","potentialAction":[{"@type":"ReadAction","target":["https:\/\/blogs.thesocialmedia.com\/leblogmoto\/2006\/06\/18\/motogp-cataluny\/"]}]},{"@type":"ImageObject","inLanguage":"fr-FR","@id":"https:\/\/blogs.thesocialmedia.com\/leblogmoto\/2006\/06\/18\/motogp-cataluny\/#primaryimage","url":"http:\/\/www.leblogmoto.com\/images\/rossi21_05.jpg","contentUrl":"http:\/\/www.leblogmoto.com\/images\/rossi21_05.jpg"},{"@type":"BreadcrumbList","@id":"https:\/\/blogs.thesocialmedia.com\/leblogmoto\/2006\/06\/18\/motogp-cataluny\/#breadcrumb","itemListElement":[{"@type":"ListItem","position":1,"name":"Accueil","item":"https:\/\/blogs.thesocialmedia.com\/leblogmoto\/"},{"@type":"ListItem","position":2,"name":"MotoGP CATALUNYA: ROSSI sort du chaos"}]},{"@type":"WebSite","@id":"https:\/\/blogs.thesocialmedia.com\/leblogmoto\/#website","url":"https:\/\/blogs.thesocialmedia.com\/leblogmoto\/","name":"leblogmoto","description":"Toute l&#039;actualit\u00e9 des 2 roues","potentialAction":[{"@type":"SearchAction","target":{"@type":"EntryPoint","urlTemplate":"https:\/\/blogs.thesocialmedia.com\/leblogmoto\/?s={search_term_string}"},"query-input":{"@type":"PropertyValueSpecification","valueRequired":true,"valueName":"search_term_string"}}],"inLanguage":"fr-FR"},{"@type":"Person","@id":"https:\/\/blogs.thesocialmedia.com\/leblogmoto\/#\/schema\/person\/1a1dcfc7cec206573105eb4af91155c2","name":"andre leconde","image":{"@type":"ImageObject","inLanguage":"fr-FR","@id":"https:\/\/blogs.thesocialmedia.com\/leblogmoto\/#\/schema\/person\/image\/","url":"https:\/\/secure.gravatar.com\/avatar\/?s=96&d=mm&r=g","contentUrl":"https:\/\/secure.gravatar.com\/avatar\/?s=96&d=mm&r=g","caption":"andre leconde"},"url":"https:\/\/blogs.thesocialmedia.com\/leblogmoto\/author\/andre-leconde\/"}]}},"_links":{"self":[{"href":"https:\/\/blogs.thesocialmedia.com\/leblogmoto\/wp-json\/wp\/v2\/posts\/1757","targetHints":{"allow":["GET"]}}],"collection":[{"href":"https:\/\/blogs.thesocialmedia.com\/leblogmoto\/wp-json\/wp\/v2\/posts"}],"about":[{"href":"https:\/\/blogs.thesocialmedia.com\/leblogmoto\/wp-json\/wp\/v2\/types\/post"}],"author":[{"embeddable":true,"href":"https:\/\/blogs.thesocialmedia.com\/leblogmoto\/wp-json\/wp\/v2\/users\/336"}],"replies":[{"embeddable":true,"href":"https:\/\/blogs.thesocialmedia.com\/leblogmoto\/wp-json\/wp\/v2\/comments?post=1757"}],"version-history":[{"count":2,"href":"https:\/\/blogs.thesocialmedia.com\/leblogmoto\/wp-json\/wp\/v2\/posts\/1757\/revisions"}],"predecessor-version":[{"id":7618,"href":"https:\/\/blogs.thesocialmedia.com\/leblogmoto\/wp-json\/wp\/v2\/posts\/1757\/revisions\/7618"}],"wp:attachment":[{"href":"https:\/\/blogs.thesocialmedia.com\/leblogmoto\/wp-json\/wp\/v2\/media?parent=1757"}],"wp:term":[{"taxonomy":"category","embeddable":true,"href":"https:\/\/blogs.thesocialmedia.com\/leblogmoto\/wp-json\/wp\/v2\/categories?post=1757"},{"taxonomy":"post_tag","embeddable":true,"href":"https:\/\/blogs.thesocialmedia.com\/leblogmoto\/wp-json\/wp\/v2\/tags?post=1757"}],"curies":[{"name":"wp","href":"https:\/\/api.w.org\/{rel}","templated":true}]}}