{"id":1759,"date":"2006-06-15T19:18:26","date_gmt":"2006-06-15T19:18:26","guid":{"rendered":"http:\/\/blogs.thesocialmedia.com\/leblogmoto\/2006\/06\/15\/vance-hines-vro\/"},"modified":"2012-07-11T14:24:44","modified_gmt":"2012-07-11T14:24:44","slug":"vance-hines-vro","status":"publish","type":"post","link":"https:\/\/blogs.thesocialmedia.com\/leblogmoto\/2006\/06\/15\/vance-hines-vro\/","title":{"rendered":"VANCE \u00a7 HINES V-ROD: HOT !"},"content":{"rendered":"<p><a href=\"http:\/\/blogs.thesocialmedia.com\/leblogmoto\/files\/2012\/07\/supercharger_bike.jpg\"><img loading=\"lazy\" decoding=\"async\" height=\"166\" alt=\"Supercharger_bike\" src=\"http:\/\/www.leblogmoto.com\/images\/supercharger_bike.jpg\" width=\"250\"  \/><\/a>Les gens de <strong>VANCE and HINES<\/strong> sont tellement accros aux acc\u00e9l\u00e9rations \u00e0 faire rallonger les bras, qu&rsquo;ils ont d\u00e9cid\u00e9 de diaboliser le <a href=\"http:\/\/www.leblogmoto.com\/2005\/08\/harleydavidson_.html\">V-ROD<\/a> de l&rsquo;honorable maison <a href=\"http:\/\/www.leblogmoto.com\/2006\/06\/muse_harley_les.html\">HARLEY<\/a>.<\/p>\n<p>Ces am\u00e9ricains excellent dans les comp\u00e9titions <strong>DRAGSTER<\/strong> Outre-Atlantique, et se sont creus\u00e9s les m\u00e9ninges pour faire de ce custom US, une terreur des carrefours.<\/p>\n<p>Pour ce faire, ils ont greff\u00e9 un <a href=\"http:\/\/www.leblogmoto.com\/2005\/12\/_du_dbut_des_an.html\">turbo<\/a> \u00e0 la m\u00e9canique de MILWAUKEE. <a href=\"http:\/\/www.leblogmoto.com\/2006\/06\/ducati_turbo_da.html\">Un turbo, par ailleurs, connu<\/a>&#8230;&nbsp; &nbsp;&nbsp; <\/p>\n<p><a href=\"http:\/\/clabedan.typepad.com\/.shared\/image.html?\/photos\/uncategorized\/supercharger_topview.jpg\"><img loading=\"lazy\" decoding=\"async\" height=\"166\" alt=\"Supercharger_topview\" src=\"http:\/\/www.leblogmoto.com\/images\/supercharger_topview.jpg\" width=\"250\"  \/><\/a>C&rsquo;est l&rsquo;\u00e9tiquette <strong>SPRINTEX<\/strong> que l&rsquo;on retrouve encore sur la soufflette.<\/p>\n<p>Le r\u00e9sutat en est un accroissement de la valeur de couple de <strong>40%<\/strong> et une puissance globale port\u00e9e \u00e0 <strong>152<\/strong> ch.<\/p>\n<p>Dur\u00e9e du montage plus ou moins<strong> huit<\/strong> heures, et, gr\u00e2ce \u00e0 la f\u00e9e \u00e9lectronique, un r\u00e9glage aux petits oignons qui ne n\u00e9cessite rien d&rsquo;autre comme ajout de pi\u00e8ces ou d&rsquo;adaptations.<\/p>\n<p><a href=\"http:\/\/blogs.thesocialmedia.com\/leblogmoto\/files\/2012\/07\/supercharger_chart.jpg\"><img loading=\"lazy\" decoding=\"async\" height=\"166\" alt=\"Supercharger_chart\" src=\"http:\/\/www.leblogmoto.com\/images\/supercharger_chart.jpg\" width=\"250\"  \/><\/a> Pour les amateurs, il faut faire venir tout \u00e7a des States. Mais le jeu semble en valoir la chandelle.<\/p>\n<p>SOURCE: <a href=\"http:\/\/www.vhmotorsports.com\/\">www.vhmotorsports.com<\/a> <\/p>\n<p><a href=\"http:\/\/clabedan.typepad.com\/.shared\/image.html?\/photos\/uncategorized\/supercharger_kit.jpg\"><img loading=\"lazy\" decoding=\"async\" height=\"166\" alt=\"Supercharger_kit\" src=\"http:\/\/www.leblogmoto.com\/images\/supercharger_kit.jpg\" width=\"250\"  \/><\/a>&nbsp; &nbsp;<\/p>\n","protected":false},"excerpt":{"rendered":"<p>Les gens de VANCE and HINES sont tellement accros aux acc\u00e9l\u00e9rations \u00e0 faire rallonger les bras, qu&rsquo;ils ont d\u00e9cid\u00e9 de diaboliser le V-ROD de l&rsquo;honorable maison HARLEY. Ces am\u00e9ricains excellent dans les comp\u00e9titions DRAGSTER Outre-Atlantique, et se sont creus\u00e9s les m\u00e9ninges pour faire de ce custom US, une terreur des carrefours. Pour ce faire, ils [&hellip;]<\/p>\n","protected":false},"author":336,"featured_media":0,"comment_status":"open","ping_status":"open","sticky":false,"template":"","format":"standard","meta":{"footnotes":""},"categories":[8,29],"tags":[],"class_list":["post-1759","post","type-post","status-publish","format-standard","hentry","category-chaines-et-cuirs","category-harley-davidson"],"yoast_head":"<!-- This site is optimized with the Yoast SEO plugin v26.0 - https:\/\/yoast.com\/wordpress\/plugins\/seo\/ -->\n<title>VANCE \u00a7 HINES V-ROD: HOT ! - leblogmoto.com<\/title>\n<meta name=\"robots\" content=\"index, follow, max-snippet:-1, max-image-preview:large, max-video-preview:-1\" \/>\n<link rel=\"canonical\" href=\"https:\/\/blogs.thesocialmedia.com\/leblogmoto\/2006\/06\/15\/vance-hines-vro\/\" \/>\n<meta name=\"twitter:card\" content=\"summary_large_image\" \/>\n<meta name=\"twitter:title\" content=\"VANCE \u00a7 HINES V-ROD: HOT ! - leblogmoto.com\" \/>\n<meta name=\"twitter:description\" content=\"Les gens de VANCE and HINES sont tellement accros aux acc\u00e9l\u00e9rations \u00e0 faire rallonger les bras, qu&rsquo;ils ont d\u00e9cid\u00e9 de diaboliser le V-ROD de l&rsquo;honorable maison HARLEY. Ces am\u00e9ricains excellent dans les comp\u00e9titions DRAGSTER Outre-Atlantique, et se sont creus\u00e9s les m\u00e9ninges pour faire de ce custom US, une terreur des carrefours. Pour ce faire, ils [&hellip;]\" \/>\n<meta name=\"twitter:image\" content=\"http:\/\/www.leblogmoto.com\/images\/supercharger_bike.jpg\" \/>\n<meta name=\"twitter:label1\" content=\"\u00c9crit par\" \/>\n\t<meta name=\"twitter:data1\" content=\"andre leconde\" \/>\n\t<meta name=\"twitter:label2\" content=\"Dur\u00e9e de lecture estim\u00e9e\" \/>\n\t<meta name=\"twitter:data2\" content=\"1 minute\" \/>\n<script type=\"application\/ld+json\" class=\"yoast-schema-graph\">{\"@context\":\"https:\/\/schema.org\",\"@graph\":[{\"@type\":\"WebPage\",\"@id\":\"https:\/\/blogs.thesocialmedia.com\/leblogmoto\/2006\/06\/15\/vance-hines-vro\/\",\"url\":\"https:\/\/blogs.thesocialmedia.com\/leblogmoto\/2006\/06\/15\/vance-hines-vro\/\",\"name\":\"VANCE \u00a7 HINES V-ROD: HOT ! - leblogmoto.com\",\"isPartOf\":{\"@id\":\"https:\/\/blogs.thesocialmedia.com\/leblogmoto\/#website\"},\"primaryImageOfPage\":{\"@id\":\"https:\/\/blogs.thesocialmedia.com\/leblogmoto\/2006\/06\/15\/vance-hines-vro\/#primaryimage\"},\"image\":{\"@id\":\"https:\/\/blogs.thesocialmedia.com\/leblogmoto\/2006\/06\/15\/vance-hines-vro\/#primaryimage\"},\"thumbnailUrl\":\"http:\/\/www.leblogmoto.com\/images\/supercharger_bike.jpg\",\"datePublished\":\"2006-06-15T19:18:26+00:00\",\"dateModified\":\"2012-07-11T14:24:44+00:00\",\"author\":{\"@id\":\"https:\/\/blogs.thesocialmedia.com\/leblogmoto\/#\/schema\/person\/1a1dcfc7cec206573105eb4af91155c2\"},\"breadcrumb\":{\"@id\":\"https:\/\/blogs.thesocialmedia.com\/leblogmoto\/2006\/06\/15\/vance-hines-vro\/#breadcrumb\"},\"inLanguage\":\"fr-FR\",\"potentialAction\":[{\"@type\":\"ReadAction\",\"target\":[\"https:\/\/blogs.thesocialmedia.com\/leblogmoto\/2006\/06\/15\/vance-hines-vro\/\"]}]},{\"@type\":\"ImageObject\",\"inLanguage\":\"fr-FR\",\"@id\":\"https:\/\/blogs.thesocialmedia.com\/leblogmoto\/2006\/06\/15\/vance-hines-vro\/#primaryimage\",\"url\":\"http:\/\/www.leblogmoto.com\/images\/supercharger_bike.jpg\",\"contentUrl\":\"http:\/\/www.leblogmoto.com\/images\/supercharger_bike.jpg\"},{\"@type\":\"BreadcrumbList\",\"@id\":\"https:\/\/blogs.thesocialmedia.com\/leblogmoto\/2006\/06\/15\/vance-hines-vro\/#breadcrumb\",\"itemListElement\":[{\"@type\":\"ListItem\",\"position\":1,\"name\":\"Accueil\",\"item\":\"https:\/\/blogs.thesocialmedia.com\/leblogmoto\/\"},{\"@type\":\"ListItem\",\"position\":2,\"name\":\"VANCE \u00a7 HINES V-ROD: HOT !\"}]},{\"@type\":\"WebSite\",\"@id\":\"https:\/\/blogs.thesocialmedia.com\/leblogmoto\/#website\",\"url\":\"https:\/\/blogs.thesocialmedia.com\/leblogmoto\/\",\"name\":\"leblogmoto\",\"description\":\"Toute l&#039;actualit\u00e9 des 2 roues\",\"potentialAction\":[{\"@type\":\"SearchAction\",\"target\":{\"@type\":\"EntryPoint\",\"urlTemplate\":\"https:\/\/blogs.thesocialmedia.com\/leblogmoto\/?s={search_term_string}\"},\"query-input\":{\"@type\":\"PropertyValueSpecification\",\"valueRequired\":true,\"valueName\":\"search_term_string\"}}],\"inLanguage\":\"fr-FR\"},{\"@type\":\"Person\",\"@id\":\"https:\/\/blogs.thesocialmedia.com\/leblogmoto\/#\/schema\/person\/1a1dcfc7cec206573105eb4af91155c2\",\"name\":\"andre leconde\",\"image\":{\"@type\":\"ImageObject\",\"inLanguage\":\"fr-FR\",\"@id\":\"https:\/\/blogs.thesocialmedia.com\/leblogmoto\/#\/schema\/person\/image\/\",\"url\":\"https:\/\/secure.gravatar.com\/avatar\/?s=96&d=mm&r=g\",\"contentUrl\":\"https:\/\/secure.gravatar.com\/avatar\/?s=96&d=mm&r=g\",\"caption\":\"andre leconde\"},\"url\":\"https:\/\/blogs.thesocialmedia.com\/leblogmoto\/author\/andre-leconde\/\"}]}<\/script>\n<!-- \/ Yoast SEO plugin. -->","yoast_head_json":{"title":"VANCE \u00a7 HINES V-ROD: HOT ! - leblogmoto.com","robots":{"index":"index","follow":"follow","max-snippet":"max-snippet:-1","max-image-preview":"max-image-preview:large","max-video-preview":"max-video-preview:-1"},"canonical":"https:\/\/blogs.thesocialmedia.com\/leblogmoto\/2006\/06\/15\/vance-hines-vro\/","twitter_card":"summary_large_image","twitter_title":"VANCE \u00a7 HINES V-ROD: HOT ! - leblogmoto.com","twitter_description":"Les gens de VANCE and HINES sont tellement accros aux acc\u00e9l\u00e9rations \u00e0 faire rallonger les bras, qu&rsquo;ils ont d\u00e9cid\u00e9 de diaboliser le V-ROD de l&rsquo;honorable maison HARLEY. Ces am\u00e9ricains excellent dans les comp\u00e9titions DRAGSTER Outre-Atlantique, et se sont creus\u00e9s les m\u00e9ninges pour faire de ce custom US, une terreur des carrefours. Pour ce faire, ils [&hellip;]","twitter_image":"http:\/\/www.leblogmoto.com\/images\/supercharger_bike.jpg","twitter_misc":{"\u00c9crit par":"andre leconde","Dur\u00e9e de lecture estim\u00e9e":"1 minute"},"schema":{"@context":"https:\/\/schema.org","@graph":[{"@type":"WebPage","@id":"https:\/\/blogs.thesocialmedia.com\/leblogmoto\/2006\/06\/15\/vance-hines-vro\/","url":"https:\/\/blogs.thesocialmedia.com\/leblogmoto\/2006\/06\/15\/vance-hines-vro\/","name":"VANCE \u00a7 HINES V-ROD: HOT ! - leblogmoto.com","isPartOf":{"@id":"https:\/\/blogs.thesocialmedia.com\/leblogmoto\/#website"},"primaryImageOfPage":{"@id":"https:\/\/blogs.thesocialmedia.com\/leblogmoto\/2006\/06\/15\/vance-hines-vro\/#primaryimage"},"image":{"@id":"https:\/\/blogs.thesocialmedia.com\/leblogmoto\/2006\/06\/15\/vance-hines-vro\/#primaryimage"},"thumbnailUrl":"http:\/\/www.leblogmoto.com\/images\/supercharger_bike.jpg","datePublished":"2006-06-15T19:18:26+00:00","dateModified":"2012-07-11T14:24:44+00:00","author":{"@id":"https:\/\/blogs.thesocialmedia.com\/leblogmoto\/#\/schema\/person\/1a1dcfc7cec206573105eb4af91155c2"},"breadcrumb":{"@id":"https:\/\/blogs.thesocialmedia.com\/leblogmoto\/2006\/06\/15\/vance-hines-vro\/#breadcrumb"},"inLanguage":"fr-FR","potentialAction":[{"@type":"ReadAction","target":["https:\/\/blogs.thesocialmedia.com\/leblogmoto\/2006\/06\/15\/vance-hines-vro\/"]}]},{"@type":"ImageObject","inLanguage":"fr-FR","@id":"https:\/\/blogs.thesocialmedia.com\/leblogmoto\/2006\/06\/15\/vance-hines-vro\/#primaryimage","url":"http:\/\/www.leblogmoto.com\/images\/supercharger_bike.jpg","contentUrl":"http:\/\/www.leblogmoto.com\/images\/supercharger_bike.jpg"},{"@type":"BreadcrumbList","@id":"https:\/\/blogs.thesocialmedia.com\/leblogmoto\/2006\/06\/15\/vance-hines-vro\/#breadcrumb","itemListElement":[{"@type":"ListItem","position":1,"name":"Accueil","item":"https:\/\/blogs.thesocialmedia.com\/leblogmoto\/"},{"@type":"ListItem","position":2,"name":"VANCE \u00a7 HINES V-ROD: HOT !"}]},{"@type":"WebSite","@id":"https:\/\/blogs.thesocialmedia.com\/leblogmoto\/#website","url":"https:\/\/blogs.thesocialmedia.com\/leblogmoto\/","name":"leblogmoto","description":"Toute l&#039;actualit\u00e9 des 2 roues","potentialAction":[{"@type":"SearchAction","target":{"@type":"EntryPoint","urlTemplate":"https:\/\/blogs.thesocialmedia.com\/leblogmoto\/?s={search_term_string}"},"query-input":{"@type":"PropertyValueSpecification","valueRequired":true,"valueName":"search_term_string"}}],"inLanguage":"fr-FR"},{"@type":"Person","@id":"https:\/\/blogs.thesocialmedia.com\/leblogmoto\/#\/schema\/person\/1a1dcfc7cec206573105eb4af91155c2","name":"andre leconde","image":{"@type":"ImageObject","inLanguage":"fr-FR","@id":"https:\/\/blogs.thesocialmedia.com\/leblogmoto\/#\/schema\/person\/image\/","url":"https:\/\/secure.gravatar.com\/avatar\/?s=96&d=mm&r=g","contentUrl":"https:\/\/secure.gravatar.com\/avatar\/?s=96&d=mm&r=g","caption":"andre leconde"},"url":"https:\/\/blogs.thesocialmedia.com\/leblogmoto\/author\/andre-leconde\/"}]}},"_links":{"self":[{"href":"https:\/\/blogs.thesocialmedia.com\/leblogmoto\/wp-json\/wp\/v2\/posts\/1759","targetHints":{"allow":["GET"]}}],"collection":[{"href":"https:\/\/blogs.thesocialmedia.com\/leblogmoto\/wp-json\/wp\/v2\/posts"}],"about":[{"href":"https:\/\/blogs.thesocialmedia.com\/leblogmoto\/wp-json\/wp\/v2\/types\/post"}],"author":[{"embeddable":true,"href":"https:\/\/blogs.thesocialmedia.com\/leblogmoto\/wp-json\/wp\/v2\/users\/336"}],"replies":[{"embeddable":true,"href":"https:\/\/blogs.thesocialmedia.com\/leblogmoto\/wp-json\/wp\/v2\/comments?post=1759"}],"version-history":[{"count":2,"href":"https:\/\/blogs.thesocialmedia.com\/leblogmoto\/wp-json\/wp\/v2\/posts\/1759\/revisions"}],"predecessor-version":[{"id":7613,"href":"https:\/\/blogs.thesocialmedia.com\/leblogmoto\/wp-json\/wp\/v2\/posts\/1759\/revisions\/7613"}],"wp:attachment":[{"href":"https:\/\/blogs.thesocialmedia.com\/leblogmoto\/wp-json\/wp\/v2\/media?parent=1759"}],"wp:term":[{"taxonomy":"category","embeddable":true,"href":"https:\/\/blogs.thesocialmedia.com\/leblogmoto\/wp-json\/wp\/v2\/categories?post=1759"},{"taxonomy":"post_tag","embeddable":true,"href":"https:\/\/blogs.thesocialmedia.com\/leblogmoto\/wp-json\/wp\/v2\/tags?post=1759"}],"curies":[{"name":"wp","href":"https:\/\/api.w.org\/{rel}","templated":true}]}}