{"id":1760,"date":"2006-06-15T13:39:06","date_gmt":"2006-06-15T13:39:06","guid":{"rendered":"http:\/\/blogs.thesocialmedia.com\/leblogmoto\/2006\/06\/15\/ghost-rider-le\/"},"modified":"2012-07-11T14:24:41","modified_gmt":"2012-07-11T14:24:41","slug":"ghost-rider-le","status":"publish","type":"post","link":"https:\/\/blogs.thesocialmedia.com\/leblogmoto\/2006\/06\/15\/ghost-rider-le\/","title":{"rendered":"GHOST RIDER: le vrai !"},"content":{"rendered":"<p><a href=\"http:\/\/blogs.thesocialmedia.com\/leblogmoto\/files\/2012\/07\/helmetfire.jpg\"><img loading=\"lazy\" decoding=\"async\" height=\"342\" alt=\"Helmetfire\" src=\"http:\/\/www.leblogmoto.com\/images\/helmetfire.jpg\" width=\"470\"  \/><\/a>Le film <strong>GHOST RIDER<\/strong> arrive \u00e0 peine dans les salles obscures que, d\u00e9j\u00e0, il suscite des vocations.<\/p>\n<p>Pour m\u00e9moire, GHOST RIDER est le h\u00e9ro maudit d&rsquo;un fanzine de la constellation <strong>MARVEL<\/strong>. L&rsquo;histoire d&rsquo;un homme qui a pass\u00e9 un pacte avec un personnage diabolique pour sauver son p\u00e8re, pacte qui n&rsquo;a pas \u00e9t\u00e9 honor\u00e9&#8230;&nbsp; <\/p>\n<p><a href=\"http:\/\/blogs.thesocialmedia.com\/leblogmoto\/files\/2012\/07\/ghost_rider.jpg\"><img loading=\"lazy\" decoding=\"async\" height=\"375\" alt=\"Ghost_rider\" src=\"http:\/\/www.leblogmoto.com\/images\/ghost_rider.jpg\" width=\"250\"  \/><\/a> Et pour se venger, <strong>Johnny BLAZE<\/strong> n&rsquo;a pas eu froid aux yeux. Il est devenu tout feu tout flamme, chevauchant une moto \u00e9tincelante, symbole du brandon de discorde. Tel le chevalier de l&rsquo;apocalypse, le voil\u00e0 parti batailler contre des \u00eatres mal\u00e9fiques. Tout un programme.<\/p>\n<p>C&rsquo;est <strong>Nicolas CAGE<\/strong> qui s&rsquo;y colle pour l&rsquo;opus cin\u00e9matographique. Mais pour revenir \u00e0 notre allum\u00e9 ci-dessus, il s&rsquo;ag\u00eet d&rsquo;un rider pris sur le vif \u00e0 <strong>l&rsquo;International <a href=\"http:\/\/www.leblogmoto.com\/2006\/06\/muse_harley_les.html\">Harley Davidson<\/a> Festival<\/strong> organis\u00e9 pr\u00e8s de <strong>BUDAPEST<\/strong>. Hongrois r\u00eaver&#8230;<\/p>\n<p>SOURCE: <a href=\"http:\/\/www.news.motorbiker.org\">www.news.motorbiker.org<\/a>&nbsp; &nbsp;<\/p>\n","protected":false},"excerpt":{"rendered":"<p>Le film GHOST RIDER arrive \u00e0 peine dans les salles obscures que, d\u00e9j\u00e0, il suscite des vocations. Pour m\u00e9moire, GHOST RIDER est le h\u00e9ro maudit d&rsquo;un fanzine de la constellation MARVEL. L&rsquo;histoire d&rsquo;un homme qui a pass\u00e9 un pacte avec un personnage diabolique pour sauver son p\u00e8re, pacte qui n&rsquo;a pas \u00e9t\u00e9 honor\u00e9&#8230;&nbsp; Et pour [&hellip;]<\/p>\n","protected":false},"author":336,"featured_media":0,"comment_status":"open","ping_status":"open","sticky":false,"template":"","format":"standard","meta":{"footnotes":""},"categories":[3,8,17,29],"tags":[],"class_list":["post-1760","post","type-post","status-publish","format-standard","hentry","category-actualite","category-chaines-et-cuirs","category-divers","category-harley-davidson"],"yoast_head":"<!-- This site is optimized with the Yoast SEO plugin v26.0 - https:\/\/yoast.com\/wordpress\/plugins\/seo\/ -->\n<title>GHOST RIDER: le vrai ! - leblogmoto.com<\/title>\n<meta name=\"robots\" content=\"index, follow, max-snippet:-1, max-image-preview:large, max-video-preview:-1\" \/>\n<link rel=\"canonical\" href=\"https:\/\/blogs.thesocialmedia.com\/leblogmoto\/2006\/06\/15\/ghost-rider-le\/\" \/>\n<meta name=\"twitter:card\" content=\"summary_large_image\" \/>\n<meta name=\"twitter:title\" content=\"GHOST RIDER: le vrai ! - leblogmoto.com\" \/>\n<meta name=\"twitter:description\" content=\"Le film GHOST RIDER arrive \u00e0 peine dans les salles obscures que, d\u00e9j\u00e0, il suscite des vocations. Pour m\u00e9moire, GHOST RIDER est le h\u00e9ro maudit d&rsquo;un fanzine de la constellation MARVEL. L&rsquo;histoire d&rsquo;un homme qui a pass\u00e9 un pacte avec un personnage diabolique pour sauver son p\u00e8re, pacte qui n&rsquo;a pas \u00e9t\u00e9 honor\u00e9&#8230;&nbsp; Et pour [&hellip;]\" \/>\n<meta name=\"twitter:image\" content=\"http:\/\/www.leblogmoto.com\/images\/helmetfire.jpg\" \/>\n<meta name=\"twitter:label1\" content=\"\u00c9crit par\" \/>\n\t<meta name=\"twitter:data1\" content=\"andre leconde\" \/>\n\t<meta name=\"twitter:label2\" content=\"Dur\u00e9e de lecture estim\u00e9e\" \/>\n\t<meta name=\"twitter:data2\" content=\"1 minute\" \/>\n<script type=\"application\/ld+json\" class=\"yoast-schema-graph\">{\"@context\":\"https:\/\/schema.org\",\"@graph\":[{\"@type\":\"WebPage\",\"@id\":\"https:\/\/blogs.thesocialmedia.com\/leblogmoto\/2006\/06\/15\/ghost-rider-le\/\",\"url\":\"https:\/\/blogs.thesocialmedia.com\/leblogmoto\/2006\/06\/15\/ghost-rider-le\/\",\"name\":\"GHOST RIDER: le vrai ! - leblogmoto.com\",\"isPartOf\":{\"@id\":\"https:\/\/blogs.thesocialmedia.com\/leblogmoto\/#website\"},\"primaryImageOfPage\":{\"@id\":\"https:\/\/blogs.thesocialmedia.com\/leblogmoto\/2006\/06\/15\/ghost-rider-le\/#primaryimage\"},\"image\":{\"@id\":\"https:\/\/blogs.thesocialmedia.com\/leblogmoto\/2006\/06\/15\/ghost-rider-le\/#primaryimage\"},\"thumbnailUrl\":\"http:\/\/www.leblogmoto.com\/images\/helmetfire.jpg\",\"datePublished\":\"2006-06-15T13:39:06+00:00\",\"dateModified\":\"2012-07-11T14:24:41+00:00\",\"author\":{\"@id\":\"https:\/\/blogs.thesocialmedia.com\/leblogmoto\/#\/schema\/person\/1a1dcfc7cec206573105eb4af91155c2\"},\"breadcrumb\":{\"@id\":\"https:\/\/blogs.thesocialmedia.com\/leblogmoto\/2006\/06\/15\/ghost-rider-le\/#breadcrumb\"},\"inLanguage\":\"fr-FR\",\"potentialAction\":[{\"@type\":\"ReadAction\",\"target\":[\"https:\/\/blogs.thesocialmedia.com\/leblogmoto\/2006\/06\/15\/ghost-rider-le\/\"]}]},{\"@type\":\"ImageObject\",\"inLanguage\":\"fr-FR\",\"@id\":\"https:\/\/blogs.thesocialmedia.com\/leblogmoto\/2006\/06\/15\/ghost-rider-le\/#primaryimage\",\"url\":\"http:\/\/www.leblogmoto.com\/images\/helmetfire.jpg\",\"contentUrl\":\"http:\/\/www.leblogmoto.com\/images\/helmetfire.jpg\"},{\"@type\":\"BreadcrumbList\",\"@id\":\"https:\/\/blogs.thesocialmedia.com\/leblogmoto\/2006\/06\/15\/ghost-rider-le\/#breadcrumb\",\"itemListElement\":[{\"@type\":\"ListItem\",\"position\":1,\"name\":\"Accueil\",\"item\":\"https:\/\/blogs.thesocialmedia.com\/leblogmoto\/\"},{\"@type\":\"ListItem\",\"position\":2,\"name\":\"GHOST RIDER: le vrai !\"}]},{\"@type\":\"WebSite\",\"@id\":\"https:\/\/blogs.thesocialmedia.com\/leblogmoto\/#website\",\"url\":\"https:\/\/blogs.thesocialmedia.com\/leblogmoto\/\",\"name\":\"leblogmoto\",\"description\":\"Toute l&#039;actualit\u00e9 des 2 roues\",\"potentialAction\":[{\"@type\":\"SearchAction\",\"target\":{\"@type\":\"EntryPoint\",\"urlTemplate\":\"https:\/\/blogs.thesocialmedia.com\/leblogmoto\/?s={search_term_string}\"},\"query-input\":{\"@type\":\"PropertyValueSpecification\",\"valueRequired\":true,\"valueName\":\"search_term_string\"}}],\"inLanguage\":\"fr-FR\"},{\"@type\":\"Person\",\"@id\":\"https:\/\/blogs.thesocialmedia.com\/leblogmoto\/#\/schema\/person\/1a1dcfc7cec206573105eb4af91155c2\",\"name\":\"andre leconde\",\"image\":{\"@type\":\"ImageObject\",\"inLanguage\":\"fr-FR\",\"@id\":\"https:\/\/blogs.thesocialmedia.com\/leblogmoto\/#\/schema\/person\/image\/\",\"url\":\"https:\/\/secure.gravatar.com\/avatar\/?s=96&d=mm&r=g\",\"contentUrl\":\"https:\/\/secure.gravatar.com\/avatar\/?s=96&d=mm&r=g\",\"caption\":\"andre leconde\"},\"url\":\"https:\/\/blogs.thesocialmedia.com\/leblogmoto\/author\/andre-leconde\/\"}]}<\/script>\n<!-- \/ Yoast SEO plugin. -->","yoast_head_json":{"title":"GHOST RIDER: le vrai ! - leblogmoto.com","robots":{"index":"index","follow":"follow","max-snippet":"max-snippet:-1","max-image-preview":"max-image-preview:large","max-video-preview":"max-video-preview:-1"},"canonical":"https:\/\/blogs.thesocialmedia.com\/leblogmoto\/2006\/06\/15\/ghost-rider-le\/","twitter_card":"summary_large_image","twitter_title":"GHOST RIDER: le vrai ! - leblogmoto.com","twitter_description":"Le film GHOST RIDER arrive \u00e0 peine dans les salles obscures que, d\u00e9j\u00e0, il suscite des vocations. Pour m\u00e9moire, GHOST RIDER est le h\u00e9ro maudit d&rsquo;un fanzine de la constellation MARVEL. L&rsquo;histoire d&rsquo;un homme qui a pass\u00e9 un pacte avec un personnage diabolique pour sauver son p\u00e8re, pacte qui n&rsquo;a pas \u00e9t\u00e9 honor\u00e9&#8230;&nbsp; Et pour [&hellip;]","twitter_image":"http:\/\/www.leblogmoto.com\/images\/helmetfire.jpg","twitter_misc":{"\u00c9crit par":"andre leconde","Dur\u00e9e de lecture estim\u00e9e":"1 minute"},"schema":{"@context":"https:\/\/schema.org","@graph":[{"@type":"WebPage","@id":"https:\/\/blogs.thesocialmedia.com\/leblogmoto\/2006\/06\/15\/ghost-rider-le\/","url":"https:\/\/blogs.thesocialmedia.com\/leblogmoto\/2006\/06\/15\/ghost-rider-le\/","name":"GHOST RIDER: le vrai ! - leblogmoto.com","isPartOf":{"@id":"https:\/\/blogs.thesocialmedia.com\/leblogmoto\/#website"},"primaryImageOfPage":{"@id":"https:\/\/blogs.thesocialmedia.com\/leblogmoto\/2006\/06\/15\/ghost-rider-le\/#primaryimage"},"image":{"@id":"https:\/\/blogs.thesocialmedia.com\/leblogmoto\/2006\/06\/15\/ghost-rider-le\/#primaryimage"},"thumbnailUrl":"http:\/\/www.leblogmoto.com\/images\/helmetfire.jpg","datePublished":"2006-06-15T13:39:06+00:00","dateModified":"2012-07-11T14:24:41+00:00","author":{"@id":"https:\/\/blogs.thesocialmedia.com\/leblogmoto\/#\/schema\/person\/1a1dcfc7cec206573105eb4af91155c2"},"breadcrumb":{"@id":"https:\/\/blogs.thesocialmedia.com\/leblogmoto\/2006\/06\/15\/ghost-rider-le\/#breadcrumb"},"inLanguage":"fr-FR","potentialAction":[{"@type":"ReadAction","target":["https:\/\/blogs.thesocialmedia.com\/leblogmoto\/2006\/06\/15\/ghost-rider-le\/"]}]},{"@type":"ImageObject","inLanguage":"fr-FR","@id":"https:\/\/blogs.thesocialmedia.com\/leblogmoto\/2006\/06\/15\/ghost-rider-le\/#primaryimage","url":"http:\/\/www.leblogmoto.com\/images\/helmetfire.jpg","contentUrl":"http:\/\/www.leblogmoto.com\/images\/helmetfire.jpg"},{"@type":"BreadcrumbList","@id":"https:\/\/blogs.thesocialmedia.com\/leblogmoto\/2006\/06\/15\/ghost-rider-le\/#breadcrumb","itemListElement":[{"@type":"ListItem","position":1,"name":"Accueil","item":"https:\/\/blogs.thesocialmedia.com\/leblogmoto\/"},{"@type":"ListItem","position":2,"name":"GHOST RIDER: le vrai !"}]},{"@type":"WebSite","@id":"https:\/\/blogs.thesocialmedia.com\/leblogmoto\/#website","url":"https:\/\/blogs.thesocialmedia.com\/leblogmoto\/","name":"leblogmoto","description":"Toute l&#039;actualit\u00e9 des 2 roues","potentialAction":[{"@type":"SearchAction","target":{"@type":"EntryPoint","urlTemplate":"https:\/\/blogs.thesocialmedia.com\/leblogmoto\/?s={search_term_string}"},"query-input":{"@type":"PropertyValueSpecification","valueRequired":true,"valueName":"search_term_string"}}],"inLanguage":"fr-FR"},{"@type":"Person","@id":"https:\/\/blogs.thesocialmedia.com\/leblogmoto\/#\/schema\/person\/1a1dcfc7cec206573105eb4af91155c2","name":"andre leconde","image":{"@type":"ImageObject","inLanguage":"fr-FR","@id":"https:\/\/blogs.thesocialmedia.com\/leblogmoto\/#\/schema\/person\/image\/","url":"https:\/\/secure.gravatar.com\/avatar\/?s=96&d=mm&r=g","contentUrl":"https:\/\/secure.gravatar.com\/avatar\/?s=96&d=mm&r=g","caption":"andre leconde"},"url":"https:\/\/blogs.thesocialmedia.com\/leblogmoto\/author\/andre-leconde\/"}]}},"_links":{"self":[{"href":"https:\/\/blogs.thesocialmedia.com\/leblogmoto\/wp-json\/wp\/v2\/posts\/1760","targetHints":{"allow":["GET"]}}],"collection":[{"href":"https:\/\/blogs.thesocialmedia.com\/leblogmoto\/wp-json\/wp\/v2\/posts"}],"about":[{"href":"https:\/\/blogs.thesocialmedia.com\/leblogmoto\/wp-json\/wp\/v2\/types\/post"}],"author":[{"embeddable":true,"href":"https:\/\/blogs.thesocialmedia.com\/leblogmoto\/wp-json\/wp\/v2\/users\/336"}],"replies":[{"embeddable":true,"href":"https:\/\/blogs.thesocialmedia.com\/leblogmoto\/wp-json\/wp\/v2\/comments?post=1760"}],"version-history":[{"count":2,"href":"https:\/\/blogs.thesocialmedia.com\/leblogmoto\/wp-json\/wp\/v2\/posts\/1760\/revisions"}],"predecessor-version":[{"id":7610,"href":"https:\/\/blogs.thesocialmedia.com\/leblogmoto\/wp-json\/wp\/v2\/posts\/1760\/revisions\/7610"}],"wp:attachment":[{"href":"https:\/\/blogs.thesocialmedia.com\/leblogmoto\/wp-json\/wp\/v2\/media?parent=1760"}],"wp:term":[{"taxonomy":"category","embeddable":true,"href":"https:\/\/blogs.thesocialmedia.com\/leblogmoto\/wp-json\/wp\/v2\/categories?post=1760"},{"taxonomy":"post_tag","embeddable":true,"href":"https:\/\/blogs.thesocialmedia.com\/leblogmoto\/wp-json\/wp\/v2\/tags?post=1760"}],"curies":[{"name":"wp","href":"https:\/\/api.w.org\/{rel}","templated":true}]}}