{"id":1761,"date":"2006-06-14T23:40:51","date_gmt":"2006-06-14T23:40:51","guid":{"rendered":"http:\/\/blogs.thesocialmedia.com\/leblogmoto\/2006\/06\/14\/maurizio-lampon\/"},"modified":"2012-07-11T14:24:38","modified_gmt":"2012-07-11T14:24:38","slug":"maurizio-lampon","status":"publish","type":"post","link":"https:\/\/blogs.thesocialmedia.com\/leblogmoto\/2006\/06\/14\/maurizio-lampon\/","title":{"rendered":"Maurizio LAMPONI LEOPARDI: Et la lumi\u00e8re f\u00fbt"},"content":{"rendered":"<p><a href=\"http:\/\/blogs.thesocialmedia.com\/leblogmoto\/files\/2012\/07\/lambretta_lamp.jpg\"><img loading=\"lazy\" decoding=\"async\" height=\"481\" alt=\"Lambretta_lamp\" src=\"http:\/\/www.leblogmoto.com\/images\/lambretta_lamp.jpg\" width=\"470\"  \/><\/a> Amateur de <a href=\"http:\/\/www.leblogmoto.com\/2006\/04\/vespa_a_60_ans.html\">VESPA<\/a>, c&rsquo;est l&rsquo;ann\u00e9e ou jamais de faire des emplettes.<\/p>\n<p><strong>La matrice du scooter<\/strong> est en pleine c\u00e9l\u00e9bration, de la plus esth\u00e9tique \u00e0 la plus <a href=\"http:\/\/www.leblogmoto.com\/2006\/04\/vespa_et_son_ka.html\">coquine<\/a>. Et il n&rsquo;est pas que dans les <a href=\"http:\/\/www.leblogmoto.com\/2006\/04\/pour_clbrer_com.html\">concessions<\/a> que l&rsquo;on fait la f\u00eate.<\/p>\n<p>Voici un produit qui vous rangera d\u00e9finitivement parmi les adorateurs du genre.<\/p>\n<p><strong>Une lampe<\/strong> qui est aussi une oeuvre d&rsquo;art. Avec le prix qui sied \u00e0 ce genre de r\u00e9alisation: autour des <strong>1 000<\/strong> euros. Mais quand on aime&#8230;<\/p>\n<p>SOURCE: <a href=\"http:\/\/www.artmajeur.com\">www.artmajeur.com<\/a>&nbsp; <\/p>\n","protected":false},"excerpt":{"rendered":"<p>Amateur de VESPA, c&rsquo;est l&rsquo;ann\u00e9e ou jamais de faire des emplettes. La matrice du scooter est en pleine c\u00e9l\u00e9bration, de la plus esth\u00e9tique \u00e0 la plus coquine. Et il n&rsquo;est pas que dans les concessions que l&rsquo;on fait la f\u00eate. Voici un produit qui vous rangera d\u00e9finitivement parmi les adorateurs du genre. Une lampe qui [&hellip;]<\/p>\n","protected":false},"author":336,"featured_media":0,"comment_status":"open","ping_status":"open","sticky":false,"template":"","format":"standard","meta":{"footnotes":""},"categories":[16,18,19,20],"tags":[],"class_list":["post-1761","post","type-post","status-publish","format-standard","hentry","category-art-moto","category-piaggio","category-scooter","category-vespa"],"yoast_head":"<!-- This site is optimized with the Yoast SEO plugin v26.0 - https:\/\/yoast.com\/wordpress\/plugins\/seo\/ -->\n<title>Maurizio LAMPONI LEOPARDI: Et la lumi\u00e8re f\u00fbt - leblogmoto.com<\/title>\n<meta name=\"robots\" content=\"index, follow, max-snippet:-1, max-image-preview:large, max-video-preview:-1\" \/>\n<link rel=\"canonical\" href=\"https:\/\/blogs.thesocialmedia.com\/leblogmoto\/2006\/06\/14\/maurizio-lampon\/\" \/>\n<meta name=\"twitter:card\" content=\"summary_large_image\" \/>\n<meta name=\"twitter:title\" content=\"Maurizio LAMPONI LEOPARDI: Et la lumi\u00e8re f\u00fbt - leblogmoto.com\" \/>\n<meta name=\"twitter:description\" content=\"Amateur de VESPA, c&rsquo;est l&rsquo;ann\u00e9e ou jamais de faire des emplettes. La matrice du scooter est en pleine c\u00e9l\u00e9bration, de la plus esth\u00e9tique \u00e0 la plus coquine. Et il n&rsquo;est pas que dans les concessions que l&rsquo;on fait la f\u00eate. Voici un produit qui vous rangera d\u00e9finitivement parmi les adorateurs du genre. Une lampe qui [&hellip;]\" \/>\n<meta name=\"twitter:image\" content=\"http:\/\/www.leblogmoto.com\/images\/lambretta_lamp.jpg\" \/>\n<meta name=\"twitter:label1\" content=\"\u00c9crit par\" \/>\n\t<meta name=\"twitter:data1\" content=\"andre leconde\" \/>\n<script type=\"application\/ld+json\" class=\"yoast-schema-graph\">{\"@context\":\"https:\/\/schema.org\",\"@graph\":[{\"@type\":\"WebPage\",\"@id\":\"https:\/\/blogs.thesocialmedia.com\/leblogmoto\/2006\/06\/14\/maurizio-lampon\/\",\"url\":\"https:\/\/blogs.thesocialmedia.com\/leblogmoto\/2006\/06\/14\/maurizio-lampon\/\",\"name\":\"Maurizio LAMPONI LEOPARDI: Et la lumi\u00e8re f\u00fbt - leblogmoto.com\",\"isPartOf\":{\"@id\":\"https:\/\/blogs.thesocialmedia.com\/leblogmoto\/#website\"},\"primaryImageOfPage\":{\"@id\":\"https:\/\/blogs.thesocialmedia.com\/leblogmoto\/2006\/06\/14\/maurizio-lampon\/#primaryimage\"},\"image\":{\"@id\":\"https:\/\/blogs.thesocialmedia.com\/leblogmoto\/2006\/06\/14\/maurizio-lampon\/#primaryimage\"},\"thumbnailUrl\":\"http:\/\/www.leblogmoto.com\/images\/lambretta_lamp.jpg\",\"datePublished\":\"2006-06-14T23:40:51+00:00\",\"dateModified\":\"2012-07-11T14:24:38+00:00\",\"author\":{\"@id\":\"https:\/\/blogs.thesocialmedia.com\/leblogmoto\/#\/schema\/person\/1a1dcfc7cec206573105eb4af91155c2\"},\"breadcrumb\":{\"@id\":\"https:\/\/blogs.thesocialmedia.com\/leblogmoto\/2006\/06\/14\/maurizio-lampon\/#breadcrumb\"},\"inLanguage\":\"fr-FR\",\"potentialAction\":[{\"@type\":\"ReadAction\",\"target\":[\"https:\/\/blogs.thesocialmedia.com\/leblogmoto\/2006\/06\/14\/maurizio-lampon\/\"]}]},{\"@type\":\"ImageObject\",\"inLanguage\":\"fr-FR\",\"@id\":\"https:\/\/blogs.thesocialmedia.com\/leblogmoto\/2006\/06\/14\/maurizio-lampon\/#primaryimage\",\"url\":\"http:\/\/www.leblogmoto.com\/images\/lambretta_lamp.jpg\",\"contentUrl\":\"http:\/\/www.leblogmoto.com\/images\/lambretta_lamp.jpg\"},{\"@type\":\"BreadcrumbList\",\"@id\":\"https:\/\/blogs.thesocialmedia.com\/leblogmoto\/2006\/06\/14\/maurizio-lampon\/#breadcrumb\",\"itemListElement\":[{\"@type\":\"ListItem\",\"position\":1,\"name\":\"Accueil\",\"item\":\"https:\/\/blogs.thesocialmedia.com\/leblogmoto\/\"},{\"@type\":\"ListItem\",\"position\":2,\"name\":\"Maurizio LAMPONI LEOPARDI: Et la lumi\u00e8re f\u00fbt\"}]},{\"@type\":\"WebSite\",\"@id\":\"https:\/\/blogs.thesocialmedia.com\/leblogmoto\/#website\",\"url\":\"https:\/\/blogs.thesocialmedia.com\/leblogmoto\/\",\"name\":\"leblogmoto\",\"description\":\"Toute l&#039;actualit\u00e9 des 2 roues\",\"potentialAction\":[{\"@type\":\"SearchAction\",\"target\":{\"@type\":\"EntryPoint\",\"urlTemplate\":\"https:\/\/blogs.thesocialmedia.com\/leblogmoto\/?s={search_term_string}\"},\"query-input\":{\"@type\":\"PropertyValueSpecification\",\"valueRequired\":true,\"valueName\":\"search_term_string\"}}],\"inLanguage\":\"fr-FR\"},{\"@type\":\"Person\",\"@id\":\"https:\/\/blogs.thesocialmedia.com\/leblogmoto\/#\/schema\/person\/1a1dcfc7cec206573105eb4af91155c2\",\"name\":\"andre leconde\",\"image\":{\"@type\":\"ImageObject\",\"inLanguage\":\"fr-FR\",\"@id\":\"https:\/\/blogs.thesocialmedia.com\/leblogmoto\/#\/schema\/person\/image\/\",\"url\":\"https:\/\/secure.gravatar.com\/avatar\/?s=96&d=mm&r=g\",\"contentUrl\":\"https:\/\/secure.gravatar.com\/avatar\/?s=96&d=mm&r=g\",\"caption\":\"andre leconde\"},\"url\":\"https:\/\/blogs.thesocialmedia.com\/leblogmoto\/author\/andre-leconde\/\"}]}<\/script>\n<!-- \/ Yoast SEO plugin. -->","yoast_head_json":{"title":"Maurizio LAMPONI LEOPARDI: Et la lumi\u00e8re f\u00fbt - leblogmoto.com","robots":{"index":"index","follow":"follow","max-snippet":"max-snippet:-1","max-image-preview":"max-image-preview:large","max-video-preview":"max-video-preview:-1"},"canonical":"https:\/\/blogs.thesocialmedia.com\/leblogmoto\/2006\/06\/14\/maurizio-lampon\/","twitter_card":"summary_large_image","twitter_title":"Maurizio LAMPONI LEOPARDI: Et la lumi\u00e8re f\u00fbt - leblogmoto.com","twitter_description":"Amateur de VESPA, c&rsquo;est l&rsquo;ann\u00e9e ou jamais de faire des emplettes. La matrice du scooter est en pleine c\u00e9l\u00e9bration, de la plus esth\u00e9tique \u00e0 la plus coquine. Et il n&rsquo;est pas que dans les concessions que l&rsquo;on fait la f\u00eate. Voici un produit qui vous rangera d\u00e9finitivement parmi les adorateurs du genre. Une lampe qui [&hellip;]","twitter_image":"http:\/\/www.leblogmoto.com\/images\/lambretta_lamp.jpg","twitter_misc":{"\u00c9crit par":"andre leconde"},"schema":{"@context":"https:\/\/schema.org","@graph":[{"@type":"WebPage","@id":"https:\/\/blogs.thesocialmedia.com\/leblogmoto\/2006\/06\/14\/maurizio-lampon\/","url":"https:\/\/blogs.thesocialmedia.com\/leblogmoto\/2006\/06\/14\/maurizio-lampon\/","name":"Maurizio LAMPONI LEOPARDI: Et la lumi\u00e8re f\u00fbt - leblogmoto.com","isPartOf":{"@id":"https:\/\/blogs.thesocialmedia.com\/leblogmoto\/#website"},"primaryImageOfPage":{"@id":"https:\/\/blogs.thesocialmedia.com\/leblogmoto\/2006\/06\/14\/maurizio-lampon\/#primaryimage"},"image":{"@id":"https:\/\/blogs.thesocialmedia.com\/leblogmoto\/2006\/06\/14\/maurizio-lampon\/#primaryimage"},"thumbnailUrl":"http:\/\/www.leblogmoto.com\/images\/lambretta_lamp.jpg","datePublished":"2006-06-14T23:40:51+00:00","dateModified":"2012-07-11T14:24:38+00:00","author":{"@id":"https:\/\/blogs.thesocialmedia.com\/leblogmoto\/#\/schema\/person\/1a1dcfc7cec206573105eb4af91155c2"},"breadcrumb":{"@id":"https:\/\/blogs.thesocialmedia.com\/leblogmoto\/2006\/06\/14\/maurizio-lampon\/#breadcrumb"},"inLanguage":"fr-FR","potentialAction":[{"@type":"ReadAction","target":["https:\/\/blogs.thesocialmedia.com\/leblogmoto\/2006\/06\/14\/maurizio-lampon\/"]}]},{"@type":"ImageObject","inLanguage":"fr-FR","@id":"https:\/\/blogs.thesocialmedia.com\/leblogmoto\/2006\/06\/14\/maurizio-lampon\/#primaryimage","url":"http:\/\/www.leblogmoto.com\/images\/lambretta_lamp.jpg","contentUrl":"http:\/\/www.leblogmoto.com\/images\/lambretta_lamp.jpg"},{"@type":"BreadcrumbList","@id":"https:\/\/blogs.thesocialmedia.com\/leblogmoto\/2006\/06\/14\/maurizio-lampon\/#breadcrumb","itemListElement":[{"@type":"ListItem","position":1,"name":"Accueil","item":"https:\/\/blogs.thesocialmedia.com\/leblogmoto\/"},{"@type":"ListItem","position":2,"name":"Maurizio LAMPONI LEOPARDI: Et la lumi\u00e8re f\u00fbt"}]},{"@type":"WebSite","@id":"https:\/\/blogs.thesocialmedia.com\/leblogmoto\/#website","url":"https:\/\/blogs.thesocialmedia.com\/leblogmoto\/","name":"leblogmoto","description":"Toute l&#039;actualit\u00e9 des 2 roues","potentialAction":[{"@type":"SearchAction","target":{"@type":"EntryPoint","urlTemplate":"https:\/\/blogs.thesocialmedia.com\/leblogmoto\/?s={search_term_string}"},"query-input":{"@type":"PropertyValueSpecification","valueRequired":true,"valueName":"search_term_string"}}],"inLanguage":"fr-FR"},{"@type":"Person","@id":"https:\/\/blogs.thesocialmedia.com\/leblogmoto\/#\/schema\/person\/1a1dcfc7cec206573105eb4af91155c2","name":"andre leconde","image":{"@type":"ImageObject","inLanguage":"fr-FR","@id":"https:\/\/blogs.thesocialmedia.com\/leblogmoto\/#\/schema\/person\/image\/","url":"https:\/\/secure.gravatar.com\/avatar\/?s=96&d=mm&r=g","contentUrl":"https:\/\/secure.gravatar.com\/avatar\/?s=96&d=mm&r=g","caption":"andre leconde"},"url":"https:\/\/blogs.thesocialmedia.com\/leblogmoto\/author\/andre-leconde\/"}]}},"_links":{"self":[{"href":"https:\/\/blogs.thesocialmedia.com\/leblogmoto\/wp-json\/wp\/v2\/posts\/1761","targetHints":{"allow":["GET"]}}],"collection":[{"href":"https:\/\/blogs.thesocialmedia.com\/leblogmoto\/wp-json\/wp\/v2\/posts"}],"about":[{"href":"https:\/\/blogs.thesocialmedia.com\/leblogmoto\/wp-json\/wp\/v2\/types\/post"}],"author":[{"embeddable":true,"href":"https:\/\/blogs.thesocialmedia.com\/leblogmoto\/wp-json\/wp\/v2\/users\/336"}],"replies":[{"embeddable":true,"href":"https:\/\/blogs.thesocialmedia.com\/leblogmoto\/wp-json\/wp\/v2\/comments?post=1761"}],"version-history":[{"count":2,"href":"https:\/\/blogs.thesocialmedia.com\/leblogmoto\/wp-json\/wp\/v2\/posts\/1761\/revisions"}],"predecessor-version":[{"id":7607,"href":"https:\/\/blogs.thesocialmedia.com\/leblogmoto\/wp-json\/wp\/v2\/posts\/1761\/revisions\/7607"}],"wp:attachment":[{"href":"https:\/\/blogs.thesocialmedia.com\/leblogmoto\/wp-json\/wp\/v2\/media?parent=1761"}],"wp:term":[{"taxonomy":"category","embeddable":true,"href":"https:\/\/blogs.thesocialmedia.com\/leblogmoto\/wp-json\/wp\/v2\/categories?post=1761"},{"taxonomy":"post_tag","embeddable":true,"href":"https:\/\/blogs.thesocialmedia.com\/leblogmoto\/wp-json\/wp\/v2\/tags?post=1761"}],"curies":[{"name":"wp","href":"https:\/\/api.w.org\/{rel}","templated":true}]}}