{"id":1762,"date":"2006-06-14T22:41:06","date_gmt":"2006-06-14T22:41:06","guid":{"rendered":"http:\/\/blogs.thesocialmedia.com\/leblogmoto\/2006\/06\/14\/la-lgende-des-h\/"},"modified":"2012-07-11T13:21:47","modified_gmt":"2012-07-11T13:21:47","slug":"la-lgende-des-h","status":"publish","type":"post","link":"https:\/\/blogs.thesocialmedia.com\/leblogmoto\/2006\/06\/14\/la-lgende-des-h\/","title":{"rendered":"La l\u00e9gende des H\u00e9ros 2007: XT et GS au menu"},"content":{"rendered":"<p><a href=\"http:\/\/www.leblogmoto.com\/2006\/03\/lgende_des_hros.html\"><img loading=\"lazy\" decoding=\"async\" height=\"185\" alt=\"Bmw_r_80_gs_p0020959c\" src=\"http:\/\/www.leblogmoto.com\/images\/bmw_r_80_gs_p0020959c.jpg\" width=\"250\"  \/>L&rsquo;\u00e9dition 2006<\/a> a fait l&rsquo;unanimit\u00e9, voici donc qu&rsquo;on vous remettra du d\u00e9sert en <strong>2007<\/strong>.<\/p>\n<p>Pas dans le genre conqu\u00e9rant de l&rsquo;impossible \u00e0 vous mettre sur le flanc et sur la paille, mais plut\u00f4t dans le style d\u00e9couverte sportive en \u00e9quipe et bien encadr\u00e9e.<\/p>\n<p>Une recette qui a fait succ\u00e8s. Et pour 2007, l&rsquo;organisateur embl\u00e9matique <strong>Hubert AURIOL<\/strong> a rajout\u00e9 une machine \u00e0 la ballade: la <strong>BMW GS<\/strong> qui retrouvera sa rivale des ann\u00e9es 80, la <a href=\"http:\/\/www.leblogmoto.com\/2006\/01\/500_xt_la_matri.html\">500 XT<\/a>.<\/p>\n<p>Vous n&rsquo;avez pas pu vous inscrire au DAKAR 2007 <a href=\"http:\/\/www.leblogmoto.com\/2006\/06\/le_dakar_2007_a.html\">faute de place<\/a> ? Voici comment y aller quand m\u00eame&#8230;&nbsp; &nbsp; <\/p>\n<p><a href=\"http:\/\/clabedan.typepad.com\/.shared\/image.html?\/photos\/uncategorized\/xt_paris_dakar_1981_m.jpg\"><img loading=\"lazy\" decoding=\"async\" height=\"156\" alt=\"Xt_paris_dakar_1981_m\" src=\"http:\/\/www.leblogmoto.com\/images\/xt_paris_dakar_1981_m.jpg\" width=\"250\"  \/><\/a>Vous \u00eates une bande de <strong>trois ou quatre<\/strong> joyeux drilles que rien n&rsquo;arr\u00eate et poss\u00e9dez une des deux motos cit\u00e9es ci-dessus ? Montez un <strong>4X4 d&rsquo;assistance<\/strong>, et envoyez votre engagement avant le <strong>1er septembre<\/strong> \u00e0 <a href=\"http:\/\/www.lalegendedesheros.com\/\">cette adresse<\/a>, avec un ch\u00e8que de <strong>12 000 <\/strong>euros. <\/p>\n<p>Vous serez alors peut \u00eatre retenu parmi les <strong>80<\/strong> \u00e9quipages heureux qui s&#8217;embarqueront dans l&rsquo;aventure du <strong>1er au 17 mars 2007<\/strong>. <\/p>\n<p>Avec d\u00e9part sour la Tour EIFFEL, s&rsquo;il vous pla\u00eet. Comme avant.&nbsp; <\/p>\n","protected":false},"excerpt":{"rendered":"<p>L&rsquo;\u00e9dition 2006 a fait l&rsquo;unanimit\u00e9, voici donc qu&rsquo;on vous remettra du d\u00e9sert en 2007. Pas dans le genre conqu\u00e9rant de l&rsquo;impossible \u00e0 vous mettre sur le flanc et sur la paille, mais plut\u00f4t dans le style d\u00e9couverte sportive en \u00e9quipe et bien encadr\u00e9e. Une recette qui a fait succ\u00e8s. Et pour 2007, l&rsquo;organisateur embl\u00e9matique Hubert [&hellip;]<\/p>\n","protected":false},"author":336,"featured_media":0,"comment_status":"open","ping_status":"open","sticky":false,"template":"","format":"standard","meta":{"footnotes":""},"categories":[1],"tags":[],"class_list":["post-1762","post","type-post","status-publish","format-standard","hentry","category-uncategorized"],"yoast_head":"<!-- This site is optimized with the Yoast SEO plugin v26.0 - https:\/\/yoast.com\/wordpress\/plugins\/seo\/ -->\n<title>La l\u00e9gende des H\u00e9ros 2007: XT et GS au menu - leblogmoto.com<\/title>\n<meta name=\"robots\" content=\"index, follow, max-snippet:-1, max-image-preview:large, max-video-preview:-1\" \/>\n<link rel=\"canonical\" href=\"https:\/\/blogs.thesocialmedia.com\/leblogmoto\/2006\/06\/14\/la-lgende-des-h\/\" \/>\n<meta name=\"twitter:card\" content=\"summary_large_image\" \/>\n<meta name=\"twitter:title\" content=\"La l\u00e9gende des H\u00e9ros 2007: XT et GS au menu - leblogmoto.com\" \/>\n<meta name=\"twitter:description\" content=\"L&rsquo;\u00e9dition 2006 a fait l&rsquo;unanimit\u00e9, voici donc qu&rsquo;on vous remettra du d\u00e9sert en 2007. Pas dans le genre conqu\u00e9rant de l&rsquo;impossible \u00e0 vous mettre sur le flanc et sur la paille, mais plut\u00f4t dans le style d\u00e9couverte sportive en \u00e9quipe et bien encadr\u00e9e. Une recette qui a fait succ\u00e8s. Et pour 2007, l&rsquo;organisateur embl\u00e9matique Hubert [&hellip;]\" \/>\n<meta name=\"twitter:image\" content=\"http:\/\/www.leblogmoto.com\/images\/bmw_r_80_gs_p0020959c.jpg\" \/>\n<meta name=\"twitter:label1\" content=\"\u00c9crit par\" \/>\n\t<meta name=\"twitter:data1\" content=\"andre leconde\" \/>\n\t<meta name=\"twitter:label2\" content=\"Dur\u00e9e de lecture estim\u00e9e\" \/>\n\t<meta name=\"twitter:data2\" content=\"1 minute\" \/>\n<script type=\"application\/ld+json\" class=\"yoast-schema-graph\">{\"@context\":\"https:\/\/schema.org\",\"@graph\":[{\"@type\":\"WebPage\",\"@id\":\"https:\/\/blogs.thesocialmedia.com\/leblogmoto\/2006\/06\/14\/la-lgende-des-h\/\",\"url\":\"https:\/\/blogs.thesocialmedia.com\/leblogmoto\/2006\/06\/14\/la-lgende-des-h\/\",\"name\":\"La l\u00e9gende des H\u00e9ros 2007: XT et GS au menu - leblogmoto.com\",\"isPartOf\":{\"@id\":\"https:\/\/blogs.thesocialmedia.com\/leblogmoto\/#website\"},\"primaryImageOfPage\":{\"@id\":\"https:\/\/blogs.thesocialmedia.com\/leblogmoto\/2006\/06\/14\/la-lgende-des-h\/#primaryimage\"},\"image\":{\"@id\":\"https:\/\/blogs.thesocialmedia.com\/leblogmoto\/2006\/06\/14\/la-lgende-des-h\/#primaryimage\"},\"thumbnailUrl\":\"http:\/\/www.leblogmoto.com\/images\/bmw_r_80_gs_p0020959c.jpg\",\"datePublished\":\"2006-06-14T22:41:06+00:00\",\"dateModified\":\"2012-07-11T13:21:47+00:00\",\"author\":{\"@id\":\"https:\/\/blogs.thesocialmedia.com\/leblogmoto\/#\/schema\/person\/1a1dcfc7cec206573105eb4af91155c2\"},\"breadcrumb\":{\"@id\":\"https:\/\/blogs.thesocialmedia.com\/leblogmoto\/2006\/06\/14\/la-lgende-des-h\/#breadcrumb\"},\"inLanguage\":\"fr-FR\",\"potentialAction\":[{\"@type\":\"ReadAction\",\"target\":[\"https:\/\/blogs.thesocialmedia.com\/leblogmoto\/2006\/06\/14\/la-lgende-des-h\/\"]}]},{\"@type\":\"ImageObject\",\"inLanguage\":\"fr-FR\",\"@id\":\"https:\/\/blogs.thesocialmedia.com\/leblogmoto\/2006\/06\/14\/la-lgende-des-h\/#primaryimage\",\"url\":\"http:\/\/www.leblogmoto.com\/images\/bmw_r_80_gs_p0020959c.jpg\",\"contentUrl\":\"http:\/\/www.leblogmoto.com\/images\/bmw_r_80_gs_p0020959c.jpg\"},{\"@type\":\"BreadcrumbList\",\"@id\":\"https:\/\/blogs.thesocialmedia.com\/leblogmoto\/2006\/06\/14\/la-lgende-des-h\/#breadcrumb\",\"itemListElement\":[{\"@type\":\"ListItem\",\"position\":1,\"name\":\"Accueil\",\"item\":\"https:\/\/blogs.thesocialmedia.com\/leblogmoto\/\"},{\"@type\":\"ListItem\",\"position\":2,\"name\":\"La l\u00e9gende des H\u00e9ros 2007: XT et GS au menu\"}]},{\"@type\":\"WebSite\",\"@id\":\"https:\/\/blogs.thesocialmedia.com\/leblogmoto\/#website\",\"url\":\"https:\/\/blogs.thesocialmedia.com\/leblogmoto\/\",\"name\":\"leblogmoto\",\"description\":\"Toute l&#039;actualit\u00e9 des 2 roues\",\"potentialAction\":[{\"@type\":\"SearchAction\",\"target\":{\"@type\":\"EntryPoint\",\"urlTemplate\":\"https:\/\/blogs.thesocialmedia.com\/leblogmoto\/?s={search_term_string}\"},\"query-input\":{\"@type\":\"PropertyValueSpecification\",\"valueRequired\":true,\"valueName\":\"search_term_string\"}}],\"inLanguage\":\"fr-FR\"},{\"@type\":\"Person\",\"@id\":\"https:\/\/blogs.thesocialmedia.com\/leblogmoto\/#\/schema\/person\/1a1dcfc7cec206573105eb4af91155c2\",\"name\":\"andre leconde\",\"image\":{\"@type\":\"ImageObject\",\"inLanguage\":\"fr-FR\",\"@id\":\"https:\/\/blogs.thesocialmedia.com\/leblogmoto\/#\/schema\/person\/image\/\",\"url\":\"https:\/\/secure.gravatar.com\/avatar\/?s=96&d=mm&r=g\",\"contentUrl\":\"https:\/\/secure.gravatar.com\/avatar\/?s=96&d=mm&r=g\",\"caption\":\"andre leconde\"},\"url\":\"https:\/\/blogs.thesocialmedia.com\/leblogmoto\/author\/andre-leconde\/\"}]}<\/script>\n<!-- \/ Yoast SEO plugin. -->","yoast_head_json":{"title":"La l\u00e9gende des H\u00e9ros 2007: XT et GS au menu - leblogmoto.com","robots":{"index":"index","follow":"follow","max-snippet":"max-snippet:-1","max-image-preview":"max-image-preview:large","max-video-preview":"max-video-preview:-1"},"canonical":"https:\/\/blogs.thesocialmedia.com\/leblogmoto\/2006\/06\/14\/la-lgende-des-h\/","twitter_card":"summary_large_image","twitter_title":"La l\u00e9gende des H\u00e9ros 2007: XT et GS au menu - leblogmoto.com","twitter_description":"L&rsquo;\u00e9dition 2006 a fait l&rsquo;unanimit\u00e9, voici donc qu&rsquo;on vous remettra du d\u00e9sert en 2007. Pas dans le genre conqu\u00e9rant de l&rsquo;impossible \u00e0 vous mettre sur le flanc et sur la paille, mais plut\u00f4t dans le style d\u00e9couverte sportive en \u00e9quipe et bien encadr\u00e9e. Une recette qui a fait succ\u00e8s. Et pour 2007, l&rsquo;organisateur embl\u00e9matique Hubert [&hellip;]","twitter_image":"http:\/\/www.leblogmoto.com\/images\/bmw_r_80_gs_p0020959c.jpg","twitter_misc":{"\u00c9crit par":"andre leconde","Dur\u00e9e de lecture estim\u00e9e":"1 minute"},"schema":{"@context":"https:\/\/schema.org","@graph":[{"@type":"WebPage","@id":"https:\/\/blogs.thesocialmedia.com\/leblogmoto\/2006\/06\/14\/la-lgende-des-h\/","url":"https:\/\/blogs.thesocialmedia.com\/leblogmoto\/2006\/06\/14\/la-lgende-des-h\/","name":"La l\u00e9gende des H\u00e9ros 2007: XT et GS au menu - leblogmoto.com","isPartOf":{"@id":"https:\/\/blogs.thesocialmedia.com\/leblogmoto\/#website"},"primaryImageOfPage":{"@id":"https:\/\/blogs.thesocialmedia.com\/leblogmoto\/2006\/06\/14\/la-lgende-des-h\/#primaryimage"},"image":{"@id":"https:\/\/blogs.thesocialmedia.com\/leblogmoto\/2006\/06\/14\/la-lgende-des-h\/#primaryimage"},"thumbnailUrl":"http:\/\/www.leblogmoto.com\/images\/bmw_r_80_gs_p0020959c.jpg","datePublished":"2006-06-14T22:41:06+00:00","dateModified":"2012-07-11T13:21:47+00:00","author":{"@id":"https:\/\/blogs.thesocialmedia.com\/leblogmoto\/#\/schema\/person\/1a1dcfc7cec206573105eb4af91155c2"},"breadcrumb":{"@id":"https:\/\/blogs.thesocialmedia.com\/leblogmoto\/2006\/06\/14\/la-lgende-des-h\/#breadcrumb"},"inLanguage":"fr-FR","potentialAction":[{"@type":"ReadAction","target":["https:\/\/blogs.thesocialmedia.com\/leblogmoto\/2006\/06\/14\/la-lgende-des-h\/"]}]},{"@type":"ImageObject","inLanguage":"fr-FR","@id":"https:\/\/blogs.thesocialmedia.com\/leblogmoto\/2006\/06\/14\/la-lgende-des-h\/#primaryimage","url":"http:\/\/www.leblogmoto.com\/images\/bmw_r_80_gs_p0020959c.jpg","contentUrl":"http:\/\/www.leblogmoto.com\/images\/bmw_r_80_gs_p0020959c.jpg"},{"@type":"BreadcrumbList","@id":"https:\/\/blogs.thesocialmedia.com\/leblogmoto\/2006\/06\/14\/la-lgende-des-h\/#breadcrumb","itemListElement":[{"@type":"ListItem","position":1,"name":"Accueil","item":"https:\/\/blogs.thesocialmedia.com\/leblogmoto\/"},{"@type":"ListItem","position":2,"name":"La l\u00e9gende des H\u00e9ros 2007: XT et GS au menu"}]},{"@type":"WebSite","@id":"https:\/\/blogs.thesocialmedia.com\/leblogmoto\/#website","url":"https:\/\/blogs.thesocialmedia.com\/leblogmoto\/","name":"leblogmoto","description":"Toute l&#039;actualit\u00e9 des 2 roues","potentialAction":[{"@type":"SearchAction","target":{"@type":"EntryPoint","urlTemplate":"https:\/\/blogs.thesocialmedia.com\/leblogmoto\/?s={search_term_string}"},"query-input":{"@type":"PropertyValueSpecification","valueRequired":true,"valueName":"search_term_string"}}],"inLanguage":"fr-FR"},{"@type":"Person","@id":"https:\/\/blogs.thesocialmedia.com\/leblogmoto\/#\/schema\/person\/1a1dcfc7cec206573105eb4af91155c2","name":"andre leconde","image":{"@type":"ImageObject","inLanguage":"fr-FR","@id":"https:\/\/blogs.thesocialmedia.com\/leblogmoto\/#\/schema\/person\/image\/","url":"https:\/\/secure.gravatar.com\/avatar\/?s=96&d=mm&r=g","contentUrl":"https:\/\/secure.gravatar.com\/avatar\/?s=96&d=mm&r=g","caption":"andre leconde"},"url":"https:\/\/blogs.thesocialmedia.com\/leblogmoto\/author\/andre-leconde\/"}]}},"_links":{"self":[{"href":"https:\/\/blogs.thesocialmedia.com\/leblogmoto\/wp-json\/wp\/v2\/posts\/1762","targetHints":{"allow":["GET"]}}],"collection":[{"href":"https:\/\/blogs.thesocialmedia.com\/leblogmoto\/wp-json\/wp\/v2\/posts"}],"about":[{"href":"https:\/\/blogs.thesocialmedia.com\/leblogmoto\/wp-json\/wp\/v2\/types\/post"}],"author":[{"embeddable":true,"href":"https:\/\/blogs.thesocialmedia.com\/leblogmoto\/wp-json\/wp\/v2\/users\/336"}],"replies":[{"embeddable":true,"href":"https:\/\/blogs.thesocialmedia.com\/leblogmoto\/wp-json\/wp\/v2\/comments?post=1762"}],"version-history":[{"count":1,"href":"https:\/\/blogs.thesocialmedia.com\/leblogmoto\/wp-json\/wp\/v2\/posts\/1762\/revisions"}],"predecessor-version":[{"id":3412,"href":"https:\/\/blogs.thesocialmedia.com\/leblogmoto\/wp-json\/wp\/v2\/posts\/1762\/revisions\/3412"}],"wp:attachment":[{"href":"https:\/\/blogs.thesocialmedia.com\/leblogmoto\/wp-json\/wp\/v2\/media?parent=1762"}],"wp:term":[{"taxonomy":"category","embeddable":true,"href":"https:\/\/blogs.thesocialmedia.com\/leblogmoto\/wp-json\/wp\/v2\/categories?post=1762"},{"taxonomy":"post_tag","embeddable":true,"href":"https:\/\/blogs.thesocialmedia.com\/leblogmoto\/wp-json\/wp\/v2\/tags?post=1762"}],"curies":[{"name":"wp","href":"https:\/\/api.w.org\/{rel}","templated":true}]}}