{"id":1768,"date":"2006-06-13T13:23:22","date_gmt":"2006-06-13T13:23:22","guid":{"rendered":"http:\/\/blogs.thesocialmedia.com\/leblogmoto\/2006\/06\/13\/motogp-biaggi-p\/"},"modified":"2012-07-11T14:24:27","modified_gmt":"2012-07-11T14:24:27","slug":"motogp-biaggi-p","status":"publish","type":"post","link":"https:\/\/blogs.thesocialmedia.com\/leblogmoto\/2006\/06\/13\/motogp-biaggi-p\/","title":{"rendered":"MotoGP: BIAGGI pestif\u00e9r\u00e9 ?"},"content":{"rendered":"<p><a href=\"http:\/\/blogs.thesocialmedia.com\/leblogmoto\/files\/2012\/07\/tribunaducatimugello.jpg\"><img loading=\"lazy\" decoding=\"async\" height=\"362\" alt=\"Tribunaducatimugello\" src=\"http:\/\/www.leblogmoto.com\/images\/tribunaducatimugello.jpg\" width=\"470\"  \/><\/a> <a href=\"http:\/\/www.leblogmoto.com\/2006\/06\/motogp_gersini_.html\">Max BIAGGI<\/a>, ce n&rsquo;est plus un secret pour personne, doit son chomage technique aux usines nippones, qui l&rsquo;ont d\u00e9clar\u00e9 persona non grata dans le paddock. Il faut dire, un peu \u00e0 leur d\u00e9charge, que l&rsquo;Italien \u00e0 l&rsquo;\u00e9go exacerb\u00e9, ne leur a jamais fait de cadeau, et que, d&rsquo;autre part, l&rsquo;arriv\u00e9e d&rsquo;un ph\u00e9nom\u00e8ne comme <a href=\"http:\/\/www.leblogmoto.com\/2006\/06\/quarantasei_cha.html\">ROSSI<\/a>, capable de transformer en or tout ce que l&rsquo;Empereur Romain qualifie de plomb, a s\u00e9rieusement errod\u00e9&nbsp; la mansu\u00e9tude des usines \u00e0 son \u00e9gard.<\/p>\n<p>Max, d&rsquo;ailleurs, joue tr\u00e8s bien son r\u00f4le de victime. On pourrait m\u00eame le croire parano. H\u00e9 bien, avec ce qu&rsquo;il va suivre, on se surprendrait \u00e0 penser, qu&rsquo;en fait, <strong>il est dans le vrai<\/strong>&#8230;&nbsp; <\/p>\n<p><a href=\"http:\/\/clabedan.typepad.com\/.shared\/image.html?\/photos\/uncategorized\/motogp454023_74725.jpg\"><img loading=\"lazy\" decoding=\"async\" height=\"352\" alt=\"Motogp454023_74725\" src=\"http:\/\/www.leblogmoto.com\/images\/motogp454023_74725.jpg\" width=\"470\"  \/><\/a> C&rsquo;est l&rsquo;histoire d&rsquo;une banderolle d\u00e9ploy\u00e9e dans un virage du GP d&rsquo;Italie au <a href=\"http:\/\/www.leblogmoto.com\/2006\/06\/le_rab_du_mugel.html\">MUGELLO<\/a>. Dans une tribune <a href=\"http:\/\/www.leblogmoto.com\/2006\/06\/le_rab_du_mugel.html\">DUCATI<\/a>, un message de soutien \u00e0 Max, esp\u00e9rant son retour.<\/p>\n<p>Une image prise sur le vif officialise la r\u00e9alit\u00e9 de son existence qu&rsquo;a, ni plus, ni moins <strong>effac\u00e9 le site officielle du MotoGP<\/strong>. La DORNA n&rsquo;a pas souhait\u00e9 s&rsquo;expliquer sur cette troublante disparition. Et personne n&rsquo;a voulu commenter dans le milieu ce mot doux \u00e0 BIAGGI.<\/p>\n<p>Pression, s\u00e9gr\u00e9gation ? On ne peut, en tout cas, que s&rsquo;interroger sur ce qui reste une basse manipulation.&nbsp; &nbsp;<\/p>\n<p>SOURCE: <a href=\"http:\/\/www.motoblog.it\">www.motoblog.it<\/a> <\/p>\n","protected":false},"excerpt":{"rendered":"<p>Max BIAGGI, ce n&rsquo;est plus un secret pour personne, doit son chomage technique aux usines nippones, qui l&rsquo;ont d\u00e9clar\u00e9 persona non grata dans le paddock. Il faut dire, un peu \u00e0 leur d\u00e9charge, que l&rsquo;Italien \u00e0 l&rsquo;\u00e9go exacerb\u00e9, ne leur a jamais fait de cadeau, et que, d&rsquo;autre part, l&rsquo;arriv\u00e9e d&rsquo;un ph\u00e9nom\u00e8ne comme ROSSI, capable [&hellip;]<\/p>\n","protected":false},"author":336,"featured_media":0,"comment_status":"open","ping_status":"open","sticky":false,"template":"","format":"standard","meta":{"footnotes":""},"categories":[3,17,22,32],"tags":[],"class_list":["post-1768","post","type-post","status-publish","format-standard","hentry","category-actualite","category-divers","category-motogp","category-sport-moto"],"yoast_head":"<!-- This site is optimized with the Yoast SEO plugin v26.0 - https:\/\/yoast.com\/wordpress\/plugins\/seo\/ -->\n<title>MotoGP: BIAGGI pestif\u00e9r\u00e9 ? - leblogmoto.com<\/title>\n<meta name=\"robots\" content=\"index, follow, max-snippet:-1, max-image-preview:large, max-video-preview:-1\" \/>\n<link rel=\"canonical\" href=\"https:\/\/blogs.thesocialmedia.com\/leblogmoto\/2006\/06\/13\/motogp-biaggi-p\/\" \/>\n<meta name=\"twitter:card\" content=\"summary_large_image\" \/>\n<meta name=\"twitter:title\" content=\"MotoGP: BIAGGI pestif\u00e9r\u00e9 ? - leblogmoto.com\" \/>\n<meta name=\"twitter:description\" content=\"Max BIAGGI, ce n&rsquo;est plus un secret pour personne, doit son chomage technique aux usines nippones, qui l&rsquo;ont d\u00e9clar\u00e9 persona non grata dans le paddock. Il faut dire, un peu \u00e0 leur d\u00e9charge, que l&rsquo;Italien \u00e0 l&rsquo;\u00e9go exacerb\u00e9, ne leur a jamais fait de cadeau, et que, d&rsquo;autre part, l&rsquo;arriv\u00e9e d&rsquo;un ph\u00e9nom\u00e8ne comme ROSSI, capable [&hellip;]\" \/>\n<meta name=\"twitter:image\" content=\"http:\/\/www.leblogmoto.com\/images\/tribunaducatimugello.jpg\" \/>\n<meta name=\"twitter:label1\" content=\"\u00c9crit par\" \/>\n\t<meta name=\"twitter:data1\" content=\"andre leconde\" \/>\n\t<meta name=\"twitter:label2\" content=\"Dur\u00e9e de lecture estim\u00e9e\" \/>\n\t<meta name=\"twitter:data2\" content=\"1 minute\" \/>\n<script type=\"application\/ld+json\" class=\"yoast-schema-graph\">{\"@context\":\"https:\/\/schema.org\",\"@graph\":[{\"@type\":\"WebPage\",\"@id\":\"https:\/\/blogs.thesocialmedia.com\/leblogmoto\/2006\/06\/13\/motogp-biaggi-p\/\",\"url\":\"https:\/\/blogs.thesocialmedia.com\/leblogmoto\/2006\/06\/13\/motogp-biaggi-p\/\",\"name\":\"MotoGP: BIAGGI pestif\u00e9r\u00e9 ? - leblogmoto.com\",\"isPartOf\":{\"@id\":\"https:\/\/blogs.thesocialmedia.com\/leblogmoto\/#website\"},\"primaryImageOfPage\":{\"@id\":\"https:\/\/blogs.thesocialmedia.com\/leblogmoto\/2006\/06\/13\/motogp-biaggi-p\/#primaryimage\"},\"image\":{\"@id\":\"https:\/\/blogs.thesocialmedia.com\/leblogmoto\/2006\/06\/13\/motogp-biaggi-p\/#primaryimage\"},\"thumbnailUrl\":\"http:\/\/www.leblogmoto.com\/images\/tribunaducatimugello.jpg\",\"datePublished\":\"2006-06-13T13:23:22+00:00\",\"dateModified\":\"2012-07-11T14:24:27+00:00\",\"author\":{\"@id\":\"https:\/\/blogs.thesocialmedia.com\/leblogmoto\/#\/schema\/person\/1a1dcfc7cec206573105eb4af91155c2\"},\"breadcrumb\":{\"@id\":\"https:\/\/blogs.thesocialmedia.com\/leblogmoto\/2006\/06\/13\/motogp-biaggi-p\/#breadcrumb\"},\"inLanguage\":\"fr-FR\",\"potentialAction\":[{\"@type\":\"ReadAction\",\"target\":[\"https:\/\/blogs.thesocialmedia.com\/leblogmoto\/2006\/06\/13\/motogp-biaggi-p\/\"]}]},{\"@type\":\"ImageObject\",\"inLanguage\":\"fr-FR\",\"@id\":\"https:\/\/blogs.thesocialmedia.com\/leblogmoto\/2006\/06\/13\/motogp-biaggi-p\/#primaryimage\",\"url\":\"http:\/\/www.leblogmoto.com\/images\/tribunaducatimugello.jpg\",\"contentUrl\":\"http:\/\/www.leblogmoto.com\/images\/tribunaducatimugello.jpg\"},{\"@type\":\"BreadcrumbList\",\"@id\":\"https:\/\/blogs.thesocialmedia.com\/leblogmoto\/2006\/06\/13\/motogp-biaggi-p\/#breadcrumb\",\"itemListElement\":[{\"@type\":\"ListItem\",\"position\":1,\"name\":\"Accueil\",\"item\":\"https:\/\/blogs.thesocialmedia.com\/leblogmoto\/\"},{\"@type\":\"ListItem\",\"position\":2,\"name\":\"MotoGP: BIAGGI pestif\u00e9r\u00e9 ?\"}]},{\"@type\":\"WebSite\",\"@id\":\"https:\/\/blogs.thesocialmedia.com\/leblogmoto\/#website\",\"url\":\"https:\/\/blogs.thesocialmedia.com\/leblogmoto\/\",\"name\":\"leblogmoto\",\"description\":\"Toute l&#039;actualit\u00e9 des 2 roues\",\"potentialAction\":[{\"@type\":\"SearchAction\",\"target\":{\"@type\":\"EntryPoint\",\"urlTemplate\":\"https:\/\/blogs.thesocialmedia.com\/leblogmoto\/?s={search_term_string}\"},\"query-input\":{\"@type\":\"PropertyValueSpecification\",\"valueRequired\":true,\"valueName\":\"search_term_string\"}}],\"inLanguage\":\"fr-FR\"},{\"@type\":\"Person\",\"@id\":\"https:\/\/blogs.thesocialmedia.com\/leblogmoto\/#\/schema\/person\/1a1dcfc7cec206573105eb4af91155c2\",\"name\":\"andre leconde\",\"image\":{\"@type\":\"ImageObject\",\"inLanguage\":\"fr-FR\",\"@id\":\"https:\/\/blogs.thesocialmedia.com\/leblogmoto\/#\/schema\/person\/image\/\",\"url\":\"https:\/\/secure.gravatar.com\/avatar\/?s=96&d=mm&r=g\",\"contentUrl\":\"https:\/\/secure.gravatar.com\/avatar\/?s=96&d=mm&r=g\",\"caption\":\"andre leconde\"},\"url\":\"https:\/\/blogs.thesocialmedia.com\/leblogmoto\/author\/andre-leconde\/\"}]}<\/script>\n<!-- \/ Yoast SEO plugin. -->","yoast_head_json":{"title":"MotoGP: BIAGGI pestif\u00e9r\u00e9 ? - leblogmoto.com","robots":{"index":"index","follow":"follow","max-snippet":"max-snippet:-1","max-image-preview":"max-image-preview:large","max-video-preview":"max-video-preview:-1"},"canonical":"https:\/\/blogs.thesocialmedia.com\/leblogmoto\/2006\/06\/13\/motogp-biaggi-p\/","twitter_card":"summary_large_image","twitter_title":"MotoGP: BIAGGI pestif\u00e9r\u00e9 ? - leblogmoto.com","twitter_description":"Max BIAGGI, ce n&rsquo;est plus un secret pour personne, doit son chomage technique aux usines nippones, qui l&rsquo;ont d\u00e9clar\u00e9 persona non grata dans le paddock. Il faut dire, un peu \u00e0 leur d\u00e9charge, que l&rsquo;Italien \u00e0 l&rsquo;\u00e9go exacerb\u00e9, ne leur a jamais fait de cadeau, et que, d&rsquo;autre part, l&rsquo;arriv\u00e9e d&rsquo;un ph\u00e9nom\u00e8ne comme ROSSI, capable [&hellip;]","twitter_image":"http:\/\/www.leblogmoto.com\/images\/tribunaducatimugello.jpg","twitter_misc":{"\u00c9crit par":"andre leconde","Dur\u00e9e de lecture estim\u00e9e":"1 minute"},"schema":{"@context":"https:\/\/schema.org","@graph":[{"@type":"WebPage","@id":"https:\/\/blogs.thesocialmedia.com\/leblogmoto\/2006\/06\/13\/motogp-biaggi-p\/","url":"https:\/\/blogs.thesocialmedia.com\/leblogmoto\/2006\/06\/13\/motogp-biaggi-p\/","name":"MotoGP: BIAGGI pestif\u00e9r\u00e9 ? - leblogmoto.com","isPartOf":{"@id":"https:\/\/blogs.thesocialmedia.com\/leblogmoto\/#website"},"primaryImageOfPage":{"@id":"https:\/\/blogs.thesocialmedia.com\/leblogmoto\/2006\/06\/13\/motogp-biaggi-p\/#primaryimage"},"image":{"@id":"https:\/\/blogs.thesocialmedia.com\/leblogmoto\/2006\/06\/13\/motogp-biaggi-p\/#primaryimage"},"thumbnailUrl":"http:\/\/www.leblogmoto.com\/images\/tribunaducatimugello.jpg","datePublished":"2006-06-13T13:23:22+00:00","dateModified":"2012-07-11T14:24:27+00:00","author":{"@id":"https:\/\/blogs.thesocialmedia.com\/leblogmoto\/#\/schema\/person\/1a1dcfc7cec206573105eb4af91155c2"},"breadcrumb":{"@id":"https:\/\/blogs.thesocialmedia.com\/leblogmoto\/2006\/06\/13\/motogp-biaggi-p\/#breadcrumb"},"inLanguage":"fr-FR","potentialAction":[{"@type":"ReadAction","target":["https:\/\/blogs.thesocialmedia.com\/leblogmoto\/2006\/06\/13\/motogp-biaggi-p\/"]}]},{"@type":"ImageObject","inLanguage":"fr-FR","@id":"https:\/\/blogs.thesocialmedia.com\/leblogmoto\/2006\/06\/13\/motogp-biaggi-p\/#primaryimage","url":"http:\/\/www.leblogmoto.com\/images\/tribunaducatimugello.jpg","contentUrl":"http:\/\/www.leblogmoto.com\/images\/tribunaducatimugello.jpg"},{"@type":"BreadcrumbList","@id":"https:\/\/blogs.thesocialmedia.com\/leblogmoto\/2006\/06\/13\/motogp-biaggi-p\/#breadcrumb","itemListElement":[{"@type":"ListItem","position":1,"name":"Accueil","item":"https:\/\/blogs.thesocialmedia.com\/leblogmoto\/"},{"@type":"ListItem","position":2,"name":"MotoGP: BIAGGI pestif\u00e9r\u00e9 ?"}]},{"@type":"WebSite","@id":"https:\/\/blogs.thesocialmedia.com\/leblogmoto\/#website","url":"https:\/\/blogs.thesocialmedia.com\/leblogmoto\/","name":"leblogmoto","description":"Toute l&#039;actualit\u00e9 des 2 roues","potentialAction":[{"@type":"SearchAction","target":{"@type":"EntryPoint","urlTemplate":"https:\/\/blogs.thesocialmedia.com\/leblogmoto\/?s={search_term_string}"},"query-input":{"@type":"PropertyValueSpecification","valueRequired":true,"valueName":"search_term_string"}}],"inLanguage":"fr-FR"},{"@type":"Person","@id":"https:\/\/blogs.thesocialmedia.com\/leblogmoto\/#\/schema\/person\/1a1dcfc7cec206573105eb4af91155c2","name":"andre leconde","image":{"@type":"ImageObject","inLanguage":"fr-FR","@id":"https:\/\/blogs.thesocialmedia.com\/leblogmoto\/#\/schema\/person\/image\/","url":"https:\/\/secure.gravatar.com\/avatar\/?s=96&d=mm&r=g","contentUrl":"https:\/\/secure.gravatar.com\/avatar\/?s=96&d=mm&r=g","caption":"andre leconde"},"url":"https:\/\/blogs.thesocialmedia.com\/leblogmoto\/author\/andre-leconde\/"}]}},"_links":{"self":[{"href":"https:\/\/blogs.thesocialmedia.com\/leblogmoto\/wp-json\/wp\/v2\/posts\/1768","targetHints":{"allow":["GET"]}}],"collection":[{"href":"https:\/\/blogs.thesocialmedia.com\/leblogmoto\/wp-json\/wp\/v2\/posts"}],"about":[{"href":"https:\/\/blogs.thesocialmedia.com\/leblogmoto\/wp-json\/wp\/v2\/types\/post"}],"author":[{"embeddable":true,"href":"https:\/\/blogs.thesocialmedia.com\/leblogmoto\/wp-json\/wp\/v2\/users\/336"}],"replies":[{"embeddable":true,"href":"https:\/\/blogs.thesocialmedia.com\/leblogmoto\/wp-json\/wp\/v2\/comments?post=1768"}],"version-history":[{"count":2,"href":"https:\/\/blogs.thesocialmedia.com\/leblogmoto\/wp-json\/wp\/v2\/posts\/1768\/revisions"}],"predecessor-version":[{"id":7595,"href":"https:\/\/blogs.thesocialmedia.com\/leblogmoto\/wp-json\/wp\/v2\/posts\/1768\/revisions\/7595"}],"wp:attachment":[{"href":"https:\/\/blogs.thesocialmedia.com\/leblogmoto\/wp-json\/wp\/v2\/media?parent=1768"}],"wp:term":[{"taxonomy":"category","embeddable":true,"href":"https:\/\/blogs.thesocialmedia.com\/leblogmoto\/wp-json\/wp\/v2\/categories?post=1768"},{"taxonomy":"post_tag","embeddable":true,"href":"https:\/\/blogs.thesocialmedia.com\/leblogmoto\/wp-json\/wp\/v2\/tags?post=1768"}],"curies":[{"name":"wp","href":"https:\/\/api.w.org\/{rel}","templated":true}]}}