{"id":177,"date":"2009-04-22T02:53:36","date_gmt":"2009-04-22T02:53:36","guid":{"rendered":"http:\/\/blogs.thesocialmedia.com\/leblogmoto\/2009\/04\/22\/la-peur-au-ventre-top-3\/"},"modified":"2012-07-11T17:19:51","modified_gmt":"2012-07-11T17:19:51","slug":"la-peur-au-ventre-top-3","status":"publish","type":"post","link":"https:\/\/blogs.thesocialmedia.com\/leblogmoto\/2009\/04\/22\/la-peur-au-ventre-top-3\/","title":{"rendered":"La peur au ventre &#8211; Top 3"},"content":{"rendered":"<p><a href=\"http:\/\/blogs.thesocialmedia.com\/leblogmoto\/files\/2012\/07\/6a00d83451b18369e201156f42fe7a970c-popup.png\"><img decoding=\"async\" alt=\"3monstres\" class=\"at-xid-6a00d83451b18369e201156f42fe7a970c \" src=\"http:\/\/blogs.thesocialmedia.com\/leblogmoto\/files\/2012\/07\/6a00d83451b18369e201156f42fe7a970c-500wi.jpg\" style=\"width: 470px\" \/><\/a> <\/p>\n<p>Pour plusieurs, arriv\u00e9 \u00e0 un certain \u00e2ge, la mort ne fait plus peur, appelons \u00e7a sagesse ou fatalit\u00e9, mais ce qui demeure est les affres de la souffrance.<br \/>Arriv\u00e9 sur le tard dans le monde de la moto, je n\u2019ai pas eu l\u2019excuse de la jeunesse pour faire fi des signaux \u00abdanger\u00bb que notre cerveau s\u2019amuse \u00e0 transmettre d\u00e8s qu\u2019une bonne dose d\u2019exc\u00e8s pointe le bout de son nez.<br \/>Alors, pour poursuivre avec le th\u00e8me du Top 3, apr\u00e8s les belles sonorit\u00e9s, je vous propose trois machines qui me font encore h\u00e9siter, et avec lesquelles je n\u2019ai pas roul\u00e9.<br \/>C\u2019est donc la peur, je l\u2019avoue, de ne pouvoir les ma\u00eetriser et de me faire d\u00e9sar\u00e7onner qui me retient.<br \/>Pas tr\u00e8s macho que tout \u00e7a, j\u2019en conviens, mais c\u2019est ainsi. Le parachutisme, pas de probl\u00e8me, si \u00e7a cloche, c\u2019est fatal, et on a m\u00eame quelques secondes pour faire la paix avec soi-m\u00eame avant l\u2019ultime rendez-vous avec la terre ferme.<\/p>\n<p>On n\u2019a pas ce loisir au guidon du <a href=\"http:\/\/www.new-vmax.com\/\">Yamaha V-Max<\/a>, le premier de la liste, si on l\u2019\u00e9chappe alors que les 200 chevaux sont l\u00e2ch\u00e9s. Pas \u00e9tonnant que la selle soit \u00e0 deux \u00e9tages, l\u2019appui est plus que n\u00e9cessaire lorsque le V4 de 1679 cm3, qui permet d\u2019allumer le pneu arri\u00e8re jusqu\u2019au troisi\u00e8me rapport, d\u00e9cide qu\u2019il s\u2019agrippe \u00e0 la route. Encore heureux que son empattement de 1700mm n\u2019en fasse pas un candidat au cabrage intempestif. Fougueux, mais pas aussi maniable qu\u2019on le souhaiterait, lourd et r\u00e2bl\u00e9, avec plus de puissance qu\u2019il n\u2019en faut, difficile de ne pas perdre la t\u00eate au guidon d\u2019un tel monstre alors que le diablotin en nous nous pousse vers la limite. Et comme toujours avec ce type de m\u00e9canique, ce sont les limites de l\u2019humain qui sont atteintes en premier, avec les probl\u00e8mes que cela occasionne.<\/p>\n<p><a href=\"http:\/\/clabedan.typepad.com\/.a\/6a00d83451b18369e201156f42fef6970c-popup\"><img decoding=\"async\" alt=\"Monstre1\" class=\"at-xid-6a00d83451b18369e201156f42fef6970c \" src=\"http:\/\/blogs.thesocialmedia.com\/leblogmoto\/files\/2012\/07\/6a00d83451b18369e201156f42fef6970c-500wi.jpg\" style=\"width: 470px\" \/><\/a> <\/p>\n<p>Pour dire vrai, ce n\u2019est pas tant le V-Max qui me fait peur, apr\u00e8s tout, le Yamaha MT-01 est une de mes motos pr\u00e9f\u00e9r\u00e9es, bien que pas dans la m\u00eame ligue, j\u2019ai plut\u00f4t peur de moi-m\u00eame, de laisser la b\u00eate m\u00e9canique prendre le meilleur o\u00f9 le pire de la b\u00eate en moi (ben oui, il y en a un peu), et que \u00e7a d\u00e9rape, au propre comme au figur\u00e9.<br \/>Mieux vaut \u00eatre sur ses gardes et absolument certains de ses moyens, car l\u2019on peut rapidement devenir confortable l\u00e0-dessus, rendant floue la zone limite.<\/p>\n<p>Ma deuxi\u00e8me h\u00e9sitation est la <a href=\"http:\/\/moto.honda.fr\/\">Honda Goldwing<\/a>. Rien \u00e0 faire, je n\u2019arrive pas \u00e0 me voir au guidon d\u2019un tel engin. En fait, la seule image qui me vient \u00e0 l\u2019esprit est celle du petit Mowgli, du livre de la jungle, sur le dos d\u2019un \u00e9l\u00e9phant. Il y a l\u00e0 comme un \u00e9vident d\u00e9calage dans les proportions, et j\u2019ai beau \u00eatre un Nord-Am\u00e9ricain, le \u00abbigger the better\u00bb qui devrait avoir fait son chemin dans mon inconscient, ne semble pas vouloir prendre racine.<\/p>\n<p><a href=\"http:\/\/clabedan.typepad.com\/.a\/6a00d83451b18369e201156f42ff76970c-popup\"><img decoding=\"async\" alt=\"Monstre2\" class=\"at-xid-6a00d83451b18369e201156f42ff76970c \" src=\"http:\/\/blogs.thesocialmedia.com\/leblogmoto\/files\/2012\/07\/6a00d83451b18369e201156f42ff76970c-500wi.jpg\" style=\"width: 470px\" \/><\/a> <\/p>\n<p>Il faut quand m\u00eame avouer que cette moto est imposante avec ses 400 kg, son 6 cylindres \u00e0 plat de 1832 cm3, sa capacit\u00e9 de 145 litres pour les bagages, et un confort \u00e0 l\u2019avenant. Tellement confortable, qu\u2019il n\u2019est pas rare de voir passager ou passag\u00e8re faire une petite sieste, bien cal\u00e9 dans son si\u00e8ge, alors que la Goldwing file sans effort \u00e0 plus de 140 km\/h sur l\u2019autoroute. De toute fa\u00e7on, un deux roues qui propose de s\u00e9rie une marche arri\u00e8re (amen\u00e9e par le d\u00e9marreur \u00e9lectrique), c\u2019est d\u00e9j\u00e0 de la d\u00e9mesure.<br \/>Et comme si sa stature hors norme ne suffisait pas, on a sous les yeux et \u00e0 porter de mains suffisamment de bling, bling pour faire de cette Honda la moto officielle de la Pr\u00e9sidence Fran\u00e7aise actuelle. Radio, lecteur CD, interphone, r\u00e9gulateur de vitesse, r\u00e9glage des phares et de l\u2019amortisseur arri\u00e8re, \u00e9cran num\u00e9rique et bient\u00f4t en option, distributeur de boissons fra\u00eeches.<br \/>Et puis, que fait-on si on \u00e9chappe ce genre de truc? Pris dessous, il faut crier \u00e0 l\u2019aide, et demander au passager endormi de redescendre, sinon, ce doit \u00eatre comme pour les baleines \u00e9chou\u00e9es, il faut attendre la mar\u00e9e haute.<\/p>\n<p><a href=\"http:\/\/www.bmw-motorrad.fr\/fr\/fr\/index.html\">BMW<\/a> mettrait sur le march\u00e9 une trottinette avec leur bicylindre Boxer, je serais probablement vendu \u00e0 l\u2019id\u00e9e. Mais avec le R 1200 GS Adventure, on est loin de la trottinette, c\u2019est en m\u00eame l\u2019antith\u00e8se. Pour poursuivre avec les m\u00e9taphores animali\u00e8res, si le Honda \u00e9tait un \u00e9l\u00e9phant ou une baleine, ce GS est un chameau en habit de <a href=\"http:\/\/en.wikipedia.org\/wiki\/Dominatrix\">dominatrix<\/a>. Il n\u2019y a pas un bout qui d\u00e9passe qui ne soit prot\u00e9g\u00e9 et crant\u00e9, ce que l\u2019on peut ais\u00e9ment comprendre, avec une largeur de 990 mm, et les chemins pour lesquels l\u2019Adventure est destin\u00e9. Puisqu\u2019il faut s\u2019attendre \u00e0 se faire secouer, mieux vaut \u00eatre en mesure de s\u2019agripper.<br \/>Et c\u2019est ici que j\u2019h\u00e9site, le Boxer fait tout de m\u00eame 1170 cm3, et avec les pneus sculpt\u00e9s, cette combinaison peut faire de jolies traces dans les gravillons. Le plaisir est donc au rendez-vous, j\u2019en conviens, mais la chose charg\u00e9e peut faire jusqu\u2019\u00e0 475 kilos, et avec une hauteur de selle allant de 890 \u00e0 910 mm, quand on tombe, on tombe de haut, mieux vaut ne pas \u00eatre en dessous, les fesses dans la boue.<\/p>\n<p><a href=\"http:\/\/clabedan.typepad.com\/.a\/6a00d83451b18369e201156f430019970c-popup\"><img decoding=\"async\" alt=\"Monstre3\" class=\"at-xid-6a00d83451b18369e201156f430019970c \" src=\"http:\/\/blogs.thesocialmedia.com\/leblogmoto\/files\/2012\/07\/6a00d83451b18369e201156f430019970c-500wi.jpg\" style=\"width: 470px\" \/><\/a> <\/p>\n<p>En fait, pour \u00eatre confortable sur la R1200 GS Adventure, il faut rouler, rouler et rouler encore. Ce qui tombe bien, car avec un r\u00e9servoir de 33 litres, il a une autonomie de plus de 700 km, chameau je vous disais.<br \/>Mais \u00e0 moins de vouloir faire le tour du monde par monts et par vaux, de haut en bas et de long en large avec une \u00e9quipe de soutien et un acteur en vue comme co\u00e9quipier, on va passer notre tour.<\/p>\n<p>Mais qui peut dire assur\u00e9ment \u00abFontaine, je ne boirai pas de ton eau\u00bb sans risquer de se contredire. Et comme il suffit de verbaliser ses peurs pour que d\u00e9j\u00e0, elles nous semblent moins terribles, je me dis que si l\u2019occasion se pr\u00e9sentait sous peu, je laisserais peut-\u00eatre le diablotin prendre sa revanche. <\/p>\n","protected":false},"excerpt":{"rendered":"<p>Pour plusieurs, arriv\u00e9 \u00e0 un certain \u00e2ge, la mort ne fait plus peur, appelons \u00e7a sagesse ou fatalit\u00e9, mais ce qui demeure est les affres de la souffrance.Arriv\u00e9 sur le tard dans le monde de la moto, je n\u2019ai pas eu l\u2019excuse de la jeunesse pour faire fi des signaux \u00abdanger\u00bb que notre cerveau s\u2019amuse [&hellip;]<\/p>\n","protected":false},"author":325,"featured_media":13307,"comment_status":"open","ping_status":"open","sticky":false,"template":"","format":"standard","meta":{"footnotes":""},"categories":[7,14,44],"tags":[],"class_list":["post-177","post","type-post","status-publish","format-standard","has-post-thumbnail","hentry","category-bmw","category-honda","category-yamaha"],"yoast_head":"<!-- This site is optimized with the Yoast SEO plugin v26.0 - https:\/\/yoast.com\/wordpress\/plugins\/seo\/ -->\n<title>La peur au ventre - Top 3 - leblogmoto.com<\/title>\n<meta name=\"robots\" content=\"index, follow, max-snippet:-1, max-image-preview:large, max-video-preview:-1\" \/>\n<link rel=\"canonical\" href=\"https:\/\/blogs.thesocialmedia.com\/leblogmoto\/2009\/04\/22\/la-peur-au-ventre-top-3\/\" \/>\n<meta name=\"twitter:card\" content=\"summary_large_image\" \/>\n<meta name=\"twitter:title\" content=\"La peur au ventre - Top 3 - leblogmoto.com\" \/>\n<meta name=\"twitter:description\" content=\"Pour plusieurs, arriv\u00e9 \u00e0 un certain \u00e2ge, la mort ne fait plus peur, appelons \u00e7a sagesse ou fatalit\u00e9, mais ce qui demeure est les affres de la souffrance.Arriv\u00e9 sur le tard dans le monde de la moto, je n\u2019ai pas eu l\u2019excuse de la jeunesse pour faire fi des signaux \u00abdanger\u00bb que notre cerveau s\u2019amuse [&hellip;]\" \/>\n<meta name=\"twitter:image\" content=\"https:\/\/blogs.thesocialmedia.com\/leblogmoto\/files\/2012\/07\/6a00d83451b18369e201156f42fe7a970c-500wi.jpg\" \/>\n<meta name=\"twitter:label1\" content=\"\u00c9crit par\" \/>\n\t<meta name=\"twitter:data1\" content=\"jacques lesage\" \/>\n\t<meta name=\"twitter:label2\" content=\"Dur\u00e9e de lecture estim\u00e9e\" \/>\n\t<meta name=\"twitter:data2\" content=\"5 minutes\" \/>\n<script type=\"application\/ld+json\" class=\"yoast-schema-graph\">{\"@context\":\"https:\/\/schema.org\",\"@graph\":[{\"@type\":\"WebPage\",\"@id\":\"https:\/\/blogs.thesocialmedia.com\/leblogmoto\/2009\/04\/22\/la-peur-au-ventre-top-3\/\",\"url\":\"https:\/\/blogs.thesocialmedia.com\/leblogmoto\/2009\/04\/22\/la-peur-au-ventre-top-3\/\",\"name\":\"La peur au ventre - Top 3 - leblogmoto.com\",\"isPartOf\":{\"@id\":\"https:\/\/blogs.thesocialmedia.com\/leblogmoto\/#website\"},\"primaryImageOfPage\":{\"@id\":\"https:\/\/blogs.thesocialmedia.com\/leblogmoto\/2009\/04\/22\/la-peur-au-ventre-top-3\/#primaryimage\"},\"image\":{\"@id\":\"https:\/\/blogs.thesocialmedia.com\/leblogmoto\/2009\/04\/22\/la-peur-au-ventre-top-3\/#primaryimage\"},\"thumbnailUrl\":\"https:\/\/blogs.thesocialmedia.com\/leblogmoto\/files\/2012\/07\/6a00d83451b18369e201156f42fe7a970c-500wi.jpg\",\"datePublished\":\"2009-04-22T02:53:36+00:00\",\"dateModified\":\"2012-07-11T17:19:51+00:00\",\"author\":{\"@id\":\"https:\/\/blogs.thesocialmedia.com\/leblogmoto\/#\/schema\/person\/e82a0ca8a9a63d031586097a3ed58526\"},\"breadcrumb\":{\"@id\":\"https:\/\/blogs.thesocialmedia.com\/leblogmoto\/2009\/04\/22\/la-peur-au-ventre-top-3\/#breadcrumb\"},\"inLanguage\":\"fr-FR\",\"potentialAction\":[{\"@type\":\"ReadAction\",\"target\":[\"https:\/\/blogs.thesocialmedia.com\/leblogmoto\/2009\/04\/22\/la-peur-au-ventre-top-3\/\"]}]},{\"@type\":\"ImageObject\",\"inLanguage\":\"fr-FR\",\"@id\":\"https:\/\/blogs.thesocialmedia.com\/leblogmoto\/2009\/04\/22\/la-peur-au-ventre-top-3\/#primaryimage\",\"url\":\"https:\/\/blogs.thesocialmedia.com\/leblogmoto\/files\/2012\/07\/6a00d83451b18369e201156f42fe7a970c-500wi.jpg\",\"contentUrl\":\"https:\/\/blogs.thesocialmedia.com\/leblogmoto\/files\/2012\/07\/6a00d83451b18369e201156f42fe7a970c-500wi.jpg\",\"width\":\"500\",\"height\":\"238\"},{\"@type\":\"BreadcrumbList\",\"@id\":\"https:\/\/blogs.thesocialmedia.com\/leblogmoto\/2009\/04\/22\/la-peur-au-ventre-top-3\/#breadcrumb\",\"itemListElement\":[{\"@type\":\"ListItem\",\"position\":1,\"name\":\"Accueil\",\"item\":\"https:\/\/blogs.thesocialmedia.com\/leblogmoto\/\"},{\"@type\":\"ListItem\",\"position\":2,\"name\":\"La peur au ventre &#8211; Top 3\"}]},{\"@type\":\"WebSite\",\"@id\":\"https:\/\/blogs.thesocialmedia.com\/leblogmoto\/#website\",\"url\":\"https:\/\/blogs.thesocialmedia.com\/leblogmoto\/\",\"name\":\"leblogmoto\",\"description\":\"Toute l&#039;actualit\u00e9 des 2 roues\",\"potentialAction\":[{\"@type\":\"SearchAction\",\"target\":{\"@type\":\"EntryPoint\",\"urlTemplate\":\"https:\/\/blogs.thesocialmedia.com\/leblogmoto\/?s={search_term_string}\"},\"query-input\":{\"@type\":\"PropertyValueSpecification\",\"valueRequired\":true,\"valueName\":\"search_term_string\"}}],\"inLanguage\":\"fr-FR\"},{\"@type\":\"Person\",\"@id\":\"https:\/\/blogs.thesocialmedia.com\/leblogmoto\/#\/schema\/person\/e82a0ca8a9a63d031586097a3ed58526\",\"name\":\"jacques lesage\",\"image\":{\"@type\":\"ImageObject\",\"inLanguage\":\"fr-FR\",\"@id\":\"https:\/\/blogs.thesocialmedia.com\/leblogmoto\/#\/schema\/person\/image\/\",\"url\":\"https:\/\/secure.gravatar.com\/avatar\/?s=96&d=mm&r=g\",\"contentUrl\":\"https:\/\/secure.gravatar.com\/avatar\/?s=96&d=mm&r=g\",\"caption\":\"jacques lesage\"},\"url\":\"https:\/\/blogs.thesocialmedia.com\/leblogmoto\/author\/jacques-lesage\/\"}]}<\/script>\n<!-- \/ Yoast SEO plugin. -->","yoast_head_json":{"title":"La peur au ventre - Top 3 - leblogmoto.com","robots":{"index":"index","follow":"follow","max-snippet":"max-snippet:-1","max-image-preview":"max-image-preview:large","max-video-preview":"max-video-preview:-1"},"canonical":"https:\/\/blogs.thesocialmedia.com\/leblogmoto\/2009\/04\/22\/la-peur-au-ventre-top-3\/","twitter_card":"summary_large_image","twitter_title":"La peur au ventre - Top 3 - leblogmoto.com","twitter_description":"Pour plusieurs, arriv\u00e9 \u00e0 un certain \u00e2ge, la mort ne fait plus peur, appelons \u00e7a sagesse ou fatalit\u00e9, mais ce qui demeure est les affres de la souffrance.Arriv\u00e9 sur le tard dans le monde de la moto, je n\u2019ai pas eu l\u2019excuse de la jeunesse pour faire fi des signaux \u00abdanger\u00bb que notre cerveau s\u2019amuse [&hellip;]","twitter_image":"https:\/\/blogs.thesocialmedia.com\/leblogmoto\/files\/2012\/07\/6a00d83451b18369e201156f42fe7a970c-500wi.jpg","twitter_misc":{"\u00c9crit par":"jacques lesage","Dur\u00e9e de lecture estim\u00e9e":"5 minutes"},"schema":{"@context":"https:\/\/schema.org","@graph":[{"@type":"WebPage","@id":"https:\/\/blogs.thesocialmedia.com\/leblogmoto\/2009\/04\/22\/la-peur-au-ventre-top-3\/","url":"https:\/\/blogs.thesocialmedia.com\/leblogmoto\/2009\/04\/22\/la-peur-au-ventre-top-3\/","name":"La peur au ventre - Top 3 - leblogmoto.com","isPartOf":{"@id":"https:\/\/blogs.thesocialmedia.com\/leblogmoto\/#website"},"primaryImageOfPage":{"@id":"https:\/\/blogs.thesocialmedia.com\/leblogmoto\/2009\/04\/22\/la-peur-au-ventre-top-3\/#primaryimage"},"image":{"@id":"https:\/\/blogs.thesocialmedia.com\/leblogmoto\/2009\/04\/22\/la-peur-au-ventre-top-3\/#primaryimage"},"thumbnailUrl":"https:\/\/blogs.thesocialmedia.com\/leblogmoto\/files\/2012\/07\/6a00d83451b18369e201156f42fe7a970c-500wi.jpg","datePublished":"2009-04-22T02:53:36+00:00","dateModified":"2012-07-11T17:19:51+00:00","author":{"@id":"https:\/\/blogs.thesocialmedia.com\/leblogmoto\/#\/schema\/person\/e82a0ca8a9a63d031586097a3ed58526"},"breadcrumb":{"@id":"https:\/\/blogs.thesocialmedia.com\/leblogmoto\/2009\/04\/22\/la-peur-au-ventre-top-3\/#breadcrumb"},"inLanguage":"fr-FR","potentialAction":[{"@type":"ReadAction","target":["https:\/\/blogs.thesocialmedia.com\/leblogmoto\/2009\/04\/22\/la-peur-au-ventre-top-3\/"]}]},{"@type":"ImageObject","inLanguage":"fr-FR","@id":"https:\/\/blogs.thesocialmedia.com\/leblogmoto\/2009\/04\/22\/la-peur-au-ventre-top-3\/#primaryimage","url":"https:\/\/blogs.thesocialmedia.com\/leblogmoto\/files\/2012\/07\/6a00d83451b18369e201156f42fe7a970c-500wi.jpg","contentUrl":"https:\/\/blogs.thesocialmedia.com\/leblogmoto\/files\/2012\/07\/6a00d83451b18369e201156f42fe7a970c-500wi.jpg","width":"500","height":"238"},{"@type":"BreadcrumbList","@id":"https:\/\/blogs.thesocialmedia.com\/leblogmoto\/2009\/04\/22\/la-peur-au-ventre-top-3\/#breadcrumb","itemListElement":[{"@type":"ListItem","position":1,"name":"Accueil","item":"https:\/\/blogs.thesocialmedia.com\/leblogmoto\/"},{"@type":"ListItem","position":2,"name":"La peur au ventre &#8211; Top 3"}]},{"@type":"WebSite","@id":"https:\/\/blogs.thesocialmedia.com\/leblogmoto\/#website","url":"https:\/\/blogs.thesocialmedia.com\/leblogmoto\/","name":"leblogmoto","description":"Toute l&#039;actualit\u00e9 des 2 roues","potentialAction":[{"@type":"SearchAction","target":{"@type":"EntryPoint","urlTemplate":"https:\/\/blogs.thesocialmedia.com\/leblogmoto\/?s={search_term_string}"},"query-input":{"@type":"PropertyValueSpecification","valueRequired":true,"valueName":"search_term_string"}}],"inLanguage":"fr-FR"},{"@type":"Person","@id":"https:\/\/blogs.thesocialmedia.com\/leblogmoto\/#\/schema\/person\/e82a0ca8a9a63d031586097a3ed58526","name":"jacques lesage","image":{"@type":"ImageObject","inLanguage":"fr-FR","@id":"https:\/\/blogs.thesocialmedia.com\/leblogmoto\/#\/schema\/person\/image\/","url":"https:\/\/secure.gravatar.com\/avatar\/?s=96&d=mm&r=g","contentUrl":"https:\/\/secure.gravatar.com\/avatar\/?s=96&d=mm&r=g","caption":"jacques lesage"},"url":"https:\/\/blogs.thesocialmedia.com\/leblogmoto\/author\/jacques-lesage\/"}]}},"_links":{"self":[{"href":"https:\/\/blogs.thesocialmedia.com\/leblogmoto\/wp-json\/wp\/v2\/posts\/177","targetHints":{"allow":["GET"]}}],"collection":[{"href":"https:\/\/blogs.thesocialmedia.com\/leblogmoto\/wp-json\/wp\/v2\/posts"}],"about":[{"href":"https:\/\/blogs.thesocialmedia.com\/leblogmoto\/wp-json\/wp\/v2\/types\/post"}],"author":[{"embeddable":true,"href":"https:\/\/blogs.thesocialmedia.com\/leblogmoto\/wp-json\/wp\/v2\/users\/325"}],"replies":[{"embeddable":true,"href":"https:\/\/blogs.thesocialmedia.com\/leblogmoto\/wp-json\/wp\/v2\/comments?post=177"}],"version-history":[{"count":2,"href":"https:\/\/blogs.thesocialmedia.com\/leblogmoto\/wp-json\/wp\/v2\/posts\/177\/revisions"}],"predecessor-version":[{"id":13312,"href":"https:\/\/blogs.thesocialmedia.com\/leblogmoto\/wp-json\/wp\/v2\/posts\/177\/revisions\/13312"}],"wp:featuredmedia":[{"embeddable":true,"href":"https:\/\/blogs.thesocialmedia.com\/leblogmoto\/wp-json\/wp\/v2\/media\/13307"}],"wp:attachment":[{"href":"https:\/\/blogs.thesocialmedia.com\/leblogmoto\/wp-json\/wp\/v2\/media?parent=177"}],"wp:term":[{"taxonomy":"category","embeddable":true,"href":"https:\/\/blogs.thesocialmedia.com\/leblogmoto\/wp-json\/wp\/v2\/categories?post=177"},{"taxonomy":"post_tag","embeddable":true,"href":"https:\/\/blogs.thesocialmedia.com\/leblogmoto\/wp-json\/wp\/v2\/tags?post=177"}],"curies":[{"name":"wp","href":"https:\/\/api.w.org\/{rel}","templated":true}]}}