{"id":1770,"date":"2006-06-12T21:02:00","date_gmt":"2006-06-12T21:02:00","guid":{"rendered":"http:\/\/blogs.thesocialmedia.com\/leblogmoto\/2006\/06\/12\/250-barbera-out\/"},"modified":"2012-07-11T14:24:24","modified_gmt":"2012-07-11T14:24:24","slug":"250-barbera-out","status":"publish","type":"post","link":"https:\/\/blogs.thesocialmedia.com\/leblogmoto\/2006\/06\/12\/250-barbera-out\/","title":{"rendered":"250: BARBERA out"},"content":{"rendered":"<p><a href=\"http:\/\/blogs.thesocialmedia.com\/leblogmoto\/files\/2012\/07\/photogallery_01809.jpg\"><img loading=\"lazy\" decoding=\"async\" height=\"165\" alt=\"Photogallery_01809\" src=\"http:\/\/www.leblogmoto.com\/images\/photogallery_01809.jpg\" width=\"250\"  \/><\/a>L&rsquo;Espagnol <strong>Hector BARBERA<\/strong> \u00e9tait <a href=\"http:\/\/www.leblogmoto.com\/2006\/06\/mugello_250_lor_1.html\">quatri\u00e8me<\/a> du mondial 250, et avait tout le potentiel pour jouer le titre face au trio TAKAHASHI, LORENZO et DOVIZIOSO.<\/p>\n<p>Tenant t\u00eate \u00e0 son <a href=\"http:\/\/www.leblogmoto.com\/2006\/06\/motogp_du_rifif.html\">ombrageux compatriote<\/a> et \u00e9quipier, il avait remport\u00e9 une victoire cette saison, en <a href=\"http:\/\/www.leblogmoto.com\/2006\/05\/250_chine_balle.html\">CHINE<\/a>.<\/p>\n<p>Au <a href=\"http:\/\/www.leblogmoto.com\/2006\/06\/mugello_250_lor_1.html\">MUGELLO<\/a>, il avait perdu un peu le contact avec la t\u00eate, \u00e0 cause d&rsquo;une casse m\u00e9canique. Une malchance noire qui n&rsquo;\u00e9tait pourtant rien par rapport \u00e0 ce qu&rsquo;il allait vivre&#8230;&nbsp; &nbsp; <\/p>\n<p><a href=\"http:\/\/clabedan.typepad.com\/.shared\/image.html?\/photos\/uncategorized\/photogallery_01770.jpg\"><img loading=\"lazy\" decoding=\"async\" height=\"166\" alt=\"Photogallery_01770\" src=\"http:\/\/www.leblogmoto.com\/images\/photogallery_01770.jpg\" width=\"250\"  \/><\/a>Car Hector BARBERA, en faisant du <strong>mountain bike<\/strong>, s&rsquo;est cass\u00e9 la figure et s&rsquo;est <strong>fractur\u00e9<\/strong> le radius de l&rsquo;avant- bras droit. Pause d&rsquo;une plaque en titane, et forfait pour, au moins, <strong>deux semaines<\/strong>.<\/p>\n<p>Exactement au moment o\u00f9 on entre dans une s\u00e9rie d&rsquo;\u00e9preuves rapproch\u00e9es. Il manquera donc <strong>BARCELONE<\/strong> \u00e0 domicile et <strong>ASSEN<\/strong>. Autant dire qu&rsquo;il vient d&rsquo;ob\u00e9rer ses chances pour le titre.&nbsp; <\/p>\n<p>Rien n&rsquo;a filtr\u00e9 pour l&rsquo;instant sur le nom d&rsquo;un \u00e9ventuel rempla\u00e7ant. Mais on pense \u00e0 <strong>DEBON<\/strong>, pilote d&rsquo;essai officiel d&rsquo;APRILIA, \u00e0 moins que le sponsor espagnol pr\u00e9f\u00e8re miser sur un de ses compatriotes. <\/p>\n<p>SOURCE: <a href=\"http:\/\/www.gpone.com\/\">www.gpone.com<\/a> <\/p>\n","protected":false},"excerpt":{"rendered":"<p>L&rsquo;Espagnol Hector BARBERA \u00e9tait quatri\u00e8me du mondial 250, et avait tout le potentiel pour jouer le titre face au trio TAKAHASHI, LORENZO et DOVIZIOSO. Tenant t\u00eate \u00e0 son ombrageux compatriote et \u00e9quipier, il avait remport\u00e9 une victoire cette saison, en CHINE. Au MUGELLO, il avait perdu un peu le contact avec la t\u00eate, \u00e0 cause [&hellip;]<\/p>\n","protected":false},"author":336,"featured_media":0,"comment_status":"open","ping_status":"open","sticky":false,"template":"","format":"standard","meta":{"footnotes":""},"categories":[22,32],"tags":[],"class_list":["post-1770","post","type-post","status-publish","format-standard","hentry","category-motogp","category-sport-moto"],"yoast_head":"<!-- This site is optimized with the Yoast SEO plugin v26.0 - https:\/\/yoast.com\/wordpress\/plugins\/seo\/ -->\n<title>250: BARBERA out - leblogmoto.com<\/title>\n<meta name=\"robots\" content=\"index, follow, max-snippet:-1, max-image-preview:large, max-video-preview:-1\" \/>\n<link rel=\"canonical\" href=\"https:\/\/blogs.thesocialmedia.com\/leblogmoto\/2006\/06\/12\/250-barbera-out\/\" \/>\n<meta name=\"twitter:card\" content=\"summary_large_image\" \/>\n<meta name=\"twitter:title\" content=\"250: BARBERA out - leblogmoto.com\" \/>\n<meta name=\"twitter:description\" content=\"L&rsquo;Espagnol Hector BARBERA \u00e9tait quatri\u00e8me du mondial 250, et avait tout le potentiel pour jouer le titre face au trio TAKAHASHI, LORENZO et DOVIZIOSO. Tenant t\u00eate \u00e0 son ombrageux compatriote et \u00e9quipier, il avait remport\u00e9 une victoire cette saison, en CHINE. Au MUGELLO, il avait perdu un peu le contact avec la t\u00eate, \u00e0 cause [&hellip;]\" \/>\n<meta name=\"twitter:image\" content=\"http:\/\/www.leblogmoto.com\/images\/photogallery_01809.jpg\" \/>\n<meta name=\"twitter:label1\" content=\"\u00c9crit par\" \/>\n\t<meta name=\"twitter:data1\" content=\"andre leconde\" \/>\n\t<meta name=\"twitter:label2\" content=\"Dur\u00e9e de lecture estim\u00e9e\" \/>\n\t<meta name=\"twitter:data2\" content=\"1 minute\" \/>\n<script type=\"application\/ld+json\" class=\"yoast-schema-graph\">{\"@context\":\"https:\/\/schema.org\",\"@graph\":[{\"@type\":\"WebPage\",\"@id\":\"https:\/\/blogs.thesocialmedia.com\/leblogmoto\/2006\/06\/12\/250-barbera-out\/\",\"url\":\"https:\/\/blogs.thesocialmedia.com\/leblogmoto\/2006\/06\/12\/250-barbera-out\/\",\"name\":\"250: BARBERA out - leblogmoto.com\",\"isPartOf\":{\"@id\":\"https:\/\/blogs.thesocialmedia.com\/leblogmoto\/#website\"},\"primaryImageOfPage\":{\"@id\":\"https:\/\/blogs.thesocialmedia.com\/leblogmoto\/2006\/06\/12\/250-barbera-out\/#primaryimage\"},\"image\":{\"@id\":\"https:\/\/blogs.thesocialmedia.com\/leblogmoto\/2006\/06\/12\/250-barbera-out\/#primaryimage\"},\"thumbnailUrl\":\"http:\/\/www.leblogmoto.com\/images\/photogallery_01809.jpg\",\"datePublished\":\"2006-06-12T21:02:00+00:00\",\"dateModified\":\"2012-07-11T14:24:24+00:00\",\"author\":{\"@id\":\"https:\/\/blogs.thesocialmedia.com\/leblogmoto\/#\/schema\/person\/1a1dcfc7cec206573105eb4af91155c2\"},\"breadcrumb\":{\"@id\":\"https:\/\/blogs.thesocialmedia.com\/leblogmoto\/2006\/06\/12\/250-barbera-out\/#breadcrumb\"},\"inLanguage\":\"fr-FR\",\"potentialAction\":[{\"@type\":\"ReadAction\",\"target\":[\"https:\/\/blogs.thesocialmedia.com\/leblogmoto\/2006\/06\/12\/250-barbera-out\/\"]}]},{\"@type\":\"ImageObject\",\"inLanguage\":\"fr-FR\",\"@id\":\"https:\/\/blogs.thesocialmedia.com\/leblogmoto\/2006\/06\/12\/250-barbera-out\/#primaryimage\",\"url\":\"http:\/\/www.leblogmoto.com\/images\/photogallery_01809.jpg\",\"contentUrl\":\"http:\/\/www.leblogmoto.com\/images\/photogallery_01809.jpg\"},{\"@type\":\"BreadcrumbList\",\"@id\":\"https:\/\/blogs.thesocialmedia.com\/leblogmoto\/2006\/06\/12\/250-barbera-out\/#breadcrumb\",\"itemListElement\":[{\"@type\":\"ListItem\",\"position\":1,\"name\":\"Accueil\",\"item\":\"https:\/\/blogs.thesocialmedia.com\/leblogmoto\/\"},{\"@type\":\"ListItem\",\"position\":2,\"name\":\"250: BARBERA out\"}]},{\"@type\":\"WebSite\",\"@id\":\"https:\/\/blogs.thesocialmedia.com\/leblogmoto\/#website\",\"url\":\"https:\/\/blogs.thesocialmedia.com\/leblogmoto\/\",\"name\":\"leblogmoto\",\"description\":\"Toute l&#039;actualit\u00e9 des 2 roues\",\"potentialAction\":[{\"@type\":\"SearchAction\",\"target\":{\"@type\":\"EntryPoint\",\"urlTemplate\":\"https:\/\/blogs.thesocialmedia.com\/leblogmoto\/?s={search_term_string}\"},\"query-input\":{\"@type\":\"PropertyValueSpecification\",\"valueRequired\":true,\"valueName\":\"search_term_string\"}}],\"inLanguage\":\"fr-FR\"},{\"@type\":\"Person\",\"@id\":\"https:\/\/blogs.thesocialmedia.com\/leblogmoto\/#\/schema\/person\/1a1dcfc7cec206573105eb4af91155c2\",\"name\":\"andre leconde\",\"image\":{\"@type\":\"ImageObject\",\"inLanguage\":\"fr-FR\",\"@id\":\"https:\/\/blogs.thesocialmedia.com\/leblogmoto\/#\/schema\/person\/image\/\",\"url\":\"https:\/\/secure.gravatar.com\/avatar\/?s=96&d=mm&r=g\",\"contentUrl\":\"https:\/\/secure.gravatar.com\/avatar\/?s=96&d=mm&r=g\",\"caption\":\"andre leconde\"},\"url\":\"https:\/\/blogs.thesocialmedia.com\/leblogmoto\/author\/andre-leconde\/\"}]}<\/script>\n<!-- \/ Yoast SEO plugin. -->","yoast_head_json":{"title":"250: BARBERA out - leblogmoto.com","robots":{"index":"index","follow":"follow","max-snippet":"max-snippet:-1","max-image-preview":"max-image-preview:large","max-video-preview":"max-video-preview:-1"},"canonical":"https:\/\/blogs.thesocialmedia.com\/leblogmoto\/2006\/06\/12\/250-barbera-out\/","twitter_card":"summary_large_image","twitter_title":"250: BARBERA out - leblogmoto.com","twitter_description":"L&rsquo;Espagnol Hector BARBERA \u00e9tait quatri\u00e8me du mondial 250, et avait tout le potentiel pour jouer le titre face au trio TAKAHASHI, LORENZO et DOVIZIOSO. Tenant t\u00eate \u00e0 son ombrageux compatriote et \u00e9quipier, il avait remport\u00e9 une victoire cette saison, en CHINE. Au MUGELLO, il avait perdu un peu le contact avec la t\u00eate, \u00e0 cause [&hellip;]","twitter_image":"http:\/\/www.leblogmoto.com\/images\/photogallery_01809.jpg","twitter_misc":{"\u00c9crit par":"andre leconde","Dur\u00e9e de lecture estim\u00e9e":"1 minute"},"schema":{"@context":"https:\/\/schema.org","@graph":[{"@type":"WebPage","@id":"https:\/\/blogs.thesocialmedia.com\/leblogmoto\/2006\/06\/12\/250-barbera-out\/","url":"https:\/\/blogs.thesocialmedia.com\/leblogmoto\/2006\/06\/12\/250-barbera-out\/","name":"250: BARBERA out - leblogmoto.com","isPartOf":{"@id":"https:\/\/blogs.thesocialmedia.com\/leblogmoto\/#website"},"primaryImageOfPage":{"@id":"https:\/\/blogs.thesocialmedia.com\/leblogmoto\/2006\/06\/12\/250-barbera-out\/#primaryimage"},"image":{"@id":"https:\/\/blogs.thesocialmedia.com\/leblogmoto\/2006\/06\/12\/250-barbera-out\/#primaryimage"},"thumbnailUrl":"http:\/\/www.leblogmoto.com\/images\/photogallery_01809.jpg","datePublished":"2006-06-12T21:02:00+00:00","dateModified":"2012-07-11T14:24:24+00:00","author":{"@id":"https:\/\/blogs.thesocialmedia.com\/leblogmoto\/#\/schema\/person\/1a1dcfc7cec206573105eb4af91155c2"},"breadcrumb":{"@id":"https:\/\/blogs.thesocialmedia.com\/leblogmoto\/2006\/06\/12\/250-barbera-out\/#breadcrumb"},"inLanguage":"fr-FR","potentialAction":[{"@type":"ReadAction","target":["https:\/\/blogs.thesocialmedia.com\/leblogmoto\/2006\/06\/12\/250-barbera-out\/"]}]},{"@type":"ImageObject","inLanguage":"fr-FR","@id":"https:\/\/blogs.thesocialmedia.com\/leblogmoto\/2006\/06\/12\/250-barbera-out\/#primaryimage","url":"http:\/\/www.leblogmoto.com\/images\/photogallery_01809.jpg","contentUrl":"http:\/\/www.leblogmoto.com\/images\/photogallery_01809.jpg"},{"@type":"BreadcrumbList","@id":"https:\/\/blogs.thesocialmedia.com\/leblogmoto\/2006\/06\/12\/250-barbera-out\/#breadcrumb","itemListElement":[{"@type":"ListItem","position":1,"name":"Accueil","item":"https:\/\/blogs.thesocialmedia.com\/leblogmoto\/"},{"@type":"ListItem","position":2,"name":"250: BARBERA out"}]},{"@type":"WebSite","@id":"https:\/\/blogs.thesocialmedia.com\/leblogmoto\/#website","url":"https:\/\/blogs.thesocialmedia.com\/leblogmoto\/","name":"leblogmoto","description":"Toute l&#039;actualit\u00e9 des 2 roues","potentialAction":[{"@type":"SearchAction","target":{"@type":"EntryPoint","urlTemplate":"https:\/\/blogs.thesocialmedia.com\/leblogmoto\/?s={search_term_string}"},"query-input":{"@type":"PropertyValueSpecification","valueRequired":true,"valueName":"search_term_string"}}],"inLanguage":"fr-FR"},{"@type":"Person","@id":"https:\/\/blogs.thesocialmedia.com\/leblogmoto\/#\/schema\/person\/1a1dcfc7cec206573105eb4af91155c2","name":"andre leconde","image":{"@type":"ImageObject","inLanguage":"fr-FR","@id":"https:\/\/blogs.thesocialmedia.com\/leblogmoto\/#\/schema\/person\/image\/","url":"https:\/\/secure.gravatar.com\/avatar\/?s=96&d=mm&r=g","contentUrl":"https:\/\/secure.gravatar.com\/avatar\/?s=96&d=mm&r=g","caption":"andre leconde"},"url":"https:\/\/blogs.thesocialmedia.com\/leblogmoto\/author\/andre-leconde\/"}]}},"_links":{"self":[{"href":"https:\/\/blogs.thesocialmedia.com\/leblogmoto\/wp-json\/wp\/v2\/posts\/1770","targetHints":{"allow":["GET"]}}],"collection":[{"href":"https:\/\/blogs.thesocialmedia.com\/leblogmoto\/wp-json\/wp\/v2\/posts"}],"about":[{"href":"https:\/\/blogs.thesocialmedia.com\/leblogmoto\/wp-json\/wp\/v2\/types\/post"}],"author":[{"embeddable":true,"href":"https:\/\/blogs.thesocialmedia.com\/leblogmoto\/wp-json\/wp\/v2\/users\/336"}],"replies":[{"embeddable":true,"href":"https:\/\/blogs.thesocialmedia.com\/leblogmoto\/wp-json\/wp\/v2\/comments?post=1770"}],"version-history":[{"count":2,"href":"https:\/\/blogs.thesocialmedia.com\/leblogmoto\/wp-json\/wp\/v2\/posts\/1770\/revisions"}],"predecessor-version":[{"id":7591,"href":"https:\/\/blogs.thesocialmedia.com\/leblogmoto\/wp-json\/wp\/v2\/posts\/1770\/revisions\/7591"}],"wp:attachment":[{"href":"https:\/\/blogs.thesocialmedia.com\/leblogmoto\/wp-json\/wp\/v2\/media?parent=1770"}],"wp:term":[{"taxonomy":"category","embeddable":true,"href":"https:\/\/blogs.thesocialmedia.com\/leblogmoto\/wp-json\/wp\/v2\/categories?post=1770"},{"taxonomy":"post_tag","embeddable":true,"href":"https:\/\/blogs.thesocialmedia.com\/leblogmoto\/wp-json\/wp\/v2\/tags?post=1770"}],"curies":[{"name":"wp","href":"https:\/\/api.w.org\/{rel}","templated":true}]}}