{"id":1771,"date":"2006-06-12T20:06:16","date_gmt":"2006-06-12T20:06:16","guid":{"rendered":"http:\/\/blogs.thesocialmedia.com\/leblogmoto\/2006\/06\/12\/le-dakar-2007-a\/"},"modified":"2012-07-11T14:24:21","modified_gmt":"2012-07-11T14:24:21","slug":"le-dakar-2007-a","status":"publish","type":"post","link":"https:\/\/blogs.thesocialmedia.com\/leblogmoto\/2006\/06\/12\/le-dakar-2007-a\/","title":{"rendered":"Le DAKAR 2007 affiche complet !"},"content":{"rendered":"<p><a href=\"http:\/\/blogs.thesocialmedia.com\/leblogmoto\/files\/2012\/07\/dakar06_fretigne_et3_acpz.jpg\"><img loading=\"lazy\" decoding=\"async\" height=\"168\" alt=\"Dakar06_fretigne_et3_acpz\" src=\"http:\/\/www.leblogmoto.com\/images\/dakar06_fretigne_et3_acpz.jpg\" width=\"250\"  \/><\/a>Le <strong>8 juin 2006<\/strong> \u00e9tait la date d&rsquo;ouverture des engagements pour la cat\u00e9gorie moto en vue de l&rsquo;\u00e9dition <strong>2007<\/strong> du <a href=\"http:\/\/www.leblogmoto.com\/2006\/01\/lultime_tape_du.html\">DAKAR<\/a>.<\/p>\n<p><strong>Quatre<\/strong> jours plus tard, voici la fen\u00eatre d\u00e9j\u00e0 close ! L&rsquo;organisation a spontan\u00e9ment enregistr\u00e9 pas moins de <strong>330<\/strong> dossiers pour <strong>240<\/strong> places \u00e0 fournir&#8230;&nbsp; <\/p>\n<p>Un succ\u00e8s donc une fois de plus v\u00e9rifi\u00e9, pour cette \u00e9preuve qui ne d\u00e9semplit pas malgr\u00e9 les accidents et les pol\u00e9miques. <\/p>\n<p>Le <strong>8 janvier<\/strong> prochain \u00e0 <a href=\"http:\/\/www.leblogmoto.com\/2005\/11\/dakar_2006_le_p.html\">LISBONNE<\/a>, il y aura pl\u00e9thore de motos au d\u00e9part, avec un seul objectif en vu, pour la plupart, rallier <strong>DAKAR<\/strong>. <\/p>\n<p>SOURCE: <a href=\"http:\/\/www.dakar.com\/\">www.dakar.com<\/a> <\/p>\n","protected":false},"excerpt":{"rendered":"<p>Le 8 juin 2006 \u00e9tait la date d&rsquo;ouverture des engagements pour la cat\u00e9gorie moto en vue de l&rsquo;\u00e9dition 2007 du DAKAR. Quatre jours plus tard, voici la fen\u00eatre d\u00e9j\u00e0 close ! L&rsquo;organisation a spontan\u00e9ment enregistr\u00e9 pas moins de 330 dossiers pour 240 places \u00e0 fournir&#8230;&nbsp; Un succ\u00e8s donc une fois de plus v\u00e9rifi\u00e9, pour cette [&hellip;]<\/p>\n","protected":false},"author":336,"featured_media":0,"comment_status":"open","ping_status":"open","sticky":false,"template":"","format":"standard","meta":{"footnotes":""},"categories":[32],"tags":[],"class_list":["post-1771","post","type-post","status-publish","format-standard","hentry","category-sport-moto"],"yoast_head":"<!-- This site is optimized with the Yoast SEO plugin v26.0 - https:\/\/yoast.com\/wordpress\/plugins\/seo\/ -->\n<title>Le DAKAR 2007 affiche complet ! - leblogmoto.com<\/title>\n<meta name=\"robots\" content=\"index, follow, max-snippet:-1, max-image-preview:large, max-video-preview:-1\" \/>\n<link rel=\"canonical\" href=\"https:\/\/blogs.thesocialmedia.com\/leblogmoto\/2006\/06\/12\/le-dakar-2007-a\/\" \/>\n<meta name=\"twitter:card\" content=\"summary_large_image\" \/>\n<meta name=\"twitter:title\" content=\"Le DAKAR 2007 affiche complet ! - leblogmoto.com\" \/>\n<meta name=\"twitter:description\" content=\"Le 8 juin 2006 \u00e9tait la date d&rsquo;ouverture des engagements pour la cat\u00e9gorie moto en vue de l&rsquo;\u00e9dition 2007 du DAKAR. Quatre jours plus tard, voici la fen\u00eatre d\u00e9j\u00e0 close ! L&rsquo;organisation a spontan\u00e9ment enregistr\u00e9 pas moins de 330 dossiers pour 240 places \u00e0 fournir&#8230;&nbsp; Un succ\u00e8s donc une fois de plus v\u00e9rifi\u00e9, pour cette [&hellip;]\" \/>\n<meta name=\"twitter:image\" content=\"http:\/\/www.leblogmoto.com\/images\/dakar06_fretigne_et3_acpz.jpg\" \/>\n<meta name=\"twitter:label1\" content=\"\u00c9crit par\" \/>\n\t<meta name=\"twitter:data1\" content=\"andre leconde\" \/>\n<script type=\"application\/ld+json\" class=\"yoast-schema-graph\">{\"@context\":\"https:\/\/schema.org\",\"@graph\":[{\"@type\":\"WebPage\",\"@id\":\"https:\/\/blogs.thesocialmedia.com\/leblogmoto\/2006\/06\/12\/le-dakar-2007-a\/\",\"url\":\"https:\/\/blogs.thesocialmedia.com\/leblogmoto\/2006\/06\/12\/le-dakar-2007-a\/\",\"name\":\"Le DAKAR 2007 affiche complet ! - leblogmoto.com\",\"isPartOf\":{\"@id\":\"https:\/\/blogs.thesocialmedia.com\/leblogmoto\/#website\"},\"primaryImageOfPage\":{\"@id\":\"https:\/\/blogs.thesocialmedia.com\/leblogmoto\/2006\/06\/12\/le-dakar-2007-a\/#primaryimage\"},\"image\":{\"@id\":\"https:\/\/blogs.thesocialmedia.com\/leblogmoto\/2006\/06\/12\/le-dakar-2007-a\/#primaryimage\"},\"thumbnailUrl\":\"http:\/\/www.leblogmoto.com\/images\/dakar06_fretigne_et3_acpz.jpg\",\"datePublished\":\"2006-06-12T20:06:16+00:00\",\"dateModified\":\"2012-07-11T14:24:21+00:00\",\"author\":{\"@id\":\"https:\/\/blogs.thesocialmedia.com\/leblogmoto\/#\/schema\/person\/1a1dcfc7cec206573105eb4af91155c2\"},\"breadcrumb\":{\"@id\":\"https:\/\/blogs.thesocialmedia.com\/leblogmoto\/2006\/06\/12\/le-dakar-2007-a\/#breadcrumb\"},\"inLanguage\":\"fr-FR\",\"potentialAction\":[{\"@type\":\"ReadAction\",\"target\":[\"https:\/\/blogs.thesocialmedia.com\/leblogmoto\/2006\/06\/12\/le-dakar-2007-a\/\"]}]},{\"@type\":\"ImageObject\",\"inLanguage\":\"fr-FR\",\"@id\":\"https:\/\/blogs.thesocialmedia.com\/leblogmoto\/2006\/06\/12\/le-dakar-2007-a\/#primaryimage\",\"url\":\"http:\/\/www.leblogmoto.com\/images\/dakar06_fretigne_et3_acpz.jpg\",\"contentUrl\":\"http:\/\/www.leblogmoto.com\/images\/dakar06_fretigne_et3_acpz.jpg\"},{\"@type\":\"BreadcrumbList\",\"@id\":\"https:\/\/blogs.thesocialmedia.com\/leblogmoto\/2006\/06\/12\/le-dakar-2007-a\/#breadcrumb\",\"itemListElement\":[{\"@type\":\"ListItem\",\"position\":1,\"name\":\"Accueil\",\"item\":\"https:\/\/blogs.thesocialmedia.com\/leblogmoto\/\"},{\"@type\":\"ListItem\",\"position\":2,\"name\":\"Le DAKAR 2007 affiche complet !\"}]},{\"@type\":\"WebSite\",\"@id\":\"https:\/\/blogs.thesocialmedia.com\/leblogmoto\/#website\",\"url\":\"https:\/\/blogs.thesocialmedia.com\/leblogmoto\/\",\"name\":\"leblogmoto\",\"description\":\"Toute l&#039;actualit\u00e9 des 2 roues\",\"potentialAction\":[{\"@type\":\"SearchAction\",\"target\":{\"@type\":\"EntryPoint\",\"urlTemplate\":\"https:\/\/blogs.thesocialmedia.com\/leblogmoto\/?s={search_term_string}\"},\"query-input\":{\"@type\":\"PropertyValueSpecification\",\"valueRequired\":true,\"valueName\":\"search_term_string\"}}],\"inLanguage\":\"fr-FR\"},{\"@type\":\"Person\",\"@id\":\"https:\/\/blogs.thesocialmedia.com\/leblogmoto\/#\/schema\/person\/1a1dcfc7cec206573105eb4af91155c2\",\"name\":\"andre leconde\",\"image\":{\"@type\":\"ImageObject\",\"inLanguage\":\"fr-FR\",\"@id\":\"https:\/\/blogs.thesocialmedia.com\/leblogmoto\/#\/schema\/person\/image\/\",\"url\":\"https:\/\/secure.gravatar.com\/avatar\/?s=96&d=mm&r=g\",\"contentUrl\":\"https:\/\/secure.gravatar.com\/avatar\/?s=96&d=mm&r=g\",\"caption\":\"andre leconde\"},\"url\":\"https:\/\/blogs.thesocialmedia.com\/leblogmoto\/author\/andre-leconde\/\"}]}<\/script>\n<!-- \/ Yoast SEO plugin. -->","yoast_head_json":{"title":"Le DAKAR 2007 affiche complet ! - leblogmoto.com","robots":{"index":"index","follow":"follow","max-snippet":"max-snippet:-1","max-image-preview":"max-image-preview:large","max-video-preview":"max-video-preview:-1"},"canonical":"https:\/\/blogs.thesocialmedia.com\/leblogmoto\/2006\/06\/12\/le-dakar-2007-a\/","twitter_card":"summary_large_image","twitter_title":"Le DAKAR 2007 affiche complet ! - leblogmoto.com","twitter_description":"Le 8 juin 2006 \u00e9tait la date d&rsquo;ouverture des engagements pour la cat\u00e9gorie moto en vue de l&rsquo;\u00e9dition 2007 du DAKAR. Quatre jours plus tard, voici la fen\u00eatre d\u00e9j\u00e0 close ! L&rsquo;organisation a spontan\u00e9ment enregistr\u00e9 pas moins de 330 dossiers pour 240 places \u00e0 fournir&#8230;&nbsp; Un succ\u00e8s donc une fois de plus v\u00e9rifi\u00e9, pour cette [&hellip;]","twitter_image":"http:\/\/www.leblogmoto.com\/images\/dakar06_fretigne_et3_acpz.jpg","twitter_misc":{"\u00c9crit par":"andre leconde"},"schema":{"@context":"https:\/\/schema.org","@graph":[{"@type":"WebPage","@id":"https:\/\/blogs.thesocialmedia.com\/leblogmoto\/2006\/06\/12\/le-dakar-2007-a\/","url":"https:\/\/blogs.thesocialmedia.com\/leblogmoto\/2006\/06\/12\/le-dakar-2007-a\/","name":"Le DAKAR 2007 affiche complet ! - leblogmoto.com","isPartOf":{"@id":"https:\/\/blogs.thesocialmedia.com\/leblogmoto\/#website"},"primaryImageOfPage":{"@id":"https:\/\/blogs.thesocialmedia.com\/leblogmoto\/2006\/06\/12\/le-dakar-2007-a\/#primaryimage"},"image":{"@id":"https:\/\/blogs.thesocialmedia.com\/leblogmoto\/2006\/06\/12\/le-dakar-2007-a\/#primaryimage"},"thumbnailUrl":"http:\/\/www.leblogmoto.com\/images\/dakar06_fretigne_et3_acpz.jpg","datePublished":"2006-06-12T20:06:16+00:00","dateModified":"2012-07-11T14:24:21+00:00","author":{"@id":"https:\/\/blogs.thesocialmedia.com\/leblogmoto\/#\/schema\/person\/1a1dcfc7cec206573105eb4af91155c2"},"breadcrumb":{"@id":"https:\/\/blogs.thesocialmedia.com\/leblogmoto\/2006\/06\/12\/le-dakar-2007-a\/#breadcrumb"},"inLanguage":"fr-FR","potentialAction":[{"@type":"ReadAction","target":["https:\/\/blogs.thesocialmedia.com\/leblogmoto\/2006\/06\/12\/le-dakar-2007-a\/"]}]},{"@type":"ImageObject","inLanguage":"fr-FR","@id":"https:\/\/blogs.thesocialmedia.com\/leblogmoto\/2006\/06\/12\/le-dakar-2007-a\/#primaryimage","url":"http:\/\/www.leblogmoto.com\/images\/dakar06_fretigne_et3_acpz.jpg","contentUrl":"http:\/\/www.leblogmoto.com\/images\/dakar06_fretigne_et3_acpz.jpg"},{"@type":"BreadcrumbList","@id":"https:\/\/blogs.thesocialmedia.com\/leblogmoto\/2006\/06\/12\/le-dakar-2007-a\/#breadcrumb","itemListElement":[{"@type":"ListItem","position":1,"name":"Accueil","item":"https:\/\/blogs.thesocialmedia.com\/leblogmoto\/"},{"@type":"ListItem","position":2,"name":"Le DAKAR 2007 affiche complet !"}]},{"@type":"WebSite","@id":"https:\/\/blogs.thesocialmedia.com\/leblogmoto\/#website","url":"https:\/\/blogs.thesocialmedia.com\/leblogmoto\/","name":"leblogmoto","description":"Toute l&#039;actualit\u00e9 des 2 roues","potentialAction":[{"@type":"SearchAction","target":{"@type":"EntryPoint","urlTemplate":"https:\/\/blogs.thesocialmedia.com\/leblogmoto\/?s={search_term_string}"},"query-input":{"@type":"PropertyValueSpecification","valueRequired":true,"valueName":"search_term_string"}}],"inLanguage":"fr-FR"},{"@type":"Person","@id":"https:\/\/blogs.thesocialmedia.com\/leblogmoto\/#\/schema\/person\/1a1dcfc7cec206573105eb4af91155c2","name":"andre leconde","image":{"@type":"ImageObject","inLanguage":"fr-FR","@id":"https:\/\/blogs.thesocialmedia.com\/leblogmoto\/#\/schema\/person\/image\/","url":"https:\/\/secure.gravatar.com\/avatar\/?s=96&d=mm&r=g","contentUrl":"https:\/\/secure.gravatar.com\/avatar\/?s=96&d=mm&r=g","caption":"andre leconde"},"url":"https:\/\/blogs.thesocialmedia.com\/leblogmoto\/author\/andre-leconde\/"}]}},"_links":{"self":[{"href":"https:\/\/blogs.thesocialmedia.com\/leblogmoto\/wp-json\/wp\/v2\/posts\/1771","targetHints":{"allow":["GET"]}}],"collection":[{"href":"https:\/\/blogs.thesocialmedia.com\/leblogmoto\/wp-json\/wp\/v2\/posts"}],"about":[{"href":"https:\/\/blogs.thesocialmedia.com\/leblogmoto\/wp-json\/wp\/v2\/types\/post"}],"author":[{"embeddable":true,"href":"https:\/\/blogs.thesocialmedia.com\/leblogmoto\/wp-json\/wp\/v2\/users\/336"}],"replies":[{"embeddable":true,"href":"https:\/\/blogs.thesocialmedia.com\/leblogmoto\/wp-json\/wp\/v2\/comments?post=1771"}],"version-history":[{"count":2,"href":"https:\/\/blogs.thesocialmedia.com\/leblogmoto\/wp-json\/wp\/v2\/posts\/1771\/revisions"}],"predecessor-version":[{"id":7589,"href":"https:\/\/blogs.thesocialmedia.com\/leblogmoto\/wp-json\/wp\/v2\/posts\/1771\/revisions\/7589"}],"wp:attachment":[{"href":"https:\/\/blogs.thesocialmedia.com\/leblogmoto\/wp-json\/wp\/v2\/media?parent=1771"}],"wp:term":[{"taxonomy":"category","embeddable":true,"href":"https:\/\/blogs.thesocialmedia.com\/leblogmoto\/wp-json\/wp\/v2\/categories?post=1771"},{"taxonomy":"post_tag","embeddable":true,"href":"https:\/\/blogs.thesocialmedia.com\/leblogmoto\/wp-json\/wp\/v2\/tags?post=1771"}],"curies":[{"name":"wp","href":"https:\/\/api.w.org\/{rel}","templated":true}]}}