{"id":1772,"date":"2006-06-12T00:09:36","date_gmt":"2006-06-12T00:09:36","guid":{"rendered":"http:\/\/blogs.thesocialmedia.com\/leblogmoto\/2006\/06\/12\/ducati-turbo-da\/"},"modified":"2012-07-11T14:24:20","modified_gmt":"2012-07-11T14:24:20","slug":"ducati-turbo-da","status":"publish","type":"post","link":"https:\/\/blogs.thesocialmedia.com\/leblogmoto\/2006\/06\/12\/ducati-turbo-da\/","title":{"rendered":"DUCATI TURBO D&rsquo;AUSTRALIE: Pour MISANO le 25 Juin !"},"content":{"rendered":"<p><a href=\"http:\/\/blogs.thesocialmedia.com\/leblogmoto\/files\/2012\/07\/susquao01.jpg\"><img loading=\"lazy\" decoding=\"async\" height=\"383\" alt=\"Susquao01\" src=\"http:\/\/www.leblogmoto.com\/images\/susquao01.jpg\" width=\"470\"  \/><\/a>Si le <a href=\"http:\/\/www.leblogmoto.com\/2006\/06\/le_rab_du_mugel.html\">MUGELLO<\/a> a vu le d\u00e9barquement officiel de la <a href=\"http:\/\/www.leblogmoto.com\/2006\/06\/vente_flash_de_.html\">DESMO RR<\/a>, <strong>MISANO<\/strong> verra arriver dans le cadre de sa manche <strong>SBK<\/strong>, une <a href=\"http:\/\/www.leblogmoto.com\/2006\/06\/mugello_ducati_.html\">DUCATI<\/a> revue en <strong>AUSTRALIE<\/strong> et baptis\u00e9e <strong>Vee Two Super Squalo<\/strong>.<\/p>\n<p>L&rsquo;originalit\u00e9 ? Un bouilleur de <strong>999 suraliment\u00e9<\/strong>&#8230;<\/p>\n<p><a href=\"http:\/\/clabedan.typepad.com\/.shared\/image.html?\/photos\/uncategorized\/veetwo1997squalo.jpg\"><img loading=\"lazy\" decoding=\"async\" height=\"207\" alt=\"Veetwo1997squalo\" src=\"http:\/\/www.leblogmoto.com\/images\/veetwo1997squalo.jpg\" width=\"250\"  \/><\/a>Certes, le cadre sort de chez <strong>Kensai SATO<\/strong>, honorable technicien japonais, mais le moteur est bien de <strong>BORGO PANIGALE<\/strong> et le fait que la machine soit adoub\u00e9e \u00e0 <a href=\"http:\/\/www.leblogmoto.com\/2006\/06\/motogp_un_gp_de.html\">MISANO<\/a> montre que DUCATI regarde la chose d&rsquo;un bon oeil. Il faut dire que le staff australien aux commandes de ce projet un peu fou, est un bon client de la marque, dont il se charge de faire briller lors des comp\u00e9titions aux antipodes. <\/p>\n<p>La b\u00eate a donc un turbo, d&rsquo;origine<strong> Sprintex<\/strong>, et elle est annonc\u00e9e \u00e0 <strong>180<\/strong> ch avec un gain de couple de <strong>35 %<\/strong> par rapport \u00e0 la version 999 atmo.<\/p>\n<p>Les australiens vendront la moto, \u00e0 un prix certainement inaccessible aux communs des mortels. En plus de l&rsquo;innovation technique, il y aura des mat\u00e9riaux nobles et des cam\u00e9ras en guise de r\u00e9tro. <strong>99<\/strong> exemplaires seront n\u00e9anmoins \u00e0 saisir.<\/p>\n<p>Le but ? D\u00e9montrer que le turbo a toujours un avenir en moto. Et s\u00e9duire, en ce sens, les constructeurs qui ont encore des <strong>deux temps<\/strong>. Car avec la souflette, les normes Euro 3 sont respect\u00e9es. Juste cause s&rsquo;il en est !<\/p>\n<p>SOURCE: <a href=\"http:\/\/www.motonline.com\">www.motonline.com<\/a>&nbsp; &nbsp; <\/p>\n","protected":false},"excerpt":{"rendered":"<p>Si le MUGELLO a vu le d\u00e9barquement officiel de la DESMO RR, MISANO verra arriver dans le cadre de sa manche SBK, une DUCATI revue en AUSTRALIE et baptis\u00e9e Vee Two Super Squalo. L&rsquo;originalit\u00e9 ? Un bouilleur de 999 suraliment\u00e9&#8230; Certes, le cadre sort de chez Kensai SATO, honorable technicien japonais, mais le moteur est [&hellip;]<\/p>\n","protected":false},"author":336,"featured_media":0,"comment_status":"open","ping_status":"open","sticky":false,"template":"","format":"standard","meta":{"footnotes":""},"categories":[49,41,32,46],"tags":[],"class_list":["post-1772","post","type-post","status-publish","format-standard","hentry","category-actualites-entreprise","category-ducati","category-sport-moto","category-superbike"],"yoast_head":"<!-- This site is optimized with the Yoast SEO plugin v26.0 - https:\/\/yoast.com\/wordpress\/plugins\/seo\/ -->\n<title>DUCATI TURBO D&#039;AUSTRALIE: Pour MISANO le 25 Juin ! - leblogmoto.com<\/title>\n<meta name=\"robots\" content=\"index, follow, max-snippet:-1, max-image-preview:large, max-video-preview:-1\" \/>\n<link rel=\"canonical\" href=\"https:\/\/blogs.thesocialmedia.com\/leblogmoto\/2006\/06\/12\/ducati-turbo-da\/\" \/>\n<meta name=\"twitter:card\" content=\"summary_large_image\" \/>\n<meta name=\"twitter:title\" content=\"DUCATI TURBO D&#039;AUSTRALIE: Pour MISANO le 25 Juin ! - leblogmoto.com\" \/>\n<meta name=\"twitter:description\" content=\"Si le MUGELLO a vu le d\u00e9barquement officiel de la DESMO RR, MISANO verra arriver dans le cadre de sa manche SBK, une DUCATI revue en AUSTRALIE et baptis\u00e9e Vee Two Super Squalo. L&rsquo;originalit\u00e9 ? Un bouilleur de 999 suraliment\u00e9&#8230; Certes, le cadre sort de chez Kensai SATO, honorable technicien japonais, mais le moteur est [&hellip;]\" \/>\n<meta name=\"twitter:image\" content=\"http:\/\/www.leblogmoto.com\/images\/susquao01.jpg\" \/>\n<meta name=\"twitter:label1\" content=\"\u00c9crit par\" \/>\n\t<meta name=\"twitter:data1\" content=\"andre leconde\" \/>\n\t<meta name=\"twitter:label2\" content=\"Dur\u00e9e de lecture estim\u00e9e\" \/>\n\t<meta name=\"twitter:data2\" content=\"1 minute\" \/>\n<script type=\"application\/ld+json\" class=\"yoast-schema-graph\">{\"@context\":\"https:\/\/schema.org\",\"@graph\":[{\"@type\":\"WebPage\",\"@id\":\"https:\/\/blogs.thesocialmedia.com\/leblogmoto\/2006\/06\/12\/ducati-turbo-da\/\",\"url\":\"https:\/\/blogs.thesocialmedia.com\/leblogmoto\/2006\/06\/12\/ducati-turbo-da\/\",\"name\":\"DUCATI TURBO D'AUSTRALIE: Pour MISANO le 25 Juin ! - leblogmoto.com\",\"isPartOf\":{\"@id\":\"https:\/\/blogs.thesocialmedia.com\/leblogmoto\/#website\"},\"primaryImageOfPage\":{\"@id\":\"https:\/\/blogs.thesocialmedia.com\/leblogmoto\/2006\/06\/12\/ducati-turbo-da\/#primaryimage\"},\"image\":{\"@id\":\"https:\/\/blogs.thesocialmedia.com\/leblogmoto\/2006\/06\/12\/ducati-turbo-da\/#primaryimage\"},\"thumbnailUrl\":\"http:\/\/www.leblogmoto.com\/images\/susquao01.jpg\",\"datePublished\":\"2006-06-12T00:09:36+00:00\",\"dateModified\":\"2012-07-11T14:24:20+00:00\",\"author\":{\"@id\":\"https:\/\/blogs.thesocialmedia.com\/leblogmoto\/#\/schema\/person\/1a1dcfc7cec206573105eb4af91155c2\"},\"breadcrumb\":{\"@id\":\"https:\/\/blogs.thesocialmedia.com\/leblogmoto\/2006\/06\/12\/ducati-turbo-da\/#breadcrumb\"},\"inLanguage\":\"fr-FR\",\"potentialAction\":[{\"@type\":\"ReadAction\",\"target\":[\"https:\/\/blogs.thesocialmedia.com\/leblogmoto\/2006\/06\/12\/ducati-turbo-da\/\"]}]},{\"@type\":\"ImageObject\",\"inLanguage\":\"fr-FR\",\"@id\":\"https:\/\/blogs.thesocialmedia.com\/leblogmoto\/2006\/06\/12\/ducati-turbo-da\/#primaryimage\",\"url\":\"http:\/\/www.leblogmoto.com\/images\/susquao01.jpg\",\"contentUrl\":\"http:\/\/www.leblogmoto.com\/images\/susquao01.jpg\"},{\"@type\":\"BreadcrumbList\",\"@id\":\"https:\/\/blogs.thesocialmedia.com\/leblogmoto\/2006\/06\/12\/ducati-turbo-da\/#breadcrumb\",\"itemListElement\":[{\"@type\":\"ListItem\",\"position\":1,\"name\":\"Accueil\",\"item\":\"https:\/\/blogs.thesocialmedia.com\/leblogmoto\/\"},{\"@type\":\"ListItem\",\"position\":2,\"name\":\"DUCATI TURBO D&rsquo;AUSTRALIE: Pour MISANO le 25 Juin !\"}]},{\"@type\":\"WebSite\",\"@id\":\"https:\/\/blogs.thesocialmedia.com\/leblogmoto\/#website\",\"url\":\"https:\/\/blogs.thesocialmedia.com\/leblogmoto\/\",\"name\":\"leblogmoto\",\"description\":\"Toute l&#039;actualit\u00e9 des 2 roues\",\"potentialAction\":[{\"@type\":\"SearchAction\",\"target\":{\"@type\":\"EntryPoint\",\"urlTemplate\":\"https:\/\/blogs.thesocialmedia.com\/leblogmoto\/?s={search_term_string}\"},\"query-input\":{\"@type\":\"PropertyValueSpecification\",\"valueRequired\":true,\"valueName\":\"search_term_string\"}}],\"inLanguage\":\"fr-FR\"},{\"@type\":\"Person\",\"@id\":\"https:\/\/blogs.thesocialmedia.com\/leblogmoto\/#\/schema\/person\/1a1dcfc7cec206573105eb4af91155c2\",\"name\":\"andre leconde\",\"image\":{\"@type\":\"ImageObject\",\"inLanguage\":\"fr-FR\",\"@id\":\"https:\/\/blogs.thesocialmedia.com\/leblogmoto\/#\/schema\/person\/image\/\",\"url\":\"https:\/\/secure.gravatar.com\/avatar\/?s=96&d=mm&r=g\",\"contentUrl\":\"https:\/\/secure.gravatar.com\/avatar\/?s=96&d=mm&r=g\",\"caption\":\"andre leconde\"},\"url\":\"https:\/\/blogs.thesocialmedia.com\/leblogmoto\/author\/andre-leconde\/\"}]}<\/script>\n<!-- \/ Yoast SEO plugin. -->","yoast_head_json":{"title":"DUCATI TURBO D'AUSTRALIE: Pour MISANO le 25 Juin ! - leblogmoto.com","robots":{"index":"index","follow":"follow","max-snippet":"max-snippet:-1","max-image-preview":"max-image-preview:large","max-video-preview":"max-video-preview:-1"},"canonical":"https:\/\/blogs.thesocialmedia.com\/leblogmoto\/2006\/06\/12\/ducati-turbo-da\/","twitter_card":"summary_large_image","twitter_title":"DUCATI TURBO D'AUSTRALIE: Pour MISANO le 25 Juin ! - leblogmoto.com","twitter_description":"Si le MUGELLO a vu le d\u00e9barquement officiel de la DESMO RR, MISANO verra arriver dans le cadre de sa manche SBK, une DUCATI revue en AUSTRALIE et baptis\u00e9e Vee Two Super Squalo. L&rsquo;originalit\u00e9 ? Un bouilleur de 999 suraliment\u00e9&#8230; Certes, le cadre sort de chez Kensai SATO, honorable technicien japonais, mais le moteur est [&hellip;]","twitter_image":"http:\/\/www.leblogmoto.com\/images\/susquao01.jpg","twitter_misc":{"\u00c9crit par":"andre leconde","Dur\u00e9e de lecture estim\u00e9e":"1 minute"},"schema":{"@context":"https:\/\/schema.org","@graph":[{"@type":"WebPage","@id":"https:\/\/blogs.thesocialmedia.com\/leblogmoto\/2006\/06\/12\/ducati-turbo-da\/","url":"https:\/\/blogs.thesocialmedia.com\/leblogmoto\/2006\/06\/12\/ducati-turbo-da\/","name":"DUCATI TURBO D'AUSTRALIE: Pour MISANO le 25 Juin ! - leblogmoto.com","isPartOf":{"@id":"https:\/\/blogs.thesocialmedia.com\/leblogmoto\/#website"},"primaryImageOfPage":{"@id":"https:\/\/blogs.thesocialmedia.com\/leblogmoto\/2006\/06\/12\/ducati-turbo-da\/#primaryimage"},"image":{"@id":"https:\/\/blogs.thesocialmedia.com\/leblogmoto\/2006\/06\/12\/ducati-turbo-da\/#primaryimage"},"thumbnailUrl":"http:\/\/www.leblogmoto.com\/images\/susquao01.jpg","datePublished":"2006-06-12T00:09:36+00:00","dateModified":"2012-07-11T14:24:20+00:00","author":{"@id":"https:\/\/blogs.thesocialmedia.com\/leblogmoto\/#\/schema\/person\/1a1dcfc7cec206573105eb4af91155c2"},"breadcrumb":{"@id":"https:\/\/blogs.thesocialmedia.com\/leblogmoto\/2006\/06\/12\/ducati-turbo-da\/#breadcrumb"},"inLanguage":"fr-FR","potentialAction":[{"@type":"ReadAction","target":["https:\/\/blogs.thesocialmedia.com\/leblogmoto\/2006\/06\/12\/ducati-turbo-da\/"]}]},{"@type":"ImageObject","inLanguage":"fr-FR","@id":"https:\/\/blogs.thesocialmedia.com\/leblogmoto\/2006\/06\/12\/ducati-turbo-da\/#primaryimage","url":"http:\/\/www.leblogmoto.com\/images\/susquao01.jpg","contentUrl":"http:\/\/www.leblogmoto.com\/images\/susquao01.jpg"},{"@type":"BreadcrumbList","@id":"https:\/\/blogs.thesocialmedia.com\/leblogmoto\/2006\/06\/12\/ducati-turbo-da\/#breadcrumb","itemListElement":[{"@type":"ListItem","position":1,"name":"Accueil","item":"https:\/\/blogs.thesocialmedia.com\/leblogmoto\/"},{"@type":"ListItem","position":2,"name":"DUCATI TURBO D&rsquo;AUSTRALIE: Pour MISANO le 25 Juin !"}]},{"@type":"WebSite","@id":"https:\/\/blogs.thesocialmedia.com\/leblogmoto\/#website","url":"https:\/\/blogs.thesocialmedia.com\/leblogmoto\/","name":"leblogmoto","description":"Toute l&#039;actualit\u00e9 des 2 roues","potentialAction":[{"@type":"SearchAction","target":{"@type":"EntryPoint","urlTemplate":"https:\/\/blogs.thesocialmedia.com\/leblogmoto\/?s={search_term_string}"},"query-input":{"@type":"PropertyValueSpecification","valueRequired":true,"valueName":"search_term_string"}}],"inLanguage":"fr-FR"},{"@type":"Person","@id":"https:\/\/blogs.thesocialmedia.com\/leblogmoto\/#\/schema\/person\/1a1dcfc7cec206573105eb4af91155c2","name":"andre leconde","image":{"@type":"ImageObject","inLanguage":"fr-FR","@id":"https:\/\/blogs.thesocialmedia.com\/leblogmoto\/#\/schema\/person\/image\/","url":"https:\/\/secure.gravatar.com\/avatar\/?s=96&d=mm&r=g","contentUrl":"https:\/\/secure.gravatar.com\/avatar\/?s=96&d=mm&r=g","caption":"andre leconde"},"url":"https:\/\/blogs.thesocialmedia.com\/leblogmoto\/author\/andre-leconde\/"}]}},"_links":{"self":[{"href":"https:\/\/blogs.thesocialmedia.com\/leblogmoto\/wp-json\/wp\/v2\/posts\/1772","targetHints":{"allow":["GET"]}}],"collection":[{"href":"https:\/\/blogs.thesocialmedia.com\/leblogmoto\/wp-json\/wp\/v2\/posts"}],"about":[{"href":"https:\/\/blogs.thesocialmedia.com\/leblogmoto\/wp-json\/wp\/v2\/types\/post"}],"author":[{"embeddable":true,"href":"https:\/\/blogs.thesocialmedia.com\/leblogmoto\/wp-json\/wp\/v2\/users\/336"}],"replies":[{"embeddable":true,"href":"https:\/\/blogs.thesocialmedia.com\/leblogmoto\/wp-json\/wp\/v2\/comments?post=1772"}],"version-history":[{"count":2,"href":"https:\/\/blogs.thesocialmedia.com\/leblogmoto\/wp-json\/wp\/v2\/posts\/1772\/revisions"}],"predecessor-version":[{"id":7587,"href":"https:\/\/blogs.thesocialmedia.com\/leblogmoto\/wp-json\/wp\/v2\/posts\/1772\/revisions\/7587"}],"wp:attachment":[{"href":"https:\/\/blogs.thesocialmedia.com\/leblogmoto\/wp-json\/wp\/v2\/media?parent=1772"}],"wp:term":[{"taxonomy":"category","embeddable":true,"href":"https:\/\/blogs.thesocialmedia.com\/leblogmoto\/wp-json\/wp\/v2\/categories?post=1772"},{"taxonomy":"post_tag","embeddable":true,"href":"https:\/\/blogs.thesocialmedia.com\/leblogmoto\/wp-json\/wp\/v2\/tags?post=1772"}],"curies":[{"name":"wp","href":"https:\/\/api.w.org\/{rel}","templated":true}]}}