{"id":1778,"date":"2006-06-10T00:38:40","date_gmt":"2006-06-10T00:38:40","guid":{"rendered":"http:\/\/blogs.thesocialmedia.com\/leblogmoto\/2006\/06\/10\/vente-flash-de\/"},"modified":"2012-07-11T14:24:10","modified_gmt":"2012-07-11T14:24:10","slug":"vente-flash-de","status":"publish","type":"post","link":"https:\/\/blogs.thesocialmedia.com\/leblogmoto\/2006\/06\/10\/vente-flash-de\/","title":{"rendered":"Vente flash de DESMO RR."},"content":{"rendered":"<p><a href=\"http:\/\/blogs.thesocialmedia.com\/leblogmoto\/files\/2012\/07\/desmorr4.jpg\"><img loading=\"lazy\" decoding=\"async\" height=\"196\" alt=\"Desmorr4\" src=\"http:\/\/www.leblogmoto.com\/images\/desmorr4.jpg\" width=\"470\"  \/><\/a>Ca n&rsquo;a pas tra\u00een\u00e9.<\/p>\n<p>Les quelques centaines d&rsquo;unit\u00e9s de la <a href=\"http:\/\/www.leblogmoto.com\/2006\/06\/ducati_desmosed.html\">r\u00e9plique de la GP6<\/a> destin\u00e9e aux <strong>routes am\u00e9ricaines<\/strong> ont \u00e9t\u00e9 \u00e9coul\u00e9es en&#8230; \u00e0 peine <strong>cinq heures<\/strong>.<\/p>\n<p>Les <strong>65 000<\/strong> dollars <a href=\"http:\/\/www.leblogmoto.com\/2006\/05\/ducati_desmo_rr.html\">n\u00e9cessaires<\/a> \u00e0 son acquisition n&rsquo;ont apparemment gu\u00e8re rebut\u00e9s. La moto, outils de sp\u00e9culation, c&rsquo;est possible&#8230;<\/p>\n<p>SOURCE: <a href=\"http:\/\/www.thekneeslider.com\">www.thekneeslider.com<\/a>&nbsp; <\/p>\n","protected":false},"excerpt":{"rendered":"<p>Ca n&rsquo;a pas tra\u00een\u00e9. Les quelques centaines d&rsquo;unit\u00e9s de la r\u00e9plique de la GP6 destin\u00e9e aux routes am\u00e9ricaines ont \u00e9t\u00e9 \u00e9coul\u00e9es en&#8230; \u00e0 peine cinq heures. Les 65 000 dollars n\u00e9cessaires \u00e0 son acquisition n&rsquo;ont apparemment gu\u00e8re rebut\u00e9s. La moto, outils de sp\u00e9culation, c&rsquo;est possible&#8230; SOURCE: www.thekneeslider.com&nbsp;<\/p>\n","protected":false},"author":336,"featured_media":0,"comment_status":"open","ping_status":"open","sticky":false,"template":"","format":"standard","meta":{"footnotes":""},"categories":[49,41,9,22,32],"tags":[],"class_list":["post-1778","post","type-post","status-publish","format-standard","hentry","category-actualites-entreprise","category-ducati","category-historique","category-motogp","category-sport-moto"],"yoast_head":"<!-- This site is optimized with the Yoast SEO plugin v26.0 - https:\/\/yoast.com\/wordpress\/plugins\/seo\/ -->\n<title>Vente flash de DESMO RR. - leblogmoto.com<\/title>\n<meta name=\"robots\" content=\"index, follow, max-snippet:-1, max-image-preview:large, max-video-preview:-1\" \/>\n<link rel=\"canonical\" href=\"https:\/\/blogs.thesocialmedia.com\/leblogmoto\/2006\/06\/10\/vente-flash-de\/\" \/>\n<meta name=\"twitter:card\" content=\"summary_large_image\" \/>\n<meta name=\"twitter:title\" content=\"Vente flash de DESMO RR. - leblogmoto.com\" \/>\n<meta name=\"twitter:description\" content=\"Ca n&rsquo;a pas tra\u00een\u00e9. Les quelques centaines d&rsquo;unit\u00e9s de la r\u00e9plique de la GP6 destin\u00e9e aux routes am\u00e9ricaines ont \u00e9t\u00e9 \u00e9coul\u00e9es en&#8230; \u00e0 peine cinq heures. Les 65 000 dollars n\u00e9cessaires \u00e0 son acquisition n&rsquo;ont apparemment gu\u00e8re rebut\u00e9s. La moto, outils de sp\u00e9culation, c&rsquo;est possible&#8230; SOURCE: www.thekneeslider.com&nbsp;\" \/>\n<meta name=\"twitter:image\" content=\"http:\/\/www.leblogmoto.com\/images\/desmorr4.jpg\" \/>\n<meta name=\"twitter:label1\" content=\"\u00c9crit par\" \/>\n\t<meta name=\"twitter:data1\" content=\"andre leconde\" \/>\n<script type=\"application\/ld+json\" class=\"yoast-schema-graph\">{\"@context\":\"https:\/\/schema.org\",\"@graph\":[{\"@type\":\"WebPage\",\"@id\":\"https:\/\/blogs.thesocialmedia.com\/leblogmoto\/2006\/06\/10\/vente-flash-de\/\",\"url\":\"https:\/\/blogs.thesocialmedia.com\/leblogmoto\/2006\/06\/10\/vente-flash-de\/\",\"name\":\"Vente flash de DESMO RR. - leblogmoto.com\",\"isPartOf\":{\"@id\":\"https:\/\/blogs.thesocialmedia.com\/leblogmoto\/#website\"},\"primaryImageOfPage\":{\"@id\":\"https:\/\/blogs.thesocialmedia.com\/leblogmoto\/2006\/06\/10\/vente-flash-de\/#primaryimage\"},\"image\":{\"@id\":\"https:\/\/blogs.thesocialmedia.com\/leblogmoto\/2006\/06\/10\/vente-flash-de\/#primaryimage\"},\"thumbnailUrl\":\"http:\/\/www.leblogmoto.com\/images\/desmorr4.jpg\",\"datePublished\":\"2006-06-10T00:38:40+00:00\",\"dateModified\":\"2012-07-11T14:24:10+00:00\",\"author\":{\"@id\":\"https:\/\/blogs.thesocialmedia.com\/leblogmoto\/#\/schema\/person\/1a1dcfc7cec206573105eb4af91155c2\"},\"breadcrumb\":{\"@id\":\"https:\/\/blogs.thesocialmedia.com\/leblogmoto\/2006\/06\/10\/vente-flash-de\/#breadcrumb\"},\"inLanguage\":\"fr-FR\",\"potentialAction\":[{\"@type\":\"ReadAction\",\"target\":[\"https:\/\/blogs.thesocialmedia.com\/leblogmoto\/2006\/06\/10\/vente-flash-de\/\"]}]},{\"@type\":\"ImageObject\",\"inLanguage\":\"fr-FR\",\"@id\":\"https:\/\/blogs.thesocialmedia.com\/leblogmoto\/2006\/06\/10\/vente-flash-de\/#primaryimage\",\"url\":\"http:\/\/www.leblogmoto.com\/images\/desmorr4.jpg\",\"contentUrl\":\"http:\/\/www.leblogmoto.com\/images\/desmorr4.jpg\"},{\"@type\":\"BreadcrumbList\",\"@id\":\"https:\/\/blogs.thesocialmedia.com\/leblogmoto\/2006\/06\/10\/vente-flash-de\/#breadcrumb\",\"itemListElement\":[{\"@type\":\"ListItem\",\"position\":1,\"name\":\"Accueil\",\"item\":\"https:\/\/blogs.thesocialmedia.com\/leblogmoto\/\"},{\"@type\":\"ListItem\",\"position\":2,\"name\":\"Vente flash de DESMO RR.\"}]},{\"@type\":\"WebSite\",\"@id\":\"https:\/\/blogs.thesocialmedia.com\/leblogmoto\/#website\",\"url\":\"https:\/\/blogs.thesocialmedia.com\/leblogmoto\/\",\"name\":\"leblogmoto\",\"description\":\"Toute l&#039;actualit\u00e9 des 2 roues\",\"potentialAction\":[{\"@type\":\"SearchAction\",\"target\":{\"@type\":\"EntryPoint\",\"urlTemplate\":\"https:\/\/blogs.thesocialmedia.com\/leblogmoto\/?s={search_term_string}\"},\"query-input\":{\"@type\":\"PropertyValueSpecification\",\"valueRequired\":true,\"valueName\":\"search_term_string\"}}],\"inLanguage\":\"fr-FR\"},{\"@type\":\"Person\",\"@id\":\"https:\/\/blogs.thesocialmedia.com\/leblogmoto\/#\/schema\/person\/1a1dcfc7cec206573105eb4af91155c2\",\"name\":\"andre leconde\",\"image\":{\"@type\":\"ImageObject\",\"inLanguage\":\"fr-FR\",\"@id\":\"https:\/\/blogs.thesocialmedia.com\/leblogmoto\/#\/schema\/person\/image\/\",\"url\":\"https:\/\/secure.gravatar.com\/avatar\/?s=96&d=mm&r=g\",\"contentUrl\":\"https:\/\/secure.gravatar.com\/avatar\/?s=96&d=mm&r=g\",\"caption\":\"andre leconde\"},\"url\":\"https:\/\/blogs.thesocialmedia.com\/leblogmoto\/author\/andre-leconde\/\"}]}<\/script>\n<!-- \/ Yoast SEO plugin. -->","yoast_head_json":{"title":"Vente flash de DESMO RR. - leblogmoto.com","robots":{"index":"index","follow":"follow","max-snippet":"max-snippet:-1","max-image-preview":"max-image-preview:large","max-video-preview":"max-video-preview:-1"},"canonical":"https:\/\/blogs.thesocialmedia.com\/leblogmoto\/2006\/06\/10\/vente-flash-de\/","twitter_card":"summary_large_image","twitter_title":"Vente flash de DESMO RR. - leblogmoto.com","twitter_description":"Ca n&rsquo;a pas tra\u00een\u00e9. Les quelques centaines d&rsquo;unit\u00e9s de la r\u00e9plique de la GP6 destin\u00e9e aux routes am\u00e9ricaines ont \u00e9t\u00e9 \u00e9coul\u00e9es en&#8230; \u00e0 peine cinq heures. Les 65 000 dollars n\u00e9cessaires \u00e0 son acquisition n&rsquo;ont apparemment gu\u00e8re rebut\u00e9s. La moto, outils de sp\u00e9culation, c&rsquo;est possible&#8230; SOURCE: www.thekneeslider.com&nbsp;","twitter_image":"http:\/\/www.leblogmoto.com\/images\/desmorr4.jpg","twitter_misc":{"\u00c9crit par":"andre leconde"},"schema":{"@context":"https:\/\/schema.org","@graph":[{"@type":"WebPage","@id":"https:\/\/blogs.thesocialmedia.com\/leblogmoto\/2006\/06\/10\/vente-flash-de\/","url":"https:\/\/blogs.thesocialmedia.com\/leblogmoto\/2006\/06\/10\/vente-flash-de\/","name":"Vente flash de DESMO RR. - leblogmoto.com","isPartOf":{"@id":"https:\/\/blogs.thesocialmedia.com\/leblogmoto\/#website"},"primaryImageOfPage":{"@id":"https:\/\/blogs.thesocialmedia.com\/leblogmoto\/2006\/06\/10\/vente-flash-de\/#primaryimage"},"image":{"@id":"https:\/\/blogs.thesocialmedia.com\/leblogmoto\/2006\/06\/10\/vente-flash-de\/#primaryimage"},"thumbnailUrl":"http:\/\/www.leblogmoto.com\/images\/desmorr4.jpg","datePublished":"2006-06-10T00:38:40+00:00","dateModified":"2012-07-11T14:24:10+00:00","author":{"@id":"https:\/\/blogs.thesocialmedia.com\/leblogmoto\/#\/schema\/person\/1a1dcfc7cec206573105eb4af91155c2"},"breadcrumb":{"@id":"https:\/\/blogs.thesocialmedia.com\/leblogmoto\/2006\/06\/10\/vente-flash-de\/#breadcrumb"},"inLanguage":"fr-FR","potentialAction":[{"@type":"ReadAction","target":["https:\/\/blogs.thesocialmedia.com\/leblogmoto\/2006\/06\/10\/vente-flash-de\/"]}]},{"@type":"ImageObject","inLanguage":"fr-FR","@id":"https:\/\/blogs.thesocialmedia.com\/leblogmoto\/2006\/06\/10\/vente-flash-de\/#primaryimage","url":"http:\/\/www.leblogmoto.com\/images\/desmorr4.jpg","contentUrl":"http:\/\/www.leblogmoto.com\/images\/desmorr4.jpg"},{"@type":"BreadcrumbList","@id":"https:\/\/blogs.thesocialmedia.com\/leblogmoto\/2006\/06\/10\/vente-flash-de\/#breadcrumb","itemListElement":[{"@type":"ListItem","position":1,"name":"Accueil","item":"https:\/\/blogs.thesocialmedia.com\/leblogmoto\/"},{"@type":"ListItem","position":2,"name":"Vente flash de DESMO RR."}]},{"@type":"WebSite","@id":"https:\/\/blogs.thesocialmedia.com\/leblogmoto\/#website","url":"https:\/\/blogs.thesocialmedia.com\/leblogmoto\/","name":"leblogmoto","description":"Toute l&#039;actualit\u00e9 des 2 roues","potentialAction":[{"@type":"SearchAction","target":{"@type":"EntryPoint","urlTemplate":"https:\/\/blogs.thesocialmedia.com\/leblogmoto\/?s={search_term_string}"},"query-input":{"@type":"PropertyValueSpecification","valueRequired":true,"valueName":"search_term_string"}}],"inLanguage":"fr-FR"},{"@type":"Person","@id":"https:\/\/blogs.thesocialmedia.com\/leblogmoto\/#\/schema\/person\/1a1dcfc7cec206573105eb4af91155c2","name":"andre leconde","image":{"@type":"ImageObject","inLanguage":"fr-FR","@id":"https:\/\/blogs.thesocialmedia.com\/leblogmoto\/#\/schema\/person\/image\/","url":"https:\/\/secure.gravatar.com\/avatar\/?s=96&d=mm&r=g","contentUrl":"https:\/\/secure.gravatar.com\/avatar\/?s=96&d=mm&r=g","caption":"andre leconde"},"url":"https:\/\/blogs.thesocialmedia.com\/leblogmoto\/author\/andre-leconde\/"}]}},"_links":{"self":[{"href":"https:\/\/blogs.thesocialmedia.com\/leblogmoto\/wp-json\/wp\/v2\/posts\/1778","targetHints":{"allow":["GET"]}}],"collection":[{"href":"https:\/\/blogs.thesocialmedia.com\/leblogmoto\/wp-json\/wp\/v2\/posts"}],"about":[{"href":"https:\/\/blogs.thesocialmedia.com\/leblogmoto\/wp-json\/wp\/v2\/types\/post"}],"author":[{"embeddable":true,"href":"https:\/\/blogs.thesocialmedia.com\/leblogmoto\/wp-json\/wp\/v2\/users\/336"}],"replies":[{"embeddable":true,"href":"https:\/\/blogs.thesocialmedia.com\/leblogmoto\/wp-json\/wp\/v2\/comments?post=1778"}],"version-history":[{"count":2,"href":"https:\/\/blogs.thesocialmedia.com\/leblogmoto\/wp-json\/wp\/v2\/posts\/1778\/revisions"}],"predecessor-version":[{"id":7575,"href":"https:\/\/blogs.thesocialmedia.com\/leblogmoto\/wp-json\/wp\/v2\/posts\/1778\/revisions\/7575"}],"wp:attachment":[{"href":"https:\/\/blogs.thesocialmedia.com\/leblogmoto\/wp-json\/wp\/v2\/media?parent=1778"}],"wp:term":[{"taxonomy":"category","embeddable":true,"href":"https:\/\/blogs.thesocialmedia.com\/leblogmoto\/wp-json\/wp\/v2\/categories?post=1778"},{"taxonomy":"post_tag","embeddable":true,"href":"https:\/\/blogs.thesocialmedia.com\/leblogmoto\/wp-json\/wp\/v2\/tags?post=1778"}],"curies":[{"name":"wp","href":"https:\/\/api.w.org\/{rel}","templated":true}]}}