{"id":178,"date":"2009-04-20T07:11:39","date_gmt":"2009-04-20T07:11:39","guid":{"rendered":"http:\/\/blogs.thesocialmedia.com\/leblogmoto\/2009\/04\/20\/yamaha-detrone-suzuki-aux-24-h-du-mans\/"},"modified":"2012-07-11T17:19:45","modified_gmt":"2012-07-11T17:19:45","slug":"yamaha-detrone-suzuki-aux-24-h-du-mans","status":"publish","type":"post","link":"https:\/\/blogs.thesocialmedia.com\/leblogmoto\/2009\/04\/20\/yamaha-detrone-suzuki-aux-24-h-du-mans\/","title":{"rendered":"La pluie aide Yamaha \u00e0 d\u00e9tr\u00f4ner Suzuki aux 24 Heures du Mans."},"content":{"rendered":"<p><a href=\"http:\/\/blogs.thesocialmedia.com\/leblogmoto\/files\/2012\/07\/6a00d83451b18369e20115702dea03970b-popup.png\"><img decoding=\"async\" alt=\"LM4\" class=\"at-xid-6a00d83451b18369e20115702dea03970b \" src=\"http:\/\/blogs.thesocialmedia.com\/leblogmoto\/files\/2012\/07\/6a00d83451b18369e20115702dea03970b-500wi.jpg\" \/><\/a> <\/p>\n<p>La moto n\u00b07&#160;du YART* pilot\u00e9e par le trio Igor Jerman &#8211; Steve Martin &#8211; Gwen Giabbani a donc r\u00e9concili\u00e9 les fans de la marque au diapason avec l&#039;\u00e9preuve d&#039;endurance mancelle pour d\u00e9crocher une troisi\u00e8me victoire, apr\u00e8s les r\u00e9ussites de 1991 et 2005.&#160;Au guidon&#160;de la&#160;Yamaha YZF-R1, le Slov\u00e8ne Jerman s&#039;offre m\u00eame ses seconds lauriers en terre sarthoise,&#160;apr\u00e8s les premiers acquis&#160;il y a onze ans&#160;de cela.&#160;La&#160;course&#160;se d\u00e9roula devant&#160;92.000 spectateurs selon les organisateurs,&#160;qui assist\u00e8rent \u00e0&#160;une \u00e9preuve de force qui tint parfois de la joute nautique, et donc&#160;de l&#039;\u00e9cr\u00e9mage, aussi,&#160;puisque sur 46 concurrents, 27 ralli\u00e8rent le drapeau \u00e0 damiers, soit 19&#160;abandons.&#160;Victime de son impr\u00e9paration plus que de sa malchance,&#160;le SERT&#160;vainqueur l&#039;ann\u00e9e pass\u00e9e et en 2007 aurait pu contester \u00e0 Yam et surtout \u00e0&#160;Honda leur place sur&#160;le podium. Une (relative) contre-performance&#160;mise sur le compte de&#160;son manque de roulage avec&#160;les gommes Dunlop.&#160;L&#039;\u00e9quipementier fixe d&#039;ores et d\u00e9j\u00e0 rendez-vous au&#160;Bol d&#039;Or au Bibendum Mic<span><\/span>helin qui&#160;fournissait le vainqueur du&#160;jour&#160;et son dauphin, sous un temps moins pluvieux esp\u00e8re t&#039;il sans doute. Mais rien ne dit que l&#039;on assistera forc\u00e9ment \u00e0 une revanche.<\/p>\n<\/p>\n<p><a href=\"http:\/\/blogs.thesocialmedia.com\/leblogmoto\/files\/2012\/07\/6a00d83451b18369e20115702deadf970b-popup.png\"><img decoding=\"async\" alt=\"LM5\" class=\"at-xid-6a00d83451b18369e20115702deadf970b \" src=\"http:\/\/blogs.thesocialmedia.com\/leblogmoto\/files\/2012\/07\/6a00d83451b18369e20115702deadf970b-500wi.jpg\" \/><\/a> <\/p>\n<p>D&#039;autant que la course&#160;ressemble subjectivement&#160;\u00e0 un cavalier seul de la machine du YART; leader d\u00e8s la fin de l&#039;apr\u00e8s-midi, la&#160;n\u00b07 du team autrichien&#160;affichait \u00e0 la tomb\u00e9e de la nuit&#160;deux tours d&#039;avance sur sa poursuivante&#160;imm\u00e9diate&#160;et&#160;championne en titre, la Suzuki n\u00b01.&#160;Le <em>safety car<\/em> \u00e9tait alors de sortie \u00e0 22h00 en raison de la pluie,&#160;des conditions qui permirent&#160;\u00e0 la&#160;Honda n\u00b0111 partie en pole (puis&#160;retard\u00e9e suite \u00e0 une&#160;sortie de piste&#160;de Lagrive)&#160;de tenter de revenir aux avant-postes gr\u00e2ce \u00e0 ses gommes. Mais son&#160;pilote, l&#039;Anglais Plater,&#160;partit \u00e0 la faute et dut s&#039;arr\u00eater une nouvelle fois&#160;pour r\u00e9parer.&#160;<\/p>\n<p>Pourtant tout n&#039;avait pas&#160;\u00e9t\u00e9 rose pour les Yam jusqu&#039;alors, la Yamaha France GMT 94 avait abandonn\u00e9&#160;en raison d&#039;une&#160;surchauffe et casse moteur&#160;d\u00e8s la&#160;37\u00e8me minute de course. La Yamaha Phase One&#160;subissait le m\u00eame sort, et quittait l&#039;\u00e9preuve peu apr\u00e8s 17 heures, sur surchauffe moteur \u00e9galement.<\/p>\n<p>Au point du jour, le soleil se l\u00e8ve sur&#160;les 27 rescap\u00e9s toujours en piste,&#160;comme \u00e9voqu\u00e9 plus haut, un&#160;nombre qui restera&#160;inchang\u00e9&#160;jusqu&#039;\u00e0 la fin de la course. Avec la&#160;R1 solidement arrim\u00e9 en t\u00eate, c&#039;est dans son sillage que surgirent les surprises:&#160;une erreur de la&#160;Suzuki n\u00b01&#160;envoya cons\u00e9cutivement sa rivale la n\u00b0111 du blason ail\u00e9 \u00e0 la deuxi\u00e8me place, une hi\u00e9rarchie qui ne devait plus changer jusqu&#039;\u00e0 l&#039;\u00e9coulement des 24 heures. C&#039;est ainsi qu&#039;\u00e0 15h00 le Fran\u00e7ais Gwen Giabani l&#039;emporte pour son team devant son compatriote, S\u00e9bastien&#160;Charpentier.<\/p>\n<p>A noter la belle&#160;course r\u00e9guli\u00e8re du&#160;Suzuki RT Racing Team Moto Virus de Jean-Louis Devoyon, Fr\u00e9d\u00e9ric Jond et Rapha\u00ebl Ch\u00e8vre&#160;qui leur permet de d\u00e9crocher&#160;une&#160;\u00e9tonnante quatri\u00e8me place. Ainsi que la vraie r\u00e9ussite&#160;du Junior Team de la n\u00b0 72,&#160;prenant&#160;la cinqui\u00e8me place au scratch (et la&#160;premi\u00e8re en Superstock).&#160;Une&#160;moto qui vient&#160;compl\u00e9ter le bon tir group\u00e9 des Suzuki qui&#160;placent&#160;cinq&#160;de&#160;leur machines&#160;dans les sept premiers. Vous avez dit contre-performance suzukiste ?<\/p>\n<p><a href=\"http:\/\/blogs.thesocialmedia.com\/leblogmoto\/files\/2012\/07\/6a00d83451b18369e20115702deb0c970b-popup.png\"><img decoding=\"async\" alt=\"LM6\" class=\"at-xid-6a00d83451b18369e20115702deb0c970b \" src=\"http:\/\/blogs.thesocialmedia.com\/leblogmoto\/files\/2012\/07\/6a00d83451b18369e20115702deb0c970b-300wi.jpg\" \/><\/a> <\/p>\n<p> <\/p>\n<p>1. Igor Jerman\/Steve Martin\/Gwen Giabbani (Sln\/Aut\/Fr\/Yamaha no 7) 727 tours, soit 3042,495 km (moyenne: 151,896 km\/h). <\/p>\n<p>2. Steve Plater\/S\u00e9bastien Charpentier\/Matthieu Lagrive (Ang\/Fr\/Fr\/Honda no 111) \u00e0 5 tours. <\/p>\n<p>3. Vincent Philippe\/Barry Veneman\/Guillaume Dietrich (Fr\/PB\/Fr\/Suzuki no 1) \u00e0 11 tours. <\/p>\n<p>4. Rapha\u00ebl Ch\u00e8vre\/Jean-Louis Devoyon\/Fr\u00e9d\u00e9ric Jond<\/p>\n<p>5. Freddy Foray\/C\u00e9dric Tangre\/Louis Bulle (Fr\/Junior Suzuki no 72) \u00e0 24 tours. <\/p>\n<p>6. Mishal Al\/Naimi\/Masahiro Shinjo\/Anthony Delhalle (Qat\/Jap\/Fr\/Suzuki no 95) \u00e0 24 tours. <\/p>\n<p>7. Gr\u00e9gory Junod\/Herv\u00e9 Gantner\/Vincent Houssin (S\/S\/Fr\/Suzuki no 41) \u00e0 31 tours.<\/p>\n<p>8. Julien Da Costa\/Kenny Foray\/Simon Andrews (Fr\/Fr\/Ang\/Kawasaski no 11) \u00e0 32 tours.<\/p>\n<p>9. S\u00e9bastien Prulhi\u00e8re\/Mathieu Andrieu\/Geoffrey Gnemmi (Fr\/Suzuki no 27) \u00e0 35 tours.<\/p>\n<p>10. Horst Saiger\/Patrick Muff\/Rico Penzkofer (Aut\/S\/All\/Kawasaki no 8) \u00e0 35 tours.&#160; <\/p>\n<p><em>*Yamaha Austria Racing Team.<\/em><\/p>\n<p><em>Cr\u00e9dit photos: AFP<\/em><\/p>\n","protected":false},"excerpt":{"rendered":"<p>La moto n\u00b07&#160;du YART* pilot\u00e9e par le trio Igor Jerman &#8211; Steve Martin &#8211; Gwen Giabbani a donc r\u00e9concili\u00e9 les fans de la marque au diapason avec l&#039;\u00e9preuve d&#039;endurance mancelle pour d\u00e9crocher une troisi\u00e8me victoire, apr\u00e8s les r\u00e9ussites de 1991 et 2005.&#160;Au guidon&#160;de la&#160;Yamaha YZF-R1, le Slov\u00e8ne Jerman s&#039;offre m\u00eame ses seconds lauriers en terre [&hellip;]<\/p>\n","protected":false},"author":324,"featured_media":13300,"comment_status":"open","ping_status":"open","sticky":false,"template":"","format":"standard","meta":{"footnotes":""},"categories":[3,69,44],"tags":[],"class_list":["post-178","post","type-post","status-publish","format-standard","has-post-thumbnail","hentry","category-actualite","category-endurance","category-yamaha"],"yoast_head":"<!-- This site is optimized with the Yoast SEO plugin v26.0 - https:\/\/yoast.com\/wordpress\/plugins\/seo\/ -->\n<title>La pluie aide Yamaha \u00e0 d\u00e9tr\u00f4ner Suzuki aux 24 Heures du Mans. - leblogmoto.com<\/title>\n<meta name=\"robots\" content=\"index, follow, max-snippet:-1, max-image-preview:large, max-video-preview:-1\" \/>\n<link rel=\"canonical\" href=\"https:\/\/blogs.thesocialmedia.com\/leblogmoto\/2009\/04\/20\/yamaha-detrone-suzuki-aux-24-h-du-mans\/\" \/>\n<meta name=\"twitter:card\" content=\"summary_large_image\" \/>\n<meta name=\"twitter:title\" content=\"La pluie aide Yamaha \u00e0 d\u00e9tr\u00f4ner Suzuki aux 24 Heures du Mans. - leblogmoto.com\" \/>\n<meta name=\"twitter:description\" content=\"La moto n\u00b07&#160;du YART* pilot\u00e9e par le trio Igor Jerman &#8211; Steve Martin &#8211; Gwen Giabbani a donc r\u00e9concili\u00e9 les fans de la marque au diapason avec l&#039;\u00e9preuve d&#039;endurance mancelle pour d\u00e9crocher une troisi\u00e8me victoire, apr\u00e8s les r\u00e9ussites de 1991 et 2005.&#160;Au guidon&#160;de la&#160;Yamaha YZF-R1, le Slov\u00e8ne Jerman s&#039;offre m\u00eame ses seconds lauriers en terre [&hellip;]\" \/>\n<meta name=\"twitter:image\" content=\"https:\/\/blogs.thesocialmedia.com\/leblogmoto\/files\/2012\/07\/6a00d83451b18369e20115702dea03970b-500wi.jpg\" \/>\n<meta name=\"twitter:label1\" content=\"\u00c9crit par\" \/>\n\t<meta name=\"twitter:data1\" content=\"benoit rieu\" \/>\n\t<meta name=\"twitter:label2\" content=\"Dur\u00e9e de lecture estim\u00e9e\" \/>\n\t<meta name=\"twitter:data2\" content=\"4 minutes\" \/>\n<script type=\"application\/ld+json\" class=\"yoast-schema-graph\">{\"@context\":\"https:\/\/schema.org\",\"@graph\":[{\"@type\":\"WebPage\",\"@id\":\"https:\/\/blogs.thesocialmedia.com\/leblogmoto\/2009\/04\/20\/yamaha-detrone-suzuki-aux-24-h-du-mans\/\",\"url\":\"https:\/\/blogs.thesocialmedia.com\/leblogmoto\/2009\/04\/20\/yamaha-detrone-suzuki-aux-24-h-du-mans\/\",\"name\":\"La pluie aide Yamaha \u00e0 d\u00e9tr\u00f4ner Suzuki aux 24 Heures du Mans. - leblogmoto.com\",\"isPartOf\":{\"@id\":\"https:\/\/blogs.thesocialmedia.com\/leblogmoto\/#website\"},\"primaryImageOfPage\":{\"@id\":\"https:\/\/blogs.thesocialmedia.com\/leblogmoto\/2009\/04\/20\/yamaha-detrone-suzuki-aux-24-h-du-mans\/#primaryimage\"},\"image\":{\"@id\":\"https:\/\/blogs.thesocialmedia.com\/leblogmoto\/2009\/04\/20\/yamaha-detrone-suzuki-aux-24-h-du-mans\/#primaryimage\"},\"thumbnailUrl\":\"https:\/\/blogs.thesocialmedia.com\/leblogmoto\/files\/2012\/07\/6a00d83451b18369e20115702dea03970b-500wi.jpg\",\"datePublished\":\"2009-04-20T07:11:39+00:00\",\"dateModified\":\"2012-07-11T17:19:45+00:00\",\"author\":{\"@id\":\"https:\/\/blogs.thesocialmedia.com\/leblogmoto\/#\/schema\/person\/18bfe773e5725ed6d24f743da805362a\"},\"breadcrumb\":{\"@id\":\"https:\/\/blogs.thesocialmedia.com\/leblogmoto\/2009\/04\/20\/yamaha-detrone-suzuki-aux-24-h-du-mans\/#breadcrumb\"},\"inLanguage\":\"fr-FR\",\"potentialAction\":[{\"@type\":\"ReadAction\",\"target\":[\"https:\/\/blogs.thesocialmedia.com\/leblogmoto\/2009\/04\/20\/yamaha-detrone-suzuki-aux-24-h-du-mans\/\"]}]},{\"@type\":\"ImageObject\",\"inLanguage\":\"fr-FR\",\"@id\":\"https:\/\/blogs.thesocialmedia.com\/leblogmoto\/2009\/04\/20\/yamaha-detrone-suzuki-aux-24-h-du-mans\/#primaryimage\",\"url\":\"https:\/\/blogs.thesocialmedia.com\/leblogmoto\/files\/2012\/07\/6a00d83451b18369e20115702dea03970b-500wi.jpg\",\"contentUrl\":\"https:\/\/blogs.thesocialmedia.com\/leblogmoto\/files\/2012\/07\/6a00d83451b18369e20115702dea03970b-500wi.jpg\",\"width\":\"500\",\"height\":\"412\"},{\"@type\":\"BreadcrumbList\",\"@id\":\"https:\/\/blogs.thesocialmedia.com\/leblogmoto\/2009\/04\/20\/yamaha-detrone-suzuki-aux-24-h-du-mans\/#breadcrumb\",\"itemListElement\":[{\"@type\":\"ListItem\",\"position\":1,\"name\":\"Accueil\",\"item\":\"https:\/\/blogs.thesocialmedia.com\/leblogmoto\/\"},{\"@type\":\"ListItem\",\"position\":2,\"name\":\"La pluie aide Yamaha \u00e0 d\u00e9tr\u00f4ner Suzuki aux 24 Heures du Mans.\"}]},{\"@type\":\"WebSite\",\"@id\":\"https:\/\/blogs.thesocialmedia.com\/leblogmoto\/#website\",\"url\":\"https:\/\/blogs.thesocialmedia.com\/leblogmoto\/\",\"name\":\"leblogmoto\",\"description\":\"Toute l&#039;actualit\u00e9 des 2 roues\",\"potentialAction\":[{\"@type\":\"SearchAction\",\"target\":{\"@type\":\"EntryPoint\",\"urlTemplate\":\"https:\/\/blogs.thesocialmedia.com\/leblogmoto\/?s={search_term_string}\"},\"query-input\":{\"@type\":\"PropertyValueSpecification\",\"valueRequired\":true,\"valueName\":\"search_term_string\"}}],\"inLanguage\":\"fr-FR\"},{\"@type\":\"Person\",\"@id\":\"https:\/\/blogs.thesocialmedia.com\/leblogmoto\/#\/schema\/person\/18bfe773e5725ed6d24f743da805362a\",\"name\":\"benoit rieu\",\"image\":{\"@type\":\"ImageObject\",\"inLanguage\":\"fr-FR\",\"@id\":\"https:\/\/blogs.thesocialmedia.com\/leblogmoto\/#\/schema\/person\/image\/\",\"url\":\"https:\/\/secure.gravatar.com\/avatar\/?s=96&d=mm&r=g\",\"contentUrl\":\"https:\/\/secure.gravatar.com\/avatar\/?s=96&d=mm&r=g\",\"caption\":\"benoit rieu\"},\"url\":\"https:\/\/blogs.thesocialmedia.com\/leblogmoto\/author\/benoit-rieu\/\"}]}<\/script>\n<!-- \/ Yoast SEO plugin. -->","yoast_head_json":{"title":"La pluie aide Yamaha \u00e0 d\u00e9tr\u00f4ner Suzuki aux 24 Heures du Mans. - leblogmoto.com","robots":{"index":"index","follow":"follow","max-snippet":"max-snippet:-1","max-image-preview":"max-image-preview:large","max-video-preview":"max-video-preview:-1"},"canonical":"https:\/\/blogs.thesocialmedia.com\/leblogmoto\/2009\/04\/20\/yamaha-detrone-suzuki-aux-24-h-du-mans\/","twitter_card":"summary_large_image","twitter_title":"La pluie aide Yamaha \u00e0 d\u00e9tr\u00f4ner Suzuki aux 24 Heures du Mans. - leblogmoto.com","twitter_description":"La moto n\u00b07&#160;du YART* pilot\u00e9e par le trio Igor Jerman &#8211; Steve Martin &#8211; Gwen Giabbani a donc r\u00e9concili\u00e9 les fans de la marque au diapason avec l&#039;\u00e9preuve d&#039;endurance mancelle pour d\u00e9crocher une troisi\u00e8me victoire, apr\u00e8s les r\u00e9ussites de 1991 et 2005.&#160;Au guidon&#160;de la&#160;Yamaha YZF-R1, le Slov\u00e8ne Jerman s&#039;offre m\u00eame ses seconds lauriers en terre [&hellip;]","twitter_image":"https:\/\/blogs.thesocialmedia.com\/leblogmoto\/files\/2012\/07\/6a00d83451b18369e20115702dea03970b-500wi.jpg","twitter_misc":{"\u00c9crit par":"benoit rieu","Dur\u00e9e de lecture estim\u00e9e":"4 minutes"},"schema":{"@context":"https:\/\/schema.org","@graph":[{"@type":"WebPage","@id":"https:\/\/blogs.thesocialmedia.com\/leblogmoto\/2009\/04\/20\/yamaha-detrone-suzuki-aux-24-h-du-mans\/","url":"https:\/\/blogs.thesocialmedia.com\/leblogmoto\/2009\/04\/20\/yamaha-detrone-suzuki-aux-24-h-du-mans\/","name":"La pluie aide Yamaha \u00e0 d\u00e9tr\u00f4ner Suzuki aux 24 Heures du Mans. - leblogmoto.com","isPartOf":{"@id":"https:\/\/blogs.thesocialmedia.com\/leblogmoto\/#website"},"primaryImageOfPage":{"@id":"https:\/\/blogs.thesocialmedia.com\/leblogmoto\/2009\/04\/20\/yamaha-detrone-suzuki-aux-24-h-du-mans\/#primaryimage"},"image":{"@id":"https:\/\/blogs.thesocialmedia.com\/leblogmoto\/2009\/04\/20\/yamaha-detrone-suzuki-aux-24-h-du-mans\/#primaryimage"},"thumbnailUrl":"https:\/\/blogs.thesocialmedia.com\/leblogmoto\/files\/2012\/07\/6a00d83451b18369e20115702dea03970b-500wi.jpg","datePublished":"2009-04-20T07:11:39+00:00","dateModified":"2012-07-11T17:19:45+00:00","author":{"@id":"https:\/\/blogs.thesocialmedia.com\/leblogmoto\/#\/schema\/person\/18bfe773e5725ed6d24f743da805362a"},"breadcrumb":{"@id":"https:\/\/blogs.thesocialmedia.com\/leblogmoto\/2009\/04\/20\/yamaha-detrone-suzuki-aux-24-h-du-mans\/#breadcrumb"},"inLanguage":"fr-FR","potentialAction":[{"@type":"ReadAction","target":["https:\/\/blogs.thesocialmedia.com\/leblogmoto\/2009\/04\/20\/yamaha-detrone-suzuki-aux-24-h-du-mans\/"]}]},{"@type":"ImageObject","inLanguage":"fr-FR","@id":"https:\/\/blogs.thesocialmedia.com\/leblogmoto\/2009\/04\/20\/yamaha-detrone-suzuki-aux-24-h-du-mans\/#primaryimage","url":"https:\/\/blogs.thesocialmedia.com\/leblogmoto\/files\/2012\/07\/6a00d83451b18369e20115702dea03970b-500wi.jpg","contentUrl":"https:\/\/blogs.thesocialmedia.com\/leblogmoto\/files\/2012\/07\/6a00d83451b18369e20115702dea03970b-500wi.jpg","width":"500","height":"412"},{"@type":"BreadcrumbList","@id":"https:\/\/blogs.thesocialmedia.com\/leblogmoto\/2009\/04\/20\/yamaha-detrone-suzuki-aux-24-h-du-mans\/#breadcrumb","itemListElement":[{"@type":"ListItem","position":1,"name":"Accueil","item":"https:\/\/blogs.thesocialmedia.com\/leblogmoto\/"},{"@type":"ListItem","position":2,"name":"La pluie aide Yamaha \u00e0 d\u00e9tr\u00f4ner Suzuki aux 24 Heures du Mans."}]},{"@type":"WebSite","@id":"https:\/\/blogs.thesocialmedia.com\/leblogmoto\/#website","url":"https:\/\/blogs.thesocialmedia.com\/leblogmoto\/","name":"leblogmoto","description":"Toute l&#039;actualit\u00e9 des 2 roues","potentialAction":[{"@type":"SearchAction","target":{"@type":"EntryPoint","urlTemplate":"https:\/\/blogs.thesocialmedia.com\/leblogmoto\/?s={search_term_string}"},"query-input":{"@type":"PropertyValueSpecification","valueRequired":true,"valueName":"search_term_string"}}],"inLanguage":"fr-FR"},{"@type":"Person","@id":"https:\/\/blogs.thesocialmedia.com\/leblogmoto\/#\/schema\/person\/18bfe773e5725ed6d24f743da805362a","name":"benoit rieu","image":{"@type":"ImageObject","inLanguage":"fr-FR","@id":"https:\/\/blogs.thesocialmedia.com\/leblogmoto\/#\/schema\/person\/image\/","url":"https:\/\/secure.gravatar.com\/avatar\/?s=96&d=mm&r=g","contentUrl":"https:\/\/secure.gravatar.com\/avatar\/?s=96&d=mm&r=g","caption":"benoit rieu"},"url":"https:\/\/blogs.thesocialmedia.com\/leblogmoto\/author\/benoit-rieu\/"}]}},"_links":{"self":[{"href":"https:\/\/blogs.thesocialmedia.com\/leblogmoto\/wp-json\/wp\/v2\/posts\/178","targetHints":{"allow":["GET"]}}],"collection":[{"href":"https:\/\/blogs.thesocialmedia.com\/leblogmoto\/wp-json\/wp\/v2\/posts"}],"about":[{"href":"https:\/\/blogs.thesocialmedia.com\/leblogmoto\/wp-json\/wp\/v2\/types\/post"}],"author":[{"embeddable":true,"href":"https:\/\/blogs.thesocialmedia.com\/leblogmoto\/wp-json\/wp\/v2\/users\/324"}],"replies":[{"embeddable":true,"href":"https:\/\/blogs.thesocialmedia.com\/leblogmoto\/wp-json\/wp\/v2\/comments?post=178"}],"version-history":[{"count":2,"href":"https:\/\/blogs.thesocialmedia.com\/leblogmoto\/wp-json\/wp\/v2\/posts\/178\/revisions"}],"predecessor-version":[{"id":13306,"href":"https:\/\/blogs.thesocialmedia.com\/leblogmoto\/wp-json\/wp\/v2\/posts\/178\/revisions\/13306"}],"wp:featuredmedia":[{"embeddable":true,"href":"https:\/\/blogs.thesocialmedia.com\/leblogmoto\/wp-json\/wp\/v2\/media\/13300"}],"wp:attachment":[{"href":"https:\/\/blogs.thesocialmedia.com\/leblogmoto\/wp-json\/wp\/v2\/media?parent=178"}],"wp:term":[{"taxonomy":"category","embeddable":true,"href":"https:\/\/blogs.thesocialmedia.com\/leblogmoto\/wp-json\/wp\/v2\/categories?post=178"},{"taxonomy":"post_tag","embeddable":true,"href":"https:\/\/blogs.thesocialmedia.com\/leblogmoto\/wp-json\/wp\/v2\/tags?post=178"}],"curies":[{"name":"wp","href":"https:\/\/api.w.org\/{rel}","templated":true}]}}