{"id":1781,"date":"2006-06-07T16:24:09","date_gmt":"2006-06-07T16:24:09","guid":{"rendered":"http:\/\/blogs.thesocialmedia.com\/leblogmoto\/2006\/06\/07\/aprilia-sil-te\/"},"modified":"2012-07-11T14:24:06","modified_gmt":"2012-07-11T14:24:06","slug":"aprilia-sil-te","status":"publish","type":"post","link":"https:\/\/blogs.thesocialmedia.com\/leblogmoto\/2006\/06\/07\/aprilia-sil-te\/","title":{"rendered":"APRILIA: S&rsquo;il te pla\u00eet, dessine moi une d\u00e9co"},"content":{"rendered":"<p><a href=\"http:\/\/blogs.thesocialmedia.com\/leblogmoto\/files\/2012\/07\/apriliarsv1000rfac.jpg\"><img loading=\"lazy\" decoding=\"async\" height=\"155\" alt=\"Apriliarsv1000rfac\" src=\"http:\/\/www.leblogmoto.com\/images\/apriliarsv1000rfac.jpg\" width=\"250\"  \/><\/a> <strong>Petit Prince de la souris informatique<\/strong>, ruez vous sur le site <a href=\"http:\/\/www.leblogmoto.com\/2006\/04\/aprilia_vivemen.html\">APRILIA<\/a> et laissez libre cours \u00e0 votre imagination.<\/p>\n<p>La marque transalpine est en effet en panne d&rsquo;inspiration pour sa future participation au <strong>Bol d&rsquo;Or<\/strong> les 16 et 17 septembre prochains.<\/p>\n<p>Alors elle a mis en ligne cette <a href=\"http:\/\/www.leblogmoto.com\/2005\/06\/aprilia_rsv_100.html\">RSV<\/a> immacul\u00e9e, qu&rsquo;il vous faudra t\u00e9l\u00e9charger et renvoyer avec vos id\u00e9es dessus. Une r\u00e9compense vous attend \u00e0 l&rsquo;issue, si vous avez la chance d&rsquo;\u00eatre l&rsquo;\u00e9lu&#8230;&nbsp; <\/p>\n<p><a href=\"http:\/\/clabedan.typepad.com\/.shared\/image.html?\/photos\/uncategorized\/zoom2_01108.jpg\"><img loading=\"lazy\" decoding=\"async\" height=\"165\" alt=\"Zoom2_01108\" src=\"http:\/\/www.leblogmoto.com\/images\/zoom2_01108.jpg\" width=\"250\"  \/><\/a> Les projets seront mis en ligne sur le site mais le jury qui d\u00e9cidera sera compos\u00e9 d&rsquo;\u00e9minents personnages du centre de style de la marque.<\/p>\n<p>La timballe d\u00e9croch\u00e9e, votre imagination r\u00e9compens\u00e9e, direction le Bol D&rsquo;or en V.I.P avec une conf\u00e9rence de presse \u00e0 la cl\u00e9. Et la joie de voir tourner votre b\u00e9b\u00e9.<\/p>\n<p>Vous avez jusqu&rsquo;au<strong> 31 Juillet<\/strong>. Petite info, chez APRILIA, on aime bien se rappeler son palmar\u00e8s sportif. <\/p>\n<p>SOURCE: <a href=\"http:\/\/www.aprilia.com\/\">www.aprilia.com<\/a>&nbsp; &nbsp;&nbsp; <\/p>\n","protected":false},"excerpt":{"rendered":"<p>Petit Prince de la souris informatique, ruez vous sur le site APRILIA et laissez libre cours \u00e0 votre imagination. La marque transalpine est en effet en panne d&rsquo;inspiration pour sa future participation au Bol d&rsquo;Or les 16 et 17 septembre prochains. Alors elle a mis en ligne cette RSV immacul\u00e9e, qu&rsquo;il vous faudra t\u00e9l\u00e9charger et [&hellip;]<\/p>\n","protected":false},"author":336,"featured_media":0,"comment_status":"open","ping_status":"open","sticky":false,"template":"","format":"standard","meta":{"footnotes":""},"categories":[49,31,16,32,46],"tags":[],"class_list":["post-1781","post","type-post","status-publish","format-standard","hentry","category-actualites-entreprise","category-aprilia","category-art-moto","category-sport-moto","category-superbike"],"yoast_head":"<!-- This site is optimized with the Yoast SEO plugin v26.0 - https:\/\/yoast.com\/wordpress\/plugins\/seo\/ -->\n<title>APRILIA: S&#039;il te pla\u00eet, dessine moi une d\u00e9co - leblogmoto.com<\/title>\n<meta name=\"robots\" content=\"index, follow, max-snippet:-1, max-image-preview:large, max-video-preview:-1\" \/>\n<link rel=\"canonical\" href=\"https:\/\/blogs.thesocialmedia.com\/leblogmoto\/2006\/06\/07\/aprilia-sil-te\/\" \/>\n<meta name=\"twitter:card\" content=\"summary_large_image\" \/>\n<meta name=\"twitter:title\" content=\"APRILIA: S&#039;il te pla\u00eet, dessine moi une d\u00e9co - leblogmoto.com\" \/>\n<meta name=\"twitter:description\" content=\"Petit Prince de la souris informatique, ruez vous sur le site APRILIA et laissez libre cours \u00e0 votre imagination. La marque transalpine est en effet en panne d&rsquo;inspiration pour sa future participation au Bol d&rsquo;Or les 16 et 17 septembre prochains. Alors elle a mis en ligne cette RSV immacul\u00e9e, qu&rsquo;il vous faudra t\u00e9l\u00e9charger et [&hellip;]\" \/>\n<meta name=\"twitter:image\" content=\"http:\/\/www.leblogmoto.com\/images\/apriliarsv1000rfac.jpg\" \/>\n<meta name=\"twitter:label1\" content=\"\u00c9crit par\" \/>\n\t<meta name=\"twitter:data1\" content=\"andre leconde\" \/>\n\t<meta name=\"twitter:label2\" content=\"Dur\u00e9e de lecture estim\u00e9e\" \/>\n\t<meta name=\"twitter:data2\" content=\"1 minute\" \/>\n<script type=\"application\/ld+json\" class=\"yoast-schema-graph\">{\"@context\":\"https:\/\/schema.org\",\"@graph\":[{\"@type\":\"WebPage\",\"@id\":\"https:\/\/blogs.thesocialmedia.com\/leblogmoto\/2006\/06\/07\/aprilia-sil-te\/\",\"url\":\"https:\/\/blogs.thesocialmedia.com\/leblogmoto\/2006\/06\/07\/aprilia-sil-te\/\",\"name\":\"APRILIA: S'il te pla\u00eet, dessine moi une d\u00e9co - leblogmoto.com\",\"isPartOf\":{\"@id\":\"https:\/\/blogs.thesocialmedia.com\/leblogmoto\/#website\"},\"primaryImageOfPage\":{\"@id\":\"https:\/\/blogs.thesocialmedia.com\/leblogmoto\/2006\/06\/07\/aprilia-sil-te\/#primaryimage\"},\"image\":{\"@id\":\"https:\/\/blogs.thesocialmedia.com\/leblogmoto\/2006\/06\/07\/aprilia-sil-te\/#primaryimage\"},\"thumbnailUrl\":\"http:\/\/www.leblogmoto.com\/images\/apriliarsv1000rfac.jpg\",\"datePublished\":\"2006-06-07T16:24:09+00:00\",\"dateModified\":\"2012-07-11T14:24:06+00:00\",\"author\":{\"@id\":\"https:\/\/blogs.thesocialmedia.com\/leblogmoto\/#\/schema\/person\/1a1dcfc7cec206573105eb4af91155c2\"},\"breadcrumb\":{\"@id\":\"https:\/\/blogs.thesocialmedia.com\/leblogmoto\/2006\/06\/07\/aprilia-sil-te\/#breadcrumb\"},\"inLanguage\":\"fr-FR\",\"potentialAction\":[{\"@type\":\"ReadAction\",\"target\":[\"https:\/\/blogs.thesocialmedia.com\/leblogmoto\/2006\/06\/07\/aprilia-sil-te\/\"]}]},{\"@type\":\"ImageObject\",\"inLanguage\":\"fr-FR\",\"@id\":\"https:\/\/blogs.thesocialmedia.com\/leblogmoto\/2006\/06\/07\/aprilia-sil-te\/#primaryimage\",\"url\":\"http:\/\/www.leblogmoto.com\/images\/apriliarsv1000rfac.jpg\",\"contentUrl\":\"http:\/\/www.leblogmoto.com\/images\/apriliarsv1000rfac.jpg\"},{\"@type\":\"BreadcrumbList\",\"@id\":\"https:\/\/blogs.thesocialmedia.com\/leblogmoto\/2006\/06\/07\/aprilia-sil-te\/#breadcrumb\",\"itemListElement\":[{\"@type\":\"ListItem\",\"position\":1,\"name\":\"Accueil\",\"item\":\"https:\/\/blogs.thesocialmedia.com\/leblogmoto\/\"},{\"@type\":\"ListItem\",\"position\":2,\"name\":\"APRILIA: S&rsquo;il te pla\u00eet, dessine moi une d\u00e9co\"}]},{\"@type\":\"WebSite\",\"@id\":\"https:\/\/blogs.thesocialmedia.com\/leblogmoto\/#website\",\"url\":\"https:\/\/blogs.thesocialmedia.com\/leblogmoto\/\",\"name\":\"leblogmoto\",\"description\":\"Toute l&#039;actualit\u00e9 des 2 roues\",\"potentialAction\":[{\"@type\":\"SearchAction\",\"target\":{\"@type\":\"EntryPoint\",\"urlTemplate\":\"https:\/\/blogs.thesocialmedia.com\/leblogmoto\/?s={search_term_string}\"},\"query-input\":{\"@type\":\"PropertyValueSpecification\",\"valueRequired\":true,\"valueName\":\"search_term_string\"}}],\"inLanguage\":\"fr-FR\"},{\"@type\":\"Person\",\"@id\":\"https:\/\/blogs.thesocialmedia.com\/leblogmoto\/#\/schema\/person\/1a1dcfc7cec206573105eb4af91155c2\",\"name\":\"andre leconde\",\"image\":{\"@type\":\"ImageObject\",\"inLanguage\":\"fr-FR\",\"@id\":\"https:\/\/blogs.thesocialmedia.com\/leblogmoto\/#\/schema\/person\/image\/\",\"url\":\"https:\/\/secure.gravatar.com\/avatar\/?s=96&d=mm&r=g\",\"contentUrl\":\"https:\/\/secure.gravatar.com\/avatar\/?s=96&d=mm&r=g\",\"caption\":\"andre leconde\"},\"url\":\"https:\/\/blogs.thesocialmedia.com\/leblogmoto\/author\/andre-leconde\/\"}]}<\/script>\n<!-- \/ Yoast SEO plugin. -->","yoast_head_json":{"title":"APRILIA: S'il te pla\u00eet, dessine moi une d\u00e9co - leblogmoto.com","robots":{"index":"index","follow":"follow","max-snippet":"max-snippet:-1","max-image-preview":"max-image-preview:large","max-video-preview":"max-video-preview:-1"},"canonical":"https:\/\/blogs.thesocialmedia.com\/leblogmoto\/2006\/06\/07\/aprilia-sil-te\/","twitter_card":"summary_large_image","twitter_title":"APRILIA: S'il te pla\u00eet, dessine moi une d\u00e9co - leblogmoto.com","twitter_description":"Petit Prince de la souris informatique, ruez vous sur le site APRILIA et laissez libre cours \u00e0 votre imagination. La marque transalpine est en effet en panne d&rsquo;inspiration pour sa future participation au Bol d&rsquo;Or les 16 et 17 septembre prochains. Alors elle a mis en ligne cette RSV immacul\u00e9e, qu&rsquo;il vous faudra t\u00e9l\u00e9charger et [&hellip;]","twitter_image":"http:\/\/www.leblogmoto.com\/images\/apriliarsv1000rfac.jpg","twitter_misc":{"\u00c9crit par":"andre leconde","Dur\u00e9e de lecture estim\u00e9e":"1 minute"},"schema":{"@context":"https:\/\/schema.org","@graph":[{"@type":"WebPage","@id":"https:\/\/blogs.thesocialmedia.com\/leblogmoto\/2006\/06\/07\/aprilia-sil-te\/","url":"https:\/\/blogs.thesocialmedia.com\/leblogmoto\/2006\/06\/07\/aprilia-sil-te\/","name":"APRILIA: S'il te pla\u00eet, dessine moi une d\u00e9co - leblogmoto.com","isPartOf":{"@id":"https:\/\/blogs.thesocialmedia.com\/leblogmoto\/#website"},"primaryImageOfPage":{"@id":"https:\/\/blogs.thesocialmedia.com\/leblogmoto\/2006\/06\/07\/aprilia-sil-te\/#primaryimage"},"image":{"@id":"https:\/\/blogs.thesocialmedia.com\/leblogmoto\/2006\/06\/07\/aprilia-sil-te\/#primaryimage"},"thumbnailUrl":"http:\/\/www.leblogmoto.com\/images\/apriliarsv1000rfac.jpg","datePublished":"2006-06-07T16:24:09+00:00","dateModified":"2012-07-11T14:24:06+00:00","author":{"@id":"https:\/\/blogs.thesocialmedia.com\/leblogmoto\/#\/schema\/person\/1a1dcfc7cec206573105eb4af91155c2"},"breadcrumb":{"@id":"https:\/\/blogs.thesocialmedia.com\/leblogmoto\/2006\/06\/07\/aprilia-sil-te\/#breadcrumb"},"inLanguage":"fr-FR","potentialAction":[{"@type":"ReadAction","target":["https:\/\/blogs.thesocialmedia.com\/leblogmoto\/2006\/06\/07\/aprilia-sil-te\/"]}]},{"@type":"ImageObject","inLanguage":"fr-FR","@id":"https:\/\/blogs.thesocialmedia.com\/leblogmoto\/2006\/06\/07\/aprilia-sil-te\/#primaryimage","url":"http:\/\/www.leblogmoto.com\/images\/apriliarsv1000rfac.jpg","contentUrl":"http:\/\/www.leblogmoto.com\/images\/apriliarsv1000rfac.jpg"},{"@type":"BreadcrumbList","@id":"https:\/\/blogs.thesocialmedia.com\/leblogmoto\/2006\/06\/07\/aprilia-sil-te\/#breadcrumb","itemListElement":[{"@type":"ListItem","position":1,"name":"Accueil","item":"https:\/\/blogs.thesocialmedia.com\/leblogmoto\/"},{"@type":"ListItem","position":2,"name":"APRILIA: S&rsquo;il te pla\u00eet, dessine moi une d\u00e9co"}]},{"@type":"WebSite","@id":"https:\/\/blogs.thesocialmedia.com\/leblogmoto\/#website","url":"https:\/\/blogs.thesocialmedia.com\/leblogmoto\/","name":"leblogmoto","description":"Toute l&#039;actualit\u00e9 des 2 roues","potentialAction":[{"@type":"SearchAction","target":{"@type":"EntryPoint","urlTemplate":"https:\/\/blogs.thesocialmedia.com\/leblogmoto\/?s={search_term_string}"},"query-input":{"@type":"PropertyValueSpecification","valueRequired":true,"valueName":"search_term_string"}}],"inLanguage":"fr-FR"},{"@type":"Person","@id":"https:\/\/blogs.thesocialmedia.com\/leblogmoto\/#\/schema\/person\/1a1dcfc7cec206573105eb4af91155c2","name":"andre leconde","image":{"@type":"ImageObject","inLanguage":"fr-FR","@id":"https:\/\/blogs.thesocialmedia.com\/leblogmoto\/#\/schema\/person\/image\/","url":"https:\/\/secure.gravatar.com\/avatar\/?s=96&d=mm&r=g","contentUrl":"https:\/\/secure.gravatar.com\/avatar\/?s=96&d=mm&r=g","caption":"andre leconde"},"url":"https:\/\/blogs.thesocialmedia.com\/leblogmoto\/author\/andre-leconde\/"}]}},"_links":{"self":[{"href":"https:\/\/blogs.thesocialmedia.com\/leblogmoto\/wp-json\/wp\/v2\/posts\/1781","targetHints":{"allow":["GET"]}}],"collection":[{"href":"https:\/\/blogs.thesocialmedia.com\/leblogmoto\/wp-json\/wp\/v2\/posts"}],"about":[{"href":"https:\/\/blogs.thesocialmedia.com\/leblogmoto\/wp-json\/wp\/v2\/types\/post"}],"author":[{"embeddable":true,"href":"https:\/\/blogs.thesocialmedia.com\/leblogmoto\/wp-json\/wp\/v2\/users\/336"}],"replies":[{"embeddable":true,"href":"https:\/\/blogs.thesocialmedia.com\/leblogmoto\/wp-json\/wp\/v2\/comments?post=1781"}],"version-history":[{"count":2,"href":"https:\/\/blogs.thesocialmedia.com\/leblogmoto\/wp-json\/wp\/v2\/posts\/1781\/revisions"}],"predecessor-version":[{"id":7569,"href":"https:\/\/blogs.thesocialmedia.com\/leblogmoto\/wp-json\/wp\/v2\/posts\/1781\/revisions\/7569"}],"wp:attachment":[{"href":"https:\/\/blogs.thesocialmedia.com\/leblogmoto\/wp-json\/wp\/v2\/media?parent=1781"}],"wp:term":[{"taxonomy":"category","embeddable":true,"href":"https:\/\/blogs.thesocialmedia.com\/leblogmoto\/wp-json\/wp\/v2\/categories?post=1781"},{"taxonomy":"post_tag","embeddable":true,"href":"https:\/\/blogs.thesocialmedia.com\/leblogmoto\/wp-json\/wp\/v2\/tags?post=1781"}],"curies":[{"name":"wp","href":"https:\/\/api.w.org\/{rel}","templated":true}]}}