{"id":1782,"date":"2006-06-07T12:51:43","date_gmt":"2006-06-07T12:51:43","guid":{"rendered":"http:\/\/blogs.thesocialmedia.com\/leblogmoto\/2006\/06\/07\/motogp-gersini\/"},"modified":"2012-07-11T14:24:04","modified_gmt":"2012-07-11T14:24:04","slug":"motogp-gersini","status":"publish","type":"post","link":"https:\/\/blogs.thesocialmedia.com\/leblogmoto\/2006\/06\/07\/motogp-gersini\/","title":{"rendered":"MotoGP: GRESINI avec DUCATI et BIAGGI ?"},"content":{"rendered":"<p><a href=\"http:\/\/blogs.thesocialmedia.com\/leblogmoto\/files\/2012\/07\/gix1082_3.jpg\"><img loading=\"lazy\" decoding=\"async\" height=\"166\" alt=\"_gix1082_3\" src=\"http:\/\/www.leblogmoto.com\/images\/_gix1082_3.jpg\" width=\"250\"  \/><\/a>La saison prochaine, le <a href=\"http:\/\/www.leblogmoto.com\/2006\/04\/motogp_turquie__2.html\">team GRESINI<\/a> qui fait courir actuellement <a href=\"http:\/\/www.leblogmoto.com\/2006\/05\/motogp_france_m.html\">MELANDRI<\/a> et <strong>ELIAS<\/strong> sur des <strong>RC211V<\/strong> aux couleurs de <strong>FORTUNA<\/strong>, devrait perdre son sponsor titre, qui se r\u00e9orientera vers l&rsquo;America&rsquo;s Cup.<\/p>\n<p><strong>HONDA<\/strong>, bon prince, a propos\u00e9 \u00e0 l&rsquo;Italien de devenir, en 2007, son \u00e9curie phare en <strong>SBK<\/strong> avec <strong>BARROS <\/strong>et <a href=\"http:\/\/www.leblogmoto.com\/2006\/05\/motogp_yamaha_p.html\">EDWARDS<\/a> en pilotes. Mais Fausto veut rester en MotoGP et s&#8217;emploie pour ne pas conna\u00eetre le m\u00eame triste sort qu&rsquo;a connu <a href=\"http:\/\/www.leblogmoto.com\/2006\/01\/les_premires_co.html\">Sito PONS<\/a>. <a href=\"http:\/\/www.leblogmoto.com\/2006\/06\/ducati_desmosed.html\">DUCATI<\/a> a \u00e9t\u00e9 approch\u00e9 et <strong>BIAGGI <\/strong>pourrait bien en profiter pour revenir&#8230;&nbsp; &nbsp; <\/p>\n<p><strong><a href=\"http:\/\/clabedan.typepad.com\/.shared\/image.html?\/photos\/uncategorized\/maxmot.jpg\"><img loading=\"lazy\" decoding=\"async\" height=\"266\" alt=\"Maxmot\" src=\"http:\/\/www.leblogmoto.com\/images\/maxmot.jpg\" width=\"250\"  \/><\/a> Max BIAGGI<\/strong> est sur la liste noire des constructeurs nippons. M\u00eame si des bruits courent qu&rsquo;il sera bient\u00f4t installer sur une <strong>SUZ SBK aux couleurs de Corona Extra<\/strong>, m\u00eame si certains le voient inaugurer l&rsquo;alliance d\u00e8s les prochaines <strong>08H00 de SUZUKA<\/strong>, le Romain en pince d&rsquo;abord pour la cat\u00e9gorie reine de la vitesse.<\/p>\n<p>Le montage se ferait gr\u00e2ce \u00e0 un <strong>sponsor qatarie<\/strong>. <a href=\"http:\/\/www.leblogmoto.com\/2006\/05\/ducati_la_gp7_d.html\">DUCATI<\/a> verrait d&rsquo;un bon oeil un team B autrement plus efficient que l&rsquo;actuelle \u00e9quipe de <a href=\"http:\/\/www.leblogmoto.com\/2006\/06\/motogp_du_rifif.html\">D&rsquo;ANTIN<\/a>. Les pilotes en seraient <strong>BIAGGI<\/strong> et <a href=\"http:\/\/www.leblogmoto.com\/2006\/06\/motogp_du_rifif.html\">LORENZO<\/a>, valeur montante du paddock. Deux sacr\u00e9s caract\u00e8res au passage. <strong>MELANDRI<\/strong> arriverait comme \u00e9quipier de <a href=\"http:\/\/www.leblogmoto.com\/2006\/06\/mugello_motogp__1.html\">CAPIROSSI<\/a>. <strong>GIBERNAU <\/strong>et <strong>ELIAS<\/strong> resteraient ainsi sur le carreau, sauf \u00e0 \u00eatre sauv\u00e9s par la manne ib\u00e8rique qui fait flor\u00e9s dans le milieu. Mais il faut bien avouer que leurs r\u00e9sultats actuels ne jouent pas en leur faveur.<\/p>\n<p>BIAGGI se retrouverait donc en MotoGP, loin de l&rsquo;influence japonaise qui l&rsquo;ex\u00e9cre. Et DUCATI de r\u00e9cup\u00e9rer un partenaire techniquement rod\u00e9 \u00e0 l&rsquo;exploitation de la RC211V.<\/p>\n<p>Maintenant, reste \u00e0 conna\u00eetre ce g\u00e9n\u00e9reux m\u00e9c\u00e8ne venu du d\u00e9sert&#8230;<\/p>\n<p>SOURCE: <a href=\"http:\/\/www.racergp.com\/\">www.racergp.com<\/a>&nbsp; &nbsp;<\/p>\n","protected":false},"excerpt":{"rendered":"<p>La saison prochaine, le team GRESINI qui fait courir actuellement MELANDRI et ELIAS sur des RC211V aux couleurs de FORTUNA, devrait perdre son sponsor titre, qui se r\u00e9orientera vers l&rsquo;America&rsquo;s Cup. HONDA, bon prince, a propos\u00e9 \u00e0 l&rsquo;Italien de devenir, en 2007, son \u00e9curie phare en SBK avec BARROS et EDWARDS en pilotes. Mais Fausto [&hellip;]<\/p>\n","protected":false},"author":336,"featured_media":0,"comment_status":"open","ping_status":"open","sticky":false,"template":"","format":"standard","meta":{"footnotes":""},"categories":[41,22,32],"tags":[],"class_list":["post-1782","post","type-post","status-publish","format-standard","hentry","category-ducati","category-motogp","category-sport-moto"],"yoast_head":"<!-- This site is optimized with the Yoast SEO plugin v26.0 - https:\/\/yoast.com\/wordpress\/plugins\/seo\/ -->\n<title>MotoGP: GRESINI avec DUCATI et BIAGGI ? - leblogmoto.com<\/title>\n<meta name=\"robots\" content=\"index, follow, max-snippet:-1, max-image-preview:large, max-video-preview:-1\" \/>\n<link rel=\"canonical\" href=\"https:\/\/blogs.thesocialmedia.com\/leblogmoto\/2006\/06\/07\/motogp-gersini\/\" \/>\n<meta name=\"twitter:card\" content=\"summary_large_image\" \/>\n<meta name=\"twitter:title\" content=\"MotoGP: GRESINI avec DUCATI et BIAGGI ? - leblogmoto.com\" \/>\n<meta name=\"twitter:description\" content=\"La saison prochaine, le team GRESINI qui fait courir actuellement MELANDRI et ELIAS sur des RC211V aux couleurs de FORTUNA, devrait perdre son sponsor titre, qui se r\u00e9orientera vers l&rsquo;America&rsquo;s Cup. HONDA, bon prince, a propos\u00e9 \u00e0 l&rsquo;Italien de devenir, en 2007, son \u00e9curie phare en SBK avec BARROS et EDWARDS en pilotes. Mais Fausto [&hellip;]\" \/>\n<meta name=\"twitter:image\" content=\"http:\/\/www.leblogmoto.com\/images\/_gix1082_3.jpg\" \/>\n<meta name=\"twitter:label1\" content=\"\u00c9crit par\" \/>\n\t<meta name=\"twitter:data1\" content=\"andre leconde\" \/>\n\t<meta name=\"twitter:label2\" content=\"Dur\u00e9e de lecture estim\u00e9e\" \/>\n\t<meta name=\"twitter:data2\" content=\"1 minute\" \/>\n<script type=\"application\/ld+json\" class=\"yoast-schema-graph\">{\"@context\":\"https:\/\/schema.org\",\"@graph\":[{\"@type\":\"WebPage\",\"@id\":\"https:\/\/blogs.thesocialmedia.com\/leblogmoto\/2006\/06\/07\/motogp-gersini\/\",\"url\":\"https:\/\/blogs.thesocialmedia.com\/leblogmoto\/2006\/06\/07\/motogp-gersini\/\",\"name\":\"MotoGP: GRESINI avec DUCATI et BIAGGI ? - leblogmoto.com\",\"isPartOf\":{\"@id\":\"https:\/\/blogs.thesocialmedia.com\/leblogmoto\/#website\"},\"primaryImageOfPage\":{\"@id\":\"https:\/\/blogs.thesocialmedia.com\/leblogmoto\/2006\/06\/07\/motogp-gersini\/#primaryimage\"},\"image\":{\"@id\":\"https:\/\/blogs.thesocialmedia.com\/leblogmoto\/2006\/06\/07\/motogp-gersini\/#primaryimage\"},\"thumbnailUrl\":\"http:\/\/www.leblogmoto.com\/images\/_gix1082_3.jpg\",\"datePublished\":\"2006-06-07T12:51:43+00:00\",\"dateModified\":\"2012-07-11T14:24:04+00:00\",\"author\":{\"@id\":\"https:\/\/blogs.thesocialmedia.com\/leblogmoto\/#\/schema\/person\/1a1dcfc7cec206573105eb4af91155c2\"},\"breadcrumb\":{\"@id\":\"https:\/\/blogs.thesocialmedia.com\/leblogmoto\/2006\/06\/07\/motogp-gersini\/#breadcrumb\"},\"inLanguage\":\"fr-FR\",\"potentialAction\":[{\"@type\":\"ReadAction\",\"target\":[\"https:\/\/blogs.thesocialmedia.com\/leblogmoto\/2006\/06\/07\/motogp-gersini\/\"]}]},{\"@type\":\"ImageObject\",\"inLanguage\":\"fr-FR\",\"@id\":\"https:\/\/blogs.thesocialmedia.com\/leblogmoto\/2006\/06\/07\/motogp-gersini\/#primaryimage\",\"url\":\"http:\/\/www.leblogmoto.com\/images\/_gix1082_3.jpg\",\"contentUrl\":\"http:\/\/www.leblogmoto.com\/images\/_gix1082_3.jpg\"},{\"@type\":\"BreadcrumbList\",\"@id\":\"https:\/\/blogs.thesocialmedia.com\/leblogmoto\/2006\/06\/07\/motogp-gersini\/#breadcrumb\",\"itemListElement\":[{\"@type\":\"ListItem\",\"position\":1,\"name\":\"Accueil\",\"item\":\"https:\/\/blogs.thesocialmedia.com\/leblogmoto\/\"},{\"@type\":\"ListItem\",\"position\":2,\"name\":\"MotoGP: GRESINI avec DUCATI et BIAGGI ?\"}]},{\"@type\":\"WebSite\",\"@id\":\"https:\/\/blogs.thesocialmedia.com\/leblogmoto\/#website\",\"url\":\"https:\/\/blogs.thesocialmedia.com\/leblogmoto\/\",\"name\":\"leblogmoto\",\"description\":\"Toute l&#039;actualit\u00e9 des 2 roues\",\"potentialAction\":[{\"@type\":\"SearchAction\",\"target\":{\"@type\":\"EntryPoint\",\"urlTemplate\":\"https:\/\/blogs.thesocialmedia.com\/leblogmoto\/?s={search_term_string}\"},\"query-input\":{\"@type\":\"PropertyValueSpecification\",\"valueRequired\":true,\"valueName\":\"search_term_string\"}}],\"inLanguage\":\"fr-FR\"},{\"@type\":\"Person\",\"@id\":\"https:\/\/blogs.thesocialmedia.com\/leblogmoto\/#\/schema\/person\/1a1dcfc7cec206573105eb4af91155c2\",\"name\":\"andre leconde\",\"image\":{\"@type\":\"ImageObject\",\"inLanguage\":\"fr-FR\",\"@id\":\"https:\/\/blogs.thesocialmedia.com\/leblogmoto\/#\/schema\/person\/image\/\",\"url\":\"https:\/\/secure.gravatar.com\/avatar\/?s=96&d=mm&r=g\",\"contentUrl\":\"https:\/\/secure.gravatar.com\/avatar\/?s=96&d=mm&r=g\",\"caption\":\"andre leconde\"},\"url\":\"https:\/\/blogs.thesocialmedia.com\/leblogmoto\/author\/andre-leconde\/\"}]}<\/script>\n<!-- \/ Yoast SEO plugin. -->","yoast_head_json":{"title":"MotoGP: GRESINI avec DUCATI et BIAGGI ? - leblogmoto.com","robots":{"index":"index","follow":"follow","max-snippet":"max-snippet:-1","max-image-preview":"max-image-preview:large","max-video-preview":"max-video-preview:-1"},"canonical":"https:\/\/blogs.thesocialmedia.com\/leblogmoto\/2006\/06\/07\/motogp-gersini\/","twitter_card":"summary_large_image","twitter_title":"MotoGP: GRESINI avec DUCATI et BIAGGI ? - leblogmoto.com","twitter_description":"La saison prochaine, le team GRESINI qui fait courir actuellement MELANDRI et ELIAS sur des RC211V aux couleurs de FORTUNA, devrait perdre son sponsor titre, qui se r\u00e9orientera vers l&rsquo;America&rsquo;s Cup. HONDA, bon prince, a propos\u00e9 \u00e0 l&rsquo;Italien de devenir, en 2007, son \u00e9curie phare en SBK avec BARROS et EDWARDS en pilotes. Mais Fausto [&hellip;]","twitter_image":"http:\/\/www.leblogmoto.com\/images\/_gix1082_3.jpg","twitter_misc":{"\u00c9crit par":"andre leconde","Dur\u00e9e de lecture estim\u00e9e":"1 minute"},"schema":{"@context":"https:\/\/schema.org","@graph":[{"@type":"WebPage","@id":"https:\/\/blogs.thesocialmedia.com\/leblogmoto\/2006\/06\/07\/motogp-gersini\/","url":"https:\/\/blogs.thesocialmedia.com\/leblogmoto\/2006\/06\/07\/motogp-gersini\/","name":"MotoGP: GRESINI avec DUCATI et BIAGGI ? - leblogmoto.com","isPartOf":{"@id":"https:\/\/blogs.thesocialmedia.com\/leblogmoto\/#website"},"primaryImageOfPage":{"@id":"https:\/\/blogs.thesocialmedia.com\/leblogmoto\/2006\/06\/07\/motogp-gersini\/#primaryimage"},"image":{"@id":"https:\/\/blogs.thesocialmedia.com\/leblogmoto\/2006\/06\/07\/motogp-gersini\/#primaryimage"},"thumbnailUrl":"http:\/\/www.leblogmoto.com\/images\/_gix1082_3.jpg","datePublished":"2006-06-07T12:51:43+00:00","dateModified":"2012-07-11T14:24:04+00:00","author":{"@id":"https:\/\/blogs.thesocialmedia.com\/leblogmoto\/#\/schema\/person\/1a1dcfc7cec206573105eb4af91155c2"},"breadcrumb":{"@id":"https:\/\/blogs.thesocialmedia.com\/leblogmoto\/2006\/06\/07\/motogp-gersini\/#breadcrumb"},"inLanguage":"fr-FR","potentialAction":[{"@type":"ReadAction","target":["https:\/\/blogs.thesocialmedia.com\/leblogmoto\/2006\/06\/07\/motogp-gersini\/"]}]},{"@type":"ImageObject","inLanguage":"fr-FR","@id":"https:\/\/blogs.thesocialmedia.com\/leblogmoto\/2006\/06\/07\/motogp-gersini\/#primaryimage","url":"http:\/\/www.leblogmoto.com\/images\/_gix1082_3.jpg","contentUrl":"http:\/\/www.leblogmoto.com\/images\/_gix1082_3.jpg"},{"@type":"BreadcrumbList","@id":"https:\/\/blogs.thesocialmedia.com\/leblogmoto\/2006\/06\/07\/motogp-gersini\/#breadcrumb","itemListElement":[{"@type":"ListItem","position":1,"name":"Accueil","item":"https:\/\/blogs.thesocialmedia.com\/leblogmoto\/"},{"@type":"ListItem","position":2,"name":"MotoGP: GRESINI avec DUCATI et BIAGGI ?"}]},{"@type":"WebSite","@id":"https:\/\/blogs.thesocialmedia.com\/leblogmoto\/#website","url":"https:\/\/blogs.thesocialmedia.com\/leblogmoto\/","name":"leblogmoto","description":"Toute l&#039;actualit\u00e9 des 2 roues","potentialAction":[{"@type":"SearchAction","target":{"@type":"EntryPoint","urlTemplate":"https:\/\/blogs.thesocialmedia.com\/leblogmoto\/?s={search_term_string}"},"query-input":{"@type":"PropertyValueSpecification","valueRequired":true,"valueName":"search_term_string"}}],"inLanguage":"fr-FR"},{"@type":"Person","@id":"https:\/\/blogs.thesocialmedia.com\/leblogmoto\/#\/schema\/person\/1a1dcfc7cec206573105eb4af91155c2","name":"andre leconde","image":{"@type":"ImageObject","inLanguage":"fr-FR","@id":"https:\/\/blogs.thesocialmedia.com\/leblogmoto\/#\/schema\/person\/image\/","url":"https:\/\/secure.gravatar.com\/avatar\/?s=96&d=mm&r=g","contentUrl":"https:\/\/secure.gravatar.com\/avatar\/?s=96&d=mm&r=g","caption":"andre leconde"},"url":"https:\/\/blogs.thesocialmedia.com\/leblogmoto\/author\/andre-leconde\/"}]}},"_links":{"self":[{"href":"https:\/\/blogs.thesocialmedia.com\/leblogmoto\/wp-json\/wp\/v2\/posts\/1782","targetHints":{"allow":["GET"]}}],"collection":[{"href":"https:\/\/blogs.thesocialmedia.com\/leblogmoto\/wp-json\/wp\/v2\/posts"}],"about":[{"href":"https:\/\/blogs.thesocialmedia.com\/leblogmoto\/wp-json\/wp\/v2\/types\/post"}],"author":[{"embeddable":true,"href":"https:\/\/blogs.thesocialmedia.com\/leblogmoto\/wp-json\/wp\/v2\/users\/336"}],"replies":[{"embeddable":true,"href":"https:\/\/blogs.thesocialmedia.com\/leblogmoto\/wp-json\/wp\/v2\/comments?post=1782"}],"version-history":[{"count":2,"href":"https:\/\/blogs.thesocialmedia.com\/leblogmoto\/wp-json\/wp\/v2\/posts\/1782\/revisions"}],"predecessor-version":[{"id":7567,"href":"https:\/\/blogs.thesocialmedia.com\/leblogmoto\/wp-json\/wp\/v2\/posts\/1782\/revisions\/7567"}],"wp:attachment":[{"href":"https:\/\/blogs.thesocialmedia.com\/leblogmoto\/wp-json\/wp\/v2\/media?parent=1782"}],"wp:term":[{"taxonomy":"category","embeddable":true,"href":"https:\/\/blogs.thesocialmedia.com\/leblogmoto\/wp-json\/wp\/v2\/categories?post=1782"},{"taxonomy":"post_tag","embeddable":true,"href":"https:\/\/blogs.thesocialmedia.com\/leblogmoto\/wp-json\/wp\/v2\/tags?post=1782"}],"curies":[{"name":"wp","href":"https:\/\/api.w.org\/{rel}","templated":true}]}}