{"id":1783,"date":"2006-06-07T10:58:11","date_gmt":"2006-06-07T10:58:11","guid":{"rendered":"http:\/\/blogs.thesocialmedia.com\/leblogmoto\/2006\/06\/07\/motogp-guintoli\/"},"modified":"2012-07-11T14:24:03","modified_gmt":"2012-07-11T14:24:03","slug":"motogp-guintoli","status":"publish","type":"post","link":"https:\/\/blogs.thesocialmedia.com\/leblogmoto\/2006\/06\/07\/motogp-guintoli\/","title":{"rendered":"MotoGP: GUINTOLI et TECH&rsquo;3: A tort ou \u00e0 raison ?"},"content":{"rendered":"<p><a href=\"http:\/\/blogs.thesocialmedia.com\/leblogmoto\/files\/2012\/07\/451955_24432.jpg\"><img loading=\"lazy\" decoding=\"async\" height=\"187\" alt=\"451955_24432\" src=\"http:\/\/www.leblogmoto.com\/images\/451955_24432.jpg\" width=\"250\"  \/><\/a><strong>Sylvain GUINTOLI<\/strong>, soci\u00e8taire du team tricolore en mondial <a href=\"http:\/\/www.leblogmoto.com\/2006\/06\/motogp_du_rifif.html\">250<\/a>, conna\u00eet des r\u00e9sultats en demi-teinte, au regard du mat\u00e9riel qu&rsquo;il a, cette ann\u00e9e, \u00e0 sa disposition. Soit une APRILIA dernier cri. La m\u00eame que <strong>LOCATELLI<\/strong> qui pointe la sienne en haut du classement plus souvent qu&rsquo;\u00e0 son tour, la m\u00eame que <strong>WEST<\/strong> qui, d\u00e8s l&rsquo;entame de la saison, s&rsquo;est fait remarquer en haut de la grille.<\/p>\n<p>Pour Sylvain, c&rsquo;est tout juste s&rsquo;il arrive \u00e0 mater son fougueux \u00e9quipier <strong>CLUZEL<\/strong> qui s&rsquo;accroche \u00e0 lui en course. L&rsquo;homme en est conscient mais continue sa marche en avant. Il a trouv\u00e9 un arrangement avec <a href=\"http:\/\/www.leblogmoto.com\/2006\/03\/irta_un_franais.html\">Herv\u00e9 PONCHARAL<\/a> qui croit en lui depuis d&rsquo;ailleurs bien longtemps. Le revoil\u00e0 pilote d&rsquo;essai pour <strong>Tech&rsquo;3<\/strong> et sur une MotoGP. Alors, progression ou dispersion ?&nbsp; &nbsp;<\/p>\n<p><a href=\"http:\/\/clabedan.typepad.com\/.shared\/image.html?\/photos\/uncategorized\/guintoli_web_2.jpg\"><img loading=\"lazy\" decoding=\"async\" height=\"182\" alt=\"Guintoli_web_2\" src=\"http:\/\/www.leblogmoto.com\/images\/guintoli_web_2.jpg\" width=\"250\"  \/><\/a> On se souviendra qu&rsquo;en son temps, l&rsquo;opportunit\u00e9 avait \u00e9t\u00e9 pr\u00e9sent\u00e9e \u00e0 <strong>Randy DE PUNIET<\/strong> que l&rsquo;on avait pouss\u00e9 \u00e0 refuser. Pour Sylvain, une autre option a \u00e9t\u00e9 prise. Reste que d\u00e9j\u00e0 diminu\u00e9 par une chute au <a href=\"http:\/\/www.leblogmoto.com\/2006\/06\/mugello_250_lor_1.html\">MUGELLO<\/a> en essai 250, voil\u00e0 qu&rsquo;il s&rsquo;est fait mal \u00e0 la cheville en essai avec la M1 pour <a href=\"http:\/\/www.leblogmoto.com\/2006\/06\/motogp_du_rifif.html\">DUNLOP<\/a>. <\/p>\n<p>Mener les deux programmes de front rel\u00e8ve de la gageure. Et au regard des r\u00e9sultats actuels en 250, il y a du boulot pour aller jouer dans le <strong>top 5<\/strong>, ce que son mat\u00e9riel et son talent devraient lui permettre.<\/p>\n<p>Mais allez dire \u00e0 un pilote qu&rsquo;il lui faut refuser de monter sur une MotoGP&#8230;&nbsp; &nbsp; <\/p>\n<p>SOURCE: <a href=\"http:\/\/www.motogp.com\">www.motogp.com<\/a> <\/p>\n","protected":false},"excerpt":{"rendered":"<p>Sylvain GUINTOLI, soci\u00e8taire du team tricolore en mondial 250, conna\u00eet des r\u00e9sultats en demi-teinte, au regard du mat\u00e9riel qu&rsquo;il a, cette ann\u00e9e, \u00e0 sa disposition. Soit une APRILIA dernier cri. La m\u00eame que LOCATELLI qui pointe la sienne en haut du classement plus souvent qu&rsquo;\u00e0 son tour, la m\u00eame que WEST qui, d\u00e8s l&rsquo;entame de [&hellip;]<\/p>\n","protected":false},"author":336,"featured_media":0,"comment_status":"open","ping_status":"open","sticky":false,"template":"","format":"standard","meta":{"footnotes":""},"categories":[22,32],"tags":[],"class_list":["post-1783","post","type-post","status-publish","format-standard","hentry","category-motogp","category-sport-moto"],"yoast_head":"<!-- This site is optimized with the Yoast SEO plugin v26.0 - https:\/\/yoast.com\/wordpress\/plugins\/seo\/ -->\n<title>MotoGP: GUINTOLI et TECH&#039;3: A tort ou \u00e0 raison ? - leblogmoto.com<\/title>\n<meta name=\"robots\" content=\"index, follow, max-snippet:-1, max-image-preview:large, max-video-preview:-1\" \/>\n<link rel=\"canonical\" href=\"https:\/\/blogs.thesocialmedia.com\/leblogmoto\/2006\/06\/07\/motogp-guintoli\/\" \/>\n<meta name=\"twitter:card\" content=\"summary_large_image\" \/>\n<meta name=\"twitter:title\" content=\"MotoGP: GUINTOLI et TECH&#039;3: A tort ou \u00e0 raison ? - leblogmoto.com\" \/>\n<meta name=\"twitter:description\" content=\"Sylvain GUINTOLI, soci\u00e8taire du team tricolore en mondial 250, conna\u00eet des r\u00e9sultats en demi-teinte, au regard du mat\u00e9riel qu&rsquo;il a, cette ann\u00e9e, \u00e0 sa disposition. Soit une APRILIA dernier cri. La m\u00eame que LOCATELLI qui pointe la sienne en haut du classement plus souvent qu&rsquo;\u00e0 son tour, la m\u00eame que WEST qui, d\u00e8s l&rsquo;entame de [&hellip;]\" \/>\n<meta name=\"twitter:image\" content=\"http:\/\/www.leblogmoto.com\/images\/451955_24432.jpg\" \/>\n<meta name=\"twitter:label1\" content=\"\u00c9crit par\" \/>\n\t<meta name=\"twitter:data1\" content=\"andre leconde\" \/>\n\t<meta name=\"twitter:label2\" content=\"Dur\u00e9e de lecture estim\u00e9e\" \/>\n\t<meta name=\"twitter:data2\" content=\"1 minute\" \/>\n<script type=\"application\/ld+json\" class=\"yoast-schema-graph\">{\"@context\":\"https:\/\/schema.org\",\"@graph\":[{\"@type\":\"WebPage\",\"@id\":\"https:\/\/blogs.thesocialmedia.com\/leblogmoto\/2006\/06\/07\/motogp-guintoli\/\",\"url\":\"https:\/\/blogs.thesocialmedia.com\/leblogmoto\/2006\/06\/07\/motogp-guintoli\/\",\"name\":\"MotoGP: GUINTOLI et TECH'3: A tort ou \u00e0 raison ? - leblogmoto.com\",\"isPartOf\":{\"@id\":\"https:\/\/blogs.thesocialmedia.com\/leblogmoto\/#website\"},\"primaryImageOfPage\":{\"@id\":\"https:\/\/blogs.thesocialmedia.com\/leblogmoto\/2006\/06\/07\/motogp-guintoli\/#primaryimage\"},\"image\":{\"@id\":\"https:\/\/blogs.thesocialmedia.com\/leblogmoto\/2006\/06\/07\/motogp-guintoli\/#primaryimage\"},\"thumbnailUrl\":\"http:\/\/www.leblogmoto.com\/images\/451955_24432.jpg\",\"datePublished\":\"2006-06-07T10:58:11+00:00\",\"dateModified\":\"2012-07-11T14:24:03+00:00\",\"author\":{\"@id\":\"https:\/\/blogs.thesocialmedia.com\/leblogmoto\/#\/schema\/person\/1a1dcfc7cec206573105eb4af91155c2\"},\"breadcrumb\":{\"@id\":\"https:\/\/blogs.thesocialmedia.com\/leblogmoto\/2006\/06\/07\/motogp-guintoli\/#breadcrumb\"},\"inLanguage\":\"fr-FR\",\"potentialAction\":[{\"@type\":\"ReadAction\",\"target\":[\"https:\/\/blogs.thesocialmedia.com\/leblogmoto\/2006\/06\/07\/motogp-guintoli\/\"]}]},{\"@type\":\"ImageObject\",\"inLanguage\":\"fr-FR\",\"@id\":\"https:\/\/blogs.thesocialmedia.com\/leblogmoto\/2006\/06\/07\/motogp-guintoli\/#primaryimage\",\"url\":\"http:\/\/www.leblogmoto.com\/images\/451955_24432.jpg\",\"contentUrl\":\"http:\/\/www.leblogmoto.com\/images\/451955_24432.jpg\"},{\"@type\":\"BreadcrumbList\",\"@id\":\"https:\/\/blogs.thesocialmedia.com\/leblogmoto\/2006\/06\/07\/motogp-guintoli\/#breadcrumb\",\"itemListElement\":[{\"@type\":\"ListItem\",\"position\":1,\"name\":\"Accueil\",\"item\":\"https:\/\/blogs.thesocialmedia.com\/leblogmoto\/\"},{\"@type\":\"ListItem\",\"position\":2,\"name\":\"MotoGP: GUINTOLI et TECH&rsquo;3: A tort ou \u00e0 raison ?\"}]},{\"@type\":\"WebSite\",\"@id\":\"https:\/\/blogs.thesocialmedia.com\/leblogmoto\/#website\",\"url\":\"https:\/\/blogs.thesocialmedia.com\/leblogmoto\/\",\"name\":\"leblogmoto\",\"description\":\"Toute l&#039;actualit\u00e9 des 2 roues\",\"potentialAction\":[{\"@type\":\"SearchAction\",\"target\":{\"@type\":\"EntryPoint\",\"urlTemplate\":\"https:\/\/blogs.thesocialmedia.com\/leblogmoto\/?s={search_term_string}\"},\"query-input\":{\"@type\":\"PropertyValueSpecification\",\"valueRequired\":true,\"valueName\":\"search_term_string\"}}],\"inLanguage\":\"fr-FR\"},{\"@type\":\"Person\",\"@id\":\"https:\/\/blogs.thesocialmedia.com\/leblogmoto\/#\/schema\/person\/1a1dcfc7cec206573105eb4af91155c2\",\"name\":\"andre leconde\",\"image\":{\"@type\":\"ImageObject\",\"inLanguage\":\"fr-FR\",\"@id\":\"https:\/\/blogs.thesocialmedia.com\/leblogmoto\/#\/schema\/person\/image\/\",\"url\":\"https:\/\/secure.gravatar.com\/avatar\/?s=96&d=mm&r=g\",\"contentUrl\":\"https:\/\/secure.gravatar.com\/avatar\/?s=96&d=mm&r=g\",\"caption\":\"andre leconde\"},\"url\":\"https:\/\/blogs.thesocialmedia.com\/leblogmoto\/author\/andre-leconde\/\"}]}<\/script>\n<!-- \/ Yoast SEO plugin. -->","yoast_head_json":{"title":"MotoGP: GUINTOLI et TECH'3: A tort ou \u00e0 raison ? - leblogmoto.com","robots":{"index":"index","follow":"follow","max-snippet":"max-snippet:-1","max-image-preview":"max-image-preview:large","max-video-preview":"max-video-preview:-1"},"canonical":"https:\/\/blogs.thesocialmedia.com\/leblogmoto\/2006\/06\/07\/motogp-guintoli\/","twitter_card":"summary_large_image","twitter_title":"MotoGP: GUINTOLI et TECH'3: A tort ou \u00e0 raison ? - leblogmoto.com","twitter_description":"Sylvain GUINTOLI, soci\u00e8taire du team tricolore en mondial 250, conna\u00eet des r\u00e9sultats en demi-teinte, au regard du mat\u00e9riel qu&rsquo;il a, cette ann\u00e9e, \u00e0 sa disposition. Soit une APRILIA dernier cri. La m\u00eame que LOCATELLI qui pointe la sienne en haut du classement plus souvent qu&rsquo;\u00e0 son tour, la m\u00eame que WEST qui, d\u00e8s l&rsquo;entame de [&hellip;]","twitter_image":"http:\/\/www.leblogmoto.com\/images\/451955_24432.jpg","twitter_misc":{"\u00c9crit par":"andre leconde","Dur\u00e9e de lecture estim\u00e9e":"1 minute"},"schema":{"@context":"https:\/\/schema.org","@graph":[{"@type":"WebPage","@id":"https:\/\/blogs.thesocialmedia.com\/leblogmoto\/2006\/06\/07\/motogp-guintoli\/","url":"https:\/\/blogs.thesocialmedia.com\/leblogmoto\/2006\/06\/07\/motogp-guintoli\/","name":"MotoGP: GUINTOLI et TECH'3: A tort ou \u00e0 raison ? - leblogmoto.com","isPartOf":{"@id":"https:\/\/blogs.thesocialmedia.com\/leblogmoto\/#website"},"primaryImageOfPage":{"@id":"https:\/\/blogs.thesocialmedia.com\/leblogmoto\/2006\/06\/07\/motogp-guintoli\/#primaryimage"},"image":{"@id":"https:\/\/blogs.thesocialmedia.com\/leblogmoto\/2006\/06\/07\/motogp-guintoli\/#primaryimage"},"thumbnailUrl":"http:\/\/www.leblogmoto.com\/images\/451955_24432.jpg","datePublished":"2006-06-07T10:58:11+00:00","dateModified":"2012-07-11T14:24:03+00:00","author":{"@id":"https:\/\/blogs.thesocialmedia.com\/leblogmoto\/#\/schema\/person\/1a1dcfc7cec206573105eb4af91155c2"},"breadcrumb":{"@id":"https:\/\/blogs.thesocialmedia.com\/leblogmoto\/2006\/06\/07\/motogp-guintoli\/#breadcrumb"},"inLanguage":"fr-FR","potentialAction":[{"@type":"ReadAction","target":["https:\/\/blogs.thesocialmedia.com\/leblogmoto\/2006\/06\/07\/motogp-guintoli\/"]}]},{"@type":"ImageObject","inLanguage":"fr-FR","@id":"https:\/\/blogs.thesocialmedia.com\/leblogmoto\/2006\/06\/07\/motogp-guintoli\/#primaryimage","url":"http:\/\/www.leblogmoto.com\/images\/451955_24432.jpg","contentUrl":"http:\/\/www.leblogmoto.com\/images\/451955_24432.jpg"},{"@type":"BreadcrumbList","@id":"https:\/\/blogs.thesocialmedia.com\/leblogmoto\/2006\/06\/07\/motogp-guintoli\/#breadcrumb","itemListElement":[{"@type":"ListItem","position":1,"name":"Accueil","item":"https:\/\/blogs.thesocialmedia.com\/leblogmoto\/"},{"@type":"ListItem","position":2,"name":"MotoGP: GUINTOLI et TECH&rsquo;3: A tort ou \u00e0 raison ?"}]},{"@type":"WebSite","@id":"https:\/\/blogs.thesocialmedia.com\/leblogmoto\/#website","url":"https:\/\/blogs.thesocialmedia.com\/leblogmoto\/","name":"leblogmoto","description":"Toute l&#039;actualit\u00e9 des 2 roues","potentialAction":[{"@type":"SearchAction","target":{"@type":"EntryPoint","urlTemplate":"https:\/\/blogs.thesocialmedia.com\/leblogmoto\/?s={search_term_string}"},"query-input":{"@type":"PropertyValueSpecification","valueRequired":true,"valueName":"search_term_string"}}],"inLanguage":"fr-FR"},{"@type":"Person","@id":"https:\/\/blogs.thesocialmedia.com\/leblogmoto\/#\/schema\/person\/1a1dcfc7cec206573105eb4af91155c2","name":"andre leconde","image":{"@type":"ImageObject","inLanguage":"fr-FR","@id":"https:\/\/blogs.thesocialmedia.com\/leblogmoto\/#\/schema\/person\/image\/","url":"https:\/\/secure.gravatar.com\/avatar\/?s=96&d=mm&r=g","contentUrl":"https:\/\/secure.gravatar.com\/avatar\/?s=96&d=mm&r=g","caption":"andre leconde"},"url":"https:\/\/blogs.thesocialmedia.com\/leblogmoto\/author\/andre-leconde\/"}]}},"_links":{"self":[{"href":"https:\/\/blogs.thesocialmedia.com\/leblogmoto\/wp-json\/wp\/v2\/posts\/1783","targetHints":{"allow":["GET"]}}],"collection":[{"href":"https:\/\/blogs.thesocialmedia.com\/leblogmoto\/wp-json\/wp\/v2\/posts"}],"about":[{"href":"https:\/\/blogs.thesocialmedia.com\/leblogmoto\/wp-json\/wp\/v2\/types\/post"}],"author":[{"embeddable":true,"href":"https:\/\/blogs.thesocialmedia.com\/leblogmoto\/wp-json\/wp\/v2\/users\/336"}],"replies":[{"embeddable":true,"href":"https:\/\/blogs.thesocialmedia.com\/leblogmoto\/wp-json\/wp\/v2\/comments?post=1783"}],"version-history":[{"count":2,"href":"https:\/\/blogs.thesocialmedia.com\/leblogmoto\/wp-json\/wp\/v2\/posts\/1783\/revisions"}],"predecessor-version":[{"id":7565,"href":"https:\/\/blogs.thesocialmedia.com\/leblogmoto\/wp-json\/wp\/v2\/posts\/1783\/revisions\/7565"}],"wp:attachment":[{"href":"https:\/\/blogs.thesocialmedia.com\/leblogmoto\/wp-json\/wp\/v2\/media?parent=1783"}],"wp:term":[{"taxonomy":"category","embeddable":true,"href":"https:\/\/blogs.thesocialmedia.com\/leblogmoto\/wp-json\/wp\/v2\/categories?post=1783"},{"taxonomy":"post_tag","embeddable":true,"href":"https:\/\/blogs.thesocialmedia.com\/leblogmoto\/wp-json\/wp\/v2\/tags?post=1783"}],"curies":[{"name":"wp","href":"https:\/\/api.w.org\/{rel}","templated":true}]}}