{"id":1787,"date":"2006-06-04T23:28:00","date_gmt":"2006-06-04T23:28:00","guid":{"rendered":"http:\/\/blogs.thesocialmedia.com\/leblogmoto\/2006\/06\/04\/quarantasei-cha\/"},"modified":"2012-07-11T14:23:56","modified_gmt":"2012-07-11T14:23:56","slug":"quarantasei-cha","status":"publish","type":"post","link":"https:\/\/blogs.thesocialmedia.com\/leblogmoto\/2006\/06\/04\/quarantasei-cha\/","title":{"rendered":"QUARANTASEI: Chaud le Valentino !"},"content":{"rendered":"<p><a href=\"http:\/\/blogs.thesocialmedia.com\/leblogmoto\/files\/2012\/07\/valentinochihuahua1.jpg\"><img loading=\"lazy\" decoding=\"async\" height=\"493\" alt=\"Valentinochihuahua1\" src=\"http:\/\/www.leblogmoto.com\/images\/valentinochihuahua1.jpg\" width=\"470\"  \/><\/a>La d\u00e9co du casque du champion au <a href=\"http:\/\/www.leblogmoto.com\/2006\/06\/mugello_motogp__1.html\">MUGELLO<\/a> avait quelque chose de particulier. <\/p>\n<p>Pas de soleil ou de lune, mais des carr\u00e9s de bande dessin\u00e9e. Mais pas n&rsquo;importe laquelle&#8230; <\/p>\n<p><a href=\"http:\/\/clabedan.typepad.com\/.shared\/image.html?\/photos\/uncategorized\/rossi05.jpg\"><img loading=\"lazy\" decoding=\"async\" height=\"163\" alt=\"Rossi05\" src=\"http:\/\/www.leblogmoto.com\/images\/rossi05.jpg\" width=\"250\"  \/><\/a> Cette bande dessin\u00e9e s&rsquo;appelle &quot;<strong>Quarantase\u00ef<\/strong>&quot; et relate <a href=\"http:\/\/www.leblogauto.com\/2006\/02\/rossi_teste_aus.html\">la vie de Valentino<\/a>.<\/p>\n<p>Pas seulement celle des courses, mais aussi celle de la ville. Avec ses aventures. Et pour ce faire, c&rsquo;est <strong>Milo MANARA<\/strong> qui s&rsquo;y colle, lui qui est aussi connu pour ses oeuvres illustr\u00e9es \u00e9rotiques. Ca promet !<\/p>\n<p>Les feuillets para\u00eetront dans le magazine &quot;Rolling Stone&quot;, \u00e9dition transalpine, et le livre sera bient\u00f4t en vente. Il comportera <strong>quarante six pages<\/strong>, comme de bien entendu.<\/p>\n<p>SOURCE: <a href=\"http:\/\/www.milomanara.it\">www.milomanara.it<\/a>&nbsp; <\/p>\n","protected":false},"excerpt":{"rendered":"<p>La d\u00e9co du casque du champion au MUGELLO avait quelque chose de particulier. Pas de soleil ou de lune, mais des carr\u00e9s de bande dessin\u00e9e. Mais pas n&rsquo;importe laquelle&#8230; Cette bande dessin\u00e9e s&rsquo;appelle &quot;Quarantase\u00ef&quot; et relate la vie de Valentino. Pas seulement celle des courses, mais aussi celle de la ville. Avec ses aventures. Et [&hellip;]<\/p>\n","protected":false},"author":336,"featured_media":0,"comment_status":"open","ping_status":"open","sticky":false,"template":"","format":"standard","meta":{"footnotes":""},"categories":[3,16,8,17,15,22,32,44],"tags":[],"class_list":["post-1787","post","type-post","status-publish","format-standard","hentry","category-actualite","category-art-moto","category-chaines-et-cuirs","category-divers","category-livres","category-motogp","category-sport-moto","category-yamaha"],"yoast_head":"<!-- This site is optimized with the Yoast SEO plugin v26.0 - https:\/\/yoast.com\/wordpress\/plugins\/seo\/ -->\n<title>QUARANTASEI: Chaud le Valentino ! - leblogmoto.com<\/title>\n<meta name=\"robots\" content=\"index, follow, max-snippet:-1, max-image-preview:large, max-video-preview:-1\" \/>\n<link rel=\"canonical\" href=\"https:\/\/blogs.thesocialmedia.com\/leblogmoto\/2006\/06\/04\/quarantasei-cha\/\" \/>\n<meta name=\"twitter:card\" content=\"summary_large_image\" \/>\n<meta name=\"twitter:title\" content=\"QUARANTASEI: Chaud le Valentino ! - leblogmoto.com\" \/>\n<meta name=\"twitter:description\" content=\"La d\u00e9co du casque du champion au MUGELLO avait quelque chose de particulier. Pas de soleil ou de lune, mais des carr\u00e9s de bande dessin\u00e9e. Mais pas n&rsquo;importe laquelle&#8230; Cette bande dessin\u00e9e s&rsquo;appelle &quot;Quarantase\u00ef&quot; et relate la vie de Valentino. Pas seulement celle des courses, mais aussi celle de la ville. Avec ses aventures. Et [&hellip;]\" \/>\n<meta name=\"twitter:image\" content=\"http:\/\/www.leblogmoto.com\/images\/valentinochihuahua1.jpg\" \/>\n<meta name=\"twitter:label1\" content=\"\u00c9crit par\" \/>\n\t<meta name=\"twitter:data1\" content=\"andre leconde\" \/>\n\t<meta name=\"twitter:label2\" content=\"Dur\u00e9e de lecture estim\u00e9e\" \/>\n\t<meta name=\"twitter:data2\" content=\"1 minute\" \/>\n<script type=\"application\/ld+json\" class=\"yoast-schema-graph\">{\"@context\":\"https:\/\/schema.org\",\"@graph\":[{\"@type\":\"WebPage\",\"@id\":\"https:\/\/blogs.thesocialmedia.com\/leblogmoto\/2006\/06\/04\/quarantasei-cha\/\",\"url\":\"https:\/\/blogs.thesocialmedia.com\/leblogmoto\/2006\/06\/04\/quarantasei-cha\/\",\"name\":\"QUARANTASEI: Chaud le Valentino ! - leblogmoto.com\",\"isPartOf\":{\"@id\":\"https:\/\/blogs.thesocialmedia.com\/leblogmoto\/#website\"},\"primaryImageOfPage\":{\"@id\":\"https:\/\/blogs.thesocialmedia.com\/leblogmoto\/2006\/06\/04\/quarantasei-cha\/#primaryimage\"},\"image\":{\"@id\":\"https:\/\/blogs.thesocialmedia.com\/leblogmoto\/2006\/06\/04\/quarantasei-cha\/#primaryimage\"},\"thumbnailUrl\":\"http:\/\/www.leblogmoto.com\/images\/valentinochihuahua1.jpg\",\"datePublished\":\"2006-06-04T23:28:00+00:00\",\"dateModified\":\"2012-07-11T14:23:56+00:00\",\"author\":{\"@id\":\"https:\/\/blogs.thesocialmedia.com\/leblogmoto\/#\/schema\/person\/1a1dcfc7cec206573105eb4af91155c2\"},\"breadcrumb\":{\"@id\":\"https:\/\/blogs.thesocialmedia.com\/leblogmoto\/2006\/06\/04\/quarantasei-cha\/#breadcrumb\"},\"inLanguage\":\"fr-FR\",\"potentialAction\":[{\"@type\":\"ReadAction\",\"target\":[\"https:\/\/blogs.thesocialmedia.com\/leblogmoto\/2006\/06\/04\/quarantasei-cha\/\"]}]},{\"@type\":\"ImageObject\",\"inLanguage\":\"fr-FR\",\"@id\":\"https:\/\/blogs.thesocialmedia.com\/leblogmoto\/2006\/06\/04\/quarantasei-cha\/#primaryimage\",\"url\":\"http:\/\/www.leblogmoto.com\/images\/valentinochihuahua1.jpg\",\"contentUrl\":\"http:\/\/www.leblogmoto.com\/images\/valentinochihuahua1.jpg\"},{\"@type\":\"BreadcrumbList\",\"@id\":\"https:\/\/blogs.thesocialmedia.com\/leblogmoto\/2006\/06\/04\/quarantasei-cha\/#breadcrumb\",\"itemListElement\":[{\"@type\":\"ListItem\",\"position\":1,\"name\":\"Accueil\",\"item\":\"https:\/\/blogs.thesocialmedia.com\/leblogmoto\/\"},{\"@type\":\"ListItem\",\"position\":2,\"name\":\"QUARANTASEI: Chaud le Valentino !\"}]},{\"@type\":\"WebSite\",\"@id\":\"https:\/\/blogs.thesocialmedia.com\/leblogmoto\/#website\",\"url\":\"https:\/\/blogs.thesocialmedia.com\/leblogmoto\/\",\"name\":\"leblogmoto\",\"description\":\"Toute l&#039;actualit\u00e9 des 2 roues\",\"potentialAction\":[{\"@type\":\"SearchAction\",\"target\":{\"@type\":\"EntryPoint\",\"urlTemplate\":\"https:\/\/blogs.thesocialmedia.com\/leblogmoto\/?s={search_term_string}\"},\"query-input\":{\"@type\":\"PropertyValueSpecification\",\"valueRequired\":true,\"valueName\":\"search_term_string\"}}],\"inLanguage\":\"fr-FR\"},{\"@type\":\"Person\",\"@id\":\"https:\/\/blogs.thesocialmedia.com\/leblogmoto\/#\/schema\/person\/1a1dcfc7cec206573105eb4af91155c2\",\"name\":\"andre leconde\",\"image\":{\"@type\":\"ImageObject\",\"inLanguage\":\"fr-FR\",\"@id\":\"https:\/\/blogs.thesocialmedia.com\/leblogmoto\/#\/schema\/person\/image\/\",\"url\":\"https:\/\/secure.gravatar.com\/avatar\/?s=96&d=mm&r=g\",\"contentUrl\":\"https:\/\/secure.gravatar.com\/avatar\/?s=96&d=mm&r=g\",\"caption\":\"andre leconde\"},\"url\":\"https:\/\/blogs.thesocialmedia.com\/leblogmoto\/author\/andre-leconde\/\"}]}<\/script>\n<!-- \/ Yoast SEO plugin. -->","yoast_head_json":{"title":"QUARANTASEI: Chaud le Valentino ! - leblogmoto.com","robots":{"index":"index","follow":"follow","max-snippet":"max-snippet:-1","max-image-preview":"max-image-preview:large","max-video-preview":"max-video-preview:-1"},"canonical":"https:\/\/blogs.thesocialmedia.com\/leblogmoto\/2006\/06\/04\/quarantasei-cha\/","twitter_card":"summary_large_image","twitter_title":"QUARANTASEI: Chaud le Valentino ! - leblogmoto.com","twitter_description":"La d\u00e9co du casque du champion au MUGELLO avait quelque chose de particulier. Pas de soleil ou de lune, mais des carr\u00e9s de bande dessin\u00e9e. Mais pas n&rsquo;importe laquelle&#8230; Cette bande dessin\u00e9e s&rsquo;appelle &quot;Quarantase\u00ef&quot; et relate la vie de Valentino. Pas seulement celle des courses, mais aussi celle de la ville. Avec ses aventures. Et [&hellip;]","twitter_image":"http:\/\/www.leblogmoto.com\/images\/valentinochihuahua1.jpg","twitter_misc":{"\u00c9crit par":"andre leconde","Dur\u00e9e de lecture estim\u00e9e":"1 minute"},"schema":{"@context":"https:\/\/schema.org","@graph":[{"@type":"WebPage","@id":"https:\/\/blogs.thesocialmedia.com\/leblogmoto\/2006\/06\/04\/quarantasei-cha\/","url":"https:\/\/blogs.thesocialmedia.com\/leblogmoto\/2006\/06\/04\/quarantasei-cha\/","name":"QUARANTASEI: Chaud le Valentino ! - leblogmoto.com","isPartOf":{"@id":"https:\/\/blogs.thesocialmedia.com\/leblogmoto\/#website"},"primaryImageOfPage":{"@id":"https:\/\/blogs.thesocialmedia.com\/leblogmoto\/2006\/06\/04\/quarantasei-cha\/#primaryimage"},"image":{"@id":"https:\/\/blogs.thesocialmedia.com\/leblogmoto\/2006\/06\/04\/quarantasei-cha\/#primaryimage"},"thumbnailUrl":"http:\/\/www.leblogmoto.com\/images\/valentinochihuahua1.jpg","datePublished":"2006-06-04T23:28:00+00:00","dateModified":"2012-07-11T14:23:56+00:00","author":{"@id":"https:\/\/blogs.thesocialmedia.com\/leblogmoto\/#\/schema\/person\/1a1dcfc7cec206573105eb4af91155c2"},"breadcrumb":{"@id":"https:\/\/blogs.thesocialmedia.com\/leblogmoto\/2006\/06\/04\/quarantasei-cha\/#breadcrumb"},"inLanguage":"fr-FR","potentialAction":[{"@type":"ReadAction","target":["https:\/\/blogs.thesocialmedia.com\/leblogmoto\/2006\/06\/04\/quarantasei-cha\/"]}]},{"@type":"ImageObject","inLanguage":"fr-FR","@id":"https:\/\/blogs.thesocialmedia.com\/leblogmoto\/2006\/06\/04\/quarantasei-cha\/#primaryimage","url":"http:\/\/www.leblogmoto.com\/images\/valentinochihuahua1.jpg","contentUrl":"http:\/\/www.leblogmoto.com\/images\/valentinochihuahua1.jpg"},{"@type":"BreadcrumbList","@id":"https:\/\/blogs.thesocialmedia.com\/leblogmoto\/2006\/06\/04\/quarantasei-cha\/#breadcrumb","itemListElement":[{"@type":"ListItem","position":1,"name":"Accueil","item":"https:\/\/blogs.thesocialmedia.com\/leblogmoto\/"},{"@type":"ListItem","position":2,"name":"QUARANTASEI: Chaud le Valentino !"}]},{"@type":"WebSite","@id":"https:\/\/blogs.thesocialmedia.com\/leblogmoto\/#website","url":"https:\/\/blogs.thesocialmedia.com\/leblogmoto\/","name":"leblogmoto","description":"Toute l&#039;actualit\u00e9 des 2 roues","potentialAction":[{"@type":"SearchAction","target":{"@type":"EntryPoint","urlTemplate":"https:\/\/blogs.thesocialmedia.com\/leblogmoto\/?s={search_term_string}"},"query-input":{"@type":"PropertyValueSpecification","valueRequired":true,"valueName":"search_term_string"}}],"inLanguage":"fr-FR"},{"@type":"Person","@id":"https:\/\/blogs.thesocialmedia.com\/leblogmoto\/#\/schema\/person\/1a1dcfc7cec206573105eb4af91155c2","name":"andre leconde","image":{"@type":"ImageObject","inLanguage":"fr-FR","@id":"https:\/\/blogs.thesocialmedia.com\/leblogmoto\/#\/schema\/person\/image\/","url":"https:\/\/secure.gravatar.com\/avatar\/?s=96&d=mm&r=g","contentUrl":"https:\/\/secure.gravatar.com\/avatar\/?s=96&d=mm&r=g","caption":"andre leconde"},"url":"https:\/\/blogs.thesocialmedia.com\/leblogmoto\/author\/andre-leconde\/"}]}},"_links":{"self":[{"href":"https:\/\/blogs.thesocialmedia.com\/leblogmoto\/wp-json\/wp\/v2\/posts\/1787","targetHints":{"allow":["GET"]}}],"collection":[{"href":"https:\/\/blogs.thesocialmedia.com\/leblogmoto\/wp-json\/wp\/v2\/posts"}],"about":[{"href":"https:\/\/blogs.thesocialmedia.com\/leblogmoto\/wp-json\/wp\/v2\/types\/post"}],"author":[{"embeddable":true,"href":"https:\/\/blogs.thesocialmedia.com\/leblogmoto\/wp-json\/wp\/v2\/users\/336"}],"replies":[{"embeddable":true,"href":"https:\/\/blogs.thesocialmedia.com\/leblogmoto\/wp-json\/wp\/v2\/comments?post=1787"}],"version-history":[{"count":2,"href":"https:\/\/blogs.thesocialmedia.com\/leblogmoto\/wp-json\/wp\/v2\/posts\/1787\/revisions"}],"predecessor-version":[{"id":7561,"href":"https:\/\/blogs.thesocialmedia.com\/leblogmoto\/wp-json\/wp\/v2\/posts\/1787\/revisions\/7561"}],"wp:attachment":[{"href":"https:\/\/blogs.thesocialmedia.com\/leblogmoto\/wp-json\/wp\/v2\/media?parent=1787"}],"wp:term":[{"taxonomy":"category","embeddable":true,"href":"https:\/\/blogs.thesocialmedia.com\/leblogmoto\/wp-json\/wp\/v2\/categories?post=1787"},{"taxonomy":"post_tag","embeddable":true,"href":"https:\/\/blogs.thesocialmedia.com\/leblogmoto\/wp-json\/wp\/v2\/tags?post=1787"}],"curies":[{"name":"wp","href":"https:\/\/api.w.org\/{rel}","templated":true}]}}