{"id":1788,"date":"2006-06-04T15:19:10","date_gmt":"2006-06-04T15:19:10","guid":{"rendered":"http:\/\/blogs.thesocialmedia.com\/leblogmoto\/2006\/06\/04\/mugello-motogp-1\/"},"modified":"2012-07-11T14:23:54","modified_gmt":"2012-07-11T14:23:54","slug":"mugello-motogp-1","status":"publish","type":"post","link":"https:\/\/blogs.thesocialmedia.com\/leblogmoto\/2006\/06\/04\/mugello-motogp-1\/","title":{"rendered":"MUGELLO MotoGP: MUGELLO MAGNIFICO !"},"content":{"rendered":"<p><a href=\"http:\/\/blogs.thesocialmedia.com\/leblogmoto\/files\/2012\/07\/rossi1mugello.jpg\"><img loading=\"lazy\" decoding=\"async\" height=\"312\" alt=\"Rossi1mugello\" src=\"http:\/\/www.leblogmoto.com\/images\/rossi1mugello.jpg\" width=\"470\"  \/><\/a> Le GP a tenu toutes ses promesses avec une bataille de tous les instants entre <strong>ROSSI<\/strong>, <strong>CAPIROSSI<\/strong> et <strong>HAYDEN<\/strong>, qu&rsquo;accompagnaient en d\u00e9but de course <a href=\"http:\/\/www.leblogmoto.com\/2006\/06\/mugello_motogp_.html\">GIBERNAU<\/a>, <strong>STONER<\/strong>, <a href=\"http:\/\/www.leblogmoto.com\/2006\/04\/motogp_turquie__2.html\">MELANDRI<\/a> et <strong>PEDROSA<\/strong>. <\/p>\n<p>Ces derniers ont fini par l\u00e2cher prise, avec une belle chute pour l&rsquo;Australien, une faute pour l&rsquo;Italien, une nouvelle panne au moral pour l&rsquo;Espagnol, alors que Dani a beaucoup appris en regardant, mais n&rsquo;a jamais pu passer.<\/p>\n<p>ROSSI commence donc sa remont\u00e9e. Avec une <strong>55<\/strong>\u00e8me victoire en cat\u00e9gorie reine, soit une de plus que DOOHAN, et \u00e0 <strong>treize<\/strong> longueurs d&rsquo;AGOSTINI&#8230;&nbsp; &nbsp;<\/p>\n<p><a href=\"http:\/\/clabedan.typepad.com\/.shared\/image.html?\/photos\/uncategorized\/minoli_blogbas2.jpg\"><img loading=\"lazy\" decoding=\"async\" height=\"225\" alt=\"Minoli_blogbas2\" src=\"http:\/\/www.leblogmoto.com\/images\/minoli_blogbas2.jpg\" width=\"250\"  \/><\/a>Au championnat, <strong>CAPIROSSI prend la t\u00eate<\/strong> gr\u00e2ce au nombre de victoires devant HAYDEN qui ne l\u00e2chera rien. A noter, la superbe livr\u00e9e d&rsquo;\u00e9poque pr\u00e9sent\u00e9e par les machines italiennes, et la couleur de casque in\u00e9dite de Valentino durant cette \u00e9preuve \u00e0 domicile pour eux.<\/p>\n<p><strong>DE PUNIET<\/strong> finit treizi\u00e8me. Prochaine \u00e9tape au CATALUNYA. PEDROSA et GIBERNAU y ont une revanche \u00e0 prendre.<\/p>\n<p>Arriv\u00e9 avec 43 points de retard, Le &quot;Doctor&quot; repart du MUGELLO avec <strong>34<\/strong> unit\u00e9s en passif. La d\u00e9crue est entam\u00e9e.<\/p>\n<p><strong><em><u>Championnat<\/u><\/em><\/strong>: CAPIROSSI 99 &#8211; HAYDEN 99 &#8211; MELANDRI 89 &#8211; PEDROSA 86 &#8211; ROSSI 65 <\/p>\n","protected":false},"excerpt":{"rendered":"<p>Le GP a tenu toutes ses promesses avec une bataille de tous les instants entre ROSSI, CAPIROSSI et HAYDEN, qu&rsquo;accompagnaient en d\u00e9but de course GIBERNAU, STONER, MELANDRI et PEDROSA. Ces derniers ont fini par l\u00e2cher prise, avec une belle chute pour l&rsquo;Australien, une faute pour l&rsquo;Italien, une nouvelle panne au moral pour l&rsquo;Espagnol, alors que [&hellip;]<\/p>\n","protected":false},"author":336,"featured_media":0,"comment_status":"open","ping_status":"open","sticky":false,"template":"","format":"standard","meta":{"footnotes":""},"categories":[22,32,44],"tags":[],"class_list":["post-1788","post","type-post","status-publish","format-standard","hentry","category-motogp","category-sport-moto","category-yamaha"],"yoast_head":"<!-- This site is optimized with the Yoast SEO plugin v26.0 - https:\/\/yoast.com\/wordpress\/plugins\/seo\/ -->\n<title>MUGELLO MotoGP: MUGELLO MAGNIFICO ! - leblogmoto.com<\/title>\n<meta name=\"robots\" content=\"index, follow, max-snippet:-1, max-image-preview:large, max-video-preview:-1\" \/>\n<link rel=\"canonical\" href=\"https:\/\/blogs.thesocialmedia.com\/leblogmoto\/2006\/06\/04\/mugello-motogp-1\/\" \/>\n<meta name=\"twitter:card\" content=\"summary_large_image\" \/>\n<meta name=\"twitter:title\" content=\"MUGELLO MotoGP: MUGELLO MAGNIFICO ! - leblogmoto.com\" \/>\n<meta name=\"twitter:description\" content=\"Le GP a tenu toutes ses promesses avec une bataille de tous les instants entre ROSSI, CAPIROSSI et HAYDEN, qu&rsquo;accompagnaient en d\u00e9but de course GIBERNAU, STONER, MELANDRI et PEDROSA. Ces derniers ont fini par l\u00e2cher prise, avec une belle chute pour l&rsquo;Australien, une faute pour l&rsquo;Italien, une nouvelle panne au moral pour l&rsquo;Espagnol, alors que [&hellip;]\" \/>\n<meta name=\"twitter:image\" content=\"http:\/\/www.leblogmoto.com\/images\/rossi1mugello.jpg\" \/>\n<meta name=\"twitter:label1\" content=\"\u00c9crit par\" \/>\n\t<meta name=\"twitter:data1\" content=\"andre leconde\" \/>\n\t<meta name=\"twitter:label2\" content=\"Dur\u00e9e de lecture estim\u00e9e\" \/>\n\t<meta name=\"twitter:data2\" content=\"1 minute\" \/>\n<script type=\"application\/ld+json\" class=\"yoast-schema-graph\">{\"@context\":\"https:\/\/schema.org\",\"@graph\":[{\"@type\":\"WebPage\",\"@id\":\"https:\/\/blogs.thesocialmedia.com\/leblogmoto\/2006\/06\/04\/mugello-motogp-1\/\",\"url\":\"https:\/\/blogs.thesocialmedia.com\/leblogmoto\/2006\/06\/04\/mugello-motogp-1\/\",\"name\":\"MUGELLO MotoGP: MUGELLO MAGNIFICO ! - leblogmoto.com\",\"isPartOf\":{\"@id\":\"https:\/\/blogs.thesocialmedia.com\/leblogmoto\/#website\"},\"primaryImageOfPage\":{\"@id\":\"https:\/\/blogs.thesocialmedia.com\/leblogmoto\/2006\/06\/04\/mugello-motogp-1\/#primaryimage\"},\"image\":{\"@id\":\"https:\/\/blogs.thesocialmedia.com\/leblogmoto\/2006\/06\/04\/mugello-motogp-1\/#primaryimage\"},\"thumbnailUrl\":\"http:\/\/www.leblogmoto.com\/images\/rossi1mugello.jpg\",\"datePublished\":\"2006-06-04T15:19:10+00:00\",\"dateModified\":\"2012-07-11T14:23:54+00:00\",\"author\":{\"@id\":\"https:\/\/blogs.thesocialmedia.com\/leblogmoto\/#\/schema\/person\/1a1dcfc7cec206573105eb4af91155c2\"},\"breadcrumb\":{\"@id\":\"https:\/\/blogs.thesocialmedia.com\/leblogmoto\/2006\/06\/04\/mugello-motogp-1\/#breadcrumb\"},\"inLanguage\":\"fr-FR\",\"potentialAction\":[{\"@type\":\"ReadAction\",\"target\":[\"https:\/\/blogs.thesocialmedia.com\/leblogmoto\/2006\/06\/04\/mugello-motogp-1\/\"]}]},{\"@type\":\"ImageObject\",\"inLanguage\":\"fr-FR\",\"@id\":\"https:\/\/blogs.thesocialmedia.com\/leblogmoto\/2006\/06\/04\/mugello-motogp-1\/#primaryimage\",\"url\":\"http:\/\/www.leblogmoto.com\/images\/rossi1mugello.jpg\",\"contentUrl\":\"http:\/\/www.leblogmoto.com\/images\/rossi1mugello.jpg\"},{\"@type\":\"BreadcrumbList\",\"@id\":\"https:\/\/blogs.thesocialmedia.com\/leblogmoto\/2006\/06\/04\/mugello-motogp-1\/#breadcrumb\",\"itemListElement\":[{\"@type\":\"ListItem\",\"position\":1,\"name\":\"Accueil\",\"item\":\"https:\/\/blogs.thesocialmedia.com\/leblogmoto\/\"},{\"@type\":\"ListItem\",\"position\":2,\"name\":\"MUGELLO MotoGP: MUGELLO MAGNIFICO !\"}]},{\"@type\":\"WebSite\",\"@id\":\"https:\/\/blogs.thesocialmedia.com\/leblogmoto\/#website\",\"url\":\"https:\/\/blogs.thesocialmedia.com\/leblogmoto\/\",\"name\":\"leblogmoto\",\"description\":\"Toute l&#039;actualit\u00e9 des 2 roues\",\"potentialAction\":[{\"@type\":\"SearchAction\",\"target\":{\"@type\":\"EntryPoint\",\"urlTemplate\":\"https:\/\/blogs.thesocialmedia.com\/leblogmoto\/?s={search_term_string}\"},\"query-input\":{\"@type\":\"PropertyValueSpecification\",\"valueRequired\":true,\"valueName\":\"search_term_string\"}}],\"inLanguage\":\"fr-FR\"},{\"@type\":\"Person\",\"@id\":\"https:\/\/blogs.thesocialmedia.com\/leblogmoto\/#\/schema\/person\/1a1dcfc7cec206573105eb4af91155c2\",\"name\":\"andre leconde\",\"image\":{\"@type\":\"ImageObject\",\"inLanguage\":\"fr-FR\",\"@id\":\"https:\/\/blogs.thesocialmedia.com\/leblogmoto\/#\/schema\/person\/image\/\",\"url\":\"https:\/\/secure.gravatar.com\/avatar\/?s=96&d=mm&r=g\",\"contentUrl\":\"https:\/\/secure.gravatar.com\/avatar\/?s=96&d=mm&r=g\",\"caption\":\"andre leconde\"},\"url\":\"https:\/\/blogs.thesocialmedia.com\/leblogmoto\/author\/andre-leconde\/\"}]}<\/script>\n<!-- \/ Yoast SEO plugin. -->","yoast_head_json":{"title":"MUGELLO MotoGP: MUGELLO MAGNIFICO ! - leblogmoto.com","robots":{"index":"index","follow":"follow","max-snippet":"max-snippet:-1","max-image-preview":"max-image-preview:large","max-video-preview":"max-video-preview:-1"},"canonical":"https:\/\/blogs.thesocialmedia.com\/leblogmoto\/2006\/06\/04\/mugello-motogp-1\/","twitter_card":"summary_large_image","twitter_title":"MUGELLO MotoGP: MUGELLO MAGNIFICO ! - leblogmoto.com","twitter_description":"Le GP a tenu toutes ses promesses avec une bataille de tous les instants entre ROSSI, CAPIROSSI et HAYDEN, qu&rsquo;accompagnaient en d\u00e9but de course GIBERNAU, STONER, MELANDRI et PEDROSA. Ces derniers ont fini par l\u00e2cher prise, avec une belle chute pour l&rsquo;Australien, une faute pour l&rsquo;Italien, une nouvelle panne au moral pour l&rsquo;Espagnol, alors que [&hellip;]","twitter_image":"http:\/\/www.leblogmoto.com\/images\/rossi1mugello.jpg","twitter_misc":{"\u00c9crit par":"andre leconde","Dur\u00e9e de lecture estim\u00e9e":"1 minute"},"schema":{"@context":"https:\/\/schema.org","@graph":[{"@type":"WebPage","@id":"https:\/\/blogs.thesocialmedia.com\/leblogmoto\/2006\/06\/04\/mugello-motogp-1\/","url":"https:\/\/blogs.thesocialmedia.com\/leblogmoto\/2006\/06\/04\/mugello-motogp-1\/","name":"MUGELLO MotoGP: MUGELLO MAGNIFICO ! - leblogmoto.com","isPartOf":{"@id":"https:\/\/blogs.thesocialmedia.com\/leblogmoto\/#website"},"primaryImageOfPage":{"@id":"https:\/\/blogs.thesocialmedia.com\/leblogmoto\/2006\/06\/04\/mugello-motogp-1\/#primaryimage"},"image":{"@id":"https:\/\/blogs.thesocialmedia.com\/leblogmoto\/2006\/06\/04\/mugello-motogp-1\/#primaryimage"},"thumbnailUrl":"http:\/\/www.leblogmoto.com\/images\/rossi1mugello.jpg","datePublished":"2006-06-04T15:19:10+00:00","dateModified":"2012-07-11T14:23:54+00:00","author":{"@id":"https:\/\/blogs.thesocialmedia.com\/leblogmoto\/#\/schema\/person\/1a1dcfc7cec206573105eb4af91155c2"},"breadcrumb":{"@id":"https:\/\/blogs.thesocialmedia.com\/leblogmoto\/2006\/06\/04\/mugello-motogp-1\/#breadcrumb"},"inLanguage":"fr-FR","potentialAction":[{"@type":"ReadAction","target":["https:\/\/blogs.thesocialmedia.com\/leblogmoto\/2006\/06\/04\/mugello-motogp-1\/"]}]},{"@type":"ImageObject","inLanguage":"fr-FR","@id":"https:\/\/blogs.thesocialmedia.com\/leblogmoto\/2006\/06\/04\/mugello-motogp-1\/#primaryimage","url":"http:\/\/www.leblogmoto.com\/images\/rossi1mugello.jpg","contentUrl":"http:\/\/www.leblogmoto.com\/images\/rossi1mugello.jpg"},{"@type":"BreadcrumbList","@id":"https:\/\/blogs.thesocialmedia.com\/leblogmoto\/2006\/06\/04\/mugello-motogp-1\/#breadcrumb","itemListElement":[{"@type":"ListItem","position":1,"name":"Accueil","item":"https:\/\/blogs.thesocialmedia.com\/leblogmoto\/"},{"@type":"ListItem","position":2,"name":"MUGELLO MotoGP: MUGELLO MAGNIFICO !"}]},{"@type":"WebSite","@id":"https:\/\/blogs.thesocialmedia.com\/leblogmoto\/#website","url":"https:\/\/blogs.thesocialmedia.com\/leblogmoto\/","name":"leblogmoto","description":"Toute l&#039;actualit\u00e9 des 2 roues","potentialAction":[{"@type":"SearchAction","target":{"@type":"EntryPoint","urlTemplate":"https:\/\/blogs.thesocialmedia.com\/leblogmoto\/?s={search_term_string}"},"query-input":{"@type":"PropertyValueSpecification","valueRequired":true,"valueName":"search_term_string"}}],"inLanguage":"fr-FR"},{"@type":"Person","@id":"https:\/\/blogs.thesocialmedia.com\/leblogmoto\/#\/schema\/person\/1a1dcfc7cec206573105eb4af91155c2","name":"andre leconde","image":{"@type":"ImageObject","inLanguage":"fr-FR","@id":"https:\/\/blogs.thesocialmedia.com\/leblogmoto\/#\/schema\/person\/image\/","url":"https:\/\/secure.gravatar.com\/avatar\/?s=96&d=mm&r=g","contentUrl":"https:\/\/secure.gravatar.com\/avatar\/?s=96&d=mm&r=g","caption":"andre leconde"},"url":"https:\/\/blogs.thesocialmedia.com\/leblogmoto\/author\/andre-leconde\/"}]}},"_links":{"self":[{"href":"https:\/\/blogs.thesocialmedia.com\/leblogmoto\/wp-json\/wp\/v2\/posts\/1788","targetHints":{"allow":["GET"]}}],"collection":[{"href":"https:\/\/blogs.thesocialmedia.com\/leblogmoto\/wp-json\/wp\/v2\/posts"}],"about":[{"href":"https:\/\/blogs.thesocialmedia.com\/leblogmoto\/wp-json\/wp\/v2\/types\/post"}],"author":[{"embeddable":true,"href":"https:\/\/blogs.thesocialmedia.com\/leblogmoto\/wp-json\/wp\/v2\/users\/336"}],"replies":[{"embeddable":true,"href":"https:\/\/blogs.thesocialmedia.com\/leblogmoto\/wp-json\/wp\/v2\/comments?post=1788"}],"version-history":[{"count":2,"href":"https:\/\/blogs.thesocialmedia.com\/leblogmoto\/wp-json\/wp\/v2\/posts\/1788\/revisions"}],"predecessor-version":[{"id":7559,"href":"https:\/\/blogs.thesocialmedia.com\/leblogmoto\/wp-json\/wp\/v2\/posts\/1788\/revisions\/7559"}],"wp:attachment":[{"href":"https:\/\/blogs.thesocialmedia.com\/leblogmoto\/wp-json\/wp\/v2\/media?parent=1788"}],"wp:term":[{"taxonomy":"category","embeddable":true,"href":"https:\/\/blogs.thesocialmedia.com\/leblogmoto\/wp-json\/wp\/v2\/categories?post=1788"},{"taxonomy":"post_tag","embeddable":true,"href":"https:\/\/blogs.thesocialmedia.com\/leblogmoto\/wp-json\/wp\/v2\/tags?post=1788"}],"curies":[{"name":"wp","href":"https:\/\/api.w.org\/{rel}","templated":true}]}}