{"id":1789,"date":"2006-06-04T13:43:08","date_gmt":"2006-06-04T13:43:08","guid":{"rendered":"http:\/\/blogs.thesocialmedia.com\/leblogmoto\/2006\/06\/04\/mugello-250-lor-1\/"},"modified":"2012-07-11T13:21:46","modified_gmt":"2012-07-11T13:21:46","slug":"mugello-250-lor-1","status":"publish","type":"post","link":"https:\/\/blogs.thesocialmedia.com\/leblogmoto\/2006\/06\/04\/mugello-250-lor-1\/","title":{"rendered":"MUGELLO 250: LORENZO se relance"},"content":{"rendered":"<p><a href=\"http:\/\/www.leblogmoto.com\/2006\/06\/mugello_250_lor.html\"><img loading=\"lazy\" decoding=\"async\" height=\"312\" alt=\"Mi4_8323\" src=\"http:\/\/www.leblogmoto.com\/images\/mi4_8323.jpg\" width=\"470\"  \/>Pole<\/a> et victoire, le bouillant Espagnol <strong>Jorge LORENZO<\/strong> a repris ses bonnes habitudes perdues depuis la <a href=\"http:\/\/www.leblogmoto.com\/2006\/04\/250_turquie_ktm.html\">Turquie<\/a>.<\/p>\n<p>Il a remport\u00e9 une course particuli\u00e8rement disput\u00e9e devant <strong>DE ANGELIS<\/strong>, d\u00e9cid\u00e9ment l&rsquo;eternel second.<\/p>\n<p><strong>DOVIZIOSO<\/strong> compl\u00e9te le podium et garde la t\u00eate d&rsquo;un championnat toujours aussi ind\u00e9cis. <\/p>\n<p><a href=\"http:\/\/clabedan.typepad.com\/.shared\/image.html?\/photos\/uncategorized\/big_01731_1.jpg\"><img loading=\"lazy\" decoding=\"async\" height=\"137\" alt=\"Big_01731_1\" src=\"http:\/\/www.leblogmoto.com\/images\/big_01731_1.jpg\" width=\"250\"  \/><\/a> <a href=\"http:\/\/www.leblogmoto.com\/2006\/05\/250_france_taka.html\">TAKAHASHI<\/a>, <strong>DEBON<\/strong>, l&rsquo;essayeur invit\u00e9 d&rsquo;APRILIA et <strong>LOCATELLI<\/strong> suivent. C\u00f4t\u00e9 tricolores, CLUZEL et VINCENT sont tomb\u00e9s alors que <strong>GUINTOLI<\/strong> termine onzi\u00e8me. Une place qui ne satisfait gu\u00e8re le Dr\u00f4mois qui attendait mieux.<\/p>\n<p>Au championnat, DOVIZIOSO m\u00e8ne toujours mais c&rsquo;est LORENZO qui est \u00e0 pr\u00e9sent son dauphin. <strong>BARBERA<\/strong>, en effet, a abandonn\u00e9 d\u00e8s le d\u00e9part et perd ainsi de gros points dans la course au titre. <\/p>\n<p><strong><em><u>Championnat<\/u><\/em><\/strong>: DOVIZIOSO 108 &#8211; LORENZO 88 &#8211; TAKAHASHI 80 &#8211; BARBERA 78<\/p>\n","protected":false},"excerpt":{"rendered":"<p>Pole et victoire, le bouillant Espagnol Jorge LORENZO a repris ses bonnes habitudes perdues depuis la Turquie. Il a remport\u00e9 une course particuli\u00e8rement disput\u00e9e devant DE ANGELIS, d\u00e9cid\u00e9ment l&rsquo;eternel second. DOVIZIOSO compl\u00e9te le podium et garde la t\u00eate d&rsquo;un championnat toujours aussi ind\u00e9cis. TAKAHASHI, DEBON, l&rsquo;essayeur invit\u00e9 d&rsquo;APRILIA et LOCATELLI suivent. C\u00f4t\u00e9 tricolores, CLUZEL et [&hellip;]<\/p>\n","protected":false},"author":336,"featured_media":0,"comment_status":"open","ping_status":"open","sticky":false,"template":"","format":"standard","meta":{"footnotes":""},"categories":[31,22,32],"tags":[],"class_list":["post-1789","post","type-post","status-publish","format-standard","hentry","category-aprilia","category-motogp","category-sport-moto"],"yoast_head":"<!-- This site is optimized with the Yoast SEO plugin v26.0 - https:\/\/yoast.com\/wordpress\/plugins\/seo\/ -->\n<title>MUGELLO 250: LORENZO se relance - leblogmoto.com<\/title>\n<meta name=\"robots\" content=\"index, follow, max-snippet:-1, max-image-preview:large, max-video-preview:-1\" \/>\n<link rel=\"canonical\" href=\"https:\/\/blogs.thesocialmedia.com\/leblogmoto\/2006\/06\/04\/mugello-250-lor-1\/\" \/>\n<meta name=\"twitter:card\" content=\"summary_large_image\" \/>\n<meta name=\"twitter:title\" content=\"MUGELLO 250: LORENZO se relance - leblogmoto.com\" \/>\n<meta name=\"twitter:description\" content=\"Pole et victoire, le bouillant Espagnol Jorge LORENZO a repris ses bonnes habitudes perdues depuis la Turquie. Il a remport\u00e9 une course particuli\u00e8rement disput\u00e9e devant DE ANGELIS, d\u00e9cid\u00e9ment l&rsquo;eternel second. DOVIZIOSO compl\u00e9te le podium et garde la t\u00eate d&rsquo;un championnat toujours aussi ind\u00e9cis. TAKAHASHI, DEBON, l&rsquo;essayeur invit\u00e9 d&rsquo;APRILIA et LOCATELLI suivent. C\u00f4t\u00e9 tricolores, CLUZEL et [&hellip;]\" \/>\n<meta name=\"twitter:image\" content=\"http:\/\/www.leblogmoto.com\/images\/mi4_8323.jpg\" \/>\n<meta name=\"twitter:label1\" content=\"\u00c9crit par\" \/>\n\t<meta name=\"twitter:data1\" content=\"andre leconde\" \/>\n\t<meta name=\"twitter:label2\" content=\"Dur\u00e9e de lecture estim\u00e9e\" \/>\n\t<meta name=\"twitter:data2\" content=\"1 minute\" \/>\n<script type=\"application\/ld+json\" class=\"yoast-schema-graph\">{\"@context\":\"https:\/\/schema.org\",\"@graph\":[{\"@type\":\"WebPage\",\"@id\":\"https:\/\/blogs.thesocialmedia.com\/leblogmoto\/2006\/06\/04\/mugello-250-lor-1\/\",\"url\":\"https:\/\/blogs.thesocialmedia.com\/leblogmoto\/2006\/06\/04\/mugello-250-lor-1\/\",\"name\":\"MUGELLO 250: LORENZO se relance - leblogmoto.com\",\"isPartOf\":{\"@id\":\"https:\/\/blogs.thesocialmedia.com\/leblogmoto\/#website\"},\"primaryImageOfPage\":{\"@id\":\"https:\/\/blogs.thesocialmedia.com\/leblogmoto\/2006\/06\/04\/mugello-250-lor-1\/#primaryimage\"},\"image\":{\"@id\":\"https:\/\/blogs.thesocialmedia.com\/leblogmoto\/2006\/06\/04\/mugello-250-lor-1\/#primaryimage\"},\"thumbnailUrl\":\"http:\/\/www.leblogmoto.com\/images\/mi4_8323.jpg\",\"datePublished\":\"2006-06-04T13:43:08+00:00\",\"dateModified\":\"2012-07-11T13:21:46+00:00\",\"author\":{\"@id\":\"https:\/\/blogs.thesocialmedia.com\/leblogmoto\/#\/schema\/person\/1a1dcfc7cec206573105eb4af91155c2\"},\"breadcrumb\":{\"@id\":\"https:\/\/blogs.thesocialmedia.com\/leblogmoto\/2006\/06\/04\/mugello-250-lor-1\/#breadcrumb\"},\"inLanguage\":\"fr-FR\",\"potentialAction\":[{\"@type\":\"ReadAction\",\"target\":[\"https:\/\/blogs.thesocialmedia.com\/leblogmoto\/2006\/06\/04\/mugello-250-lor-1\/\"]}]},{\"@type\":\"ImageObject\",\"inLanguage\":\"fr-FR\",\"@id\":\"https:\/\/blogs.thesocialmedia.com\/leblogmoto\/2006\/06\/04\/mugello-250-lor-1\/#primaryimage\",\"url\":\"http:\/\/www.leblogmoto.com\/images\/mi4_8323.jpg\",\"contentUrl\":\"http:\/\/www.leblogmoto.com\/images\/mi4_8323.jpg\"},{\"@type\":\"BreadcrumbList\",\"@id\":\"https:\/\/blogs.thesocialmedia.com\/leblogmoto\/2006\/06\/04\/mugello-250-lor-1\/#breadcrumb\",\"itemListElement\":[{\"@type\":\"ListItem\",\"position\":1,\"name\":\"Accueil\",\"item\":\"https:\/\/blogs.thesocialmedia.com\/leblogmoto\/\"},{\"@type\":\"ListItem\",\"position\":2,\"name\":\"MUGELLO 250: LORENZO se relance\"}]},{\"@type\":\"WebSite\",\"@id\":\"https:\/\/blogs.thesocialmedia.com\/leblogmoto\/#website\",\"url\":\"https:\/\/blogs.thesocialmedia.com\/leblogmoto\/\",\"name\":\"leblogmoto\",\"description\":\"Toute l&#039;actualit\u00e9 des 2 roues\",\"potentialAction\":[{\"@type\":\"SearchAction\",\"target\":{\"@type\":\"EntryPoint\",\"urlTemplate\":\"https:\/\/blogs.thesocialmedia.com\/leblogmoto\/?s={search_term_string}\"},\"query-input\":{\"@type\":\"PropertyValueSpecification\",\"valueRequired\":true,\"valueName\":\"search_term_string\"}}],\"inLanguage\":\"fr-FR\"},{\"@type\":\"Person\",\"@id\":\"https:\/\/blogs.thesocialmedia.com\/leblogmoto\/#\/schema\/person\/1a1dcfc7cec206573105eb4af91155c2\",\"name\":\"andre leconde\",\"image\":{\"@type\":\"ImageObject\",\"inLanguage\":\"fr-FR\",\"@id\":\"https:\/\/blogs.thesocialmedia.com\/leblogmoto\/#\/schema\/person\/image\/\",\"url\":\"https:\/\/secure.gravatar.com\/avatar\/?s=96&d=mm&r=g\",\"contentUrl\":\"https:\/\/secure.gravatar.com\/avatar\/?s=96&d=mm&r=g\",\"caption\":\"andre leconde\"},\"url\":\"https:\/\/blogs.thesocialmedia.com\/leblogmoto\/author\/andre-leconde\/\"}]}<\/script>\n<!-- \/ Yoast SEO plugin. -->","yoast_head_json":{"title":"MUGELLO 250: LORENZO se relance - leblogmoto.com","robots":{"index":"index","follow":"follow","max-snippet":"max-snippet:-1","max-image-preview":"max-image-preview:large","max-video-preview":"max-video-preview:-1"},"canonical":"https:\/\/blogs.thesocialmedia.com\/leblogmoto\/2006\/06\/04\/mugello-250-lor-1\/","twitter_card":"summary_large_image","twitter_title":"MUGELLO 250: LORENZO se relance - leblogmoto.com","twitter_description":"Pole et victoire, le bouillant Espagnol Jorge LORENZO a repris ses bonnes habitudes perdues depuis la Turquie. Il a remport\u00e9 une course particuli\u00e8rement disput\u00e9e devant DE ANGELIS, d\u00e9cid\u00e9ment l&rsquo;eternel second. DOVIZIOSO compl\u00e9te le podium et garde la t\u00eate d&rsquo;un championnat toujours aussi ind\u00e9cis. TAKAHASHI, DEBON, l&rsquo;essayeur invit\u00e9 d&rsquo;APRILIA et LOCATELLI suivent. C\u00f4t\u00e9 tricolores, CLUZEL et [&hellip;]","twitter_image":"http:\/\/www.leblogmoto.com\/images\/mi4_8323.jpg","twitter_misc":{"\u00c9crit par":"andre leconde","Dur\u00e9e de lecture estim\u00e9e":"1 minute"},"schema":{"@context":"https:\/\/schema.org","@graph":[{"@type":"WebPage","@id":"https:\/\/blogs.thesocialmedia.com\/leblogmoto\/2006\/06\/04\/mugello-250-lor-1\/","url":"https:\/\/blogs.thesocialmedia.com\/leblogmoto\/2006\/06\/04\/mugello-250-lor-1\/","name":"MUGELLO 250: LORENZO se relance - leblogmoto.com","isPartOf":{"@id":"https:\/\/blogs.thesocialmedia.com\/leblogmoto\/#website"},"primaryImageOfPage":{"@id":"https:\/\/blogs.thesocialmedia.com\/leblogmoto\/2006\/06\/04\/mugello-250-lor-1\/#primaryimage"},"image":{"@id":"https:\/\/blogs.thesocialmedia.com\/leblogmoto\/2006\/06\/04\/mugello-250-lor-1\/#primaryimage"},"thumbnailUrl":"http:\/\/www.leblogmoto.com\/images\/mi4_8323.jpg","datePublished":"2006-06-04T13:43:08+00:00","dateModified":"2012-07-11T13:21:46+00:00","author":{"@id":"https:\/\/blogs.thesocialmedia.com\/leblogmoto\/#\/schema\/person\/1a1dcfc7cec206573105eb4af91155c2"},"breadcrumb":{"@id":"https:\/\/blogs.thesocialmedia.com\/leblogmoto\/2006\/06\/04\/mugello-250-lor-1\/#breadcrumb"},"inLanguage":"fr-FR","potentialAction":[{"@type":"ReadAction","target":["https:\/\/blogs.thesocialmedia.com\/leblogmoto\/2006\/06\/04\/mugello-250-lor-1\/"]}]},{"@type":"ImageObject","inLanguage":"fr-FR","@id":"https:\/\/blogs.thesocialmedia.com\/leblogmoto\/2006\/06\/04\/mugello-250-lor-1\/#primaryimage","url":"http:\/\/www.leblogmoto.com\/images\/mi4_8323.jpg","contentUrl":"http:\/\/www.leblogmoto.com\/images\/mi4_8323.jpg"},{"@type":"BreadcrumbList","@id":"https:\/\/blogs.thesocialmedia.com\/leblogmoto\/2006\/06\/04\/mugello-250-lor-1\/#breadcrumb","itemListElement":[{"@type":"ListItem","position":1,"name":"Accueil","item":"https:\/\/blogs.thesocialmedia.com\/leblogmoto\/"},{"@type":"ListItem","position":2,"name":"MUGELLO 250: LORENZO se relance"}]},{"@type":"WebSite","@id":"https:\/\/blogs.thesocialmedia.com\/leblogmoto\/#website","url":"https:\/\/blogs.thesocialmedia.com\/leblogmoto\/","name":"leblogmoto","description":"Toute l&#039;actualit\u00e9 des 2 roues","potentialAction":[{"@type":"SearchAction","target":{"@type":"EntryPoint","urlTemplate":"https:\/\/blogs.thesocialmedia.com\/leblogmoto\/?s={search_term_string}"},"query-input":{"@type":"PropertyValueSpecification","valueRequired":true,"valueName":"search_term_string"}}],"inLanguage":"fr-FR"},{"@type":"Person","@id":"https:\/\/blogs.thesocialmedia.com\/leblogmoto\/#\/schema\/person\/1a1dcfc7cec206573105eb4af91155c2","name":"andre leconde","image":{"@type":"ImageObject","inLanguage":"fr-FR","@id":"https:\/\/blogs.thesocialmedia.com\/leblogmoto\/#\/schema\/person\/image\/","url":"https:\/\/secure.gravatar.com\/avatar\/?s=96&d=mm&r=g","contentUrl":"https:\/\/secure.gravatar.com\/avatar\/?s=96&d=mm&r=g","caption":"andre leconde"},"url":"https:\/\/blogs.thesocialmedia.com\/leblogmoto\/author\/andre-leconde\/"}]}},"_links":{"self":[{"href":"https:\/\/blogs.thesocialmedia.com\/leblogmoto\/wp-json\/wp\/v2\/posts\/1789","targetHints":{"allow":["GET"]}}],"collection":[{"href":"https:\/\/blogs.thesocialmedia.com\/leblogmoto\/wp-json\/wp\/v2\/posts"}],"about":[{"href":"https:\/\/blogs.thesocialmedia.com\/leblogmoto\/wp-json\/wp\/v2\/types\/post"}],"author":[{"embeddable":true,"href":"https:\/\/blogs.thesocialmedia.com\/leblogmoto\/wp-json\/wp\/v2\/users\/336"}],"replies":[{"embeddable":true,"href":"https:\/\/blogs.thesocialmedia.com\/leblogmoto\/wp-json\/wp\/v2\/comments?post=1789"}],"version-history":[{"count":1,"href":"https:\/\/blogs.thesocialmedia.com\/leblogmoto\/wp-json\/wp\/v2\/posts\/1789\/revisions"}],"predecessor-version":[{"id":3385,"href":"https:\/\/blogs.thesocialmedia.com\/leblogmoto\/wp-json\/wp\/v2\/posts\/1789\/revisions\/3385"}],"wp:attachment":[{"href":"https:\/\/blogs.thesocialmedia.com\/leblogmoto\/wp-json\/wp\/v2\/media?parent=1789"}],"wp:term":[{"taxonomy":"category","embeddable":true,"href":"https:\/\/blogs.thesocialmedia.com\/leblogmoto\/wp-json\/wp\/v2\/categories?post=1789"},{"taxonomy":"post_tag","embeddable":true,"href":"https:\/\/blogs.thesocialmedia.com\/leblogmoto\/wp-json\/wp\/v2\/tags?post=1789"}],"curies":[{"name":"wp","href":"https:\/\/api.w.org\/{rel}","templated":true}]}}