{"id":179,"date":"2009-04-20T05:17:00","date_gmt":"2009-04-20T05:17:00","guid":{"rendered":"http:\/\/blogs.thesocialmedia.com\/leblogmoto\/2009\/04\/20\/adrien-ganfornina\/"},"modified":"2012-07-11T17:19:38","modified_gmt":"2012-07-11T17:19:38","slug":"adrien-ganfornina","status":"publish","type":"post","link":"https:\/\/blogs.thesocialmedia.com\/leblogmoto\/2009\/04\/20\/adrien-ganfornina\/","title":{"rendered":"Une course de gladiateurs pour Adrien Ganfornina et Alexandre Lagrive"},"content":{"rendered":"<\/p>\n<p><a href=\"http:\/\/blogs.thesocialmedia.com\/leblogmoto\/files\/2012\/07\/6a00d83451b18369e201156fa34eb5970c-pi.jpg\"><img decoding=\"async\" alt=\"Team 45 03\"  class=\"at-xid-6a00d83451b18369e201156fa34eb5970c \" src=\"http:\/\/blogs.thesocialmedia.com\/leblogmoto\/files\/2012\/07\/6a00d83451b18369e201156fa34eb5970c-800wi.jpg\" \/><\/a> <\/p>\n<\/p>\n<p>Vous connaissez d\u00e9j\u00e0 Adrien Ganfornina depuis l&#039;\u00e9dition <a href=\"http:\/\/blogs.thesocialmedia.com\/leblogmoto\/files\/2012\/07\/24-heures-du-7.html_1.png\">2008<\/a> quand il roulait aux c\u00f4t\u00e9s de Gregory et Franck pour le team <a href=\"http:\/\/www.leblogmoto.com\/2008\/04\/lquipe-dafy-mot.html\" target=\"_blank\">Dafy Moto Cognage<\/a>&#8230;<\/p>\n<\/p>\n<p>Adrien roulait cette ann\u00e9e sur la moto num\u00e9ro 100, une Suzuki GSXR 1000 de 192 cv, pour le Team Endurance 45, aux c\u00f4t\u00e9s d&#039;Emmanuel Parisse et d&#039; Alexandre Lagrive, fr\u00e8re de Matthieu Lagrive. Champion du monde Superstock en 2007 l&#039;\u00e9quipe est dirig\u00e9e par Gilles Dutertre.<\/p>\n<p><a href=\"http:\/\/clabedan.typepad.com\/.a\/6a00d83451b18369e201156fa5635b970c-pi\"><img decoding=\"async\" alt=\"Team 45\" class=\"at-xid-6a00d83451b18369e201156fa5635b970c \" src=\"http:\/\/blogs.thesocialmedia.com\/leblogmoto\/files\/2012\/07\/6a00d83451b18369e201156fa5635b970c-500wi.jpg\" \/><\/a> <\/p>\n<p><a href=\"http:\/\/blogs.thesocialmedia.com\/leblogmoto\/files\/2012\/07\/6a00d83451b18369e201156f3ccd8f970c-pi.jpg\"><img decoding=\"async\" alt=\"Adrien 4\"  class=\"at-xid-6a00d83451b18369e201156f3ccd8f970c \" src=\"http:\/\/blogs.thesocialmedia.com\/leblogmoto\/files\/2012\/07\/6a00d83451b18369e201156f3ccd8f970c-800wi.jpg\" \/><\/a> <\/p>\n<\/p>\n<p>Adrien prend le 3\u00e8me relais quand les premi\u00e8res gouttes de <a href=\"http:\/\/blogs.thesocialmedia.com\/leblogmoto\/files\/2012\/07\/yamaha-detrone-suzuki-aux-24-h-du-mans.html_.png\" target=\"_blank\">pluie<\/a> font leurs apparitions. Au cours d&#039;un d\u00e9passement Adrien perd l&#039;avant au ralentisseur Dunlop.&#160; <\/p>\n<\/p>\n<p>La chute endommage de nombreux car\u00e9nages mais surtout le r\u00e9servoir de la moto qui ne peut repartir ainsi. Pour ne pas \u00eatre mis hors course le r\u00e8glement stipule que la moto doit \u00eatre pouss\u00e9e pour rejoindre son stand. Adrien, \u00e0 moiti\u00e9 assomm\u00e9 par sa chute, passera plus d&#039;une heure \u00e0 pousser la moto, quasiment tout le tour de la piste&#8230; <\/p>\n<p>Contr\u00f4le obligatoire au centre m\u00e9dical ensuite pour passer des radios, heureusement tout est bon.&#160;<\/p>\n<p>Un deuxi\u00e8me coup sur la t\u00eate attend Adrien \u00e0 son retour aux stands vers 18h, Alexandre Lagrive est alors en piste, avec l&#039;abandon d&#039;Emmanuel Parisse qui ne veut plus rouler car la moto a selon lui purement et simplement pris trop de retard&#8230;&#160;&#160;<\/p>\n<p>Il est 18h30 quand le troisi\u00e8me pilote d\u00e9cide d&#039;abandonner son \u00e9quipe et de quitter le circuit.<\/p>\n<p><a href=\"http:\/\/clabedan.typepad.com\/.a\/6a00d83451b18369e201156fa3500c970c-pi\"><img decoding=\"async\" alt=\"Team 45 06\" class=\"at-xid-6a00d83451b18369e201156fa3500c970c \" src=\"http:\/\/blogs.thesocialmedia.com\/leblogmoto\/files\/2012\/07\/6a00d83451b18369e201156fa3500c970c-500wi.jpg\" \/><\/a> <\/p>\n<p> Alexandre Lagrive et Adrien se retrouvent alors seuls aux commandes de la machine pour l&#039;enmener jusqu&#039;au bout. Il reste alors \u00e0 assurer pour eux plus de 20 heures de relais avant le drapeau damier, plus de 10 heures par pilote&#8230; <\/p>\n<p><a href=\"http:\/\/blogs.thesocialmedia.com\/leblogmoto\/files\/2012\/07\/6a00d83451b18369e2011570331bb4970b-pi.jpg\"><img decoding=\"async\" alt=\"Adrien 2\"  class=\"at-xid-6a00d83451b18369e2011570331bb4970b \" src=\"http:\/\/blogs.thesocialmedia.com\/leblogmoto\/files\/2012\/07\/6a00d83451b18369e2011570331bb4970b-800wi.jpg\" \/><span style=\"text-decoration: underline\"> <\/span><\/a> <\/p>\n<p>Adrien, vex\u00e9 par sa chute en d\u00e9but de course, et Alexandre encha\u00eenent les bons temps et permettent \u00e0 la num\u00e9ro 100 d&#039;\u00eatre dans les 5 machines les plus rapides du plateau sous la pluie pendant la longue nuit. Malheureusement le retard est trop grand et de nombreux probl\u00e8mes vont venir masquer les excellents temps r\u00e9alis\u00e9s en course par le duo improvis\u00e9. A chaque fois que la moto reprenait du temps sur ses plus proches adversaires il y avait quelque chose \u00e0 changer en plus au prochain relais, levier de frein, bouchon du radiateur, fixations de car\u00e9nages ou encore simple poign\u00e9e sur le guidon&#8230; <\/p>\n<p><a href=\"http:\/\/blogs.thesocialmedia.com\/leblogmoto\/files\/2012\/07\/6a00d83451b18369e201156f3ccece970c-popup.png\"><img decoding=\"async\" alt=\"Adrien\" class=\"at-xid-6a00d83451b18369e201156f3ccece970c \" src=\"http:\/\/blogs.thesocialmedia.com\/leblogmoto\/files\/2012\/07\/6a00d83451b18369e201156f3ccece970c-500wi.jpg\" \/><\/a><\/p>\n<p>De toutes petites r\u00e9parations de pi\u00e8ces coutant souvent \u00e0 peine plus d&#039;un euro mais dont les nombreuses r\u00e9p\u00e9titions sont bien plus usantes pour une \u00e9quipe qu&#039;une seule et unique grosse intervention.<a href=\"http:\/\/blogs.thesocialmedia.com\/leblogmoto\/files\/2012\/07\/6a00d83451b18369e2011570331bb4970b-pi.jpg\"><span style=\"text-decoration: underline\"><\/span><\/a> <\/p>\n<p><a href=\"http:\/\/clabedan.typepad.com\/.a\/6a00d83451b18369e2011570331e7b970b-pi\"><img decoding=\"async\" alt=\"Adrien 6\"  class=\"at-xid-6a00d83451b18369e2011570331e7b970b \" src=\"http:\/\/blogs.thesocialmedia.com\/leblogmoto\/files\/2012\/07\/6a00d83451b18369e2011570331e7b970b-800wi.jpg\" \/><\/a> <\/p>\n<p>&#160;L&#039;arriv\u00e9e de la machine au terme des 24 Heures sera juste incroyable avec du bonheur et de l&#039;\u00e9motion \u00e0 la hauteur de l&#039;exploit r\u00e9alis\u00e9&#8230;<a href=\"http:\/\/blogs.thesocialmedia.com\/leblogmoto\/files\/2012\/07\/6a00d83451b18369e201156fa34eb5970c-pi.jpg\"><br \/><\/a> <\/p>\n<p><a href=\"http:\/\/clabedan.typepad.com\/.a\/6a00d83451b18369e2011570989004970b-pi\"><img decoding=\"async\" alt=\"Team 45\" class=\"at-xid-6a00d83451b18369e2011570989004970b \" src=\"http:\/\/blogs.thesocialmedia.com\/leblogmoto\/files\/2012\/07\/6a00d83451b18369e2011570989004970b-500wi.jpg\" \/><\/a> <\/p>\n<p> Le Team Endurance 45 finit \u00e0 la 16\u00e8me place au classement g\u00e9n\u00e9ral (18\u00e8me place en 2008) et 6\u00e8me de sa cat\u00e9gorie. Un total de 671 tours sur la course, \u00e0 seulement 56 tours des premiers&#8230; <\/p>\n<div style=\"width: 480px;text-align: right\"><embed height=\"360\" src=\"http:\/\/static.photobucket.com\/flash\/rss_slideshow.swf?rssFeed=http%3A%2F%2Ffeed248.photobucket.com%2Falbums%2Fgg180%2Febipbip%2FTeam%2520Endurance%252045%2Ffeed.rss\" type=\"application\/x-shockwave-flash\" width=\"480\" \/><a href=\"http:\/\/s248.photobucket.com\/albums\/gg180\/ebipbip\/Team%20Endurance%2045\/\" target=\"_blank\"><img decoding=\"async\" src=\"http:\/\/pic.photobucket.com\/share\/icons\/embed\/btn_viewall.gif\" style=\"border: medium none\" \/><\/a><\/div>\n<p> Adrien Ganfornina et Alexandre Lagrive ont attir\u00e9 l&#039;attention du paddock et des autres teams. Emmanuel Parisse aussi.<span style=\"text-decoration: underline\"><br \/><\/span><\/p>\n<p><a href=\"http:\/\/blogs.thesocialmedia.com\/leblogmoto\/files\/2012\/07\/6a00d83451b18369e2011570988f38970b-pi.jpg\"><img decoding=\"async\" alt=\"Team 45 08\" class=\"at-xid-6a00d83451b18369e2011570988f38970b \" src=\"http:\/\/blogs.thesocialmedia.com\/leblogmoto\/files\/2012\/07\/6a00d83451b18369e2011570988f38970b-500wi.jpg\" \/><\/a> <br \/><span style=\"text-decoration: underline\"><\/span><\/p>\n<p>En 2009 Adrien est inscrit au Championnat du monde d&#039;endurance et fera quelques piges en championnat Superbike. <\/p>\n<p>Prochaine course pour le Team Endurance 45 les 30 et 31 mai prochains en Allemagne pour les 8 heures d&#039;Oscherleben&#8230;<\/p>\n<\/p>\n<p> <\/p>\n<\/p>\n<div><object height=\"414\" width=\"480\"><param name=\"movie\" value=\"http:\/\/www.dailymotion.com\/swf\/x92013_team-endurance-moto-45_auto&amp;related=1\" \/><param name=\"allowFullScreen\" value=\"true\" \/><param name=\"allowScriptAccess\" value=\"always\" \/><embed height=\"414\" src=\"http:\/\/www.dailymotion.com\/swf\/x92013_team-endurance-moto-45_auto&amp;related=1\" type=\"application\/x-shockwave-flash\" width=\"480\" \/><\/object><br \/><strong><a href=\"http:\/\/www.dailymotion.com\/video\/x92013_team-endurance-moto-45_auto\"><\/a><\/strong><em><a href=\"http:\/\/www.dailymotion.com\/Quart2Tours\"><br \/><\/a><\/em><\/div>\n","protected":false},"excerpt":{"rendered":"<p>Vous connaissez d\u00e9j\u00e0 Adrien Ganfornina depuis l&#039;\u00e9dition 2008 quand il roulait aux c\u00f4t\u00e9s de Gregory et Franck pour le team Dafy Moto Cognage&#8230; Adrien roulait cette ann\u00e9e sur la moto num\u00e9ro 100, une Suzuki GSXR 1000 de 192 cv, pour le Team Endurance 45, aux c\u00f4t\u00e9s d&#039;Emmanuel Parisse et d&#039; Alexandre Lagrive, fr\u00e8re de Matthieu [&hellip;]<\/p>\n","protected":false},"author":323,"featured_media":13283,"comment_status":"open","ping_status":"open","sticky":false,"template":"","format":"standard","meta":{"footnotes":""},"categories":[3,69,32,55,46,72,51,12],"tags":[],"class_list":["post-179","post","type-post","status-publish","format-standard","has-post-thumbnail","hentry","category-actualite","category-endurance","category-sport-moto","category-sports","category-superbike","category-superstock","category-suzuki","category-videos"],"yoast_head":"<!-- This site is optimized with the Yoast SEO plugin v26.0 - https:\/\/yoast.com\/wordpress\/plugins\/seo\/ -->\n<title>Une course de gladiateurs pour Adrien Ganfornina et Alexandre Lagrive - leblogmoto.com<\/title>\n<meta name=\"robots\" content=\"index, follow, max-snippet:-1, max-image-preview:large, max-video-preview:-1\" \/>\n<link rel=\"canonical\" href=\"https:\/\/blogs.thesocialmedia.com\/leblogmoto\/2009\/04\/20\/adrien-ganfornina\/\" \/>\n<meta name=\"twitter:card\" content=\"summary_large_image\" \/>\n<meta name=\"twitter:title\" content=\"Une course de gladiateurs pour Adrien Ganfornina et Alexandre Lagrive - leblogmoto.com\" \/>\n<meta name=\"twitter:description\" content=\"Vous connaissez d\u00e9j\u00e0 Adrien Ganfornina depuis l&#039;\u00e9dition 2008 quand il roulait aux c\u00f4t\u00e9s de Gregory et Franck pour le team Dafy Moto Cognage&#8230; Adrien roulait cette ann\u00e9e sur la moto num\u00e9ro 100, une Suzuki GSXR 1000 de 192 cv, pour le Team Endurance 45, aux c\u00f4t\u00e9s d&#039;Emmanuel Parisse et d&#039; Alexandre Lagrive, fr\u00e8re de Matthieu [&hellip;]\" \/>\n<meta name=\"twitter:image\" content=\"https:\/\/blogs.thesocialmedia.com\/leblogmoto\/files\/2012\/07\/6a00d83451b18369e201156fa34eb5970c-800wi.jpg\" \/>\n<meta name=\"twitter:label1\" content=\"\u00c9crit par\" \/>\n\t<meta name=\"twitter:data1\" content=\"albin le guyader\" \/>\n\t<meta name=\"twitter:label2\" content=\"Dur\u00e9e de lecture estim\u00e9e\" \/>\n\t<meta name=\"twitter:data2\" content=\"3 minutes\" \/>\n<script type=\"application\/ld+json\" class=\"yoast-schema-graph\">{\"@context\":\"https:\/\/schema.org\",\"@graph\":[{\"@type\":\"WebPage\",\"@id\":\"https:\/\/blogs.thesocialmedia.com\/leblogmoto\/2009\/04\/20\/adrien-ganfornina\/\",\"url\":\"https:\/\/blogs.thesocialmedia.com\/leblogmoto\/2009\/04\/20\/adrien-ganfornina\/\",\"name\":\"Une course de gladiateurs pour Adrien Ganfornina et Alexandre Lagrive - leblogmoto.com\",\"isPartOf\":{\"@id\":\"https:\/\/blogs.thesocialmedia.com\/leblogmoto\/#website\"},\"primaryImageOfPage\":{\"@id\":\"https:\/\/blogs.thesocialmedia.com\/leblogmoto\/2009\/04\/20\/adrien-ganfornina\/#primaryimage\"},\"image\":{\"@id\":\"https:\/\/blogs.thesocialmedia.com\/leblogmoto\/2009\/04\/20\/adrien-ganfornina\/#primaryimage\"},\"thumbnailUrl\":\"https:\/\/blogs.thesocialmedia.com\/leblogmoto\/files\/2012\/07\/6a00d83451b18369e201156fa34eb5970c-800wi.jpg\",\"datePublished\":\"2009-04-20T05:17:00+00:00\",\"dateModified\":\"2012-07-11T17:19:38+00:00\",\"author\":{\"@id\":\"https:\/\/blogs.thesocialmedia.com\/leblogmoto\/#\/schema\/person\/b496d27c898c29a39678e2425cafb9ae\"},\"breadcrumb\":{\"@id\":\"https:\/\/blogs.thesocialmedia.com\/leblogmoto\/2009\/04\/20\/adrien-ganfornina\/#breadcrumb\"},\"inLanguage\":\"fr-FR\",\"potentialAction\":[{\"@type\":\"ReadAction\",\"target\":[\"https:\/\/blogs.thesocialmedia.com\/leblogmoto\/2009\/04\/20\/adrien-ganfornina\/\"]}]},{\"@type\":\"ImageObject\",\"inLanguage\":\"fr-FR\",\"@id\":\"https:\/\/blogs.thesocialmedia.com\/leblogmoto\/2009\/04\/20\/adrien-ganfornina\/#primaryimage\",\"url\":\"https:\/\/blogs.thesocialmedia.com\/leblogmoto\/files\/2012\/07\/6a00d83451b18369e201156fa34eb5970c-800wi.jpg\",\"contentUrl\":\"https:\/\/blogs.thesocialmedia.com\/leblogmoto\/files\/2012\/07\/6a00d83451b18369e201156fa34eb5970c-800wi.jpg\",\"width\":\"320\",\"height\":\"480\"},{\"@type\":\"BreadcrumbList\",\"@id\":\"https:\/\/blogs.thesocialmedia.com\/leblogmoto\/2009\/04\/20\/adrien-ganfornina\/#breadcrumb\",\"itemListElement\":[{\"@type\":\"ListItem\",\"position\":1,\"name\":\"Accueil\",\"item\":\"https:\/\/blogs.thesocialmedia.com\/leblogmoto\/\"},{\"@type\":\"ListItem\",\"position\":2,\"name\":\"Une course de gladiateurs pour Adrien Ganfornina et Alexandre Lagrive\"}]},{\"@type\":\"WebSite\",\"@id\":\"https:\/\/blogs.thesocialmedia.com\/leblogmoto\/#website\",\"url\":\"https:\/\/blogs.thesocialmedia.com\/leblogmoto\/\",\"name\":\"leblogmoto\",\"description\":\"Toute l&#039;actualit\u00e9 des 2 roues\",\"potentialAction\":[{\"@type\":\"SearchAction\",\"target\":{\"@type\":\"EntryPoint\",\"urlTemplate\":\"https:\/\/blogs.thesocialmedia.com\/leblogmoto\/?s={search_term_string}\"},\"query-input\":{\"@type\":\"PropertyValueSpecification\",\"valueRequired\":true,\"valueName\":\"search_term_string\"}}],\"inLanguage\":\"fr-FR\"},{\"@type\":\"Person\",\"@id\":\"https:\/\/blogs.thesocialmedia.com\/leblogmoto\/#\/schema\/person\/b496d27c898c29a39678e2425cafb9ae\",\"name\":\"albin le guyader\",\"image\":{\"@type\":\"ImageObject\",\"inLanguage\":\"fr-FR\",\"@id\":\"https:\/\/blogs.thesocialmedia.com\/leblogmoto\/#\/schema\/person\/image\/\",\"url\":\"https:\/\/secure.gravatar.com\/avatar\/?s=96&d=mm&r=g\",\"contentUrl\":\"https:\/\/secure.gravatar.com\/avatar\/?s=96&d=mm&r=g\",\"caption\":\"albin le guyader\"},\"url\":\"https:\/\/blogs.thesocialmedia.com\/leblogmoto\/author\/albin-le-guyader\/\"}]}<\/script>\n<!-- \/ Yoast SEO plugin. -->","yoast_head_json":{"title":"Une course de gladiateurs pour Adrien Ganfornina et Alexandre Lagrive - leblogmoto.com","robots":{"index":"index","follow":"follow","max-snippet":"max-snippet:-1","max-image-preview":"max-image-preview:large","max-video-preview":"max-video-preview:-1"},"canonical":"https:\/\/blogs.thesocialmedia.com\/leblogmoto\/2009\/04\/20\/adrien-ganfornina\/","twitter_card":"summary_large_image","twitter_title":"Une course de gladiateurs pour Adrien Ganfornina et Alexandre Lagrive - leblogmoto.com","twitter_description":"Vous connaissez d\u00e9j\u00e0 Adrien Ganfornina depuis l&#039;\u00e9dition 2008 quand il roulait aux c\u00f4t\u00e9s de Gregory et Franck pour le team Dafy Moto Cognage&#8230; Adrien roulait cette ann\u00e9e sur la moto num\u00e9ro 100, une Suzuki GSXR 1000 de 192 cv, pour le Team Endurance 45, aux c\u00f4t\u00e9s d&#039;Emmanuel Parisse et d&#039; Alexandre Lagrive, fr\u00e8re de Matthieu [&hellip;]","twitter_image":"https:\/\/blogs.thesocialmedia.com\/leblogmoto\/files\/2012\/07\/6a00d83451b18369e201156fa34eb5970c-800wi.jpg","twitter_misc":{"\u00c9crit par":"albin le guyader","Dur\u00e9e de lecture estim\u00e9e":"3 minutes"},"schema":{"@context":"https:\/\/schema.org","@graph":[{"@type":"WebPage","@id":"https:\/\/blogs.thesocialmedia.com\/leblogmoto\/2009\/04\/20\/adrien-ganfornina\/","url":"https:\/\/blogs.thesocialmedia.com\/leblogmoto\/2009\/04\/20\/adrien-ganfornina\/","name":"Une course de gladiateurs pour Adrien Ganfornina et Alexandre Lagrive - leblogmoto.com","isPartOf":{"@id":"https:\/\/blogs.thesocialmedia.com\/leblogmoto\/#website"},"primaryImageOfPage":{"@id":"https:\/\/blogs.thesocialmedia.com\/leblogmoto\/2009\/04\/20\/adrien-ganfornina\/#primaryimage"},"image":{"@id":"https:\/\/blogs.thesocialmedia.com\/leblogmoto\/2009\/04\/20\/adrien-ganfornina\/#primaryimage"},"thumbnailUrl":"https:\/\/blogs.thesocialmedia.com\/leblogmoto\/files\/2012\/07\/6a00d83451b18369e201156fa34eb5970c-800wi.jpg","datePublished":"2009-04-20T05:17:00+00:00","dateModified":"2012-07-11T17:19:38+00:00","author":{"@id":"https:\/\/blogs.thesocialmedia.com\/leblogmoto\/#\/schema\/person\/b496d27c898c29a39678e2425cafb9ae"},"breadcrumb":{"@id":"https:\/\/blogs.thesocialmedia.com\/leblogmoto\/2009\/04\/20\/adrien-ganfornina\/#breadcrumb"},"inLanguage":"fr-FR","potentialAction":[{"@type":"ReadAction","target":["https:\/\/blogs.thesocialmedia.com\/leblogmoto\/2009\/04\/20\/adrien-ganfornina\/"]}]},{"@type":"ImageObject","inLanguage":"fr-FR","@id":"https:\/\/blogs.thesocialmedia.com\/leblogmoto\/2009\/04\/20\/adrien-ganfornina\/#primaryimage","url":"https:\/\/blogs.thesocialmedia.com\/leblogmoto\/files\/2012\/07\/6a00d83451b18369e201156fa34eb5970c-800wi.jpg","contentUrl":"https:\/\/blogs.thesocialmedia.com\/leblogmoto\/files\/2012\/07\/6a00d83451b18369e201156fa34eb5970c-800wi.jpg","width":"320","height":"480"},{"@type":"BreadcrumbList","@id":"https:\/\/blogs.thesocialmedia.com\/leblogmoto\/2009\/04\/20\/adrien-ganfornina\/#breadcrumb","itemListElement":[{"@type":"ListItem","position":1,"name":"Accueil","item":"https:\/\/blogs.thesocialmedia.com\/leblogmoto\/"},{"@type":"ListItem","position":2,"name":"Une course de gladiateurs pour Adrien Ganfornina et Alexandre Lagrive"}]},{"@type":"WebSite","@id":"https:\/\/blogs.thesocialmedia.com\/leblogmoto\/#website","url":"https:\/\/blogs.thesocialmedia.com\/leblogmoto\/","name":"leblogmoto","description":"Toute l&#039;actualit\u00e9 des 2 roues","potentialAction":[{"@type":"SearchAction","target":{"@type":"EntryPoint","urlTemplate":"https:\/\/blogs.thesocialmedia.com\/leblogmoto\/?s={search_term_string}"},"query-input":{"@type":"PropertyValueSpecification","valueRequired":true,"valueName":"search_term_string"}}],"inLanguage":"fr-FR"},{"@type":"Person","@id":"https:\/\/blogs.thesocialmedia.com\/leblogmoto\/#\/schema\/person\/b496d27c898c29a39678e2425cafb9ae","name":"albin le guyader","image":{"@type":"ImageObject","inLanguage":"fr-FR","@id":"https:\/\/blogs.thesocialmedia.com\/leblogmoto\/#\/schema\/person\/image\/","url":"https:\/\/secure.gravatar.com\/avatar\/?s=96&d=mm&r=g","contentUrl":"https:\/\/secure.gravatar.com\/avatar\/?s=96&d=mm&r=g","caption":"albin le guyader"},"url":"https:\/\/blogs.thesocialmedia.com\/leblogmoto\/author\/albin-le-guyader\/"}]}},"_links":{"self":[{"href":"https:\/\/blogs.thesocialmedia.com\/leblogmoto\/wp-json\/wp\/v2\/posts\/179","targetHints":{"allow":["GET"]}}],"collection":[{"href":"https:\/\/blogs.thesocialmedia.com\/leblogmoto\/wp-json\/wp\/v2\/posts"}],"about":[{"href":"https:\/\/blogs.thesocialmedia.com\/leblogmoto\/wp-json\/wp\/v2\/types\/post"}],"author":[{"embeddable":true,"href":"https:\/\/blogs.thesocialmedia.com\/leblogmoto\/wp-json\/wp\/v2\/users\/323"}],"replies":[{"embeddable":true,"href":"https:\/\/blogs.thesocialmedia.com\/leblogmoto\/wp-json\/wp\/v2\/comments?post=179"}],"version-history":[{"count":2,"href":"https:\/\/blogs.thesocialmedia.com\/leblogmoto\/wp-json\/wp\/v2\/posts\/179\/revisions"}],"predecessor-version":[{"id":13299,"href":"https:\/\/blogs.thesocialmedia.com\/leblogmoto\/wp-json\/wp\/v2\/posts\/179\/revisions\/13299"}],"wp:featuredmedia":[{"embeddable":true,"href":"https:\/\/blogs.thesocialmedia.com\/leblogmoto\/wp-json\/wp\/v2\/media\/13283"}],"wp:attachment":[{"href":"https:\/\/blogs.thesocialmedia.com\/leblogmoto\/wp-json\/wp\/v2\/media?parent=179"}],"wp:term":[{"taxonomy":"category","embeddable":true,"href":"https:\/\/blogs.thesocialmedia.com\/leblogmoto\/wp-json\/wp\/v2\/categories?post=179"},{"taxonomy":"post_tag","embeddable":true,"href":"https:\/\/blogs.thesocialmedia.com\/leblogmoto\/wp-json\/wp\/v2\/tags?post=179"}],"curies":[{"name":"wp","href":"https:\/\/api.w.org\/{rel}","templated":true}]}}