{"id":1790,"date":"2006-06-04T12:07:45","date_gmt":"2006-06-04T12:07:45","guid":{"rendered":"http:\/\/blogs.thesocialmedia.com\/leblogmoto\/2006\/06\/04\/mugello-125-pas\/"},"modified":"2012-07-11T14:23:52","modified_gmt":"2012-07-11T14:23:52","slug":"mugello-125-pas","status":"publish","type":"post","link":"https:\/\/blogs.thesocialmedia.com\/leblogmoto\/2006\/06\/04\/mugello-125-pas\/","title":{"rendered":"MUGELLO 125: PASINI pour un milli\u00e8me"},"content":{"rendered":"<p><a href=\"http:\/\/blogs.thesocialmedia.com\/leblogmoto\/files\/2012\/07\/foto_mag_head_1657_1132562277.jpg\"><\/a><a href=\"http:\/\/clabedan.typepad.com\/.shared\/image.html?\/photos\/uncategorized\/big_01731.jpg\"><img loading=\"lazy\" decoding=\"async\" height=\"277\" alt=\"Big_01731\" src=\"http:\/\/www.leblogmoto.com\/images\/big_01731.jpg\" width=\"470\"  \/><\/a> <a href=\"http:\/\/www.leblogmoto.com\/2006\/03\/125_pasini_prem.html\">PASINI<\/a> a gagn\u00e9 \u00e0 domicile, \u00e0 la grande satisfaction du public transalpin venu nombreux. Une course \u00e0 trois, PASINI ayant eu \u00e0 lutter contre son \u00e9quipier leader du championnat <strong>BAUTISTA<\/strong> et <a href=\"http:\/\/www.leblogmoto.com\/2006\/06\/mugello_125_qua.html\">PESEK<\/a>, auteur de la pole, sur sa DERBI aux g\u00eanes d&rsquo;APRILIA. La d\u00e9cision s&rsquo;est faite \u00e0 l&rsquo;aspi dans la derni\u00e8re ligne droite, pour un milli\u00e8me.<\/p>\n<p>C\u00f4t\u00e9 <strong>HONDA<\/strong>, c&rsquo;est <strong>TALMACSI<\/strong> qui se pr\u00e9sente comme le meilleur repr\u00e9sentant de la marque, avec une modeste huiti\u00e8me place acquise au d\u00e9triment d&rsquo;un <a href=\"http:\/\/www.leblogmoto.com\/2006\/05\/125_la_tuile_po.html\">Thomas LUTHI courageux<\/a>. <\/p>\n<p><a href=\"http:\/\/clabedan.typepad.com\/.shared\/image.html?\/photos\/uncategorized\/foto_mag_head_1657_1132562277_1.jpg\"><img loading=\"lazy\" decoding=\"async\" height=\"146\" alt=\"Foto_mag_head_1657_1132562277_1\" src=\"http:\/\/www.leblogmoto.com\/images\/foto_mag_head_1657_1132562277_1.jpg\" width=\"250\"  \/><\/a> Le Suisse, <strong>op\u00e9r\u00e9 de sa clavicule Jeudi dernier<\/strong>, a fait une course pleine d&rsquo;abn\u00e9gation pour terminer \u00e0 une bonne <strong>neuvi\u00e8me <\/strong>place compte tenu des circonstances et de la forme moyenne des HONDA sur ce circuit.<\/p>\n<p>C\u00f4t\u00e9 <strong>KTM<\/strong>, <strong>KALLIO<\/strong> n&rsquo;a pu faire mieux que sixi\u00e8me. Pour les Fran\u00e7ais, en revanche, c&rsquo;est le pire qui s&rsquo;est produit. Abandon de MASBOU et chute dans le dernier tour de DI MEGLIO qui, de toute fa\u00e7on, \u00e9tait hors des points.<\/p>\n<p><strong><em><u>Championnat<\/u><\/em><\/strong>: BAUTISTA 119 &#8211; KALLIO 88 &#8211; PASINI 74 <\/p>\n","protected":false},"excerpt":{"rendered":"<p>PASINI a gagn\u00e9 \u00e0 domicile, \u00e0 la grande satisfaction du public transalpin venu nombreux. Une course \u00e0 trois, PASINI ayant eu \u00e0 lutter contre son \u00e9quipier leader du championnat BAUTISTA et PESEK, auteur de la pole, sur sa DERBI aux g\u00eanes d&rsquo;APRILIA. La d\u00e9cision s&rsquo;est faite \u00e0 l&rsquo;aspi dans la derni\u00e8re ligne droite, pour un [&hellip;]<\/p>\n","protected":false},"author":336,"featured_media":0,"comment_status":"open","ping_status":"open","sticky":false,"template":"","format":"standard","meta":{"footnotes":""},"categories":[22,32],"tags":[],"class_list":["post-1790","post","type-post","status-publish","format-standard","hentry","category-motogp","category-sport-moto"],"yoast_head":"<!-- This site is optimized with the Yoast SEO plugin v26.0 - https:\/\/yoast.com\/wordpress\/plugins\/seo\/ -->\n<title>MUGELLO 125: PASINI pour un milli\u00e8me - leblogmoto.com<\/title>\n<meta name=\"robots\" content=\"index, follow, max-snippet:-1, max-image-preview:large, max-video-preview:-1\" \/>\n<link rel=\"canonical\" href=\"https:\/\/blogs.thesocialmedia.com\/leblogmoto\/2006\/06\/04\/mugello-125-pas\/\" \/>\n<meta name=\"twitter:card\" content=\"summary_large_image\" \/>\n<meta name=\"twitter:title\" content=\"MUGELLO 125: PASINI pour un milli\u00e8me - leblogmoto.com\" \/>\n<meta name=\"twitter:description\" content=\"PASINI a gagn\u00e9 \u00e0 domicile, \u00e0 la grande satisfaction du public transalpin venu nombreux. Une course \u00e0 trois, PASINI ayant eu \u00e0 lutter contre son \u00e9quipier leader du championnat BAUTISTA et PESEK, auteur de la pole, sur sa DERBI aux g\u00eanes d&rsquo;APRILIA. La d\u00e9cision s&rsquo;est faite \u00e0 l&rsquo;aspi dans la derni\u00e8re ligne droite, pour un [&hellip;]\" \/>\n<meta name=\"twitter:image\" content=\"http:\/\/www.leblogmoto.com\/images\/big_01731.jpg\" \/>\n<meta name=\"twitter:label1\" content=\"\u00c9crit par\" \/>\n\t<meta name=\"twitter:data1\" content=\"andre leconde\" \/>\n\t<meta name=\"twitter:label2\" content=\"Dur\u00e9e de lecture estim\u00e9e\" \/>\n\t<meta name=\"twitter:data2\" content=\"1 minute\" \/>\n<script type=\"application\/ld+json\" class=\"yoast-schema-graph\">{\"@context\":\"https:\/\/schema.org\",\"@graph\":[{\"@type\":\"WebPage\",\"@id\":\"https:\/\/blogs.thesocialmedia.com\/leblogmoto\/2006\/06\/04\/mugello-125-pas\/\",\"url\":\"https:\/\/blogs.thesocialmedia.com\/leblogmoto\/2006\/06\/04\/mugello-125-pas\/\",\"name\":\"MUGELLO 125: PASINI pour un milli\u00e8me - leblogmoto.com\",\"isPartOf\":{\"@id\":\"https:\/\/blogs.thesocialmedia.com\/leblogmoto\/#website\"},\"primaryImageOfPage\":{\"@id\":\"https:\/\/blogs.thesocialmedia.com\/leblogmoto\/2006\/06\/04\/mugello-125-pas\/#primaryimage\"},\"image\":{\"@id\":\"https:\/\/blogs.thesocialmedia.com\/leblogmoto\/2006\/06\/04\/mugello-125-pas\/#primaryimage\"},\"thumbnailUrl\":\"http:\/\/www.leblogmoto.com\/images\/big_01731.jpg\",\"datePublished\":\"2006-06-04T12:07:45+00:00\",\"dateModified\":\"2012-07-11T14:23:52+00:00\",\"author\":{\"@id\":\"https:\/\/blogs.thesocialmedia.com\/leblogmoto\/#\/schema\/person\/1a1dcfc7cec206573105eb4af91155c2\"},\"breadcrumb\":{\"@id\":\"https:\/\/blogs.thesocialmedia.com\/leblogmoto\/2006\/06\/04\/mugello-125-pas\/#breadcrumb\"},\"inLanguage\":\"fr-FR\",\"potentialAction\":[{\"@type\":\"ReadAction\",\"target\":[\"https:\/\/blogs.thesocialmedia.com\/leblogmoto\/2006\/06\/04\/mugello-125-pas\/\"]}]},{\"@type\":\"ImageObject\",\"inLanguage\":\"fr-FR\",\"@id\":\"https:\/\/blogs.thesocialmedia.com\/leblogmoto\/2006\/06\/04\/mugello-125-pas\/#primaryimage\",\"url\":\"http:\/\/www.leblogmoto.com\/images\/big_01731.jpg\",\"contentUrl\":\"http:\/\/www.leblogmoto.com\/images\/big_01731.jpg\"},{\"@type\":\"BreadcrumbList\",\"@id\":\"https:\/\/blogs.thesocialmedia.com\/leblogmoto\/2006\/06\/04\/mugello-125-pas\/#breadcrumb\",\"itemListElement\":[{\"@type\":\"ListItem\",\"position\":1,\"name\":\"Accueil\",\"item\":\"https:\/\/blogs.thesocialmedia.com\/leblogmoto\/\"},{\"@type\":\"ListItem\",\"position\":2,\"name\":\"MUGELLO 125: PASINI pour un milli\u00e8me\"}]},{\"@type\":\"WebSite\",\"@id\":\"https:\/\/blogs.thesocialmedia.com\/leblogmoto\/#website\",\"url\":\"https:\/\/blogs.thesocialmedia.com\/leblogmoto\/\",\"name\":\"leblogmoto\",\"description\":\"Toute l&#039;actualit\u00e9 des 2 roues\",\"potentialAction\":[{\"@type\":\"SearchAction\",\"target\":{\"@type\":\"EntryPoint\",\"urlTemplate\":\"https:\/\/blogs.thesocialmedia.com\/leblogmoto\/?s={search_term_string}\"},\"query-input\":{\"@type\":\"PropertyValueSpecification\",\"valueRequired\":true,\"valueName\":\"search_term_string\"}}],\"inLanguage\":\"fr-FR\"},{\"@type\":\"Person\",\"@id\":\"https:\/\/blogs.thesocialmedia.com\/leblogmoto\/#\/schema\/person\/1a1dcfc7cec206573105eb4af91155c2\",\"name\":\"andre leconde\",\"image\":{\"@type\":\"ImageObject\",\"inLanguage\":\"fr-FR\",\"@id\":\"https:\/\/blogs.thesocialmedia.com\/leblogmoto\/#\/schema\/person\/image\/\",\"url\":\"https:\/\/secure.gravatar.com\/avatar\/?s=96&d=mm&r=g\",\"contentUrl\":\"https:\/\/secure.gravatar.com\/avatar\/?s=96&d=mm&r=g\",\"caption\":\"andre leconde\"},\"url\":\"https:\/\/blogs.thesocialmedia.com\/leblogmoto\/author\/andre-leconde\/\"}]}<\/script>\n<!-- \/ Yoast SEO plugin. -->","yoast_head_json":{"title":"MUGELLO 125: PASINI pour un milli\u00e8me - leblogmoto.com","robots":{"index":"index","follow":"follow","max-snippet":"max-snippet:-1","max-image-preview":"max-image-preview:large","max-video-preview":"max-video-preview:-1"},"canonical":"https:\/\/blogs.thesocialmedia.com\/leblogmoto\/2006\/06\/04\/mugello-125-pas\/","twitter_card":"summary_large_image","twitter_title":"MUGELLO 125: PASINI pour un milli\u00e8me - leblogmoto.com","twitter_description":"PASINI a gagn\u00e9 \u00e0 domicile, \u00e0 la grande satisfaction du public transalpin venu nombreux. Une course \u00e0 trois, PASINI ayant eu \u00e0 lutter contre son \u00e9quipier leader du championnat BAUTISTA et PESEK, auteur de la pole, sur sa DERBI aux g\u00eanes d&rsquo;APRILIA. La d\u00e9cision s&rsquo;est faite \u00e0 l&rsquo;aspi dans la derni\u00e8re ligne droite, pour un [&hellip;]","twitter_image":"http:\/\/www.leblogmoto.com\/images\/big_01731.jpg","twitter_misc":{"\u00c9crit par":"andre leconde","Dur\u00e9e de lecture estim\u00e9e":"1 minute"},"schema":{"@context":"https:\/\/schema.org","@graph":[{"@type":"WebPage","@id":"https:\/\/blogs.thesocialmedia.com\/leblogmoto\/2006\/06\/04\/mugello-125-pas\/","url":"https:\/\/blogs.thesocialmedia.com\/leblogmoto\/2006\/06\/04\/mugello-125-pas\/","name":"MUGELLO 125: PASINI pour un milli\u00e8me - leblogmoto.com","isPartOf":{"@id":"https:\/\/blogs.thesocialmedia.com\/leblogmoto\/#website"},"primaryImageOfPage":{"@id":"https:\/\/blogs.thesocialmedia.com\/leblogmoto\/2006\/06\/04\/mugello-125-pas\/#primaryimage"},"image":{"@id":"https:\/\/blogs.thesocialmedia.com\/leblogmoto\/2006\/06\/04\/mugello-125-pas\/#primaryimage"},"thumbnailUrl":"http:\/\/www.leblogmoto.com\/images\/big_01731.jpg","datePublished":"2006-06-04T12:07:45+00:00","dateModified":"2012-07-11T14:23:52+00:00","author":{"@id":"https:\/\/blogs.thesocialmedia.com\/leblogmoto\/#\/schema\/person\/1a1dcfc7cec206573105eb4af91155c2"},"breadcrumb":{"@id":"https:\/\/blogs.thesocialmedia.com\/leblogmoto\/2006\/06\/04\/mugello-125-pas\/#breadcrumb"},"inLanguage":"fr-FR","potentialAction":[{"@type":"ReadAction","target":["https:\/\/blogs.thesocialmedia.com\/leblogmoto\/2006\/06\/04\/mugello-125-pas\/"]}]},{"@type":"ImageObject","inLanguage":"fr-FR","@id":"https:\/\/blogs.thesocialmedia.com\/leblogmoto\/2006\/06\/04\/mugello-125-pas\/#primaryimage","url":"http:\/\/www.leblogmoto.com\/images\/big_01731.jpg","contentUrl":"http:\/\/www.leblogmoto.com\/images\/big_01731.jpg"},{"@type":"BreadcrumbList","@id":"https:\/\/blogs.thesocialmedia.com\/leblogmoto\/2006\/06\/04\/mugello-125-pas\/#breadcrumb","itemListElement":[{"@type":"ListItem","position":1,"name":"Accueil","item":"https:\/\/blogs.thesocialmedia.com\/leblogmoto\/"},{"@type":"ListItem","position":2,"name":"MUGELLO 125: PASINI pour un milli\u00e8me"}]},{"@type":"WebSite","@id":"https:\/\/blogs.thesocialmedia.com\/leblogmoto\/#website","url":"https:\/\/blogs.thesocialmedia.com\/leblogmoto\/","name":"leblogmoto","description":"Toute l&#039;actualit\u00e9 des 2 roues","potentialAction":[{"@type":"SearchAction","target":{"@type":"EntryPoint","urlTemplate":"https:\/\/blogs.thesocialmedia.com\/leblogmoto\/?s={search_term_string}"},"query-input":{"@type":"PropertyValueSpecification","valueRequired":true,"valueName":"search_term_string"}}],"inLanguage":"fr-FR"},{"@type":"Person","@id":"https:\/\/blogs.thesocialmedia.com\/leblogmoto\/#\/schema\/person\/1a1dcfc7cec206573105eb4af91155c2","name":"andre leconde","image":{"@type":"ImageObject","inLanguage":"fr-FR","@id":"https:\/\/blogs.thesocialmedia.com\/leblogmoto\/#\/schema\/person\/image\/","url":"https:\/\/secure.gravatar.com\/avatar\/?s=96&d=mm&r=g","contentUrl":"https:\/\/secure.gravatar.com\/avatar\/?s=96&d=mm&r=g","caption":"andre leconde"},"url":"https:\/\/blogs.thesocialmedia.com\/leblogmoto\/author\/andre-leconde\/"}]}},"_links":{"self":[{"href":"https:\/\/blogs.thesocialmedia.com\/leblogmoto\/wp-json\/wp\/v2\/posts\/1790","targetHints":{"allow":["GET"]}}],"collection":[{"href":"https:\/\/blogs.thesocialmedia.com\/leblogmoto\/wp-json\/wp\/v2\/posts"}],"about":[{"href":"https:\/\/blogs.thesocialmedia.com\/leblogmoto\/wp-json\/wp\/v2\/types\/post"}],"author":[{"embeddable":true,"href":"https:\/\/blogs.thesocialmedia.com\/leblogmoto\/wp-json\/wp\/v2\/users\/336"}],"replies":[{"embeddable":true,"href":"https:\/\/blogs.thesocialmedia.com\/leblogmoto\/wp-json\/wp\/v2\/comments?post=1790"}],"version-history":[{"count":2,"href":"https:\/\/blogs.thesocialmedia.com\/leblogmoto\/wp-json\/wp\/v2\/posts\/1790\/revisions"}],"predecessor-version":[{"id":7557,"href":"https:\/\/blogs.thesocialmedia.com\/leblogmoto\/wp-json\/wp\/v2\/posts\/1790\/revisions\/7557"}],"wp:attachment":[{"href":"https:\/\/blogs.thesocialmedia.com\/leblogmoto\/wp-json\/wp\/v2\/media?parent=1790"}],"wp:term":[{"taxonomy":"category","embeddable":true,"href":"https:\/\/blogs.thesocialmedia.com\/leblogmoto\/wp-json\/wp\/v2\/categories?post=1790"},{"taxonomy":"post_tag","embeddable":true,"href":"https:\/\/blogs.thesocialmedia.com\/leblogmoto\/wp-json\/wp\/v2\/tags?post=1790"}],"curies":[{"name":"wp","href":"https:\/\/api.w.org\/{rel}","templated":true}]}}