{"id":1793,"date":"2006-06-03T14:43:45","date_gmt":"2006-06-03T14:43:45","guid":{"rendered":"http:\/\/blogs.thesocialmedia.com\/leblogmoto\/2006\/06\/03\/mugello-125-qua\/"},"modified":"2012-07-11T14:23:47","modified_gmt":"2012-07-11T14:23:47","slug":"mugello-125-qua","status":"publish","type":"post","link":"https:\/\/blogs.thesocialmedia.com\/leblogmoto\/2006\/06\/03\/mugello-125-qua\/","title":{"rendered":"MUGELLO 125: Qualifs: PESEK fait du bruit"},"content":{"rendered":"<p><a href=\"http:\/\/blogs.thesocialmedia.com\/leblogmoto\/files\/2012\/07\/120285079_7d137eef53.jpg\"><img loading=\"lazy\" decoding=\"async\" height=\"166\" alt=\"120285079_7d137eef53\" src=\"http:\/\/www.leblogmoto.com\/images\/120285079_7d137eef53.jpg\" width=\"250\"  \/><\/a> Pour changer, c&rsquo;est cette fois une <a href=\"http:\/\/www.leblogmoto.com\/2006\/05\/derbi_mulhacen_.html\">DERBI <\/a>qui a sign\u00e9 la pole de cette \u00e9tape italienne du mondial <a href=\"http:\/\/www.leblogmoto.com\/2006\/05\/sym_wolf_classi.html\">125<\/a>. <strong>Lukas PESEK<\/strong>, qui, depuis le d\u00e9but de la saison multiplie les coups d&rsquo;\u00e9clat, a cette fois mat\u00e9rialis\u00e9 sa v\u00e9locit\u00e9 en un r\u00e9sultat tangible.<\/p>\n<p>Derri\u00e8re, <a href=\"http:\/\/www.leblogmoto.com\/2006\/03\/125_pasini_prem.html\">PASINI<\/a> rate la timbale \u00e0 domicile, poursuivi par <a href=\"http:\/\/www.leblogmoto.com\/2006\/04\/125_turquie_fau.html\">FAUBEL<\/a> et <a href=\"http:\/\/www.leblogmoto.com\/2006\/05\/125_france_luth.html\">LAI<\/a>, meilleur repr\u00e9sentant HONDA.<\/p>\n<p>Quant aux t\u00e9nors du championnat, ils ont \u00e9t\u00e9, cette fois, domin\u00e9s&#8230;&nbsp; &nbsp;<\/p>\n<p><a href=\"http:\/\/clabedan.typepad.com\/.shared\/image.html?\/photos\/uncategorized\/120285054_7f88e1aa5b.jpg\"><img loading=\"lazy\" decoding=\"async\" height=\"166\" alt=\"120285054_7f88e1aa5b\" src=\"http:\/\/www.leblogmoto.com\/images\/120285054_7f88e1aa5b.jpg\" width=\"250\"  \/><\/a>Ce n&rsquo;est qu&rsquo;en deuxi\u00e8me ligne que l&rsquo;on retrouve ainsi les duettistes <a href=\"http:\/\/www.leblogmoto.com\/2006\/04\/qatar_125_bauti.html\">BAUTISTA<\/a>, cinqui\u00e8me, et <a href=\"http:\/\/www.leblogmoto.com\/2006\/05\/125_chine_kalli.html\">KALLIO<\/a>, huiti\u00e8me. Ils encadrent <strong>TALMACSI<\/strong> et <strong>NIETO<\/strong>, alors que le courageux Suisse <strong>LUTHI<\/strong>, malgr\u00e9 <a href=\"http:\/\/www.leblogmoto.com\/2006\/05\/125_la_tuile_po.html\">sa blessure \u00e0 la clavicule<\/a>, signe le quatorzi\u00e8me temps en serrant les dents.<\/p>\n<p>Pour les Fran\u00e7ais, les perfs sont \u00e0 l&rsquo;image de ce d\u00e9but de saison: m\u00e9diocres. <strong>DI MEGLIO<\/strong> erre au dix huiti\u00e8me rang alors que<strong> MASBOU<\/strong> est vingt quatri\u00e8me.<\/p>\n<p>Demain, DERBI verrait bien son Tch\u00e8que encaisser une victoire sur les terres d&rsquo;APRILIA.&nbsp; <\/p>\n","protected":false},"excerpt":{"rendered":"<p>Pour changer, c&rsquo;est cette fois une DERBI qui a sign\u00e9 la pole de cette \u00e9tape italienne du mondial 125. Lukas PESEK, qui, depuis le d\u00e9but de la saison multiplie les coups d&rsquo;\u00e9clat, a cette fois mat\u00e9rialis\u00e9 sa v\u00e9locit\u00e9 en un r\u00e9sultat tangible. Derri\u00e8re, PASINI rate la timbale \u00e0 domicile, poursuivi par FAUBEL et LAI, meilleur [&hellip;]<\/p>\n","protected":false},"author":336,"featured_media":0,"comment_status":"open","ping_status":"open","sticky":false,"template":"","format":"standard","meta":{"footnotes":""},"categories":[83,22,32],"tags":[],"class_list":["post-1793","post","type-post","status-publish","format-standard","hentry","category-derbi","category-motogp","category-sport-moto"],"yoast_head":"<!-- This site is optimized with the Yoast SEO plugin v26.0 - https:\/\/yoast.com\/wordpress\/plugins\/seo\/ -->\n<title>MUGELLO 125: Qualifs: PESEK fait du bruit - leblogmoto.com<\/title>\n<meta name=\"robots\" content=\"index, follow, max-snippet:-1, max-image-preview:large, max-video-preview:-1\" \/>\n<link rel=\"canonical\" href=\"https:\/\/blogs.thesocialmedia.com\/leblogmoto\/2006\/06\/03\/mugello-125-qua\/\" \/>\n<meta name=\"twitter:card\" content=\"summary_large_image\" \/>\n<meta name=\"twitter:title\" content=\"MUGELLO 125: Qualifs: PESEK fait du bruit - leblogmoto.com\" \/>\n<meta name=\"twitter:description\" content=\"Pour changer, c&rsquo;est cette fois une DERBI qui a sign\u00e9 la pole de cette \u00e9tape italienne du mondial 125. Lukas PESEK, qui, depuis le d\u00e9but de la saison multiplie les coups d&rsquo;\u00e9clat, a cette fois mat\u00e9rialis\u00e9 sa v\u00e9locit\u00e9 en un r\u00e9sultat tangible. Derri\u00e8re, PASINI rate la timbale \u00e0 domicile, poursuivi par FAUBEL et LAI, meilleur [&hellip;]\" \/>\n<meta name=\"twitter:image\" content=\"http:\/\/www.leblogmoto.com\/images\/120285079_7d137eef53.jpg\" \/>\n<meta name=\"twitter:label1\" content=\"\u00c9crit par\" \/>\n\t<meta name=\"twitter:data1\" content=\"andre leconde\" \/>\n\t<meta name=\"twitter:label2\" content=\"Dur\u00e9e de lecture estim\u00e9e\" \/>\n\t<meta name=\"twitter:data2\" content=\"1 minute\" \/>\n<script type=\"application\/ld+json\" class=\"yoast-schema-graph\">{\"@context\":\"https:\/\/schema.org\",\"@graph\":[{\"@type\":\"WebPage\",\"@id\":\"https:\/\/blogs.thesocialmedia.com\/leblogmoto\/2006\/06\/03\/mugello-125-qua\/\",\"url\":\"https:\/\/blogs.thesocialmedia.com\/leblogmoto\/2006\/06\/03\/mugello-125-qua\/\",\"name\":\"MUGELLO 125: Qualifs: PESEK fait du bruit - leblogmoto.com\",\"isPartOf\":{\"@id\":\"https:\/\/blogs.thesocialmedia.com\/leblogmoto\/#website\"},\"primaryImageOfPage\":{\"@id\":\"https:\/\/blogs.thesocialmedia.com\/leblogmoto\/2006\/06\/03\/mugello-125-qua\/#primaryimage\"},\"image\":{\"@id\":\"https:\/\/blogs.thesocialmedia.com\/leblogmoto\/2006\/06\/03\/mugello-125-qua\/#primaryimage\"},\"thumbnailUrl\":\"http:\/\/www.leblogmoto.com\/images\/120285079_7d137eef53.jpg\",\"datePublished\":\"2006-06-03T14:43:45+00:00\",\"dateModified\":\"2012-07-11T14:23:47+00:00\",\"author\":{\"@id\":\"https:\/\/blogs.thesocialmedia.com\/leblogmoto\/#\/schema\/person\/1a1dcfc7cec206573105eb4af91155c2\"},\"breadcrumb\":{\"@id\":\"https:\/\/blogs.thesocialmedia.com\/leblogmoto\/2006\/06\/03\/mugello-125-qua\/#breadcrumb\"},\"inLanguage\":\"fr-FR\",\"potentialAction\":[{\"@type\":\"ReadAction\",\"target\":[\"https:\/\/blogs.thesocialmedia.com\/leblogmoto\/2006\/06\/03\/mugello-125-qua\/\"]}]},{\"@type\":\"ImageObject\",\"inLanguage\":\"fr-FR\",\"@id\":\"https:\/\/blogs.thesocialmedia.com\/leblogmoto\/2006\/06\/03\/mugello-125-qua\/#primaryimage\",\"url\":\"http:\/\/www.leblogmoto.com\/images\/120285079_7d137eef53.jpg\",\"contentUrl\":\"http:\/\/www.leblogmoto.com\/images\/120285079_7d137eef53.jpg\"},{\"@type\":\"BreadcrumbList\",\"@id\":\"https:\/\/blogs.thesocialmedia.com\/leblogmoto\/2006\/06\/03\/mugello-125-qua\/#breadcrumb\",\"itemListElement\":[{\"@type\":\"ListItem\",\"position\":1,\"name\":\"Accueil\",\"item\":\"https:\/\/blogs.thesocialmedia.com\/leblogmoto\/\"},{\"@type\":\"ListItem\",\"position\":2,\"name\":\"MUGELLO 125: Qualifs: PESEK fait du bruit\"}]},{\"@type\":\"WebSite\",\"@id\":\"https:\/\/blogs.thesocialmedia.com\/leblogmoto\/#website\",\"url\":\"https:\/\/blogs.thesocialmedia.com\/leblogmoto\/\",\"name\":\"leblogmoto\",\"description\":\"Toute l&#039;actualit\u00e9 des 2 roues\",\"potentialAction\":[{\"@type\":\"SearchAction\",\"target\":{\"@type\":\"EntryPoint\",\"urlTemplate\":\"https:\/\/blogs.thesocialmedia.com\/leblogmoto\/?s={search_term_string}\"},\"query-input\":{\"@type\":\"PropertyValueSpecification\",\"valueRequired\":true,\"valueName\":\"search_term_string\"}}],\"inLanguage\":\"fr-FR\"},{\"@type\":\"Person\",\"@id\":\"https:\/\/blogs.thesocialmedia.com\/leblogmoto\/#\/schema\/person\/1a1dcfc7cec206573105eb4af91155c2\",\"name\":\"andre leconde\",\"image\":{\"@type\":\"ImageObject\",\"inLanguage\":\"fr-FR\",\"@id\":\"https:\/\/blogs.thesocialmedia.com\/leblogmoto\/#\/schema\/person\/image\/\",\"url\":\"https:\/\/secure.gravatar.com\/avatar\/?s=96&d=mm&r=g\",\"contentUrl\":\"https:\/\/secure.gravatar.com\/avatar\/?s=96&d=mm&r=g\",\"caption\":\"andre leconde\"},\"url\":\"https:\/\/blogs.thesocialmedia.com\/leblogmoto\/author\/andre-leconde\/\"}]}<\/script>\n<!-- \/ Yoast SEO plugin. -->","yoast_head_json":{"title":"MUGELLO 125: Qualifs: PESEK fait du bruit - leblogmoto.com","robots":{"index":"index","follow":"follow","max-snippet":"max-snippet:-1","max-image-preview":"max-image-preview:large","max-video-preview":"max-video-preview:-1"},"canonical":"https:\/\/blogs.thesocialmedia.com\/leblogmoto\/2006\/06\/03\/mugello-125-qua\/","twitter_card":"summary_large_image","twitter_title":"MUGELLO 125: Qualifs: PESEK fait du bruit - leblogmoto.com","twitter_description":"Pour changer, c&rsquo;est cette fois une DERBI qui a sign\u00e9 la pole de cette \u00e9tape italienne du mondial 125. Lukas PESEK, qui, depuis le d\u00e9but de la saison multiplie les coups d&rsquo;\u00e9clat, a cette fois mat\u00e9rialis\u00e9 sa v\u00e9locit\u00e9 en un r\u00e9sultat tangible. Derri\u00e8re, PASINI rate la timbale \u00e0 domicile, poursuivi par FAUBEL et LAI, meilleur [&hellip;]","twitter_image":"http:\/\/www.leblogmoto.com\/images\/120285079_7d137eef53.jpg","twitter_misc":{"\u00c9crit par":"andre leconde","Dur\u00e9e de lecture estim\u00e9e":"1 minute"},"schema":{"@context":"https:\/\/schema.org","@graph":[{"@type":"WebPage","@id":"https:\/\/blogs.thesocialmedia.com\/leblogmoto\/2006\/06\/03\/mugello-125-qua\/","url":"https:\/\/blogs.thesocialmedia.com\/leblogmoto\/2006\/06\/03\/mugello-125-qua\/","name":"MUGELLO 125: Qualifs: PESEK fait du bruit - leblogmoto.com","isPartOf":{"@id":"https:\/\/blogs.thesocialmedia.com\/leblogmoto\/#website"},"primaryImageOfPage":{"@id":"https:\/\/blogs.thesocialmedia.com\/leblogmoto\/2006\/06\/03\/mugello-125-qua\/#primaryimage"},"image":{"@id":"https:\/\/blogs.thesocialmedia.com\/leblogmoto\/2006\/06\/03\/mugello-125-qua\/#primaryimage"},"thumbnailUrl":"http:\/\/www.leblogmoto.com\/images\/120285079_7d137eef53.jpg","datePublished":"2006-06-03T14:43:45+00:00","dateModified":"2012-07-11T14:23:47+00:00","author":{"@id":"https:\/\/blogs.thesocialmedia.com\/leblogmoto\/#\/schema\/person\/1a1dcfc7cec206573105eb4af91155c2"},"breadcrumb":{"@id":"https:\/\/blogs.thesocialmedia.com\/leblogmoto\/2006\/06\/03\/mugello-125-qua\/#breadcrumb"},"inLanguage":"fr-FR","potentialAction":[{"@type":"ReadAction","target":["https:\/\/blogs.thesocialmedia.com\/leblogmoto\/2006\/06\/03\/mugello-125-qua\/"]}]},{"@type":"ImageObject","inLanguage":"fr-FR","@id":"https:\/\/blogs.thesocialmedia.com\/leblogmoto\/2006\/06\/03\/mugello-125-qua\/#primaryimage","url":"http:\/\/www.leblogmoto.com\/images\/120285079_7d137eef53.jpg","contentUrl":"http:\/\/www.leblogmoto.com\/images\/120285079_7d137eef53.jpg"},{"@type":"BreadcrumbList","@id":"https:\/\/blogs.thesocialmedia.com\/leblogmoto\/2006\/06\/03\/mugello-125-qua\/#breadcrumb","itemListElement":[{"@type":"ListItem","position":1,"name":"Accueil","item":"https:\/\/blogs.thesocialmedia.com\/leblogmoto\/"},{"@type":"ListItem","position":2,"name":"MUGELLO 125: Qualifs: PESEK fait du bruit"}]},{"@type":"WebSite","@id":"https:\/\/blogs.thesocialmedia.com\/leblogmoto\/#website","url":"https:\/\/blogs.thesocialmedia.com\/leblogmoto\/","name":"leblogmoto","description":"Toute l&#039;actualit\u00e9 des 2 roues","potentialAction":[{"@type":"SearchAction","target":{"@type":"EntryPoint","urlTemplate":"https:\/\/blogs.thesocialmedia.com\/leblogmoto\/?s={search_term_string}"},"query-input":{"@type":"PropertyValueSpecification","valueRequired":true,"valueName":"search_term_string"}}],"inLanguage":"fr-FR"},{"@type":"Person","@id":"https:\/\/blogs.thesocialmedia.com\/leblogmoto\/#\/schema\/person\/1a1dcfc7cec206573105eb4af91155c2","name":"andre leconde","image":{"@type":"ImageObject","inLanguage":"fr-FR","@id":"https:\/\/blogs.thesocialmedia.com\/leblogmoto\/#\/schema\/person\/image\/","url":"https:\/\/secure.gravatar.com\/avatar\/?s=96&d=mm&r=g","contentUrl":"https:\/\/secure.gravatar.com\/avatar\/?s=96&d=mm&r=g","caption":"andre leconde"},"url":"https:\/\/blogs.thesocialmedia.com\/leblogmoto\/author\/andre-leconde\/"}]}},"_links":{"self":[{"href":"https:\/\/blogs.thesocialmedia.com\/leblogmoto\/wp-json\/wp\/v2\/posts\/1793","targetHints":{"allow":["GET"]}}],"collection":[{"href":"https:\/\/blogs.thesocialmedia.com\/leblogmoto\/wp-json\/wp\/v2\/posts"}],"about":[{"href":"https:\/\/blogs.thesocialmedia.com\/leblogmoto\/wp-json\/wp\/v2\/types\/post"}],"author":[{"embeddable":true,"href":"https:\/\/blogs.thesocialmedia.com\/leblogmoto\/wp-json\/wp\/v2\/users\/336"}],"replies":[{"embeddable":true,"href":"https:\/\/blogs.thesocialmedia.com\/leblogmoto\/wp-json\/wp\/v2\/comments?post=1793"}],"version-history":[{"count":2,"href":"https:\/\/blogs.thesocialmedia.com\/leblogmoto\/wp-json\/wp\/v2\/posts\/1793\/revisions"}],"predecessor-version":[{"id":7553,"href":"https:\/\/blogs.thesocialmedia.com\/leblogmoto\/wp-json\/wp\/v2\/posts\/1793\/revisions\/7553"}],"wp:attachment":[{"href":"https:\/\/blogs.thesocialmedia.com\/leblogmoto\/wp-json\/wp\/v2\/media?parent=1793"}],"wp:term":[{"taxonomy":"category","embeddable":true,"href":"https:\/\/blogs.thesocialmedia.com\/leblogmoto\/wp-json\/wp\/v2\/categories?post=1793"},{"taxonomy":"post_tag","embeddable":true,"href":"https:\/\/blogs.thesocialmedia.com\/leblogmoto\/wp-json\/wp\/v2\/tags?post=1793"}],"curies":[{"name":"wp","href":"https:\/\/api.w.org\/{rel}","templated":true}]}}