{"id":1796,"date":"2006-06-02T13:46:01","date_gmt":"2006-06-02T13:46:01","guid":{"rendered":"http:\/\/blogs.thesocialmedia.com\/leblogmoto\/2006\/06\/02\/motogp-un-gp-de\/"},"modified":"2012-07-11T14:23:41","modified_gmt":"2012-07-11T14:23:41","slug":"motogp-un-gp-de","status":"publish","type":"post","link":"https:\/\/blogs.thesocialmedia.com\/leblogmoto\/2006\/06\/02\/motogp-un-gp-de\/","title":{"rendered":"MotoGP: Un GP de SAN MARIN d\u00e8s 2007"},"content":{"rendered":"<p><a href=\"http:\/\/blogs.thesocialmedia.com\/leblogmoto\/files\/2012\/07\/402_1.jpg\"><img loading=\"lazy\" decoding=\"async\" height=\"180\" alt=\"402_1\" src=\"http:\/\/www.leblogmoto.com\/images\/402_1.jpg\" width=\"250\"  \/><\/a>Le <strong>prometteur GP d&rsquo;Italie<\/strong> n&rsquo;a pas eu le temps de commencer que, d\u00e9j\u00e0, la p\u00e9ninsule peut se satisfaire de pouvoir compter d\u00e8s l&rsquo;ann\u00e9e prochaine, sur son sol, un autre rendez-vous de la MotoGP.<\/p>\n<p>Un <strong>GP de SAN MARIN<\/strong> sera ainsi inscrit au calendrier jusqu&rsquo;en <strong>2011<\/strong>. Il se d\u00e9roulera sur le tourniquet de <a href=\"http:\/\/www.leblogmoto.com\/2006\/04\/sbk_tests_misan.html\">MISANO<\/a>, au bord de l&rsquo;Adriatique. Le trac\u00e9 est d\u00e9j\u00e0 connu du championnat <a href=\"http:\/\/www.leblogmoto.com\/2006\/04\/sbk_misano_test.html\">SBK<\/a>.<\/p>\n<p>Une nouvelle qui fera, au passage, plaisir \u00e0 Valentino <a href=\"http:\/\/www.leblogmoto.com\/2006\/06\/motogp_rossi_pr.html\">ROSSI<\/a>. Ca se passera pas loin de son village, <strong>Tavullia<\/strong>. L&rsquo;ambiance y promet donc. Il a bien fait de rester !&nbsp; &nbsp;<\/p>\n","protected":false},"excerpt":{"rendered":"<p>Le prometteur GP d&rsquo;Italie n&rsquo;a pas eu le temps de commencer que, d\u00e9j\u00e0, la p\u00e9ninsule peut se satisfaire de pouvoir compter d\u00e8s l&rsquo;ann\u00e9e prochaine, sur son sol, un autre rendez-vous de la MotoGP. Un GP de SAN MARIN sera ainsi inscrit au calendrier jusqu&rsquo;en 2011. Il se d\u00e9roulera sur le tourniquet de MISANO, au bord [&hellip;]<\/p>\n","protected":false},"author":336,"featured_media":0,"comment_status":"open","ping_status":"open","sticky":false,"template":"","format":"standard","meta":{"footnotes":""},"categories":[22,32],"tags":[],"class_list":["post-1796","post","type-post","status-publish","format-standard","hentry","category-motogp","category-sport-moto"],"yoast_head":"<!-- This site is optimized with the Yoast SEO plugin v26.0 - https:\/\/yoast.com\/wordpress\/plugins\/seo\/ -->\n<title>MotoGP: Un GP de SAN MARIN d\u00e8s 2007 - leblogmoto.com<\/title>\n<meta name=\"robots\" content=\"index, follow, max-snippet:-1, max-image-preview:large, max-video-preview:-1\" \/>\n<link rel=\"canonical\" href=\"https:\/\/blogs.thesocialmedia.com\/leblogmoto\/2006\/06\/02\/motogp-un-gp-de\/\" \/>\n<meta name=\"twitter:card\" content=\"summary_large_image\" \/>\n<meta name=\"twitter:title\" content=\"MotoGP: Un GP de SAN MARIN d\u00e8s 2007 - leblogmoto.com\" \/>\n<meta name=\"twitter:description\" content=\"Le prometteur GP d&rsquo;Italie n&rsquo;a pas eu le temps de commencer que, d\u00e9j\u00e0, la p\u00e9ninsule peut se satisfaire de pouvoir compter d\u00e8s l&rsquo;ann\u00e9e prochaine, sur son sol, un autre rendez-vous de la MotoGP. Un GP de SAN MARIN sera ainsi inscrit au calendrier jusqu&rsquo;en 2011. Il se d\u00e9roulera sur le tourniquet de MISANO, au bord [&hellip;]\" \/>\n<meta name=\"twitter:image\" content=\"http:\/\/www.leblogmoto.com\/images\/402_1.jpg\" \/>\n<meta name=\"twitter:label1\" content=\"\u00c9crit par\" \/>\n\t<meta name=\"twitter:data1\" content=\"andre leconde\" \/>\n\t<meta name=\"twitter:label2\" content=\"Dur\u00e9e de lecture estim\u00e9e\" \/>\n\t<meta name=\"twitter:data2\" content=\"1 minute\" \/>\n<script type=\"application\/ld+json\" class=\"yoast-schema-graph\">{\"@context\":\"https:\/\/schema.org\",\"@graph\":[{\"@type\":\"WebPage\",\"@id\":\"https:\/\/blogs.thesocialmedia.com\/leblogmoto\/2006\/06\/02\/motogp-un-gp-de\/\",\"url\":\"https:\/\/blogs.thesocialmedia.com\/leblogmoto\/2006\/06\/02\/motogp-un-gp-de\/\",\"name\":\"MotoGP: Un GP de SAN MARIN d\u00e8s 2007 - leblogmoto.com\",\"isPartOf\":{\"@id\":\"https:\/\/blogs.thesocialmedia.com\/leblogmoto\/#website\"},\"primaryImageOfPage\":{\"@id\":\"https:\/\/blogs.thesocialmedia.com\/leblogmoto\/2006\/06\/02\/motogp-un-gp-de\/#primaryimage\"},\"image\":{\"@id\":\"https:\/\/blogs.thesocialmedia.com\/leblogmoto\/2006\/06\/02\/motogp-un-gp-de\/#primaryimage\"},\"thumbnailUrl\":\"http:\/\/www.leblogmoto.com\/images\/402_1.jpg\",\"datePublished\":\"2006-06-02T13:46:01+00:00\",\"dateModified\":\"2012-07-11T14:23:41+00:00\",\"author\":{\"@id\":\"https:\/\/blogs.thesocialmedia.com\/leblogmoto\/#\/schema\/person\/1a1dcfc7cec206573105eb4af91155c2\"},\"breadcrumb\":{\"@id\":\"https:\/\/blogs.thesocialmedia.com\/leblogmoto\/2006\/06\/02\/motogp-un-gp-de\/#breadcrumb\"},\"inLanguage\":\"fr-FR\",\"potentialAction\":[{\"@type\":\"ReadAction\",\"target\":[\"https:\/\/blogs.thesocialmedia.com\/leblogmoto\/2006\/06\/02\/motogp-un-gp-de\/\"]}]},{\"@type\":\"ImageObject\",\"inLanguage\":\"fr-FR\",\"@id\":\"https:\/\/blogs.thesocialmedia.com\/leblogmoto\/2006\/06\/02\/motogp-un-gp-de\/#primaryimage\",\"url\":\"http:\/\/www.leblogmoto.com\/images\/402_1.jpg\",\"contentUrl\":\"http:\/\/www.leblogmoto.com\/images\/402_1.jpg\"},{\"@type\":\"BreadcrumbList\",\"@id\":\"https:\/\/blogs.thesocialmedia.com\/leblogmoto\/2006\/06\/02\/motogp-un-gp-de\/#breadcrumb\",\"itemListElement\":[{\"@type\":\"ListItem\",\"position\":1,\"name\":\"Accueil\",\"item\":\"https:\/\/blogs.thesocialmedia.com\/leblogmoto\/\"},{\"@type\":\"ListItem\",\"position\":2,\"name\":\"MotoGP: Un GP de SAN MARIN d\u00e8s 2007\"}]},{\"@type\":\"WebSite\",\"@id\":\"https:\/\/blogs.thesocialmedia.com\/leblogmoto\/#website\",\"url\":\"https:\/\/blogs.thesocialmedia.com\/leblogmoto\/\",\"name\":\"leblogmoto\",\"description\":\"Toute l&#039;actualit\u00e9 des 2 roues\",\"potentialAction\":[{\"@type\":\"SearchAction\",\"target\":{\"@type\":\"EntryPoint\",\"urlTemplate\":\"https:\/\/blogs.thesocialmedia.com\/leblogmoto\/?s={search_term_string}\"},\"query-input\":{\"@type\":\"PropertyValueSpecification\",\"valueRequired\":true,\"valueName\":\"search_term_string\"}}],\"inLanguage\":\"fr-FR\"},{\"@type\":\"Person\",\"@id\":\"https:\/\/blogs.thesocialmedia.com\/leblogmoto\/#\/schema\/person\/1a1dcfc7cec206573105eb4af91155c2\",\"name\":\"andre leconde\",\"image\":{\"@type\":\"ImageObject\",\"inLanguage\":\"fr-FR\",\"@id\":\"https:\/\/blogs.thesocialmedia.com\/leblogmoto\/#\/schema\/person\/image\/\",\"url\":\"https:\/\/secure.gravatar.com\/avatar\/?s=96&d=mm&r=g\",\"contentUrl\":\"https:\/\/secure.gravatar.com\/avatar\/?s=96&d=mm&r=g\",\"caption\":\"andre leconde\"},\"url\":\"https:\/\/blogs.thesocialmedia.com\/leblogmoto\/author\/andre-leconde\/\"}]}<\/script>\n<!-- \/ Yoast SEO plugin. -->","yoast_head_json":{"title":"MotoGP: Un GP de SAN MARIN d\u00e8s 2007 - leblogmoto.com","robots":{"index":"index","follow":"follow","max-snippet":"max-snippet:-1","max-image-preview":"max-image-preview:large","max-video-preview":"max-video-preview:-1"},"canonical":"https:\/\/blogs.thesocialmedia.com\/leblogmoto\/2006\/06\/02\/motogp-un-gp-de\/","twitter_card":"summary_large_image","twitter_title":"MotoGP: Un GP de SAN MARIN d\u00e8s 2007 - leblogmoto.com","twitter_description":"Le prometteur GP d&rsquo;Italie n&rsquo;a pas eu le temps de commencer que, d\u00e9j\u00e0, la p\u00e9ninsule peut se satisfaire de pouvoir compter d\u00e8s l&rsquo;ann\u00e9e prochaine, sur son sol, un autre rendez-vous de la MotoGP. Un GP de SAN MARIN sera ainsi inscrit au calendrier jusqu&rsquo;en 2011. Il se d\u00e9roulera sur le tourniquet de MISANO, au bord [&hellip;]","twitter_image":"http:\/\/www.leblogmoto.com\/images\/402_1.jpg","twitter_misc":{"\u00c9crit par":"andre leconde","Dur\u00e9e de lecture estim\u00e9e":"1 minute"},"schema":{"@context":"https:\/\/schema.org","@graph":[{"@type":"WebPage","@id":"https:\/\/blogs.thesocialmedia.com\/leblogmoto\/2006\/06\/02\/motogp-un-gp-de\/","url":"https:\/\/blogs.thesocialmedia.com\/leblogmoto\/2006\/06\/02\/motogp-un-gp-de\/","name":"MotoGP: Un GP de SAN MARIN d\u00e8s 2007 - leblogmoto.com","isPartOf":{"@id":"https:\/\/blogs.thesocialmedia.com\/leblogmoto\/#website"},"primaryImageOfPage":{"@id":"https:\/\/blogs.thesocialmedia.com\/leblogmoto\/2006\/06\/02\/motogp-un-gp-de\/#primaryimage"},"image":{"@id":"https:\/\/blogs.thesocialmedia.com\/leblogmoto\/2006\/06\/02\/motogp-un-gp-de\/#primaryimage"},"thumbnailUrl":"http:\/\/www.leblogmoto.com\/images\/402_1.jpg","datePublished":"2006-06-02T13:46:01+00:00","dateModified":"2012-07-11T14:23:41+00:00","author":{"@id":"https:\/\/blogs.thesocialmedia.com\/leblogmoto\/#\/schema\/person\/1a1dcfc7cec206573105eb4af91155c2"},"breadcrumb":{"@id":"https:\/\/blogs.thesocialmedia.com\/leblogmoto\/2006\/06\/02\/motogp-un-gp-de\/#breadcrumb"},"inLanguage":"fr-FR","potentialAction":[{"@type":"ReadAction","target":["https:\/\/blogs.thesocialmedia.com\/leblogmoto\/2006\/06\/02\/motogp-un-gp-de\/"]}]},{"@type":"ImageObject","inLanguage":"fr-FR","@id":"https:\/\/blogs.thesocialmedia.com\/leblogmoto\/2006\/06\/02\/motogp-un-gp-de\/#primaryimage","url":"http:\/\/www.leblogmoto.com\/images\/402_1.jpg","contentUrl":"http:\/\/www.leblogmoto.com\/images\/402_1.jpg"},{"@type":"BreadcrumbList","@id":"https:\/\/blogs.thesocialmedia.com\/leblogmoto\/2006\/06\/02\/motogp-un-gp-de\/#breadcrumb","itemListElement":[{"@type":"ListItem","position":1,"name":"Accueil","item":"https:\/\/blogs.thesocialmedia.com\/leblogmoto\/"},{"@type":"ListItem","position":2,"name":"MotoGP: Un GP de SAN MARIN d\u00e8s 2007"}]},{"@type":"WebSite","@id":"https:\/\/blogs.thesocialmedia.com\/leblogmoto\/#website","url":"https:\/\/blogs.thesocialmedia.com\/leblogmoto\/","name":"leblogmoto","description":"Toute l&#039;actualit\u00e9 des 2 roues","potentialAction":[{"@type":"SearchAction","target":{"@type":"EntryPoint","urlTemplate":"https:\/\/blogs.thesocialmedia.com\/leblogmoto\/?s={search_term_string}"},"query-input":{"@type":"PropertyValueSpecification","valueRequired":true,"valueName":"search_term_string"}}],"inLanguage":"fr-FR"},{"@type":"Person","@id":"https:\/\/blogs.thesocialmedia.com\/leblogmoto\/#\/schema\/person\/1a1dcfc7cec206573105eb4af91155c2","name":"andre leconde","image":{"@type":"ImageObject","inLanguage":"fr-FR","@id":"https:\/\/blogs.thesocialmedia.com\/leblogmoto\/#\/schema\/person\/image\/","url":"https:\/\/secure.gravatar.com\/avatar\/?s=96&d=mm&r=g","contentUrl":"https:\/\/secure.gravatar.com\/avatar\/?s=96&d=mm&r=g","caption":"andre leconde"},"url":"https:\/\/blogs.thesocialmedia.com\/leblogmoto\/author\/andre-leconde\/"}]}},"_links":{"self":[{"href":"https:\/\/blogs.thesocialmedia.com\/leblogmoto\/wp-json\/wp\/v2\/posts\/1796","targetHints":{"allow":["GET"]}}],"collection":[{"href":"https:\/\/blogs.thesocialmedia.com\/leblogmoto\/wp-json\/wp\/v2\/posts"}],"about":[{"href":"https:\/\/blogs.thesocialmedia.com\/leblogmoto\/wp-json\/wp\/v2\/types\/post"}],"author":[{"embeddable":true,"href":"https:\/\/blogs.thesocialmedia.com\/leblogmoto\/wp-json\/wp\/v2\/users\/336"}],"replies":[{"embeddable":true,"href":"https:\/\/blogs.thesocialmedia.com\/leblogmoto\/wp-json\/wp\/v2\/comments?post=1796"}],"version-history":[{"count":2,"href":"https:\/\/blogs.thesocialmedia.com\/leblogmoto\/wp-json\/wp\/v2\/posts\/1796\/revisions"}],"predecessor-version":[{"id":7547,"href":"https:\/\/blogs.thesocialmedia.com\/leblogmoto\/wp-json\/wp\/v2\/posts\/1796\/revisions\/7547"}],"wp:attachment":[{"href":"https:\/\/blogs.thesocialmedia.com\/leblogmoto\/wp-json\/wp\/v2\/media?parent=1796"}],"wp:term":[{"taxonomy":"category","embeddable":true,"href":"https:\/\/blogs.thesocialmedia.com\/leblogmoto\/wp-json\/wp\/v2\/categories?post=1796"},{"taxonomy":"post_tag","embeddable":true,"href":"https:\/\/blogs.thesocialmedia.com\/leblogmoto\/wp-json\/wp\/v2\/tags?post=1796"}],"curies":[{"name":"wp","href":"https:\/\/api.w.org\/{rel}","templated":true}]}}