{"id":1797,"date":"2006-06-01T19:50:12","date_gmt":"2006-06-01T19:50:12","guid":{"rendered":"http:\/\/blogs.thesocialmedia.com\/leblogmoto\/2006\/06\/01\/motogp-rossi-pr\/"},"modified":"2012-07-11T14:23:39","modified_gmt":"2012-07-11T14:23:39","slug":"motogp-rossi-pr","status":"publish","type":"post","link":"https:\/\/blogs.thesocialmedia.com\/leblogmoto\/2006\/06\/01\/motogp-rossi-pr\/","title":{"rendered":"MOTOGP: ROSSI prolonge chez YAMAHA"},"content":{"rendered":"<p><a href=\"http:\/\/blogs.thesocialmedia.com\/leblogmoto\/files\/2012\/07\/rossim1milano.jpg\"><strong><img loading=\"lazy\" decoding=\"async\" height=\"172\" alt=\"Rossim1milano\" src=\"http:\/\/www.leblogmoto.com\/images\/rossim1milano.jpg\" width=\"250\"  \/><\/strong><\/a><strong>La boucle est boucl\u00e9e<\/strong>. <a href=\"http:\/\/www.leblogmoto.com\/2006\/05\/motogp_officiel.html\">Valentino ROSSI<\/a> ne fera pas que rester en moto, il <strong>continuera<\/strong> bien avec l&rsquo;\u00e9quipe <a href=\"http:\/\/www.leblogmoto.com\/2006\/05\/motogp_michelin.html\">YAMAHA<\/a> pour 2007. Apr\u00e8s avoir \u00e9t\u00e9 annonc\u00e9 dans d&rsquo;autres disciplines et vu \u00e0 peu pr\u00e8s partout, c&rsquo;est la stabilit\u00e9 qui a fini par primer.<\/p>\n<p>Un soulagement, sans doute, pour la marque aux diapasons, qui va ainsi s&rsquo;engager dans le d\u00e9veloppement de sa <a href=\"http:\/\/www.leblogmoto.com\/2006\/05\/motogp_v4_800_i.html\">800<\/a> avec s\u00e9r\u00e9nit\u00e9. Mais pas seulement, car le Doctor <strong>n&rsquo;a pas le moins du monde tir\u00e9 le trait sur cette saison 2006<\/strong>&#8230; <\/p>\n<p><strong><a href=\"http:\/\/clabedan.typepad.com\/.shared\/image.html?\/photos\/uncategorized\/238679727126317238.jpg\"><img loading=\"lazy\" decoding=\"async\" height=\"187\" alt=\"238679727126317238\" src=\"http:\/\/www.leblogmoto.com\/images\/238679727126317238.jpg\" width=\"250\"  \/><\/a>43<\/strong> points de retard pour le n\u00b0<strong>46<\/strong>, ce n&rsquo;est gu\u00e8re irr\u00e9m\u00e9diable pour le champion qui veut offrir un feu d&rsquo;artifice, chez lui, au <a href=\"http:\/\/www.leblogmoto.com\/2006\/06\/ducati_desmosed.html\">MUGELLO<\/a>. Un GP qui s&rsquo;annonce de la plus belle des fa\u00e7ons pour le spectacle. <\/p>\n<p>Et maintenant que rien ne peut plus disperser la concentration de ROSSI, tout est r\u00e9uni pour que YAMAHA s&rsquo;engage avec d\u00e9termination dans une dantesque course poursuite&#8230;&nbsp; <\/p>\n<p>SOURCE: <a href=\"http:\/\/www.motoblog.it\">www.motoblog.it<\/a> <\/p>\n","protected":false},"excerpt":{"rendered":"<p>La boucle est boucl\u00e9e. Valentino ROSSI ne fera pas que rester en moto, il continuera bien avec l&rsquo;\u00e9quipe YAMAHA pour 2007. Apr\u00e8s avoir \u00e9t\u00e9 annonc\u00e9 dans d&rsquo;autres disciplines et vu \u00e0 peu pr\u00e8s partout, c&rsquo;est la stabilit\u00e9 qui a fini par primer. Un soulagement, sans doute, pour la marque aux diapasons, qui va ainsi s&rsquo;engager [&hellip;]<\/p>\n","protected":false},"author":336,"featured_media":0,"comment_status":"open","ping_status":"open","sticky":false,"template":"","format":"standard","meta":{"footnotes":""},"categories":[3,22,32,44],"tags":[],"class_list":["post-1797","post","type-post","status-publish","format-standard","hentry","category-actualite","category-motogp","category-sport-moto","category-yamaha"],"yoast_head":"<!-- This site is optimized with the Yoast SEO plugin v26.0 - https:\/\/yoast.com\/wordpress\/plugins\/seo\/ -->\n<title>MOTOGP: ROSSI prolonge chez YAMAHA - leblogmoto.com<\/title>\n<meta name=\"robots\" content=\"index, follow, max-snippet:-1, max-image-preview:large, max-video-preview:-1\" \/>\n<link rel=\"canonical\" href=\"https:\/\/blogs.thesocialmedia.com\/leblogmoto\/2006\/06\/01\/motogp-rossi-pr\/\" \/>\n<meta name=\"twitter:card\" content=\"summary_large_image\" \/>\n<meta name=\"twitter:title\" content=\"MOTOGP: ROSSI prolonge chez YAMAHA - leblogmoto.com\" \/>\n<meta name=\"twitter:description\" content=\"La boucle est boucl\u00e9e. Valentino ROSSI ne fera pas que rester en moto, il continuera bien avec l&rsquo;\u00e9quipe YAMAHA pour 2007. Apr\u00e8s avoir \u00e9t\u00e9 annonc\u00e9 dans d&rsquo;autres disciplines et vu \u00e0 peu pr\u00e8s partout, c&rsquo;est la stabilit\u00e9 qui a fini par primer. Un soulagement, sans doute, pour la marque aux diapasons, qui va ainsi s&rsquo;engager [&hellip;]\" \/>\n<meta name=\"twitter:image\" content=\"http:\/\/www.leblogmoto.com\/images\/rossim1milano.jpg\" \/>\n<meta name=\"twitter:label1\" content=\"\u00c9crit par\" \/>\n\t<meta name=\"twitter:data1\" content=\"andre leconde\" \/>\n\t<meta name=\"twitter:label2\" content=\"Dur\u00e9e de lecture estim\u00e9e\" \/>\n\t<meta name=\"twitter:data2\" content=\"1 minute\" \/>\n<script type=\"application\/ld+json\" class=\"yoast-schema-graph\">{\"@context\":\"https:\/\/schema.org\",\"@graph\":[{\"@type\":\"WebPage\",\"@id\":\"https:\/\/blogs.thesocialmedia.com\/leblogmoto\/2006\/06\/01\/motogp-rossi-pr\/\",\"url\":\"https:\/\/blogs.thesocialmedia.com\/leblogmoto\/2006\/06\/01\/motogp-rossi-pr\/\",\"name\":\"MOTOGP: ROSSI prolonge chez YAMAHA - leblogmoto.com\",\"isPartOf\":{\"@id\":\"https:\/\/blogs.thesocialmedia.com\/leblogmoto\/#website\"},\"primaryImageOfPage\":{\"@id\":\"https:\/\/blogs.thesocialmedia.com\/leblogmoto\/2006\/06\/01\/motogp-rossi-pr\/#primaryimage\"},\"image\":{\"@id\":\"https:\/\/blogs.thesocialmedia.com\/leblogmoto\/2006\/06\/01\/motogp-rossi-pr\/#primaryimage\"},\"thumbnailUrl\":\"http:\/\/www.leblogmoto.com\/images\/rossim1milano.jpg\",\"datePublished\":\"2006-06-01T19:50:12+00:00\",\"dateModified\":\"2012-07-11T14:23:39+00:00\",\"author\":{\"@id\":\"https:\/\/blogs.thesocialmedia.com\/leblogmoto\/#\/schema\/person\/1a1dcfc7cec206573105eb4af91155c2\"},\"breadcrumb\":{\"@id\":\"https:\/\/blogs.thesocialmedia.com\/leblogmoto\/2006\/06\/01\/motogp-rossi-pr\/#breadcrumb\"},\"inLanguage\":\"fr-FR\",\"potentialAction\":[{\"@type\":\"ReadAction\",\"target\":[\"https:\/\/blogs.thesocialmedia.com\/leblogmoto\/2006\/06\/01\/motogp-rossi-pr\/\"]}]},{\"@type\":\"ImageObject\",\"inLanguage\":\"fr-FR\",\"@id\":\"https:\/\/blogs.thesocialmedia.com\/leblogmoto\/2006\/06\/01\/motogp-rossi-pr\/#primaryimage\",\"url\":\"http:\/\/www.leblogmoto.com\/images\/rossim1milano.jpg\",\"contentUrl\":\"http:\/\/www.leblogmoto.com\/images\/rossim1milano.jpg\"},{\"@type\":\"BreadcrumbList\",\"@id\":\"https:\/\/blogs.thesocialmedia.com\/leblogmoto\/2006\/06\/01\/motogp-rossi-pr\/#breadcrumb\",\"itemListElement\":[{\"@type\":\"ListItem\",\"position\":1,\"name\":\"Accueil\",\"item\":\"https:\/\/blogs.thesocialmedia.com\/leblogmoto\/\"},{\"@type\":\"ListItem\",\"position\":2,\"name\":\"MOTOGP: ROSSI prolonge chez YAMAHA\"}]},{\"@type\":\"WebSite\",\"@id\":\"https:\/\/blogs.thesocialmedia.com\/leblogmoto\/#website\",\"url\":\"https:\/\/blogs.thesocialmedia.com\/leblogmoto\/\",\"name\":\"leblogmoto\",\"description\":\"Toute l&#039;actualit\u00e9 des 2 roues\",\"potentialAction\":[{\"@type\":\"SearchAction\",\"target\":{\"@type\":\"EntryPoint\",\"urlTemplate\":\"https:\/\/blogs.thesocialmedia.com\/leblogmoto\/?s={search_term_string}\"},\"query-input\":{\"@type\":\"PropertyValueSpecification\",\"valueRequired\":true,\"valueName\":\"search_term_string\"}}],\"inLanguage\":\"fr-FR\"},{\"@type\":\"Person\",\"@id\":\"https:\/\/blogs.thesocialmedia.com\/leblogmoto\/#\/schema\/person\/1a1dcfc7cec206573105eb4af91155c2\",\"name\":\"andre leconde\",\"image\":{\"@type\":\"ImageObject\",\"inLanguage\":\"fr-FR\",\"@id\":\"https:\/\/blogs.thesocialmedia.com\/leblogmoto\/#\/schema\/person\/image\/\",\"url\":\"https:\/\/secure.gravatar.com\/avatar\/?s=96&d=mm&r=g\",\"contentUrl\":\"https:\/\/secure.gravatar.com\/avatar\/?s=96&d=mm&r=g\",\"caption\":\"andre leconde\"},\"url\":\"https:\/\/blogs.thesocialmedia.com\/leblogmoto\/author\/andre-leconde\/\"}]}<\/script>\n<!-- \/ Yoast SEO plugin. -->","yoast_head_json":{"title":"MOTOGP: ROSSI prolonge chez YAMAHA - leblogmoto.com","robots":{"index":"index","follow":"follow","max-snippet":"max-snippet:-1","max-image-preview":"max-image-preview:large","max-video-preview":"max-video-preview:-1"},"canonical":"https:\/\/blogs.thesocialmedia.com\/leblogmoto\/2006\/06\/01\/motogp-rossi-pr\/","twitter_card":"summary_large_image","twitter_title":"MOTOGP: ROSSI prolonge chez YAMAHA - leblogmoto.com","twitter_description":"La boucle est boucl\u00e9e. Valentino ROSSI ne fera pas que rester en moto, il continuera bien avec l&rsquo;\u00e9quipe YAMAHA pour 2007. Apr\u00e8s avoir \u00e9t\u00e9 annonc\u00e9 dans d&rsquo;autres disciplines et vu \u00e0 peu pr\u00e8s partout, c&rsquo;est la stabilit\u00e9 qui a fini par primer. Un soulagement, sans doute, pour la marque aux diapasons, qui va ainsi s&rsquo;engager [&hellip;]","twitter_image":"http:\/\/www.leblogmoto.com\/images\/rossim1milano.jpg","twitter_misc":{"\u00c9crit par":"andre leconde","Dur\u00e9e de lecture estim\u00e9e":"1 minute"},"schema":{"@context":"https:\/\/schema.org","@graph":[{"@type":"WebPage","@id":"https:\/\/blogs.thesocialmedia.com\/leblogmoto\/2006\/06\/01\/motogp-rossi-pr\/","url":"https:\/\/blogs.thesocialmedia.com\/leblogmoto\/2006\/06\/01\/motogp-rossi-pr\/","name":"MOTOGP: ROSSI prolonge chez YAMAHA - leblogmoto.com","isPartOf":{"@id":"https:\/\/blogs.thesocialmedia.com\/leblogmoto\/#website"},"primaryImageOfPage":{"@id":"https:\/\/blogs.thesocialmedia.com\/leblogmoto\/2006\/06\/01\/motogp-rossi-pr\/#primaryimage"},"image":{"@id":"https:\/\/blogs.thesocialmedia.com\/leblogmoto\/2006\/06\/01\/motogp-rossi-pr\/#primaryimage"},"thumbnailUrl":"http:\/\/www.leblogmoto.com\/images\/rossim1milano.jpg","datePublished":"2006-06-01T19:50:12+00:00","dateModified":"2012-07-11T14:23:39+00:00","author":{"@id":"https:\/\/blogs.thesocialmedia.com\/leblogmoto\/#\/schema\/person\/1a1dcfc7cec206573105eb4af91155c2"},"breadcrumb":{"@id":"https:\/\/blogs.thesocialmedia.com\/leblogmoto\/2006\/06\/01\/motogp-rossi-pr\/#breadcrumb"},"inLanguage":"fr-FR","potentialAction":[{"@type":"ReadAction","target":["https:\/\/blogs.thesocialmedia.com\/leblogmoto\/2006\/06\/01\/motogp-rossi-pr\/"]}]},{"@type":"ImageObject","inLanguage":"fr-FR","@id":"https:\/\/blogs.thesocialmedia.com\/leblogmoto\/2006\/06\/01\/motogp-rossi-pr\/#primaryimage","url":"http:\/\/www.leblogmoto.com\/images\/rossim1milano.jpg","contentUrl":"http:\/\/www.leblogmoto.com\/images\/rossim1milano.jpg"},{"@type":"BreadcrumbList","@id":"https:\/\/blogs.thesocialmedia.com\/leblogmoto\/2006\/06\/01\/motogp-rossi-pr\/#breadcrumb","itemListElement":[{"@type":"ListItem","position":1,"name":"Accueil","item":"https:\/\/blogs.thesocialmedia.com\/leblogmoto\/"},{"@type":"ListItem","position":2,"name":"MOTOGP: ROSSI prolonge chez YAMAHA"}]},{"@type":"WebSite","@id":"https:\/\/blogs.thesocialmedia.com\/leblogmoto\/#website","url":"https:\/\/blogs.thesocialmedia.com\/leblogmoto\/","name":"leblogmoto","description":"Toute l&#039;actualit\u00e9 des 2 roues","potentialAction":[{"@type":"SearchAction","target":{"@type":"EntryPoint","urlTemplate":"https:\/\/blogs.thesocialmedia.com\/leblogmoto\/?s={search_term_string}"},"query-input":{"@type":"PropertyValueSpecification","valueRequired":true,"valueName":"search_term_string"}}],"inLanguage":"fr-FR"},{"@type":"Person","@id":"https:\/\/blogs.thesocialmedia.com\/leblogmoto\/#\/schema\/person\/1a1dcfc7cec206573105eb4af91155c2","name":"andre leconde","image":{"@type":"ImageObject","inLanguage":"fr-FR","@id":"https:\/\/blogs.thesocialmedia.com\/leblogmoto\/#\/schema\/person\/image\/","url":"https:\/\/secure.gravatar.com\/avatar\/?s=96&d=mm&r=g","contentUrl":"https:\/\/secure.gravatar.com\/avatar\/?s=96&d=mm&r=g","caption":"andre leconde"},"url":"https:\/\/blogs.thesocialmedia.com\/leblogmoto\/author\/andre-leconde\/"}]}},"_links":{"self":[{"href":"https:\/\/blogs.thesocialmedia.com\/leblogmoto\/wp-json\/wp\/v2\/posts\/1797","targetHints":{"allow":["GET"]}}],"collection":[{"href":"https:\/\/blogs.thesocialmedia.com\/leblogmoto\/wp-json\/wp\/v2\/posts"}],"about":[{"href":"https:\/\/blogs.thesocialmedia.com\/leblogmoto\/wp-json\/wp\/v2\/types\/post"}],"author":[{"embeddable":true,"href":"https:\/\/blogs.thesocialmedia.com\/leblogmoto\/wp-json\/wp\/v2\/users\/336"}],"replies":[{"embeddable":true,"href":"https:\/\/blogs.thesocialmedia.com\/leblogmoto\/wp-json\/wp\/v2\/comments?post=1797"}],"version-history":[{"count":2,"href":"https:\/\/blogs.thesocialmedia.com\/leblogmoto\/wp-json\/wp\/v2\/posts\/1797\/revisions"}],"predecessor-version":[{"id":7545,"href":"https:\/\/blogs.thesocialmedia.com\/leblogmoto\/wp-json\/wp\/v2\/posts\/1797\/revisions\/7545"}],"wp:attachment":[{"href":"https:\/\/blogs.thesocialmedia.com\/leblogmoto\/wp-json\/wp\/v2\/media?parent=1797"}],"wp:term":[{"taxonomy":"category","embeddable":true,"href":"https:\/\/blogs.thesocialmedia.com\/leblogmoto\/wp-json\/wp\/v2\/categories?post=1797"},{"taxonomy":"post_tag","embeddable":true,"href":"https:\/\/blogs.thesocialmedia.com\/leblogmoto\/wp-json\/wp\/v2\/tags?post=1797"}],"curies":[{"name":"wp","href":"https:\/\/api.w.org\/{rel}","templated":true}]}}