{"id":1804,"date":"2006-05-29T21:32:51","date_gmt":"2006-05-29T21:32:51","guid":{"rendered":"http:\/\/blogs.thesocialmedia.com\/leblogmoto\/2006\/05\/29\/bmw-se-couvrir\/"},"modified":"2012-07-11T14:23:25","modified_gmt":"2012-07-11T14:23:25","slug":"bmw-se-couvrir","status":"publish","type":"post","link":"https:\/\/blogs.thesocialmedia.com\/leblogmoto\/2006\/05\/29\/bmw-se-couvrir\/","title":{"rendered":"BMW: Se couvrir lorsqu&rsquo;il fait chaud"},"content":{"rendered":"<p><a href=\"http:\/\/www.leblogmoto.com\/2006\/04\/bmw_f_800_s_et_.html\"><img loading=\"lazy\" decoding=\"async\" height=\"287\" alt=\"Vis_functional_wear_underwear_shirt_funk\" src=\"http:\/\/www.leblogmoto.com\/images\/vis_functional_wear_underwear_shirt_funk.jpg\" width=\"249\"  \/>BMW<\/a> n&rsquo;a pas encore r\u00e9ussi \u00e0 transformer le plomb en or, mais il r\u00e9ussit \u00e0 mettre dans la gamme de ses accessoires, <strong>le sous-v\u00eatement qui&#8230; refroidit<\/strong>.<\/p>\n<p>Se couvrir parce qu&rsquo;il fait chaud pour mieux se refroidir, voici une id\u00e9e \u00e0 laquelle il fallait oser penser.<\/p>\n<p> <a href=\"http:\/\/www.leblogmoto.com\/2006\/05\/bmw_motogp_elle.html\">BMW<\/a> l&rsquo;a fait et propose ce sous-v\u00eatement \u00e0 la fibre r\u00e9volutionnaire&#8230;<\/p>\n<p><a href=\"http:\/\/clabedan.typepad.com\/.shared\/image.html?\/photos\/uncategorized\/funktionsshirt_sommer_schwarz.jpg\"><img loading=\"lazy\" decoding=\"async\" height=\"200\" alt=\"Funktionsshirt_sommer_schwarz\" src=\"http:\/\/www.leblogmoto.com\/images\/funktionsshirt_sommer_schwarz.jpg\" width=\"250\"  \/><\/a>Sa capacit\u00e9 consiste \u00e0 tirer l&rsquo;humidit\u00e9 de la peau, pour mieux la faire \u00e9vaporer, l&rsquo;op\u00e9ration donnant une impression de fra\u00eecheur salvatrice.<\/p>\n<p>La fibre est hypoallerg\u00e9nique. Seul inconv\u00e9nient, de par ses caract\u00e9ristiques, il suppose un bon lavage apr\u00e8s chaque utilisation. A la main, ou en machine sur cycle sensible. A voir sur un voyage de plusieurs jours.<\/p>\n<p>Finies les aur\u00e9oles et les rigoles vers le bas des reins. <\/p>\n<p>Et puisque l&rsquo;\u00e9t\u00e9 approche, pour tout autre <a href=\"http:\/\/blogs.thesocialmedia.com\/leblogmoto\/files\/2012\/07\/funtionsunterhose_sommer_schwarz.jpg\"><img loading=\"lazy\" decoding=\"async\" height=\"283\" alt=\"Funtionsunterhose_sommer_schwarz\" src=\"http:\/\/www.leblogmoto.com\/images\/funtionsunterhose_sommer_schwarz.jpg\" width=\"250\"  \/><\/a> renseignement, c&rsquo;est <a href=\"http:\/\/www.bmw-motorrad.com\/\">ici<\/a>.<\/p>\n<p>SOURCE: <a href=\"http:\/\/www.webbikeworld.com\/\">www.webbikeworld.com<\/a>&nbsp; <\/p>\n","protected":false},"excerpt":{"rendered":"<p>BMW n&rsquo;a pas encore r\u00e9ussi \u00e0 transformer le plomb en or, mais il r\u00e9ussit \u00e0 mettre dans la gamme de ses accessoires, le sous-v\u00eatement qui&#8230; refroidit. Se couvrir parce qu&rsquo;il fait chaud pour mieux se refroidir, voici une id\u00e9e \u00e0 laquelle il fallait oser penser. BMW l&rsquo;a fait et propose ce sous-v\u00eatement \u00e0 la fibre [&hellip;]<\/p>\n","protected":false},"author":336,"featured_media":0,"comment_status":"open","ping_status":"open","sticky":false,"template":"","format":"standard","meta":{"footnotes":""},"categories":[3,7,8,17],"tags":[],"class_list":["post-1804","post","type-post","status-publish","format-standard","hentry","category-actualite","category-bmw","category-chaines-et-cuirs","category-divers"],"yoast_head":"<!-- This site is optimized with the Yoast SEO plugin v26.0 - https:\/\/yoast.com\/wordpress\/plugins\/seo\/ -->\n<title>BMW: Se couvrir lorsqu&#039;il fait chaud - leblogmoto.com<\/title>\n<meta name=\"robots\" content=\"index, follow, max-snippet:-1, max-image-preview:large, max-video-preview:-1\" \/>\n<link rel=\"canonical\" href=\"https:\/\/blogs.thesocialmedia.com\/leblogmoto\/2006\/05\/29\/bmw-se-couvrir\/\" \/>\n<meta name=\"twitter:card\" content=\"summary_large_image\" \/>\n<meta name=\"twitter:title\" content=\"BMW: Se couvrir lorsqu&#039;il fait chaud - leblogmoto.com\" \/>\n<meta name=\"twitter:description\" content=\"BMW n&rsquo;a pas encore r\u00e9ussi \u00e0 transformer le plomb en or, mais il r\u00e9ussit \u00e0 mettre dans la gamme de ses accessoires, le sous-v\u00eatement qui&#8230; refroidit. Se couvrir parce qu&rsquo;il fait chaud pour mieux se refroidir, voici une id\u00e9e \u00e0 laquelle il fallait oser penser. BMW l&rsquo;a fait et propose ce sous-v\u00eatement \u00e0 la fibre [&hellip;]\" \/>\n<meta name=\"twitter:image\" content=\"http:\/\/www.leblogmoto.com\/images\/vis_functional_wear_underwear_shirt_funk.jpg\" \/>\n<meta name=\"twitter:label1\" content=\"\u00c9crit par\" \/>\n\t<meta name=\"twitter:data1\" content=\"andre leconde\" \/>\n\t<meta name=\"twitter:label2\" content=\"Dur\u00e9e de lecture estim\u00e9e\" \/>\n\t<meta name=\"twitter:data2\" content=\"1 minute\" \/>\n<script type=\"application\/ld+json\" class=\"yoast-schema-graph\">{\"@context\":\"https:\/\/schema.org\",\"@graph\":[{\"@type\":\"WebPage\",\"@id\":\"https:\/\/blogs.thesocialmedia.com\/leblogmoto\/2006\/05\/29\/bmw-se-couvrir\/\",\"url\":\"https:\/\/blogs.thesocialmedia.com\/leblogmoto\/2006\/05\/29\/bmw-se-couvrir\/\",\"name\":\"BMW: Se couvrir lorsqu'il fait chaud - leblogmoto.com\",\"isPartOf\":{\"@id\":\"https:\/\/blogs.thesocialmedia.com\/leblogmoto\/#website\"},\"primaryImageOfPage\":{\"@id\":\"https:\/\/blogs.thesocialmedia.com\/leblogmoto\/2006\/05\/29\/bmw-se-couvrir\/#primaryimage\"},\"image\":{\"@id\":\"https:\/\/blogs.thesocialmedia.com\/leblogmoto\/2006\/05\/29\/bmw-se-couvrir\/#primaryimage\"},\"thumbnailUrl\":\"http:\/\/www.leblogmoto.com\/images\/vis_functional_wear_underwear_shirt_funk.jpg\",\"datePublished\":\"2006-05-29T21:32:51+00:00\",\"dateModified\":\"2012-07-11T14:23:25+00:00\",\"author\":{\"@id\":\"https:\/\/blogs.thesocialmedia.com\/leblogmoto\/#\/schema\/person\/1a1dcfc7cec206573105eb4af91155c2\"},\"breadcrumb\":{\"@id\":\"https:\/\/blogs.thesocialmedia.com\/leblogmoto\/2006\/05\/29\/bmw-se-couvrir\/#breadcrumb\"},\"inLanguage\":\"fr-FR\",\"potentialAction\":[{\"@type\":\"ReadAction\",\"target\":[\"https:\/\/blogs.thesocialmedia.com\/leblogmoto\/2006\/05\/29\/bmw-se-couvrir\/\"]}]},{\"@type\":\"ImageObject\",\"inLanguage\":\"fr-FR\",\"@id\":\"https:\/\/blogs.thesocialmedia.com\/leblogmoto\/2006\/05\/29\/bmw-se-couvrir\/#primaryimage\",\"url\":\"http:\/\/www.leblogmoto.com\/images\/vis_functional_wear_underwear_shirt_funk.jpg\",\"contentUrl\":\"http:\/\/www.leblogmoto.com\/images\/vis_functional_wear_underwear_shirt_funk.jpg\"},{\"@type\":\"BreadcrumbList\",\"@id\":\"https:\/\/blogs.thesocialmedia.com\/leblogmoto\/2006\/05\/29\/bmw-se-couvrir\/#breadcrumb\",\"itemListElement\":[{\"@type\":\"ListItem\",\"position\":1,\"name\":\"Accueil\",\"item\":\"https:\/\/blogs.thesocialmedia.com\/leblogmoto\/\"},{\"@type\":\"ListItem\",\"position\":2,\"name\":\"BMW: Se couvrir lorsqu&rsquo;il fait chaud\"}]},{\"@type\":\"WebSite\",\"@id\":\"https:\/\/blogs.thesocialmedia.com\/leblogmoto\/#website\",\"url\":\"https:\/\/blogs.thesocialmedia.com\/leblogmoto\/\",\"name\":\"leblogmoto\",\"description\":\"Toute l&#039;actualit\u00e9 des 2 roues\",\"potentialAction\":[{\"@type\":\"SearchAction\",\"target\":{\"@type\":\"EntryPoint\",\"urlTemplate\":\"https:\/\/blogs.thesocialmedia.com\/leblogmoto\/?s={search_term_string}\"},\"query-input\":{\"@type\":\"PropertyValueSpecification\",\"valueRequired\":true,\"valueName\":\"search_term_string\"}}],\"inLanguage\":\"fr-FR\"},{\"@type\":\"Person\",\"@id\":\"https:\/\/blogs.thesocialmedia.com\/leblogmoto\/#\/schema\/person\/1a1dcfc7cec206573105eb4af91155c2\",\"name\":\"andre leconde\",\"image\":{\"@type\":\"ImageObject\",\"inLanguage\":\"fr-FR\",\"@id\":\"https:\/\/blogs.thesocialmedia.com\/leblogmoto\/#\/schema\/person\/image\/\",\"url\":\"https:\/\/secure.gravatar.com\/avatar\/?s=96&d=mm&r=g\",\"contentUrl\":\"https:\/\/secure.gravatar.com\/avatar\/?s=96&d=mm&r=g\",\"caption\":\"andre leconde\"},\"url\":\"https:\/\/blogs.thesocialmedia.com\/leblogmoto\/author\/andre-leconde\/\"}]}<\/script>\n<!-- \/ Yoast SEO plugin. -->","yoast_head_json":{"title":"BMW: Se couvrir lorsqu'il fait chaud - leblogmoto.com","robots":{"index":"index","follow":"follow","max-snippet":"max-snippet:-1","max-image-preview":"max-image-preview:large","max-video-preview":"max-video-preview:-1"},"canonical":"https:\/\/blogs.thesocialmedia.com\/leblogmoto\/2006\/05\/29\/bmw-se-couvrir\/","twitter_card":"summary_large_image","twitter_title":"BMW: Se couvrir lorsqu'il fait chaud - leblogmoto.com","twitter_description":"BMW n&rsquo;a pas encore r\u00e9ussi \u00e0 transformer le plomb en or, mais il r\u00e9ussit \u00e0 mettre dans la gamme de ses accessoires, le sous-v\u00eatement qui&#8230; refroidit. Se couvrir parce qu&rsquo;il fait chaud pour mieux se refroidir, voici une id\u00e9e \u00e0 laquelle il fallait oser penser. BMW l&rsquo;a fait et propose ce sous-v\u00eatement \u00e0 la fibre [&hellip;]","twitter_image":"http:\/\/www.leblogmoto.com\/images\/vis_functional_wear_underwear_shirt_funk.jpg","twitter_misc":{"\u00c9crit par":"andre leconde","Dur\u00e9e de lecture estim\u00e9e":"1 minute"},"schema":{"@context":"https:\/\/schema.org","@graph":[{"@type":"WebPage","@id":"https:\/\/blogs.thesocialmedia.com\/leblogmoto\/2006\/05\/29\/bmw-se-couvrir\/","url":"https:\/\/blogs.thesocialmedia.com\/leblogmoto\/2006\/05\/29\/bmw-se-couvrir\/","name":"BMW: Se couvrir lorsqu'il fait chaud - leblogmoto.com","isPartOf":{"@id":"https:\/\/blogs.thesocialmedia.com\/leblogmoto\/#website"},"primaryImageOfPage":{"@id":"https:\/\/blogs.thesocialmedia.com\/leblogmoto\/2006\/05\/29\/bmw-se-couvrir\/#primaryimage"},"image":{"@id":"https:\/\/blogs.thesocialmedia.com\/leblogmoto\/2006\/05\/29\/bmw-se-couvrir\/#primaryimage"},"thumbnailUrl":"http:\/\/www.leblogmoto.com\/images\/vis_functional_wear_underwear_shirt_funk.jpg","datePublished":"2006-05-29T21:32:51+00:00","dateModified":"2012-07-11T14:23:25+00:00","author":{"@id":"https:\/\/blogs.thesocialmedia.com\/leblogmoto\/#\/schema\/person\/1a1dcfc7cec206573105eb4af91155c2"},"breadcrumb":{"@id":"https:\/\/blogs.thesocialmedia.com\/leblogmoto\/2006\/05\/29\/bmw-se-couvrir\/#breadcrumb"},"inLanguage":"fr-FR","potentialAction":[{"@type":"ReadAction","target":["https:\/\/blogs.thesocialmedia.com\/leblogmoto\/2006\/05\/29\/bmw-se-couvrir\/"]}]},{"@type":"ImageObject","inLanguage":"fr-FR","@id":"https:\/\/blogs.thesocialmedia.com\/leblogmoto\/2006\/05\/29\/bmw-se-couvrir\/#primaryimage","url":"http:\/\/www.leblogmoto.com\/images\/vis_functional_wear_underwear_shirt_funk.jpg","contentUrl":"http:\/\/www.leblogmoto.com\/images\/vis_functional_wear_underwear_shirt_funk.jpg"},{"@type":"BreadcrumbList","@id":"https:\/\/blogs.thesocialmedia.com\/leblogmoto\/2006\/05\/29\/bmw-se-couvrir\/#breadcrumb","itemListElement":[{"@type":"ListItem","position":1,"name":"Accueil","item":"https:\/\/blogs.thesocialmedia.com\/leblogmoto\/"},{"@type":"ListItem","position":2,"name":"BMW: Se couvrir lorsqu&rsquo;il fait chaud"}]},{"@type":"WebSite","@id":"https:\/\/blogs.thesocialmedia.com\/leblogmoto\/#website","url":"https:\/\/blogs.thesocialmedia.com\/leblogmoto\/","name":"leblogmoto","description":"Toute l&#039;actualit\u00e9 des 2 roues","potentialAction":[{"@type":"SearchAction","target":{"@type":"EntryPoint","urlTemplate":"https:\/\/blogs.thesocialmedia.com\/leblogmoto\/?s={search_term_string}"},"query-input":{"@type":"PropertyValueSpecification","valueRequired":true,"valueName":"search_term_string"}}],"inLanguage":"fr-FR"},{"@type":"Person","@id":"https:\/\/blogs.thesocialmedia.com\/leblogmoto\/#\/schema\/person\/1a1dcfc7cec206573105eb4af91155c2","name":"andre leconde","image":{"@type":"ImageObject","inLanguage":"fr-FR","@id":"https:\/\/blogs.thesocialmedia.com\/leblogmoto\/#\/schema\/person\/image\/","url":"https:\/\/secure.gravatar.com\/avatar\/?s=96&d=mm&r=g","contentUrl":"https:\/\/secure.gravatar.com\/avatar\/?s=96&d=mm&r=g","caption":"andre leconde"},"url":"https:\/\/blogs.thesocialmedia.com\/leblogmoto\/author\/andre-leconde\/"}]}},"_links":{"self":[{"href":"https:\/\/blogs.thesocialmedia.com\/leblogmoto\/wp-json\/wp\/v2\/posts\/1804","targetHints":{"allow":["GET"]}}],"collection":[{"href":"https:\/\/blogs.thesocialmedia.com\/leblogmoto\/wp-json\/wp\/v2\/posts"}],"about":[{"href":"https:\/\/blogs.thesocialmedia.com\/leblogmoto\/wp-json\/wp\/v2\/types\/post"}],"author":[{"embeddable":true,"href":"https:\/\/blogs.thesocialmedia.com\/leblogmoto\/wp-json\/wp\/v2\/users\/336"}],"replies":[{"embeddable":true,"href":"https:\/\/blogs.thesocialmedia.com\/leblogmoto\/wp-json\/wp\/v2\/comments?post=1804"}],"version-history":[{"count":2,"href":"https:\/\/blogs.thesocialmedia.com\/leblogmoto\/wp-json\/wp\/v2\/posts\/1804\/revisions"}],"predecessor-version":[{"id":7529,"href":"https:\/\/blogs.thesocialmedia.com\/leblogmoto\/wp-json\/wp\/v2\/posts\/1804\/revisions\/7529"}],"wp:attachment":[{"href":"https:\/\/blogs.thesocialmedia.com\/leblogmoto\/wp-json\/wp\/v2\/media?parent=1804"}],"wp:term":[{"taxonomy":"category","embeddable":true,"href":"https:\/\/blogs.thesocialmedia.com\/leblogmoto\/wp-json\/wp\/v2\/categories?post=1804"},{"taxonomy":"post_tag","embeddable":true,"href":"https:\/\/blogs.thesocialmedia.com\/leblogmoto\/wp-json\/wp\/v2\/tags?post=1804"}],"curies":[{"name":"wp","href":"https:\/\/api.w.org\/{rel}","templated":true}]}}