{"id":1808,"date":"2006-05-28T21:04:21","date_gmt":"2006-05-28T21:04:21","guid":{"rendered":"http:\/\/blogs.thesocialmedia.com\/leblogmoto\/2006\/05\/28\/sbk-siverstone\/"},"modified":"2012-07-11T13:21:45","modified_gmt":"2012-07-11T13:21:45","slug":"sbk-siverstone","status":"publish","type":"post","link":"https:\/\/blogs.thesocialmedia.com\/leblogmoto\/2006\/05\/28\/sbk-siverstone\/","title":{"rendered":"SBK SIVERSTONE: BAYLISS, seul au monde"},"content":{"rendered":"<p><a href=\"http:\/\/www.leblogmoto.com\/2006\/05\/sbk_monza_bayli.html\"><img loading=\"lazy\" decoding=\"async\" height=\"311\" alt=\"Troymonza1\" src=\"http:\/\/www.leblogmoto.com\/images\/troymonza1.jpg\" width=\"470\"  \/><\/a>Encore un <a href=\"http:\/\/www.leblogmoto.com\/2006\/05\/sbk_monza_bayli.html\">double impact Baylisstic<\/a>, cette fois en terre anglaise.<\/p>\n<p><strong>CORSER<\/strong> a connu un week-end noir si bien qu&rsquo;au championnat, le break est fait.<\/p>\n<p>Quant aux <strong>71 000<\/strong> spectateurs pr\u00e9sents, ils se sont d\u00e9lect\u00e9s du show <a href=\"http:\/\/www.leblogmoto.com\/2006\/04\/sbk_tests_misan.html\">TOSELAND<\/a>&#8230; <\/p>\n<p><a href=\"http:\/\/clabedan.typepad.com\/.shared\/image.html?\/photos\/uncategorized\/toseland3.jpg\"><img loading=\"lazy\" decoding=\"async\" height=\"167\" alt=\"Toseland3\" src=\"http:\/\/www.leblogmoto.com\/images\/toseland3.jpg\" width=\"250\"  \/><\/a>James TOSELAND s&rsquo;est rattrap\u00e9 sur le sec de sa mauvaise<a href=\"http:\/\/www.leblogmoto.com\/2006\/05\/sbk_silverstone.html\"> qualif sur le mouill\u00e9<\/a>. Il est remont\u00e9 \u00e0 chaque manche pour \u00e9chouer \u00e0 la troisi\u00e8me place. Beau sursaut d&rsquo;orgueil. Au passage, sur les deux manches, <strong>le podium a \u00e9t\u00e9 identique<\/strong>: CORSER, HAGA, TOSELAND.<\/p>\n<p><strong>Chris WALKER<\/strong> a aussi chauff\u00e9 la foule en prenant un temps la t\u00eate de la seconde manche, avant de rentrer dans le rang et finir huiti\u00e8me.<\/p>\n<p>C\u00f4t\u00e9 Fran\u00e7ais, <strong>LACONI<\/strong> termine sept et quatorze, GIMBERT et FORET n&rsquo;ont jamais vu l&rsquo;arriv\u00e9e. <\/p>\n<p>Au championnat, apr\u00e8s <strong>l&rsquo;abandon et la sixi\u00e8me place de CORSER<\/strong>, BAYLISS survole les d\u00e9bats avec <strong>225<\/strong> points. Suivent CORSER, <strong>149<\/strong>, HAGA <strong>133<\/strong> et TOSELAND <strong>129<\/strong>.<\/p>\n<p>SOURCE: <a href=\"http:\/\/www.superbike.it\">www.superbike.it<\/a>&nbsp; &nbsp;&nbsp; <\/p>\n","protected":false},"excerpt":{"rendered":"<p>Encore un double impact Baylisstic, cette fois en terre anglaise. CORSER a connu un week-end noir si bien qu&rsquo;au championnat, le break est fait. Quant aux 71 000 spectateurs pr\u00e9sents, ils se sont d\u00e9lect\u00e9s du show TOSELAND&#8230; James TOSELAND s&rsquo;est rattrap\u00e9 sur le sec de sa mauvaise qualif sur le mouill\u00e9. Il est remont\u00e9 \u00e0 [&hellip;]<\/p>\n","protected":false},"author":336,"featured_media":0,"comment_status":"open","ping_status":"open","sticky":false,"template":"","format":"standard","meta":{"footnotes":""},"categories":[32,46],"tags":[],"class_list":["post-1808","post","type-post","status-publish","format-standard","hentry","category-sport-moto","category-superbike"],"yoast_head":"<!-- This site is optimized with the Yoast SEO plugin v26.0 - https:\/\/yoast.com\/wordpress\/plugins\/seo\/ -->\n<title>SBK SIVERSTONE: BAYLISS, seul au monde - leblogmoto.com<\/title>\n<meta name=\"robots\" content=\"index, follow, max-snippet:-1, max-image-preview:large, max-video-preview:-1\" \/>\n<link rel=\"canonical\" href=\"https:\/\/blogs.thesocialmedia.com\/leblogmoto\/2006\/05\/28\/sbk-siverstone\/\" \/>\n<meta name=\"twitter:card\" content=\"summary_large_image\" \/>\n<meta name=\"twitter:title\" content=\"SBK SIVERSTONE: BAYLISS, seul au monde - leblogmoto.com\" \/>\n<meta name=\"twitter:description\" content=\"Encore un double impact Baylisstic, cette fois en terre anglaise. CORSER a connu un week-end noir si bien qu&rsquo;au championnat, le break est fait. Quant aux 71 000 spectateurs pr\u00e9sents, ils se sont d\u00e9lect\u00e9s du show TOSELAND&#8230; James TOSELAND s&rsquo;est rattrap\u00e9 sur le sec de sa mauvaise qualif sur le mouill\u00e9. Il est remont\u00e9 \u00e0 [&hellip;]\" \/>\n<meta name=\"twitter:image\" content=\"http:\/\/www.leblogmoto.com\/images\/troymonza1.jpg\" \/>\n<meta name=\"twitter:label1\" content=\"\u00c9crit par\" \/>\n\t<meta name=\"twitter:data1\" content=\"andre leconde\" \/>\n\t<meta name=\"twitter:label2\" content=\"Dur\u00e9e de lecture estim\u00e9e\" \/>\n\t<meta name=\"twitter:data2\" content=\"1 minute\" \/>\n<script type=\"application\/ld+json\" class=\"yoast-schema-graph\">{\"@context\":\"https:\/\/schema.org\",\"@graph\":[{\"@type\":\"WebPage\",\"@id\":\"https:\/\/blogs.thesocialmedia.com\/leblogmoto\/2006\/05\/28\/sbk-siverstone\/\",\"url\":\"https:\/\/blogs.thesocialmedia.com\/leblogmoto\/2006\/05\/28\/sbk-siverstone\/\",\"name\":\"SBK SIVERSTONE: BAYLISS, seul au monde - leblogmoto.com\",\"isPartOf\":{\"@id\":\"https:\/\/blogs.thesocialmedia.com\/leblogmoto\/#website\"},\"primaryImageOfPage\":{\"@id\":\"https:\/\/blogs.thesocialmedia.com\/leblogmoto\/2006\/05\/28\/sbk-siverstone\/#primaryimage\"},\"image\":{\"@id\":\"https:\/\/blogs.thesocialmedia.com\/leblogmoto\/2006\/05\/28\/sbk-siverstone\/#primaryimage\"},\"thumbnailUrl\":\"http:\/\/www.leblogmoto.com\/images\/troymonza1.jpg\",\"datePublished\":\"2006-05-28T21:04:21+00:00\",\"dateModified\":\"2012-07-11T13:21:45+00:00\",\"author\":{\"@id\":\"https:\/\/blogs.thesocialmedia.com\/leblogmoto\/#\/schema\/person\/1a1dcfc7cec206573105eb4af91155c2\"},\"breadcrumb\":{\"@id\":\"https:\/\/blogs.thesocialmedia.com\/leblogmoto\/2006\/05\/28\/sbk-siverstone\/#breadcrumb\"},\"inLanguage\":\"fr-FR\",\"potentialAction\":[{\"@type\":\"ReadAction\",\"target\":[\"https:\/\/blogs.thesocialmedia.com\/leblogmoto\/2006\/05\/28\/sbk-siverstone\/\"]}]},{\"@type\":\"ImageObject\",\"inLanguage\":\"fr-FR\",\"@id\":\"https:\/\/blogs.thesocialmedia.com\/leblogmoto\/2006\/05\/28\/sbk-siverstone\/#primaryimage\",\"url\":\"http:\/\/www.leblogmoto.com\/images\/troymonza1.jpg\",\"contentUrl\":\"http:\/\/www.leblogmoto.com\/images\/troymonza1.jpg\"},{\"@type\":\"BreadcrumbList\",\"@id\":\"https:\/\/blogs.thesocialmedia.com\/leblogmoto\/2006\/05\/28\/sbk-siverstone\/#breadcrumb\",\"itemListElement\":[{\"@type\":\"ListItem\",\"position\":1,\"name\":\"Accueil\",\"item\":\"https:\/\/blogs.thesocialmedia.com\/leblogmoto\/\"},{\"@type\":\"ListItem\",\"position\":2,\"name\":\"SBK SIVERSTONE: BAYLISS, seul au monde\"}]},{\"@type\":\"WebSite\",\"@id\":\"https:\/\/blogs.thesocialmedia.com\/leblogmoto\/#website\",\"url\":\"https:\/\/blogs.thesocialmedia.com\/leblogmoto\/\",\"name\":\"leblogmoto\",\"description\":\"Toute l&#039;actualit\u00e9 des 2 roues\",\"potentialAction\":[{\"@type\":\"SearchAction\",\"target\":{\"@type\":\"EntryPoint\",\"urlTemplate\":\"https:\/\/blogs.thesocialmedia.com\/leblogmoto\/?s={search_term_string}\"},\"query-input\":{\"@type\":\"PropertyValueSpecification\",\"valueRequired\":true,\"valueName\":\"search_term_string\"}}],\"inLanguage\":\"fr-FR\"},{\"@type\":\"Person\",\"@id\":\"https:\/\/blogs.thesocialmedia.com\/leblogmoto\/#\/schema\/person\/1a1dcfc7cec206573105eb4af91155c2\",\"name\":\"andre leconde\",\"image\":{\"@type\":\"ImageObject\",\"inLanguage\":\"fr-FR\",\"@id\":\"https:\/\/blogs.thesocialmedia.com\/leblogmoto\/#\/schema\/person\/image\/\",\"url\":\"https:\/\/secure.gravatar.com\/avatar\/?s=96&d=mm&r=g\",\"contentUrl\":\"https:\/\/secure.gravatar.com\/avatar\/?s=96&d=mm&r=g\",\"caption\":\"andre leconde\"},\"url\":\"https:\/\/blogs.thesocialmedia.com\/leblogmoto\/author\/andre-leconde\/\"}]}<\/script>\n<!-- \/ Yoast SEO plugin. -->","yoast_head_json":{"title":"SBK SIVERSTONE: BAYLISS, seul au monde - leblogmoto.com","robots":{"index":"index","follow":"follow","max-snippet":"max-snippet:-1","max-image-preview":"max-image-preview:large","max-video-preview":"max-video-preview:-1"},"canonical":"https:\/\/blogs.thesocialmedia.com\/leblogmoto\/2006\/05\/28\/sbk-siverstone\/","twitter_card":"summary_large_image","twitter_title":"SBK SIVERSTONE: BAYLISS, seul au monde - leblogmoto.com","twitter_description":"Encore un double impact Baylisstic, cette fois en terre anglaise. CORSER a connu un week-end noir si bien qu&rsquo;au championnat, le break est fait. Quant aux 71 000 spectateurs pr\u00e9sents, ils se sont d\u00e9lect\u00e9s du show TOSELAND&#8230; James TOSELAND s&rsquo;est rattrap\u00e9 sur le sec de sa mauvaise qualif sur le mouill\u00e9. Il est remont\u00e9 \u00e0 [&hellip;]","twitter_image":"http:\/\/www.leblogmoto.com\/images\/troymonza1.jpg","twitter_misc":{"\u00c9crit par":"andre leconde","Dur\u00e9e de lecture estim\u00e9e":"1 minute"},"schema":{"@context":"https:\/\/schema.org","@graph":[{"@type":"WebPage","@id":"https:\/\/blogs.thesocialmedia.com\/leblogmoto\/2006\/05\/28\/sbk-siverstone\/","url":"https:\/\/blogs.thesocialmedia.com\/leblogmoto\/2006\/05\/28\/sbk-siverstone\/","name":"SBK SIVERSTONE: BAYLISS, seul au monde - leblogmoto.com","isPartOf":{"@id":"https:\/\/blogs.thesocialmedia.com\/leblogmoto\/#website"},"primaryImageOfPage":{"@id":"https:\/\/blogs.thesocialmedia.com\/leblogmoto\/2006\/05\/28\/sbk-siverstone\/#primaryimage"},"image":{"@id":"https:\/\/blogs.thesocialmedia.com\/leblogmoto\/2006\/05\/28\/sbk-siverstone\/#primaryimage"},"thumbnailUrl":"http:\/\/www.leblogmoto.com\/images\/troymonza1.jpg","datePublished":"2006-05-28T21:04:21+00:00","dateModified":"2012-07-11T13:21:45+00:00","author":{"@id":"https:\/\/blogs.thesocialmedia.com\/leblogmoto\/#\/schema\/person\/1a1dcfc7cec206573105eb4af91155c2"},"breadcrumb":{"@id":"https:\/\/blogs.thesocialmedia.com\/leblogmoto\/2006\/05\/28\/sbk-siverstone\/#breadcrumb"},"inLanguage":"fr-FR","potentialAction":[{"@type":"ReadAction","target":["https:\/\/blogs.thesocialmedia.com\/leblogmoto\/2006\/05\/28\/sbk-siverstone\/"]}]},{"@type":"ImageObject","inLanguage":"fr-FR","@id":"https:\/\/blogs.thesocialmedia.com\/leblogmoto\/2006\/05\/28\/sbk-siverstone\/#primaryimage","url":"http:\/\/www.leblogmoto.com\/images\/troymonza1.jpg","contentUrl":"http:\/\/www.leblogmoto.com\/images\/troymonza1.jpg"},{"@type":"BreadcrumbList","@id":"https:\/\/blogs.thesocialmedia.com\/leblogmoto\/2006\/05\/28\/sbk-siverstone\/#breadcrumb","itemListElement":[{"@type":"ListItem","position":1,"name":"Accueil","item":"https:\/\/blogs.thesocialmedia.com\/leblogmoto\/"},{"@type":"ListItem","position":2,"name":"SBK SIVERSTONE: BAYLISS, seul au monde"}]},{"@type":"WebSite","@id":"https:\/\/blogs.thesocialmedia.com\/leblogmoto\/#website","url":"https:\/\/blogs.thesocialmedia.com\/leblogmoto\/","name":"leblogmoto","description":"Toute l&#039;actualit\u00e9 des 2 roues","potentialAction":[{"@type":"SearchAction","target":{"@type":"EntryPoint","urlTemplate":"https:\/\/blogs.thesocialmedia.com\/leblogmoto\/?s={search_term_string}"},"query-input":{"@type":"PropertyValueSpecification","valueRequired":true,"valueName":"search_term_string"}}],"inLanguage":"fr-FR"},{"@type":"Person","@id":"https:\/\/blogs.thesocialmedia.com\/leblogmoto\/#\/schema\/person\/1a1dcfc7cec206573105eb4af91155c2","name":"andre leconde","image":{"@type":"ImageObject","inLanguage":"fr-FR","@id":"https:\/\/blogs.thesocialmedia.com\/leblogmoto\/#\/schema\/person\/image\/","url":"https:\/\/secure.gravatar.com\/avatar\/?s=96&d=mm&r=g","contentUrl":"https:\/\/secure.gravatar.com\/avatar\/?s=96&d=mm&r=g","caption":"andre leconde"},"url":"https:\/\/blogs.thesocialmedia.com\/leblogmoto\/author\/andre-leconde\/"}]}},"_links":{"self":[{"href":"https:\/\/blogs.thesocialmedia.com\/leblogmoto\/wp-json\/wp\/v2\/posts\/1808","targetHints":{"allow":["GET"]}}],"collection":[{"href":"https:\/\/blogs.thesocialmedia.com\/leblogmoto\/wp-json\/wp\/v2\/posts"}],"about":[{"href":"https:\/\/blogs.thesocialmedia.com\/leblogmoto\/wp-json\/wp\/v2\/types\/post"}],"author":[{"embeddable":true,"href":"https:\/\/blogs.thesocialmedia.com\/leblogmoto\/wp-json\/wp\/v2\/users\/336"}],"replies":[{"embeddable":true,"href":"https:\/\/blogs.thesocialmedia.com\/leblogmoto\/wp-json\/wp\/v2\/comments?post=1808"}],"version-history":[{"count":1,"href":"https:\/\/blogs.thesocialmedia.com\/leblogmoto\/wp-json\/wp\/v2\/posts\/1808\/revisions"}],"predecessor-version":[{"id":3366,"href":"https:\/\/blogs.thesocialmedia.com\/leblogmoto\/wp-json\/wp\/v2\/posts\/1808\/revisions\/3366"}],"wp:attachment":[{"href":"https:\/\/blogs.thesocialmedia.com\/leblogmoto\/wp-json\/wp\/v2\/media?parent=1808"}],"wp:term":[{"taxonomy":"category","embeddable":true,"href":"https:\/\/blogs.thesocialmedia.com\/leblogmoto\/wp-json\/wp\/v2\/categories?post=1808"},{"taxonomy":"post_tag","embeddable":true,"href":"https:\/\/blogs.thesocialmedia.com\/leblogmoto\/wp-json\/wp\/v2\/tags?post=1808"}],"curies":[{"name":"wp","href":"https:\/\/api.w.org\/{rel}","templated":true}]}}