{"id":1809,"date":"2006-05-27T23:08:45","date_gmt":"2006-05-27T23:08:45","guid":{"rendered":"http:\/\/blogs.thesocialmedia.com\/leblogmoto\/2006\/05\/27\/un-mp3-muscl-ch\/"},"modified":"2012-07-11T14:23:18","modified_gmt":"2012-07-11T14:23:18","slug":"un-mp3-muscl-ch","status":"publish","type":"post","link":"https:\/\/blogs.thesocialmedia.com\/leblogmoto\/2006\/05\/27\/un-mp3-muscl-ch\/","title":{"rendered":"Un MP3 muscl\u00e9 chez GILERA"},"content":{"rendered":"<p><a href=\"http:\/\/blogs.thesocialmedia.com\/leblogmoto\/files\/2012\/07\/main_main_mp3gilera.jpg\"><img loading=\"lazy\" decoding=\"async\" height=\"164\" alt=\"Main_main_mp3gilera\" src=\"http:\/\/www.leblogmoto.com\/images\/main_main_mp3gilera.jpg\" width=\"250\"  \/><\/a>Alors que <strong>PIAGGIO<\/strong> n&rsquo;a pas encore mis son<a href=\"http:\/\/www.leblogmoto.com\/2006\/05\/piaggo_mp3_le_n.html\"> MP3<\/a> en concession, voil\u00e0 que, d\u00e9j\u00e0, il d\u00e9cline <a href=\"http:\/\/www.leblogmoto.com\/2006\/05\/piaggio_le_scoo.html\">son genre exclusif<\/a> dans ses blasons satellites.<\/p>\n<p><strong>GILERA<\/strong>, charg\u00e9 de porter une image plus sportive, sera ainsi bient\u00f4t en mesure de nous proposer lui aussi son tripode, mais avec un <strong>400 <\/strong>cm3, \u00e0 la place du <a href=\"http:\/\/www.leblogmoto.com\/2006\/05\/piaggo_mp3_le_n.html\">250<\/a>.<\/p>\n<p>Une esth\u00e9tique plus martiale est pr\u00e9vue, qui ne sera pas exactement celle-ci, assez proche des <a href=\"http:\/\/www.leblogmoto.com\/2006\/05\/aprs_avoir_rdig.html\">premiers prototypes<\/a> MP3. Le 400 sera celui du <strong>X8 400<\/strong>, d\u00e9veloppant <strong>34<\/strong> ch et capable de pousser jusqu&rsquo;\u00e0 <strong>150<\/strong> km\/h.<\/p>\n<p>La b\u00eate, d\u00e8s <strong>2007<\/strong>.<\/p>\n<p>SOURCE: <a href=\"http:\/\/www.scooter-infos.com\">www.scooter-infos.com<\/a>&nbsp; <\/p>\n","protected":false},"excerpt":{"rendered":"<p>Alors que PIAGGIO n&rsquo;a pas encore mis son MP3 en concession, voil\u00e0 que, d\u00e9j\u00e0, il d\u00e9cline son genre exclusif dans ses blasons satellites. GILERA, charg\u00e9 de porter une image plus sportive, sera ainsi bient\u00f4t en mesure de nous proposer lui aussi son tripode, mais avec un 400 cm3, \u00e0 la place du 250. Une esth\u00e9tique [&hellip;]<\/p>\n","protected":false},"author":336,"featured_media":0,"comment_status":"open","ping_status":"open","sticky":false,"template":"","format":"standard","meta":{"footnotes":""},"categories":[81,18,19],"tags":[],"class_list":["post-1809","post","type-post","status-publish","format-standard","hentry","category-gilera","category-piaggio","category-scooter"],"yoast_head":"<!-- This site is optimized with the Yoast SEO plugin v26.0 - https:\/\/yoast.com\/wordpress\/plugins\/seo\/ -->\n<title>Un MP3 muscl\u00e9 chez GILERA - leblogmoto.com<\/title>\n<meta name=\"robots\" content=\"index, follow, max-snippet:-1, max-image-preview:large, max-video-preview:-1\" \/>\n<link rel=\"canonical\" href=\"https:\/\/blogs.thesocialmedia.com\/leblogmoto\/2006\/05\/27\/un-mp3-muscl-ch\/\" \/>\n<meta name=\"twitter:card\" content=\"summary_large_image\" \/>\n<meta name=\"twitter:title\" content=\"Un MP3 muscl\u00e9 chez GILERA - leblogmoto.com\" \/>\n<meta name=\"twitter:description\" content=\"Alors que PIAGGIO n&rsquo;a pas encore mis son MP3 en concession, voil\u00e0 que, d\u00e9j\u00e0, il d\u00e9cline son genre exclusif dans ses blasons satellites. GILERA, charg\u00e9 de porter une image plus sportive, sera ainsi bient\u00f4t en mesure de nous proposer lui aussi son tripode, mais avec un 400 cm3, \u00e0 la place du 250. Une esth\u00e9tique [&hellip;]\" \/>\n<meta name=\"twitter:image\" content=\"http:\/\/www.leblogmoto.com\/images\/main_main_mp3gilera.jpg\" \/>\n<meta name=\"twitter:label1\" content=\"\u00c9crit par\" \/>\n\t<meta name=\"twitter:data1\" content=\"andre leconde\" \/>\n<script type=\"application\/ld+json\" class=\"yoast-schema-graph\">{\"@context\":\"https:\/\/schema.org\",\"@graph\":[{\"@type\":\"WebPage\",\"@id\":\"https:\/\/blogs.thesocialmedia.com\/leblogmoto\/2006\/05\/27\/un-mp3-muscl-ch\/\",\"url\":\"https:\/\/blogs.thesocialmedia.com\/leblogmoto\/2006\/05\/27\/un-mp3-muscl-ch\/\",\"name\":\"Un MP3 muscl\u00e9 chez GILERA - leblogmoto.com\",\"isPartOf\":{\"@id\":\"https:\/\/blogs.thesocialmedia.com\/leblogmoto\/#website\"},\"primaryImageOfPage\":{\"@id\":\"https:\/\/blogs.thesocialmedia.com\/leblogmoto\/2006\/05\/27\/un-mp3-muscl-ch\/#primaryimage\"},\"image\":{\"@id\":\"https:\/\/blogs.thesocialmedia.com\/leblogmoto\/2006\/05\/27\/un-mp3-muscl-ch\/#primaryimage\"},\"thumbnailUrl\":\"http:\/\/www.leblogmoto.com\/images\/main_main_mp3gilera.jpg\",\"datePublished\":\"2006-05-27T23:08:45+00:00\",\"dateModified\":\"2012-07-11T14:23:18+00:00\",\"author\":{\"@id\":\"https:\/\/blogs.thesocialmedia.com\/leblogmoto\/#\/schema\/person\/1a1dcfc7cec206573105eb4af91155c2\"},\"breadcrumb\":{\"@id\":\"https:\/\/blogs.thesocialmedia.com\/leblogmoto\/2006\/05\/27\/un-mp3-muscl-ch\/#breadcrumb\"},\"inLanguage\":\"fr-FR\",\"potentialAction\":[{\"@type\":\"ReadAction\",\"target\":[\"https:\/\/blogs.thesocialmedia.com\/leblogmoto\/2006\/05\/27\/un-mp3-muscl-ch\/\"]}]},{\"@type\":\"ImageObject\",\"inLanguage\":\"fr-FR\",\"@id\":\"https:\/\/blogs.thesocialmedia.com\/leblogmoto\/2006\/05\/27\/un-mp3-muscl-ch\/#primaryimage\",\"url\":\"http:\/\/www.leblogmoto.com\/images\/main_main_mp3gilera.jpg\",\"contentUrl\":\"http:\/\/www.leblogmoto.com\/images\/main_main_mp3gilera.jpg\"},{\"@type\":\"BreadcrumbList\",\"@id\":\"https:\/\/blogs.thesocialmedia.com\/leblogmoto\/2006\/05\/27\/un-mp3-muscl-ch\/#breadcrumb\",\"itemListElement\":[{\"@type\":\"ListItem\",\"position\":1,\"name\":\"Accueil\",\"item\":\"https:\/\/blogs.thesocialmedia.com\/leblogmoto\/\"},{\"@type\":\"ListItem\",\"position\":2,\"name\":\"Un MP3 muscl\u00e9 chez GILERA\"}]},{\"@type\":\"WebSite\",\"@id\":\"https:\/\/blogs.thesocialmedia.com\/leblogmoto\/#website\",\"url\":\"https:\/\/blogs.thesocialmedia.com\/leblogmoto\/\",\"name\":\"leblogmoto\",\"description\":\"Toute l&#039;actualit\u00e9 des 2 roues\",\"potentialAction\":[{\"@type\":\"SearchAction\",\"target\":{\"@type\":\"EntryPoint\",\"urlTemplate\":\"https:\/\/blogs.thesocialmedia.com\/leblogmoto\/?s={search_term_string}\"},\"query-input\":{\"@type\":\"PropertyValueSpecification\",\"valueRequired\":true,\"valueName\":\"search_term_string\"}}],\"inLanguage\":\"fr-FR\"},{\"@type\":\"Person\",\"@id\":\"https:\/\/blogs.thesocialmedia.com\/leblogmoto\/#\/schema\/person\/1a1dcfc7cec206573105eb4af91155c2\",\"name\":\"andre leconde\",\"image\":{\"@type\":\"ImageObject\",\"inLanguage\":\"fr-FR\",\"@id\":\"https:\/\/blogs.thesocialmedia.com\/leblogmoto\/#\/schema\/person\/image\/\",\"url\":\"https:\/\/secure.gravatar.com\/avatar\/?s=96&d=mm&r=g\",\"contentUrl\":\"https:\/\/secure.gravatar.com\/avatar\/?s=96&d=mm&r=g\",\"caption\":\"andre leconde\"},\"url\":\"https:\/\/blogs.thesocialmedia.com\/leblogmoto\/author\/andre-leconde\/\"}]}<\/script>\n<!-- \/ Yoast SEO plugin. -->","yoast_head_json":{"title":"Un MP3 muscl\u00e9 chez GILERA - leblogmoto.com","robots":{"index":"index","follow":"follow","max-snippet":"max-snippet:-1","max-image-preview":"max-image-preview:large","max-video-preview":"max-video-preview:-1"},"canonical":"https:\/\/blogs.thesocialmedia.com\/leblogmoto\/2006\/05\/27\/un-mp3-muscl-ch\/","twitter_card":"summary_large_image","twitter_title":"Un MP3 muscl\u00e9 chez GILERA - leblogmoto.com","twitter_description":"Alors que PIAGGIO n&rsquo;a pas encore mis son MP3 en concession, voil\u00e0 que, d\u00e9j\u00e0, il d\u00e9cline son genre exclusif dans ses blasons satellites. GILERA, charg\u00e9 de porter une image plus sportive, sera ainsi bient\u00f4t en mesure de nous proposer lui aussi son tripode, mais avec un 400 cm3, \u00e0 la place du 250. Une esth\u00e9tique [&hellip;]","twitter_image":"http:\/\/www.leblogmoto.com\/images\/main_main_mp3gilera.jpg","twitter_misc":{"\u00c9crit par":"andre leconde"},"schema":{"@context":"https:\/\/schema.org","@graph":[{"@type":"WebPage","@id":"https:\/\/blogs.thesocialmedia.com\/leblogmoto\/2006\/05\/27\/un-mp3-muscl-ch\/","url":"https:\/\/blogs.thesocialmedia.com\/leblogmoto\/2006\/05\/27\/un-mp3-muscl-ch\/","name":"Un MP3 muscl\u00e9 chez GILERA - leblogmoto.com","isPartOf":{"@id":"https:\/\/blogs.thesocialmedia.com\/leblogmoto\/#website"},"primaryImageOfPage":{"@id":"https:\/\/blogs.thesocialmedia.com\/leblogmoto\/2006\/05\/27\/un-mp3-muscl-ch\/#primaryimage"},"image":{"@id":"https:\/\/blogs.thesocialmedia.com\/leblogmoto\/2006\/05\/27\/un-mp3-muscl-ch\/#primaryimage"},"thumbnailUrl":"http:\/\/www.leblogmoto.com\/images\/main_main_mp3gilera.jpg","datePublished":"2006-05-27T23:08:45+00:00","dateModified":"2012-07-11T14:23:18+00:00","author":{"@id":"https:\/\/blogs.thesocialmedia.com\/leblogmoto\/#\/schema\/person\/1a1dcfc7cec206573105eb4af91155c2"},"breadcrumb":{"@id":"https:\/\/blogs.thesocialmedia.com\/leblogmoto\/2006\/05\/27\/un-mp3-muscl-ch\/#breadcrumb"},"inLanguage":"fr-FR","potentialAction":[{"@type":"ReadAction","target":["https:\/\/blogs.thesocialmedia.com\/leblogmoto\/2006\/05\/27\/un-mp3-muscl-ch\/"]}]},{"@type":"ImageObject","inLanguage":"fr-FR","@id":"https:\/\/blogs.thesocialmedia.com\/leblogmoto\/2006\/05\/27\/un-mp3-muscl-ch\/#primaryimage","url":"http:\/\/www.leblogmoto.com\/images\/main_main_mp3gilera.jpg","contentUrl":"http:\/\/www.leblogmoto.com\/images\/main_main_mp3gilera.jpg"},{"@type":"BreadcrumbList","@id":"https:\/\/blogs.thesocialmedia.com\/leblogmoto\/2006\/05\/27\/un-mp3-muscl-ch\/#breadcrumb","itemListElement":[{"@type":"ListItem","position":1,"name":"Accueil","item":"https:\/\/blogs.thesocialmedia.com\/leblogmoto\/"},{"@type":"ListItem","position":2,"name":"Un MP3 muscl\u00e9 chez GILERA"}]},{"@type":"WebSite","@id":"https:\/\/blogs.thesocialmedia.com\/leblogmoto\/#website","url":"https:\/\/blogs.thesocialmedia.com\/leblogmoto\/","name":"leblogmoto","description":"Toute l&#039;actualit\u00e9 des 2 roues","potentialAction":[{"@type":"SearchAction","target":{"@type":"EntryPoint","urlTemplate":"https:\/\/blogs.thesocialmedia.com\/leblogmoto\/?s={search_term_string}"},"query-input":{"@type":"PropertyValueSpecification","valueRequired":true,"valueName":"search_term_string"}}],"inLanguage":"fr-FR"},{"@type":"Person","@id":"https:\/\/blogs.thesocialmedia.com\/leblogmoto\/#\/schema\/person\/1a1dcfc7cec206573105eb4af91155c2","name":"andre leconde","image":{"@type":"ImageObject","inLanguage":"fr-FR","@id":"https:\/\/blogs.thesocialmedia.com\/leblogmoto\/#\/schema\/person\/image\/","url":"https:\/\/secure.gravatar.com\/avatar\/?s=96&d=mm&r=g","contentUrl":"https:\/\/secure.gravatar.com\/avatar\/?s=96&d=mm&r=g","caption":"andre leconde"},"url":"https:\/\/blogs.thesocialmedia.com\/leblogmoto\/author\/andre-leconde\/"}]}},"_links":{"self":[{"href":"https:\/\/blogs.thesocialmedia.com\/leblogmoto\/wp-json\/wp\/v2\/posts\/1809","targetHints":{"allow":["GET"]}}],"collection":[{"href":"https:\/\/blogs.thesocialmedia.com\/leblogmoto\/wp-json\/wp\/v2\/posts"}],"about":[{"href":"https:\/\/blogs.thesocialmedia.com\/leblogmoto\/wp-json\/wp\/v2\/types\/post"}],"author":[{"embeddable":true,"href":"https:\/\/blogs.thesocialmedia.com\/leblogmoto\/wp-json\/wp\/v2\/users\/336"}],"replies":[{"embeddable":true,"href":"https:\/\/blogs.thesocialmedia.com\/leblogmoto\/wp-json\/wp\/v2\/comments?post=1809"}],"version-history":[{"count":2,"href":"https:\/\/blogs.thesocialmedia.com\/leblogmoto\/wp-json\/wp\/v2\/posts\/1809\/revisions"}],"predecessor-version":[{"id":7521,"href":"https:\/\/blogs.thesocialmedia.com\/leblogmoto\/wp-json\/wp\/v2\/posts\/1809\/revisions\/7521"}],"wp:attachment":[{"href":"https:\/\/blogs.thesocialmedia.com\/leblogmoto\/wp-json\/wp\/v2\/media?parent=1809"}],"wp:term":[{"taxonomy":"category","embeddable":true,"href":"https:\/\/blogs.thesocialmedia.com\/leblogmoto\/wp-json\/wp\/v2\/categories?post=1809"},{"taxonomy":"post_tag","embeddable":true,"href":"https:\/\/blogs.thesocialmedia.com\/leblogmoto\/wp-json\/wp\/v2\/tags?post=1809"}],"curies":[{"name":"wp","href":"https:\/\/api.w.org\/{rel}","templated":true}]}}