{"id":181,"date":"2009-04-17T04:16:05","date_gmt":"2009-04-17T04:16:05","guid":{"rendered":"http:\/\/blogs.thesocialmedia.com\/leblogmoto\/2009\/04\/17\/album-du-vendredi-randy-de-puniet-et-francesca-lukasik\/"},"modified":"2012-07-11T17:19:05","modified_gmt":"2012-07-11T17:19:05","slug":"album-du-vendredi-randy-de-puniet-et-francesca-lukasik","status":"publish","type":"post","link":"https:\/\/blogs.thesocialmedia.com\/leblogmoto\/2009\/04\/17\/album-du-vendredi-randy-de-puniet-et-francesca-lukasik\/","title":{"rendered":"Album du vendredi- Randy de Puniet et Francesca Lukasik"},"content":{"rendered":"<p><a href=\"http:\/\/blogs.thesocialmedia.com\/leblogmoto\/files\/2012\/07\/6a00d83451b18369e201156f2e0a57970c-popup.png\"><img decoding=\"async\" alt=\"Playboy01\" class=\"at-xid-6a00d83451b18369e201156f2e0a57970c \" src=\"http:\/\/blogs.thesocialmedia.com\/leblogmoto\/files\/2012\/07\/6a00d83451b18369e201156f2e0a57970c-500wi.jpg\" style=\"width: 470px\" \/><\/a> <\/p>\n<p>Apr\u00e8s une dixi\u00e8me place plus qu\u2019honorable au Qatar sur une machine d\u2019une \u00e9quipe satellite, Randy de Puniet s\u2019en va au Japon o\u00f9 il affichera la livr\u00e9 <a href=\"http:\/\/www.playboy.it\/\">Playboy<\/a> en course.<br \/>Ses fans auront remarqu\u00e9 la sobri\u00e9t\u00e9 de sa Honda le week-end dernier, mais n\u2019ayez crainte, elle s&#039;encanaille sur ces images du Playboy italien, et cette fois-ci, elle n&#039;est pas la seule.<\/p>\n<p> Et si l\u2019\u00e9quipe <a href=\"http:\/\/www.lcr.mc\/\">LCR Honda<\/a> de Lucio Cecchinello y annonce ses couleurs, on peut ais\u00e9ment penser que Randy de Puniet n\u2019a pas <a href=\"http:\/\/fr.wikisource.org\/wiki\/Brise_marine_%28St%C3%A9phane_Mallarm%C3%A9%29\">lu tous les livres<\/a>, car les chairs n\u2019y sont pas tristes.<\/p>\n<p><a href=\"http:\/\/clabedan.typepad.com\/.a\/6a00d83451b18369e201156f2e0be5970c-popup\"><img decoding=\"async\" alt=\"Playboy02\" class=\"at-xid-6a00d83451b18369e201156f2e0be5970c \" src=\"http:\/\/blogs.thesocialmedia.com\/leblogmoto\/files\/2012\/07\/6a00d83451b18369e201156f2e0be5970c-500wi.jpg\" style=\"width: 470px\" \/><\/a> <\/p>\n<p><a href=\"http:\/\/blogs.thesocialmedia.com\/leblogmoto\/files\/2012\/07\/6a00d83451b18369e201156f2e0bbe970c-popup.png\"><img decoding=\"async\" alt=\"Playboy03\" class=\"at-xid-6a00d83451b18369e201156f2e0bbe970c \" src=\"http:\/\/blogs.thesocialmedia.com\/leblogmoto\/files\/2012\/07\/6a00d83451b18369e201156f2e0bbe970c-500wi.jpg\" style=\"width: 470px\" \/><\/a> <\/p>\n<p><a href=\"http:\/\/blogs.thesocialmedia.com\/leblogmoto\/files\/2012\/07\/6a00d83451b18369e201156f2e0b94970c-popup.png\"><img decoding=\"async\" alt=\"Playboy04\" class=\"at-xid-6a00d83451b18369e201156f2e0b94970c \" src=\"http:\/\/blogs.thesocialmedia.com\/leblogmoto\/files\/2012\/07\/6a00d83451b18369e201156f2e0b94970c-500wi.jpg\" style=\"width: 470px\" \/><\/a> <\/p>\n<p><a href=\"http:\/\/blogs.thesocialmedia.com\/leblogmoto\/files\/2012\/07\/6a00d83451b18369e201156f2e0b69970c-popup.png\"><img decoding=\"async\" alt=\"Playboy05\" class=\"at-xid-6a00d83451b18369e201156f2e0b69970c \" src=\"http:\/\/blogs.thesocialmedia.com\/leblogmoto\/files\/2012\/07\/6a00d83451b18369e201156f2e0b69970c-500wi.jpg\" style=\"width: 470px\" \/><\/a> <\/p>\n<p><a href=\"http:\/\/blogs.thesocialmedia.com\/leblogmoto\/files\/2012\/07\/6a00d83451b18369e201156f2e0b4b970c-popup.png\"><img decoding=\"async\" alt=\"Playboy06\" class=\"at-xid-6a00d83451b18369e201156f2e0b4b970c \" src=\"http:\/\/blogs.thesocialmedia.com\/leblogmoto\/files\/2012\/07\/6a00d83451b18369e201156f2e0b4b970c-500wi.jpg\" style=\"width: 470px\" \/><\/a> <\/p>\n<p><a href=\"http:\/\/blogs.thesocialmedia.com\/leblogmoto\/files\/2012\/07\/6a00d83451b18369e201157024a4e8970b-popup.png\"><img decoding=\"async\" alt=\"Playboy07\" class=\"at-xid-6a00d83451b18369e201157024a4e8970b \" src=\"http:\/\/blogs.thesocialmedia.com\/leblogmoto\/files\/2012\/07\/6a00d83451b18369e201157024a4e8970b-500wi.jpg\" style=\"width: 470px\" \/><\/a> <\/p>\n<p><a href=\"http:\/\/blogs.thesocialmedia.com\/leblogmoto\/files\/2012\/07\/6a00d83451b18369e201157024a4c2970b-popup.png\"><img decoding=\"async\" alt=\"Playboy08\" class=\"at-xid-6a00d83451b18369e201157024a4c2970b \" src=\"http:\/\/blogs.thesocialmedia.com\/leblogmoto\/files\/2012\/07\/6a00d83451b18369e201157024a4c2970b-500wi.jpg\" style=\"width: 470px\" \/><\/a> <\/p>\n<p><a href=\"http:\/\/blogs.thesocialmedia.com\/leblogmoto\/files\/2012\/07\/6a00d83451b18369e201157024a483970b-popup.png\"><img decoding=\"async\" alt=\"Playboy09\" class=\"at-xid-6a00d83451b18369e201157024a483970b \" src=\"http:\/\/blogs.thesocialmedia.com\/leblogmoto\/files\/2012\/07\/6a00d83451b18369e201157024a483970b-500wi.jpg\" style=\"width: 470px\" \/><\/a> <\/p>\n<p><a href=\"http:\/\/blogs.thesocialmedia.com\/leblogmoto\/files\/2012\/07\/6a00d83451b18369e201157024a44b970b-popup.png\"><img decoding=\"async\" alt=\"Playboy10\" class=\"at-xid-6a00d83451b18369e201157024a44b970b \" src=\"http:\/\/blogs.thesocialmedia.com\/leblogmoto\/files\/2012\/07\/6a00d83451b18369e201157024a44b970b-500wi.jpg\" style=\"width: 470px\" \/><\/a> <\/p>\n<p><a href=\"http:\/\/www.francescalukasik.com\/COM\/index.htm\">Site de la dame<\/a><\/p>\n","protected":false},"excerpt":{"rendered":"<p>Apr\u00e8s une dixi\u00e8me place plus qu\u2019honorable au Qatar sur une machine d\u2019une \u00e9quipe satellite, Randy de Puniet s\u2019en va au Japon o\u00f9 il affichera la livr\u00e9 Playboy en course.Ses fans auront remarqu\u00e9 la sobri\u00e9t\u00e9 de sa Honda le week-end dernier, mais n\u2019ayez crainte, elle s&#039;encanaille sur ces images du Playboy italien, et cette fois-ci, elle [&hellip;]<\/p>\n","protected":false},"author":325,"featured_media":13254,"comment_status":"open","ping_status":"open","sticky":false,"template":"","format":"standard","meta":{"footnotes":""},"categories":[14,22],"tags":[],"class_list":["post-181","post","type-post","status-publish","format-standard","has-post-thumbnail","hentry","category-honda","category-motogp"],"yoast_head":"<!-- This site is optimized with the Yoast SEO plugin v26.0 - https:\/\/yoast.com\/wordpress\/plugins\/seo\/ -->\n<title>Album du vendredi- Randy de Puniet et Francesca Lukasik - leblogmoto.com<\/title>\n<meta name=\"robots\" content=\"index, follow, max-snippet:-1, max-image-preview:large, max-video-preview:-1\" \/>\n<link rel=\"canonical\" href=\"https:\/\/blogs.thesocialmedia.com\/leblogmoto\/2009\/04\/17\/album-du-vendredi-randy-de-puniet-et-francesca-lukasik\/\" \/>\n<meta name=\"twitter:card\" content=\"summary_large_image\" \/>\n<meta name=\"twitter:title\" content=\"Album du vendredi- Randy de Puniet et Francesca Lukasik - leblogmoto.com\" \/>\n<meta name=\"twitter:description\" content=\"Apr\u00e8s une dixi\u00e8me place plus qu\u2019honorable au Qatar sur une machine d\u2019une \u00e9quipe satellite, Randy de Puniet s\u2019en va au Japon o\u00f9 il affichera la livr\u00e9 Playboy en course.Ses fans auront remarqu\u00e9 la sobri\u00e9t\u00e9 de sa Honda le week-end dernier, mais n\u2019ayez crainte, elle s&#039;encanaille sur ces images du Playboy italien, et cette fois-ci, elle [&hellip;]\" \/>\n<meta name=\"twitter:image\" content=\"https:\/\/blogs.thesocialmedia.com\/leblogmoto\/files\/2012\/07\/6a00d83451b18369e201156f2e0a57970c-500wi.jpg\" \/>\n<meta name=\"twitter:label1\" content=\"\u00c9crit par\" \/>\n\t<meta name=\"twitter:data1\" content=\"jacques lesage\" \/>\n\t<meta name=\"twitter:label2\" content=\"Dur\u00e9e de lecture estim\u00e9e\" \/>\n\t<meta name=\"twitter:data2\" content=\"1 minute\" \/>\n<script type=\"application\/ld+json\" class=\"yoast-schema-graph\">{\"@context\":\"https:\/\/schema.org\",\"@graph\":[{\"@type\":\"WebPage\",\"@id\":\"https:\/\/blogs.thesocialmedia.com\/leblogmoto\/2009\/04\/17\/album-du-vendredi-randy-de-puniet-et-francesca-lukasik\/\",\"url\":\"https:\/\/blogs.thesocialmedia.com\/leblogmoto\/2009\/04\/17\/album-du-vendredi-randy-de-puniet-et-francesca-lukasik\/\",\"name\":\"Album du vendredi- Randy de Puniet et Francesca Lukasik - leblogmoto.com\",\"isPartOf\":{\"@id\":\"https:\/\/blogs.thesocialmedia.com\/leblogmoto\/#website\"},\"primaryImageOfPage\":{\"@id\":\"https:\/\/blogs.thesocialmedia.com\/leblogmoto\/2009\/04\/17\/album-du-vendredi-randy-de-puniet-et-francesca-lukasik\/#primaryimage\"},\"image\":{\"@id\":\"https:\/\/blogs.thesocialmedia.com\/leblogmoto\/2009\/04\/17\/album-du-vendredi-randy-de-puniet-et-francesca-lukasik\/#primaryimage\"},\"thumbnailUrl\":\"https:\/\/blogs.thesocialmedia.com\/leblogmoto\/files\/2012\/07\/6a00d83451b18369e201156f2e0a57970c-500wi.jpg\",\"datePublished\":\"2009-04-17T04:16:05+00:00\",\"dateModified\":\"2012-07-11T17:19:05+00:00\",\"author\":{\"@id\":\"https:\/\/blogs.thesocialmedia.com\/leblogmoto\/#\/schema\/person\/e82a0ca8a9a63d031586097a3ed58526\"},\"breadcrumb\":{\"@id\":\"https:\/\/blogs.thesocialmedia.com\/leblogmoto\/2009\/04\/17\/album-du-vendredi-randy-de-puniet-et-francesca-lukasik\/#breadcrumb\"},\"inLanguage\":\"fr-FR\",\"potentialAction\":[{\"@type\":\"ReadAction\",\"target\":[\"https:\/\/blogs.thesocialmedia.com\/leblogmoto\/2009\/04\/17\/album-du-vendredi-randy-de-puniet-et-francesca-lukasik\/\"]}]},{\"@type\":\"ImageObject\",\"inLanguage\":\"fr-FR\",\"@id\":\"https:\/\/blogs.thesocialmedia.com\/leblogmoto\/2009\/04\/17\/album-du-vendredi-randy-de-puniet-et-francesca-lukasik\/#primaryimage\",\"url\":\"https:\/\/blogs.thesocialmedia.com\/leblogmoto\/files\/2012\/07\/6a00d83451b18369e201156f2e0a57970c-500wi.jpg\",\"contentUrl\":\"https:\/\/blogs.thesocialmedia.com\/leblogmoto\/files\/2012\/07\/6a00d83451b18369e201156f2e0a57970c-500wi.jpg\",\"width\":\"500\",\"height\":\"223\"},{\"@type\":\"BreadcrumbList\",\"@id\":\"https:\/\/blogs.thesocialmedia.com\/leblogmoto\/2009\/04\/17\/album-du-vendredi-randy-de-puniet-et-francesca-lukasik\/#breadcrumb\",\"itemListElement\":[{\"@type\":\"ListItem\",\"position\":1,\"name\":\"Accueil\",\"item\":\"https:\/\/blogs.thesocialmedia.com\/leblogmoto\/\"},{\"@type\":\"ListItem\",\"position\":2,\"name\":\"Album du vendredi- Randy de Puniet et Francesca Lukasik\"}]},{\"@type\":\"WebSite\",\"@id\":\"https:\/\/blogs.thesocialmedia.com\/leblogmoto\/#website\",\"url\":\"https:\/\/blogs.thesocialmedia.com\/leblogmoto\/\",\"name\":\"leblogmoto\",\"description\":\"Toute l&#039;actualit\u00e9 des 2 roues\",\"potentialAction\":[{\"@type\":\"SearchAction\",\"target\":{\"@type\":\"EntryPoint\",\"urlTemplate\":\"https:\/\/blogs.thesocialmedia.com\/leblogmoto\/?s={search_term_string}\"},\"query-input\":{\"@type\":\"PropertyValueSpecification\",\"valueRequired\":true,\"valueName\":\"search_term_string\"}}],\"inLanguage\":\"fr-FR\"},{\"@type\":\"Person\",\"@id\":\"https:\/\/blogs.thesocialmedia.com\/leblogmoto\/#\/schema\/person\/e82a0ca8a9a63d031586097a3ed58526\",\"name\":\"jacques lesage\",\"image\":{\"@type\":\"ImageObject\",\"inLanguage\":\"fr-FR\",\"@id\":\"https:\/\/blogs.thesocialmedia.com\/leblogmoto\/#\/schema\/person\/image\/\",\"url\":\"https:\/\/secure.gravatar.com\/avatar\/?s=96&d=mm&r=g\",\"contentUrl\":\"https:\/\/secure.gravatar.com\/avatar\/?s=96&d=mm&r=g\",\"caption\":\"jacques lesage\"},\"url\":\"https:\/\/blogs.thesocialmedia.com\/leblogmoto\/author\/jacques-lesage\/\"}]}<\/script>\n<!-- \/ Yoast SEO plugin. -->","yoast_head_json":{"title":"Album du vendredi- Randy de Puniet et Francesca Lukasik - leblogmoto.com","robots":{"index":"index","follow":"follow","max-snippet":"max-snippet:-1","max-image-preview":"max-image-preview:large","max-video-preview":"max-video-preview:-1"},"canonical":"https:\/\/blogs.thesocialmedia.com\/leblogmoto\/2009\/04\/17\/album-du-vendredi-randy-de-puniet-et-francesca-lukasik\/","twitter_card":"summary_large_image","twitter_title":"Album du vendredi- Randy de Puniet et Francesca Lukasik - leblogmoto.com","twitter_description":"Apr\u00e8s une dixi\u00e8me place plus qu\u2019honorable au Qatar sur une machine d\u2019une \u00e9quipe satellite, Randy de Puniet s\u2019en va au Japon o\u00f9 il affichera la livr\u00e9 Playboy en course.Ses fans auront remarqu\u00e9 la sobri\u00e9t\u00e9 de sa Honda le week-end dernier, mais n\u2019ayez crainte, elle s&#039;encanaille sur ces images du Playboy italien, et cette fois-ci, elle [&hellip;]","twitter_image":"https:\/\/blogs.thesocialmedia.com\/leblogmoto\/files\/2012\/07\/6a00d83451b18369e201156f2e0a57970c-500wi.jpg","twitter_misc":{"\u00c9crit par":"jacques lesage","Dur\u00e9e de lecture estim\u00e9e":"1 minute"},"schema":{"@context":"https:\/\/schema.org","@graph":[{"@type":"WebPage","@id":"https:\/\/blogs.thesocialmedia.com\/leblogmoto\/2009\/04\/17\/album-du-vendredi-randy-de-puniet-et-francesca-lukasik\/","url":"https:\/\/blogs.thesocialmedia.com\/leblogmoto\/2009\/04\/17\/album-du-vendredi-randy-de-puniet-et-francesca-lukasik\/","name":"Album du vendredi- Randy de Puniet et Francesca Lukasik - leblogmoto.com","isPartOf":{"@id":"https:\/\/blogs.thesocialmedia.com\/leblogmoto\/#website"},"primaryImageOfPage":{"@id":"https:\/\/blogs.thesocialmedia.com\/leblogmoto\/2009\/04\/17\/album-du-vendredi-randy-de-puniet-et-francesca-lukasik\/#primaryimage"},"image":{"@id":"https:\/\/blogs.thesocialmedia.com\/leblogmoto\/2009\/04\/17\/album-du-vendredi-randy-de-puniet-et-francesca-lukasik\/#primaryimage"},"thumbnailUrl":"https:\/\/blogs.thesocialmedia.com\/leblogmoto\/files\/2012\/07\/6a00d83451b18369e201156f2e0a57970c-500wi.jpg","datePublished":"2009-04-17T04:16:05+00:00","dateModified":"2012-07-11T17:19:05+00:00","author":{"@id":"https:\/\/blogs.thesocialmedia.com\/leblogmoto\/#\/schema\/person\/e82a0ca8a9a63d031586097a3ed58526"},"breadcrumb":{"@id":"https:\/\/blogs.thesocialmedia.com\/leblogmoto\/2009\/04\/17\/album-du-vendredi-randy-de-puniet-et-francesca-lukasik\/#breadcrumb"},"inLanguage":"fr-FR","potentialAction":[{"@type":"ReadAction","target":["https:\/\/blogs.thesocialmedia.com\/leblogmoto\/2009\/04\/17\/album-du-vendredi-randy-de-puniet-et-francesca-lukasik\/"]}]},{"@type":"ImageObject","inLanguage":"fr-FR","@id":"https:\/\/blogs.thesocialmedia.com\/leblogmoto\/2009\/04\/17\/album-du-vendredi-randy-de-puniet-et-francesca-lukasik\/#primaryimage","url":"https:\/\/blogs.thesocialmedia.com\/leblogmoto\/files\/2012\/07\/6a00d83451b18369e201156f2e0a57970c-500wi.jpg","contentUrl":"https:\/\/blogs.thesocialmedia.com\/leblogmoto\/files\/2012\/07\/6a00d83451b18369e201156f2e0a57970c-500wi.jpg","width":"500","height":"223"},{"@type":"BreadcrumbList","@id":"https:\/\/blogs.thesocialmedia.com\/leblogmoto\/2009\/04\/17\/album-du-vendredi-randy-de-puniet-et-francesca-lukasik\/#breadcrumb","itemListElement":[{"@type":"ListItem","position":1,"name":"Accueil","item":"https:\/\/blogs.thesocialmedia.com\/leblogmoto\/"},{"@type":"ListItem","position":2,"name":"Album du vendredi- Randy de Puniet et Francesca Lukasik"}]},{"@type":"WebSite","@id":"https:\/\/blogs.thesocialmedia.com\/leblogmoto\/#website","url":"https:\/\/blogs.thesocialmedia.com\/leblogmoto\/","name":"leblogmoto","description":"Toute l&#039;actualit\u00e9 des 2 roues","potentialAction":[{"@type":"SearchAction","target":{"@type":"EntryPoint","urlTemplate":"https:\/\/blogs.thesocialmedia.com\/leblogmoto\/?s={search_term_string}"},"query-input":{"@type":"PropertyValueSpecification","valueRequired":true,"valueName":"search_term_string"}}],"inLanguage":"fr-FR"},{"@type":"Person","@id":"https:\/\/blogs.thesocialmedia.com\/leblogmoto\/#\/schema\/person\/e82a0ca8a9a63d031586097a3ed58526","name":"jacques lesage","image":{"@type":"ImageObject","inLanguage":"fr-FR","@id":"https:\/\/blogs.thesocialmedia.com\/leblogmoto\/#\/schema\/person\/image\/","url":"https:\/\/secure.gravatar.com\/avatar\/?s=96&d=mm&r=g","contentUrl":"https:\/\/secure.gravatar.com\/avatar\/?s=96&d=mm&r=g","caption":"jacques lesage"},"url":"https:\/\/blogs.thesocialmedia.com\/leblogmoto\/author\/jacques-lesage\/"}]}},"_links":{"self":[{"href":"https:\/\/blogs.thesocialmedia.com\/leblogmoto\/wp-json\/wp\/v2\/posts\/181","targetHints":{"allow":["GET"]}}],"collection":[{"href":"https:\/\/blogs.thesocialmedia.com\/leblogmoto\/wp-json\/wp\/v2\/posts"}],"about":[{"href":"https:\/\/blogs.thesocialmedia.com\/leblogmoto\/wp-json\/wp\/v2\/types\/post"}],"author":[{"embeddable":true,"href":"https:\/\/blogs.thesocialmedia.com\/leblogmoto\/wp-json\/wp\/v2\/users\/325"}],"replies":[{"embeddable":true,"href":"https:\/\/blogs.thesocialmedia.com\/leblogmoto\/wp-json\/wp\/v2\/comments?post=181"}],"version-history":[{"count":2,"href":"https:\/\/blogs.thesocialmedia.com\/leblogmoto\/wp-json\/wp\/v2\/posts\/181\/revisions"}],"predecessor-version":[{"id":13273,"href":"https:\/\/blogs.thesocialmedia.com\/leblogmoto\/wp-json\/wp\/v2\/posts\/181\/revisions\/13273"}],"wp:featuredmedia":[{"embeddable":true,"href":"https:\/\/blogs.thesocialmedia.com\/leblogmoto\/wp-json\/wp\/v2\/media\/13254"}],"wp:attachment":[{"href":"https:\/\/blogs.thesocialmedia.com\/leblogmoto\/wp-json\/wp\/v2\/media?parent=181"}],"wp:term":[{"taxonomy":"category","embeddable":true,"href":"https:\/\/blogs.thesocialmedia.com\/leblogmoto\/wp-json\/wp\/v2\/categories?post=181"},{"taxonomy":"post_tag","embeddable":true,"href":"https:\/\/blogs.thesocialmedia.com\/leblogmoto\/wp-json\/wp\/v2\/tags?post=181"}],"curies":[{"name":"wp","href":"https:\/\/api.w.org\/{rel}","templated":true}]}}