{"id":1810,"date":"2006-05-27T22:20:57","date_gmt":"2006-05-27T22:20:57","guid":{"rendered":"http:\/\/blogs.thesocialmedia.com\/leblogmoto\/2006\/05\/27\/sbk-silverstone\/"},"modified":"2012-07-11T14:23:15","modified_gmt":"2012-07-11T14:23:15","slug":"sbk-silverstone","status":"publish","type":"post","link":"https:\/\/blogs.thesocialmedia.com\/leblogmoto\/2006\/05\/27\/sbk-silverstone\/","title":{"rendered":"SBK SILVERSTONE: Le ciel b\u00e9nit HILL"},"content":{"rendered":"<p><a href=\"http:\/\/blogs.thesocialmedia.com\/leblogmoto\/files\/2012\/07\/suppolsupstrillhilleuropa.jpg\"><strong><img loading=\"lazy\" decoding=\"async\" height=\"165\" alt=\"Suppolsupstrillhilleuropa\" src=\"http:\/\/www.leblogmoto.com\/images\/suppolsupstrillhilleuropa.jpg\" width=\"250\"  \/><\/strong><\/a><strong>La pluie<\/strong> a fait sa loi sur le circuit de <strong>SILVERSTONE<\/strong>, finalement <a href=\"http:\/\/www.leblogmoto.com\/2006\/05\/sbk_muggeridge_.html\">orphelin de CHILI<\/a>, toujours en convalescence. Et elle a fait la joie des locaux, dont <strong>Tommy HILL<\/strong>, habitu\u00e9 de son championnat national et qui s&rsquo;est d\u00e9lect\u00e9 de ces conditions \u00e0 11\u00b0 la piste.<\/p>\n<p>Avec sa <strong>YAMAHA R1<\/strong>, il a sign\u00e9 sa premi\u00e8re superpole. Mais tout le plateau n&rsquo;a pas pris l&rsquo;eau. <a href=\"http:\/\/www.leblogmoto.com\/2006\/05\/sbk_monza_bayli.html\">BAYLISS<\/a> suit, devant <strong>WALKER<\/strong> et <strong>HAGA<\/strong>.<\/p>\n<p>C\u00f4t\u00e9 <strong>Supersport<\/strong>, la pole avait d\u00e9j\u00e0 \u00e9t\u00e9 sign\u00e9e hier sur le sec par l&rsquo;incontournable <a href=\"http:\/\/www.leblogmoto.com\/2006\/05\/monza_superspor.html\">CHARPENTIER<\/a>&#8230;<\/p>\n<p><a href=\"http:\/\/clabedan.typepad.com\/.shared\/image.html?\/photos\/uncategorized\/2006527195853hill200.jpg\"><img loading=\"lazy\" decoding=\"async\" height=\"166\" alt=\"2006527195853hill200\" src=\"http:\/\/www.leblogmoto.com\/images\/2006527195853hill200.jpg\" width=\"250\"  \/><\/a>L&rsquo;heure de gloire donc pour ce sujet de sa gr\u00e2cieuse majest\u00e9. Une premi\u00e8re ligne KAWA avec <strong>WALKER<\/strong> compl\u00e8te la joie anglaise. <strong>CORSER<\/strong> boit la tasse en dixi\u00e8me position derri\u00e8re <strong>LACONI<\/strong>. <strong>GIMBERT<\/strong> est douzi\u00e8me et <strong>FORET <\/strong>seulement vingt cinqui\u00e8me.<\/p>\n<p><a href=\"http:\/\/www.leblogmoto.com\/2006\/05\/sbk_les_teams_h.html\">Les HONDA<\/a> sont sixi\u00e8me, avec <strong>BARROS,<\/strong> et quatorzi\u00e8me, avec <strong>TOSELAND<\/strong>.<\/p>\n<p>En Supersport, <strong>CURTAINS<\/strong> partira derri\u00e8re CHARPENTIER qui n&rsquo;a pas tourn\u00e9 sous la pluie. L&rsquo;autre meilleur Fran\u00e7ais n&rsquo;est pas <a href=\"http:\/\/www.leblogmoto.com\/2006\/05\/monza_superspor_1.html\">TIBERIO<\/a>, dixi\u00e8me, mais le fra\u00eechement d\u00e9barqu\u00e9 <a href=\"http:\/\/www.leblogmoto.com\/2006\/05\/sbk_lagrive_se_.html\">LAGRIVE<\/a>, excellent sixi\u00e8me pour un d\u00e9but sur sa HONDA.<\/p>\n<p>Maxime <strong>BERGER<\/strong> est seizi\u00e8me, devant <strong>ENJOLRAS<\/strong>, <strong>LEBLANC<\/strong> est dix neuvi\u00e8me alors que c&rsquo;est <strong>CHAMBON<\/strong>, vingt sixi\u00e8me, qui ferme la marche des tricolores. <\/p>\n","protected":false},"excerpt":{"rendered":"<p>La pluie a fait sa loi sur le circuit de SILVERSTONE, finalement orphelin de CHILI, toujours en convalescence. Et elle a fait la joie des locaux, dont Tommy HILL, habitu\u00e9 de son championnat national et qui s&rsquo;est d\u00e9lect\u00e9 de ces conditions \u00e0 11\u00b0 la piste. Avec sa YAMAHA R1, il a sign\u00e9 sa premi\u00e8re superpole. [&hellip;]<\/p>\n","protected":false},"author":336,"featured_media":0,"comment_status":"open","ping_status":"open","sticky":false,"template":"","format":"standard","meta":{"footnotes":""},"categories":[32,46],"tags":[],"class_list":["post-1810","post","type-post","status-publish","format-standard","hentry","category-sport-moto","category-superbike"],"yoast_head":"<!-- This site is optimized with the Yoast SEO plugin v26.0 - https:\/\/yoast.com\/wordpress\/plugins\/seo\/ -->\n<title>SBK SILVERSTONE: Le ciel b\u00e9nit HILL - leblogmoto.com<\/title>\n<meta name=\"robots\" content=\"index, follow, max-snippet:-1, max-image-preview:large, max-video-preview:-1\" \/>\n<link rel=\"canonical\" href=\"https:\/\/blogs.thesocialmedia.com\/leblogmoto\/2006\/05\/27\/sbk-silverstone\/\" \/>\n<meta name=\"twitter:card\" content=\"summary_large_image\" \/>\n<meta name=\"twitter:title\" content=\"SBK SILVERSTONE: Le ciel b\u00e9nit HILL - leblogmoto.com\" \/>\n<meta name=\"twitter:description\" content=\"La pluie a fait sa loi sur le circuit de SILVERSTONE, finalement orphelin de CHILI, toujours en convalescence. Et elle a fait la joie des locaux, dont Tommy HILL, habitu\u00e9 de son championnat national et qui s&rsquo;est d\u00e9lect\u00e9 de ces conditions \u00e0 11\u00b0 la piste. Avec sa YAMAHA R1, il a sign\u00e9 sa premi\u00e8re superpole. [&hellip;]\" \/>\n<meta name=\"twitter:image\" content=\"http:\/\/www.leblogmoto.com\/images\/suppolsupstrillhilleuropa.jpg\" \/>\n<meta name=\"twitter:label1\" content=\"\u00c9crit par\" \/>\n\t<meta name=\"twitter:data1\" content=\"andre leconde\" \/>\n\t<meta name=\"twitter:label2\" content=\"Dur\u00e9e de lecture estim\u00e9e\" \/>\n\t<meta name=\"twitter:data2\" content=\"1 minute\" \/>\n<script type=\"application\/ld+json\" class=\"yoast-schema-graph\">{\"@context\":\"https:\/\/schema.org\",\"@graph\":[{\"@type\":\"WebPage\",\"@id\":\"https:\/\/blogs.thesocialmedia.com\/leblogmoto\/2006\/05\/27\/sbk-silverstone\/\",\"url\":\"https:\/\/blogs.thesocialmedia.com\/leblogmoto\/2006\/05\/27\/sbk-silverstone\/\",\"name\":\"SBK SILVERSTONE: Le ciel b\u00e9nit HILL - leblogmoto.com\",\"isPartOf\":{\"@id\":\"https:\/\/blogs.thesocialmedia.com\/leblogmoto\/#website\"},\"primaryImageOfPage\":{\"@id\":\"https:\/\/blogs.thesocialmedia.com\/leblogmoto\/2006\/05\/27\/sbk-silverstone\/#primaryimage\"},\"image\":{\"@id\":\"https:\/\/blogs.thesocialmedia.com\/leblogmoto\/2006\/05\/27\/sbk-silverstone\/#primaryimage\"},\"thumbnailUrl\":\"http:\/\/www.leblogmoto.com\/images\/suppolsupstrillhilleuropa.jpg\",\"datePublished\":\"2006-05-27T22:20:57+00:00\",\"dateModified\":\"2012-07-11T14:23:15+00:00\",\"author\":{\"@id\":\"https:\/\/blogs.thesocialmedia.com\/leblogmoto\/#\/schema\/person\/1a1dcfc7cec206573105eb4af91155c2\"},\"breadcrumb\":{\"@id\":\"https:\/\/blogs.thesocialmedia.com\/leblogmoto\/2006\/05\/27\/sbk-silverstone\/#breadcrumb\"},\"inLanguage\":\"fr-FR\",\"potentialAction\":[{\"@type\":\"ReadAction\",\"target\":[\"https:\/\/blogs.thesocialmedia.com\/leblogmoto\/2006\/05\/27\/sbk-silverstone\/\"]}]},{\"@type\":\"ImageObject\",\"inLanguage\":\"fr-FR\",\"@id\":\"https:\/\/blogs.thesocialmedia.com\/leblogmoto\/2006\/05\/27\/sbk-silverstone\/#primaryimage\",\"url\":\"http:\/\/www.leblogmoto.com\/images\/suppolsupstrillhilleuropa.jpg\",\"contentUrl\":\"http:\/\/www.leblogmoto.com\/images\/suppolsupstrillhilleuropa.jpg\"},{\"@type\":\"BreadcrumbList\",\"@id\":\"https:\/\/blogs.thesocialmedia.com\/leblogmoto\/2006\/05\/27\/sbk-silverstone\/#breadcrumb\",\"itemListElement\":[{\"@type\":\"ListItem\",\"position\":1,\"name\":\"Accueil\",\"item\":\"https:\/\/blogs.thesocialmedia.com\/leblogmoto\/\"},{\"@type\":\"ListItem\",\"position\":2,\"name\":\"SBK SILVERSTONE: Le ciel b\u00e9nit HILL\"}]},{\"@type\":\"WebSite\",\"@id\":\"https:\/\/blogs.thesocialmedia.com\/leblogmoto\/#website\",\"url\":\"https:\/\/blogs.thesocialmedia.com\/leblogmoto\/\",\"name\":\"leblogmoto\",\"description\":\"Toute l&#039;actualit\u00e9 des 2 roues\",\"potentialAction\":[{\"@type\":\"SearchAction\",\"target\":{\"@type\":\"EntryPoint\",\"urlTemplate\":\"https:\/\/blogs.thesocialmedia.com\/leblogmoto\/?s={search_term_string}\"},\"query-input\":{\"@type\":\"PropertyValueSpecification\",\"valueRequired\":true,\"valueName\":\"search_term_string\"}}],\"inLanguage\":\"fr-FR\"},{\"@type\":\"Person\",\"@id\":\"https:\/\/blogs.thesocialmedia.com\/leblogmoto\/#\/schema\/person\/1a1dcfc7cec206573105eb4af91155c2\",\"name\":\"andre leconde\",\"image\":{\"@type\":\"ImageObject\",\"inLanguage\":\"fr-FR\",\"@id\":\"https:\/\/blogs.thesocialmedia.com\/leblogmoto\/#\/schema\/person\/image\/\",\"url\":\"https:\/\/secure.gravatar.com\/avatar\/?s=96&d=mm&r=g\",\"contentUrl\":\"https:\/\/secure.gravatar.com\/avatar\/?s=96&d=mm&r=g\",\"caption\":\"andre leconde\"},\"url\":\"https:\/\/blogs.thesocialmedia.com\/leblogmoto\/author\/andre-leconde\/\"}]}<\/script>\n<!-- \/ Yoast SEO plugin. -->","yoast_head_json":{"title":"SBK SILVERSTONE: Le ciel b\u00e9nit HILL - leblogmoto.com","robots":{"index":"index","follow":"follow","max-snippet":"max-snippet:-1","max-image-preview":"max-image-preview:large","max-video-preview":"max-video-preview:-1"},"canonical":"https:\/\/blogs.thesocialmedia.com\/leblogmoto\/2006\/05\/27\/sbk-silverstone\/","twitter_card":"summary_large_image","twitter_title":"SBK SILVERSTONE: Le ciel b\u00e9nit HILL - leblogmoto.com","twitter_description":"La pluie a fait sa loi sur le circuit de SILVERSTONE, finalement orphelin de CHILI, toujours en convalescence. Et elle a fait la joie des locaux, dont Tommy HILL, habitu\u00e9 de son championnat national et qui s&rsquo;est d\u00e9lect\u00e9 de ces conditions \u00e0 11\u00b0 la piste. Avec sa YAMAHA R1, il a sign\u00e9 sa premi\u00e8re superpole. [&hellip;]","twitter_image":"http:\/\/www.leblogmoto.com\/images\/suppolsupstrillhilleuropa.jpg","twitter_misc":{"\u00c9crit par":"andre leconde","Dur\u00e9e de lecture estim\u00e9e":"1 minute"},"schema":{"@context":"https:\/\/schema.org","@graph":[{"@type":"WebPage","@id":"https:\/\/blogs.thesocialmedia.com\/leblogmoto\/2006\/05\/27\/sbk-silverstone\/","url":"https:\/\/blogs.thesocialmedia.com\/leblogmoto\/2006\/05\/27\/sbk-silverstone\/","name":"SBK SILVERSTONE: Le ciel b\u00e9nit HILL - leblogmoto.com","isPartOf":{"@id":"https:\/\/blogs.thesocialmedia.com\/leblogmoto\/#website"},"primaryImageOfPage":{"@id":"https:\/\/blogs.thesocialmedia.com\/leblogmoto\/2006\/05\/27\/sbk-silverstone\/#primaryimage"},"image":{"@id":"https:\/\/blogs.thesocialmedia.com\/leblogmoto\/2006\/05\/27\/sbk-silverstone\/#primaryimage"},"thumbnailUrl":"http:\/\/www.leblogmoto.com\/images\/suppolsupstrillhilleuropa.jpg","datePublished":"2006-05-27T22:20:57+00:00","dateModified":"2012-07-11T14:23:15+00:00","author":{"@id":"https:\/\/blogs.thesocialmedia.com\/leblogmoto\/#\/schema\/person\/1a1dcfc7cec206573105eb4af91155c2"},"breadcrumb":{"@id":"https:\/\/blogs.thesocialmedia.com\/leblogmoto\/2006\/05\/27\/sbk-silverstone\/#breadcrumb"},"inLanguage":"fr-FR","potentialAction":[{"@type":"ReadAction","target":["https:\/\/blogs.thesocialmedia.com\/leblogmoto\/2006\/05\/27\/sbk-silverstone\/"]}]},{"@type":"ImageObject","inLanguage":"fr-FR","@id":"https:\/\/blogs.thesocialmedia.com\/leblogmoto\/2006\/05\/27\/sbk-silverstone\/#primaryimage","url":"http:\/\/www.leblogmoto.com\/images\/suppolsupstrillhilleuropa.jpg","contentUrl":"http:\/\/www.leblogmoto.com\/images\/suppolsupstrillhilleuropa.jpg"},{"@type":"BreadcrumbList","@id":"https:\/\/blogs.thesocialmedia.com\/leblogmoto\/2006\/05\/27\/sbk-silverstone\/#breadcrumb","itemListElement":[{"@type":"ListItem","position":1,"name":"Accueil","item":"https:\/\/blogs.thesocialmedia.com\/leblogmoto\/"},{"@type":"ListItem","position":2,"name":"SBK SILVERSTONE: Le ciel b\u00e9nit HILL"}]},{"@type":"WebSite","@id":"https:\/\/blogs.thesocialmedia.com\/leblogmoto\/#website","url":"https:\/\/blogs.thesocialmedia.com\/leblogmoto\/","name":"leblogmoto","description":"Toute l&#039;actualit\u00e9 des 2 roues","potentialAction":[{"@type":"SearchAction","target":{"@type":"EntryPoint","urlTemplate":"https:\/\/blogs.thesocialmedia.com\/leblogmoto\/?s={search_term_string}"},"query-input":{"@type":"PropertyValueSpecification","valueRequired":true,"valueName":"search_term_string"}}],"inLanguage":"fr-FR"},{"@type":"Person","@id":"https:\/\/blogs.thesocialmedia.com\/leblogmoto\/#\/schema\/person\/1a1dcfc7cec206573105eb4af91155c2","name":"andre leconde","image":{"@type":"ImageObject","inLanguage":"fr-FR","@id":"https:\/\/blogs.thesocialmedia.com\/leblogmoto\/#\/schema\/person\/image\/","url":"https:\/\/secure.gravatar.com\/avatar\/?s=96&d=mm&r=g","contentUrl":"https:\/\/secure.gravatar.com\/avatar\/?s=96&d=mm&r=g","caption":"andre leconde"},"url":"https:\/\/blogs.thesocialmedia.com\/leblogmoto\/author\/andre-leconde\/"}]}},"_links":{"self":[{"href":"https:\/\/blogs.thesocialmedia.com\/leblogmoto\/wp-json\/wp\/v2\/posts\/1810","targetHints":{"allow":["GET"]}}],"collection":[{"href":"https:\/\/blogs.thesocialmedia.com\/leblogmoto\/wp-json\/wp\/v2\/posts"}],"about":[{"href":"https:\/\/blogs.thesocialmedia.com\/leblogmoto\/wp-json\/wp\/v2\/types\/post"}],"author":[{"embeddable":true,"href":"https:\/\/blogs.thesocialmedia.com\/leblogmoto\/wp-json\/wp\/v2\/users\/336"}],"replies":[{"embeddable":true,"href":"https:\/\/blogs.thesocialmedia.com\/leblogmoto\/wp-json\/wp\/v2\/comments?post=1810"}],"version-history":[{"count":2,"href":"https:\/\/blogs.thesocialmedia.com\/leblogmoto\/wp-json\/wp\/v2\/posts\/1810\/revisions"}],"predecessor-version":[{"id":7519,"href":"https:\/\/blogs.thesocialmedia.com\/leblogmoto\/wp-json\/wp\/v2\/posts\/1810\/revisions\/7519"}],"wp:attachment":[{"href":"https:\/\/blogs.thesocialmedia.com\/leblogmoto\/wp-json\/wp\/v2\/media?parent=1810"}],"wp:term":[{"taxonomy":"category","embeddable":true,"href":"https:\/\/blogs.thesocialmedia.com\/leblogmoto\/wp-json\/wp\/v2\/categories?post=1810"},{"taxonomy":"post_tag","embeddable":true,"href":"https:\/\/blogs.thesocialmedia.com\/leblogmoto\/wp-json\/wp\/v2\/tags?post=1810"}],"curies":[{"name":"wp","href":"https:\/\/api.w.org\/{rel}","templated":true}]}}