{"id":1812,"date":"2006-05-26T16:25:53","date_gmt":"2006-05-26T16:25:53","guid":{"rendered":"http:\/\/blogs.thesocialmedia.com\/leblogmoto\/2006\/05\/26\/bmw-et-la-motog\/"},"modified":"2012-07-11T14:23:08","modified_gmt":"2012-07-11T14:23:08","slug":"bmw-et-la-motog","status":"publish","type":"post","link":"https:\/\/blogs.thesocialmedia.com\/leblogmoto\/2006\/05\/26\/bmw-et-la-motog\/","title":{"rendered":"BMW et la MotoGP: La rumeur enfle pour d\u00e8s 2007 !"},"content":{"rendered":"<p><a href=\"http:\/\/blogs.thesocialmedia.com\/leblogmoto\/files\/2012\/07\/12360115.jpg\"><img loading=\"lazy\" decoding=\"async\" height=\"187\" alt=\"12360115\" src=\"http:\/\/www.leblogmoto.com\/images\/12360115.jpg\" width=\"250\"  \/><\/a> Le Dr <strong>Herbert DIESS<\/strong> a beau s&rsquo;\u00e9chiner \u00e0 clamer \u00e0 qui veut l&rsquo;entendre qu&rsquo;il n&rsquo;y <a href=\"http:\/\/www.leblogmoto.com\/2006\/05\/bmw_motogp_elle.html\">aucune MotoGP en test<\/a> chez <strong><a href=\"http:\/\/www.leblogmoto.com\/2006\/02\/post_1.html\">BMW<\/a><\/strong>, que la marque n&rsquo;a aucune intention de s&rsquo;y engager, la rumeur est tenace. Et comme un pied de nez \u00e0 la version officielle, elle distille m\u00eame que le d\u00e9barquement munichois ne se fera plus en <strong>2008<\/strong>, mais carr\u00e9ment d\u00e8s <strong>2007<\/strong>.<\/p>\n<p>Il faut dire que <strong>l&rsquo;\u00e9missaire <\/strong>du blason \u00e0 h\u00e9lice, qui s&rsquo;en est all\u00e9 butiner chez tous les constructeurs dans le paddock manceau de la discipline reine de la vitesse, a \u00e9t\u00e9 d\u00e9busqu\u00e9 et la raison de sa pr\u00e9sence interpr\u00e9t\u00e9e: <strong>informer et pr\u00e9senter aux marques d\u00e9j\u00e0 engag\u00e9es, l&rsquo;arriv\u00e9e de BMW<\/strong>&#8230;<\/p>\n<p><a href=\"http:\/\/clabedan.typepad.com\/.shared\/image.html?\/photos\/uncategorized\/bmw_7.jpg\"><img loading=\"lazy\" decoding=\"async\" height=\"187\" alt=\"Bmw_7\" src=\"http:\/\/www.leblogmoto.com\/images\/bmw_7.jpg\" width=\"250\"  \/><\/a>On sp\u00e9cule m\u00eame sur les partenaires techniques: OHLINS, BREMBO, MICHELIN, MAGNETTI MARELLI. Pour ces derniers, ils d\u00e9clineraient leur exp\u00e9rience d\u00e9velopp\u00e9e actuellement chez <strong>SAUBER<\/strong>, l&rsquo;\u00e9curie F1 de BMW.<\/p>\n<p>Le moteur est toujours annonc\u00e9 comme un <strong>V3 800<\/strong> cm3. Et en fait d&rsquo;annonce, on attend quelque chose \u00e0 <strong>l&rsquo;Intermot de COLOGNE<\/strong> qui se d\u00e9roulera du <strong>11 au 15 octobre prochain<\/strong>&#8230;&nbsp; <\/p>\n<p>SOURCE: <a href=\"http:\/\/www.motograndprix.it\">www.motograndprix.it<\/a> <\/p>\n","protected":false},"excerpt":{"rendered":"<p>Le Dr Herbert DIESS a beau s&rsquo;\u00e9chiner \u00e0 clamer \u00e0 qui veut l&rsquo;entendre qu&rsquo;il n&rsquo;y aucune MotoGP en test chez BMW, que la marque n&rsquo;a aucune intention de s&rsquo;y engager, la rumeur est tenace. Et comme un pied de nez \u00e0 la version officielle, elle distille m\u00eame que le d\u00e9barquement munichois ne se fera plus [&hellip;]<\/p>\n","protected":false},"author":336,"featured_media":0,"comment_status":"open","ping_status":"open","sticky":false,"template":"","format":"standard","meta":{"footnotes":""},"categories":[49,7,22,32],"tags":[],"class_list":["post-1812","post","type-post","status-publish","format-standard","hentry","category-actualites-entreprise","category-bmw","category-motogp","category-sport-moto"],"yoast_head":"<!-- This site is optimized with the Yoast SEO plugin v26.0 - https:\/\/yoast.com\/wordpress\/plugins\/seo\/ -->\n<title>BMW et la MotoGP: La rumeur enfle pour d\u00e8s 2007 ! - leblogmoto.com<\/title>\n<meta name=\"robots\" content=\"index, follow, max-snippet:-1, max-image-preview:large, max-video-preview:-1\" \/>\n<link rel=\"canonical\" href=\"https:\/\/blogs.thesocialmedia.com\/leblogmoto\/2006\/05\/26\/bmw-et-la-motog\/\" \/>\n<meta name=\"twitter:card\" content=\"summary_large_image\" \/>\n<meta name=\"twitter:title\" content=\"BMW et la MotoGP: La rumeur enfle pour d\u00e8s 2007 ! - leblogmoto.com\" \/>\n<meta name=\"twitter:description\" content=\"Le Dr Herbert DIESS a beau s&rsquo;\u00e9chiner \u00e0 clamer \u00e0 qui veut l&rsquo;entendre qu&rsquo;il n&rsquo;y aucune MotoGP en test chez BMW, que la marque n&rsquo;a aucune intention de s&rsquo;y engager, la rumeur est tenace. Et comme un pied de nez \u00e0 la version officielle, elle distille m\u00eame que le d\u00e9barquement munichois ne se fera plus [&hellip;]\" \/>\n<meta name=\"twitter:image\" content=\"http:\/\/www.leblogmoto.com\/images\/12360115.jpg\" \/>\n<meta name=\"twitter:label1\" content=\"\u00c9crit par\" \/>\n\t<meta name=\"twitter:data1\" content=\"andre leconde\" \/>\n\t<meta name=\"twitter:label2\" content=\"Dur\u00e9e de lecture estim\u00e9e\" \/>\n\t<meta name=\"twitter:data2\" content=\"1 minute\" \/>\n<script type=\"application\/ld+json\" class=\"yoast-schema-graph\">{\"@context\":\"https:\/\/schema.org\",\"@graph\":[{\"@type\":\"WebPage\",\"@id\":\"https:\/\/blogs.thesocialmedia.com\/leblogmoto\/2006\/05\/26\/bmw-et-la-motog\/\",\"url\":\"https:\/\/blogs.thesocialmedia.com\/leblogmoto\/2006\/05\/26\/bmw-et-la-motog\/\",\"name\":\"BMW et la MotoGP: La rumeur enfle pour d\u00e8s 2007 ! - leblogmoto.com\",\"isPartOf\":{\"@id\":\"https:\/\/blogs.thesocialmedia.com\/leblogmoto\/#website\"},\"primaryImageOfPage\":{\"@id\":\"https:\/\/blogs.thesocialmedia.com\/leblogmoto\/2006\/05\/26\/bmw-et-la-motog\/#primaryimage\"},\"image\":{\"@id\":\"https:\/\/blogs.thesocialmedia.com\/leblogmoto\/2006\/05\/26\/bmw-et-la-motog\/#primaryimage\"},\"thumbnailUrl\":\"http:\/\/www.leblogmoto.com\/images\/12360115.jpg\",\"datePublished\":\"2006-05-26T16:25:53+00:00\",\"dateModified\":\"2012-07-11T14:23:08+00:00\",\"author\":{\"@id\":\"https:\/\/blogs.thesocialmedia.com\/leblogmoto\/#\/schema\/person\/1a1dcfc7cec206573105eb4af91155c2\"},\"breadcrumb\":{\"@id\":\"https:\/\/blogs.thesocialmedia.com\/leblogmoto\/2006\/05\/26\/bmw-et-la-motog\/#breadcrumb\"},\"inLanguage\":\"fr-FR\",\"potentialAction\":[{\"@type\":\"ReadAction\",\"target\":[\"https:\/\/blogs.thesocialmedia.com\/leblogmoto\/2006\/05\/26\/bmw-et-la-motog\/\"]}]},{\"@type\":\"ImageObject\",\"inLanguage\":\"fr-FR\",\"@id\":\"https:\/\/blogs.thesocialmedia.com\/leblogmoto\/2006\/05\/26\/bmw-et-la-motog\/#primaryimage\",\"url\":\"http:\/\/www.leblogmoto.com\/images\/12360115.jpg\",\"contentUrl\":\"http:\/\/www.leblogmoto.com\/images\/12360115.jpg\"},{\"@type\":\"BreadcrumbList\",\"@id\":\"https:\/\/blogs.thesocialmedia.com\/leblogmoto\/2006\/05\/26\/bmw-et-la-motog\/#breadcrumb\",\"itemListElement\":[{\"@type\":\"ListItem\",\"position\":1,\"name\":\"Accueil\",\"item\":\"https:\/\/blogs.thesocialmedia.com\/leblogmoto\/\"},{\"@type\":\"ListItem\",\"position\":2,\"name\":\"BMW et la MotoGP: La rumeur enfle pour d\u00e8s 2007 !\"}]},{\"@type\":\"WebSite\",\"@id\":\"https:\/\/blogs.thesocialmedia.com\/leblogmoto\/#website\",\"url\":\"https:\/\/blogs.thesocialmedia.com\/leblogmoto\/\",\"name\":\"leblogmoto\",\"description\":\"Toute l&#039;actualit\u00e9 des 2 roues\",\"potentialAction\":[{\"@type\":\"SearchAction\",\"target\":{\"@type\":\"EntryPoint\",\"urlTemplate\":\"https:\/\/blogs.thesocialmedia.com\/leblogmoto\/?s={search_term_string}\"},\"query-input\":{\"@type\":\"PropertyValueSpecification\",\"valueRequired\":true,\"valueName\":\"search_term_string\"}}],\"inLanguage\":\"fr-FR\"},{\"@type\":\"Person\",\"@id\":\"https:\/\/blogs.thesocialmedia.com\/leblogmoto\/#\/schema\/person\/1a1dcfc7cec206573105eb4af91155c2\",\"name\":\"andre leconde\",\"image\":{\"@type\":\"ImageObject\",\"inLanguage\":\"fr-FR\",\"@id\":\"https:\/\/blogs.thesocialmedia.com\/leblogmoto\/#\/schema\/person\/image\/\",\"url\":\"https:\/\/secure.gravatar.com\/avatar\/?s=96&d=mm&r=g\",\"contentUrl\":\"https:\/\/secure.gravatar.com\/avatar\/?s=96&d=mm&r=g\",\"caption\":\"andre leconde\"},\"url\":\"https:\/\/blogs.thesocialmedia.com\/leblogmoto\/author\/andre-leconde\/\"}]}<\/script>\n<!-- \/ Yoast SEO plugin. -->","yoast_head_json":{"title":"BMW et la MotoGP: La rumeur enfle pour d\u00e8s 2007 ! - leblogmoto.com","robots":{"index":"index","follow":"follow","max-snippet":"max-snippet:-1","max-image-preview":"max-image-preview:large","max-video-preview":"max-video-preview:-1"},"canonical":"https:\/\/blogs.thesocialmedia.com\/leblogmoto\/2006\/05\/26\/bmw-et-la-motog\/","twitter_card":"summary_large_image","twitter_title":"BMW et la MotoGP: La rumeur enfle pour d\u00e8s 2007 ! - leblogmoto.com","twitter_description":"Le Dr Herbert DIESS a beau s&rsquo;\u00e9chiner \u00e0 clamer \u00e0 qui veut l&rsquo;entendre qu&rsquo;il n&rsquo;y aucune MotoGP en test chez BMW, que la marque n&rsquo;a aucune intention de s&rsquo;y engager, la rumeur est tenace. Et comme un pied de nez \u00e0 la version officielle, elle distille m\u00eame que le d\u00e9barquement munichois ne se fera plus [&hellip;]","twitter_image":"http:\/\/www.leblogmoto.com\/images\/12360115.jpg","twitter_misc":{"\u00c9crit par":"andre leconde","Dur\u00e9e de lecture estim\u00e9e":"1 minute"},"schema":{"@context":"https:\/\/schema.org","@graph":[{"@type":"WebPage","@id":"https:\/\/blogs.thesocialmedia.com\/leblogmoto\/2006\/05\/26\/bmw-et-la-motog\/","url":"https:\/\/blogs.thesocialmedia.com\/leblogmoto\/2006\/05\/26\/bmw-et-la-motog\/","name":"BMW et la MotoGP: La rumeur enfle pour d\u00e8s 2007 ! - leblogmoto.com","isPartOf":{"@id":"https:\/\/blogs.thesocialmedia.com\/leblogmoto\/#website"},"primaryImageOfPage":{"@id":"https:\/\/blogs.thesocialmedia.com\/leblogmoto\/2006\/05\/26\/bmw-et-la-motog\/#primaryimage"},"image":{"@id":"https:\/\/blogs.thesocialmedia.com\/leblogmoto\/2006\/05\/26\/bmw-et-la-motog\/#primaryimage"},"thumbnailUrl":"http:\/\/www.leblogmoto.com\/images\/12360115.jpg","datePublished":"2006-05-26T16:25:53+00:00","dateModified":"2012-07-11T14:23:08+00:00","author":{"@id":"https:\/\/blogs.thesocialmedia.com\/leblogmoto\/#\/schema\/person\/1a1dcfc7cec206573105eb4af91155c2"},"breadcrumb":{"@id":"https:\/\/blogs.thesocialmedia.com\/leblogmoto\/2006\/05\/26\/bmw-et-la-motog\/#breadcrumb"},"inLanguage":"fr-FR","potentialAction":[{"@type":"ReadAction","target":["https:\/\/blogs.thesocialmedia.com\/leblogmoto\/2006\/05\/26\/bmw-et-la-motog\/"]}]},{"@type":"ImageObject","inLanguage":"fr-FR","@id":"https:\/\/blogs.thesocialmedia.com\/leblogmoto\/2006\/05\/26\/bmw-et-la-motog\/#primaryimage","url":"http:\/\/www.leblogmoto.com\/images\/12360115.jpg","contentUrl":"http:\/\/www.leblogmoto.com\/images\/12360115.jpg"},{"@type":"BreadcrumbList","@id":"https:\/\/blogs.thesocialmedia.com\/leblogmoto\/2006\/05\/26\/bmw-et-la-motog\/#breadcrumb","itemListElement":[{"@type":"ListItem","position":1,"name":"Accueil","item":"https:\/\/blogs.thesocialmedia.com\/leblogmoto\/"},{"@type":"ListItem","position":2,"name":"BMW et la MotoGP: La rumeur enfle pour d\u00e8s 2007 !"}]},{"@type":"WebSite","@id":"https:\/\/blogs.thesocialmedia.com\/leblogmoto\/#website","url":"https:\/\/blogs.thesocialmedia.com\/leblogmoto\/","name":"leblogmoto","description":"Toute l&#039;actualit\u00e9 des 2 roues","potentialAction":[{"@type":"SearchAction","target":{"@type":"EntryPoint","urlTemplate":"https:\/\/blogs.thesocialmedia.com\/leblogmoto\/?s={search_term_string}"},"query-input":{"@type":"PropertyValueSpecification","valueRequired":true,"valueName":"search_term_string"}}],"inLanguage":"fr-FR"},{"@type":"Person","@id":"https:\/\/blogs.thesocialmedia.com\/leblogmoto\/#\/schema\/person\/1a1dcfc7cec206573105eb4af91155c2","name":"andre leconde","image":{"@type":"ImageObject","inLanguage":"fr-FR","@id":"https:\/\/blogs.thesocialmedia.com\/leblogmoto\/#\/schema\/person\/image\/","url":"https:\/\/secure.gravatar.com\/avatar\/?s=96&d=mm&r=g","contentUrl":"https:\/\/secure.gravatar.com\/avatar\/?s=96&d=mm&r=g","caption":"andre leconde"},"url":"https:\/\/blogs.thesocialmedia.com\/leblogmoto\/author\/andre-leconde\/"}]}},"_links":{"self":[{"href":"https:\/\/blogs.thesocialmedia.com\/leblogmoto\/wp-json\/wp\/v2\/posts\/1812","targetHints":{"allow":["GET"]}}],"collection":[{"href":"https:\/\/blogs.thesocialmedia.com\/leblogmoto\/wp-json\/wp\/v2\/posts"}],"about":[{"href":"https:\/\/blogs.thesocialmedia.com\/leblogmoto\/wp-json\/wp\/v2\/types\/post"}],"author":[{"embeddable":true,"href":"https:\/\/blogs.thesocialmedia.com\/leblogmoto\/wp-json\/wp\/v2\/users\/336"}],"replies":[{"embeddable":true,"href":"https:\/\/blogs.thesocialmedia.com\/leblogmoto\/wp-json\/wp\/v2\/comments?post=1812"}],"version-history":[{"count":2,"href":"https:\/\/blogs.thesocialmedia.com\/leblogmoto\/wp-json\/wp\/v2\/posts\/1812\/revisions"}],"predecessor-version":[{"id":7514,"href":"https:\/\/blogs.thesocialmedia.com\/leblogmoto\/wp-json\/wp\/v2\/posts\/1812\/revisions\/7514"}],"wp:attachment":[{"href":"https:\/\/blogs.thesocialmedia.com\/leblogmoto\/wp-json\/wp\/v2\/media?parent=1812"}],"wp:term":[{"taxonomy":"category","embeddable":true,"href":"https:\/\/blogs.thesocialmedia.com\/leblogmoto\/wp-json\/wp\/v2\/categories?post=1812"},{"taxonomy":"post_tag","embeddable":true,"href":"https:\/\/blogs.thesocialmedia.com\/leblogmoto\/wp-json\/wp\/v2\/tags?post=1812"}],"curies":[{"name":"wp","href":"https:\/\/api.w.org\/{rel}","templated":true}]}}