{"id":1816,"date":"2006-05-25T22:06:07","date_gmt":"2006-05-25T22:06:07","guid":{"rendered":"http:\/\/blogs.thesocialmedia.com\/leblogmoto\/2006\/05\/25\/ducati-desmo-rr\/"},"modified":"2012-07-11T14:23:03","modified_gmt":"2012-07-11T14:23:03","slug":"ducati-desmo-rr","status":"publish","type":"post","link":"https:\/\/blogs.thesocialmedia.com\/leblogmoto\/2006\/05\/25\/ducati-desmo-rr\/","title":{"rendered":"DUCATI DESMO RR: Le compte \u00e0 rebours a commenc\u00e9"},"content":{"rendered":"<p><a href=\"http:\/\/blogs.thesocialmedia.com\/leblogmoto\/files\/2012\/07\/desmosedicirr_1.jpg\"><img loading=\"lazy\" decoding=\"async\" height=\"268\" alt=\"Desmosedicirr_1\" src=\"http:\/\/www.leblogmoto.com\/images\/desmosedicirr_1.jpg\" width=\"470\"  \/><\/a> Ce sera <strong>la DUCATI la plus puissante et la plus impressionnante jamais produite<\/strong>. Cette r\u00e9plique de la <a href=\"http:\/\/www.leblogmoto.com\/2006\/05\/ducati_la_gp7_d.html\">MotoGP<\/a>, avec le<strong> 990 V4<\/strong> qui pousse la <a href=\"http:\/\/www.leblogmoto.com\/2006\/05\/la_desmosedici_.html\">Desmo GP<\/a>, va donc \u00eatre propos\u00e9e \u00e0 la vente.<\/p>\n<p>Mais \u00e0 une s\u00e9rie limit\u00e9e. Et d&rsquo;abord \u00e0 ceux qui poss\u00e9dent d\u00e9j\u00e0 des <a href=\"http:\/\/www.leblogmoto.com\/2005\/06\/ducati_999_r.html\">999R<\/a>. Et pour nous mettre l&rsquo;eau \u00e0 la bouche, <strong>DUCATI <\/strong>pr\u00e9voit de la d\u00e9voiler au <strong>GP d&rsquo;Italie au MUGELLO<\/strong>. Un GP, qui, d\u00e9cid\u00e9ment, sentira la poudre !&#8230; <\/p>\n<p><a href=\"http:\/\/clabedan.typepad.com\/.shared\/image.html?\/photos\/uncategorized\/12028902.jpg\"><img loading=\"lazy\" decoding=\"async\" height=\"187\" alt=\"12028902\" src=\"http:\/\/www.leblogmoto.com\/images\/12028902.jpg\" width=\"250\"  \/><\/a> Tous \u00e7a \u00e0 quelques <strong>400<\/strong> exemplaires. <strong>100<\/strong> d&rsquo;entre eux seront de v\u00e9ritables clones de la MotoGP \u00e0 pr\u00e8s de <strong>50 000<\/strong> euros le bout.<\/p>\n<p>Les autres seront des versions plus civilis\u00e9es, au tarif suppos\u00e9 de moiti\u00e9.<\/p>\n<p><strong>200<\/strong> ch sont promis au menu.<\/p>\n<p>Vivement le <strong>premier Juin \u00e0 11H30<\/strong>&#8230;<\/p>\n<p>SOURCE: <a href=\"http:\/\/www.raptorsandrockets.com\/\">www.raptorsandrockets.com<\/a> <\/p>\n","protected":false},"excerpt":{"rendered":"<p>Ce sera la DUCATI la plus puissante et la plus impressionnante jamais produite. Cette r\u00e9plique de la MotoGP, avec le 990 V4 qui pousse la Desmo GP, va donc \u00eatre propos\u00e9e \u00e0 la vente. Mais \u00e0 une s\u00e9rie limit\u00e9e. Et d&rsquo;abord \u00e0 ceux qui poss\u00e9dent d\u00e9j\u00e0 des 999R. Et pour nous mettre l&rsquo;eau \u00e0 la [&hellip;]<\/p>\n","protected":false},"author":336,"featured_media":0,"comment_status":"open","ping_status":"open","sticky":false,"template":"","format":"standard","meta":{"footnotes":""},"categories":[3,41,22,32],"tags":[],"class_list":["post-1816","post","type-post","status-publish","format-standard","hentry","category-actualite","category-ducati","category-motogp","category-sport-moto"],"yoast_head":"<!-- This site is optimized with the Yoast SEO plugin v26.0 - https:\/\/yoast.com\/wordpress\/plugins\/seo\/ -->\n<title>DUCATI DESMO RR: Le compte \u00e0 rebours a commenc\u00e9 - leblogmoto.com<\/title>\n<meta name=\"robots\" content=\"index, follow, max-snippet:-1, max-image-preview:large, max-video-preview:-1\" \/>\n<link rel=\"canonical\" href=\"https:\/\/blogs.thesocialmedia.com\/leblogmoto\/2006\/05\/25\/ducati-desmo-rr\/\" \/>\n<meta name=\"twitter:card\" content=\"summary_large_image\" \/>\n<meta name=\"twitter:title\" content=\"DUCATI DESMO RR: Le compte \u00e0 rebours a commenc\u00e9 - leblogmoto.com\" \/>\n<meta name=\"twitter:description\" content=\"Ce sera la DUCATI la plus puissante et la plus impressionnante jamais produite. Cette r\u00e9plique de la MotoGP, avec le 990 V4 qui pousse la Desmo GP, va donc \u00eatre propos\u00e9e \u00e0 la vente. Mais \u00e0 une s\u00e9rie limit\u00e9e. Et d&rsquo;abord \u00e0 ceux qui poss\u00e9dent d\u00e9j\u00e0 des 999R. Et pour nous mettre l&rsquo;eau \u00e0 la [&hellip;]\" \/>\n<meta name=\"twitter:image\" content=\"http:\/\/www.leblogmoto.com\/images\/desmosedicirr_1.jpg\" \/>\n<meta name=\"twitter:label1\" content=\"\u00c9crit par\" \/>\n\t<meta name=\"twitter:data1\" content=\"andre leconde\" \/>\n\t<meta name=\"twitter:label2\" content=\"Dur\u00e9e de lecture estim\u00e9e\" \/>\n\t<meta name=\"twitter:data2\" content=\"1 minute\" \/>\n<script type=\"application\/ld+json\" class=\"yoast-schema-graph\">{\"@context\":\"https:\/\/schema.org\",\"@graph\":[{\"@type\":\"WebPage\",\"@id\":\"https:\/\/blogs.thesocialmedia.com\/leblogmoto\/2006\/05\/25\/ducati-desmo-rr\/\",\"url\":\"https:\/\/blogs.thesocialmedia.com\/leblogmoto\/2006\/05\/25\/ducati-desmo-rr\/\",\"name\":\"DUCATI DESMO RR: Le compte \u00e0 rebours a commenc\u00e9 - leblogmoto.com\",\"isPartOf\":{\"@id\":\"https:\/\/blogs.thesocialmedia.com\/leblogmoto\/#website\"},\"primaryImageOfPage\":{\"@id\":\"https:\/\/blogs.thesocialmedia.com\/leblogmoto\/2006\/05\/25\/ducati-desmo-rr\/#primaryimage\"},\"image\":{\"@id\":\"https:\/\/blogs.thesocialmedia.com\/leblogmoto\/2006\/05\/25\/ducati-desmo-rr\/#primaryimage\"},\"thumbnailUrl\":\"http:\/\/www.leblogmoto.com\/images\/desmosedicirr_1.jpg\",\"datePublished\":\"2006-05-25T22:06:07+00:00\",\"dateModified\":\"2012-07-11T14:23:03+00:00\",\"author\":{\"@id\":\"https:\/\/blogs.thesocialmedia.com\/leblogmoto\/#\/schema\/person\/1a1dcfc7cec206573105eb4af91155c2\"},\"breadcrumb\":{\"@id\":\"https:\/\/blogs.thesocialmedia.com\/leblogmoto\/2006\/05\/25\/ducati-desmo-rr\/#breadcrumb\"},\"inLanguage\":\"fr-FR\",\"potentialAction\":[{\"@type\":\"ReadAction\",\"target\":[\"https:\/\/blogs.thesocialmedia.com\/leblogmoto\/2006\/05\/25\/ducati-desmo-rr\/\"]}]},{\"@type\":\"ImageObject\",\"inLanguage\":\"fr-FR\",\"@id\":\"https:\/\/blogs.thesocialmedia.com\/leblogmoto\/2006\/05\/25\/ducati-desmo-rr\/#primaryimage\",\"url\":\"http:\/\/www.leblogmoto.com\/images\/desmosedicirr_1.jpg\",\"contentUrl\":\"http:\/\/www.leblogmoto.com\/images\/desmosedicirr_1.jpg\"},{\"@type\":\"BreadcrumbList\",\"@id\":\"https:\/\/blogs.thesocialmedia.com\/leblogmoto\/2006\/05\/25\/ducati-desmo-rr\/#breadcrumb\",\"itemListElement\":[{\"@type\":\"ListItem\",\"position\":1,\"name\":\"Accueil\",\"item\":\"https:\/\/blogs.thesocialmedia.com\/leblogmoto\/\"},{\"@type\":\"ListItem\",\"position\":2,\"name\":\"DUCATI DESMO RR: Le compte \u00e0 rebours a commenc\u00e9\"}]},{\"@type\":\"WebSite\",\"@id\":\"https:\/\/blogs.thesocialmedia.com\/leblogmoto\/#website\",\"url\":\"https:\/\/blogs.thesocialmedia.com\/leblogmoto\/\",\"name\":\"leblogmoto\",\"description\":\"Toute l&#039;actualit\u00e9 des 2 roues\",\"potentialAction\":[{\"@type\":\"SearchAction\",\"target\":{\"@type\":\"EntryPoint\",\"urlTemplate\":\"https:\/\/blogs.thesocialmedia.com\/leblogmoto\/?s={search_term_string}\"},\"query-input\":{\"@type\":\"PropertyValueSpecification\",\"valueRequired\":true,\"valueName\":\"search_term_string\"}}],\"inLanguage\":\"fr-FR\"},{\"@type\":\"Person\",\"@id\":\"https:\/\/blogs.thesocialmedia.com\/leblogmoto\/#\/schema\/person\/1a1dcfc7cec206573105eb4af91155c2\",\"name\":\"andre leconde\",\"image\":{\"@type\":\"ImageObject\",\"inLanguage\":\"fr-FR\",\"@id\":\"https:\/\/blogs.thesocialmedia.com\/leblogmoto\/#\/schema\/person\/image\/\",\"url\":\"https:\/\/secure.gravatar.com\/avatar\/?s=96&d=mm&r=g\",\"contentUrl\":\"https:\/\/secure.gravatar.com\/avatar\/?s=96&d=mm&r=g\",\"caption\":\"andre leconde\"},\"url\":\"https:\/\/blogs.thesocialmedia.com\/leblogmoto\/author\/andre-leconde\/\"}]}<\/script>\n<!-- \/ Yoast SEO plugin. -->","yoast_head_json":{"title":"DUCATI DESMO RR: Le compte \u00e0 rebours a commenc\u00e9 - leblogmoto.com","robots":{"index":"index","follow":"follow","max-snippet":"max-snippet:-1","max-image-preview":"max-image-preview:large","max-video-preview":"max-video-preview:-1"},"canonical":"https:\/\/blogs.thesocialmedia.com\/leblogmoto\/2006\/05\/25\/ducati-desmo-rr\/","twitter_card":"summary_large_image","twitter_title":"DUCATI DESMO RR: Le compte \u00e0 rebours a commenc\u00e9 - leblogmoto.com","twitter_description":"Ce sera la DUCATI la plus puissante et la plus impressionnante jamais produite. Cette r\u00e9plique de la MotoGP, avec le 990 V4 qui pousse la Desmo GP, va donc \u00eatre propos\u00e9e \u00e0 la vente. Mais \u00e0 une s\u00e9rie limit\u00e9e. Et d&rsquo;abord \u00e0 ceux qui poss\u00e9dent d\u00e9j\u00e0 des 999R. Et pour nous mettre l&rsquo;eau \u00e0 la [&hellip;]","twitter_image":"http:\/\/www.leblogmoto.com\/images\/desmosedicirr_1.jpg","twitter_misc":{"\u00c9crit par":"andre leconde","Dur\u00e9e de lecture estim\u00e9e":"1 minute"},"schema":{"@context":"https:\/\/schema.org","@graph":[{"@type":"WebPage","@id":"https:\/\/blogs.thesocialmedia.com\/leblogmoto\/2006\/05\/25\/ducati-desmo-rr\/","url":"https:\/\/blogs.thesocialmedia.com\/leblogmoto\/2006\/05\/25\/ducati-desmo-rr\/","name":"DUCATI DESMO RR: Le compte \u00e0 rebours a commenc\u00e9 - leblogmoto.com","isPartOf":{"@id":"https:\/\/blogs.thesocialmedia.com\/leblogmoto\/#website"},"primaryImageOfPage":{"@id":"https:\/\/blogs.thesocialmedia.com\/leblogmoto\/2006\/05\/25\/ducati-desmo-rr\/#primaryimage"},"image":{"@id":"https:\/\/blogs.thesocialmedia.com\/leblogmoto\/2006\/05\/25\/ducati-desmo-rr\/#primaryimage"},"thumbnailUrl":"http:\/\/www.leblogmoto.com\/images\/desmosedicirr_1.jpg","datePublished":"2006-05-25T22:06:07+00:00","dateModified":"2012-07-11T14:23:03+00:00","author":{"@id":"https:\/\/blogs.thesocialmedia.com\/leblogmoto\/#\/schema\/person\/1a1dcfc7cec206573105eb4af91155c2"},"breadcrumb":{"@id":"https:\/\/blogs.thesocialmedia.com\/leblogmoto\/2006\/05\/25\/ducati-desmo-rr\/#breadcrumb"},"inLanguage":"fr-FR","potentialAction":[{"@type":"ReadAction","target":["https:\/\/blogs.thesocialmedia.com\/leblogmoto\/2006\/05\/25\/ducati-desmo-rr\/"]}]},{"@type":"ImageObject","inLanguage":"fr-FR","@id":"https:\/\/blogs.thesocialmedia.com\/leblogmoto\/2006\/05\/25\/ducati-desmo-rr\/#primaryimage","url":"http:\/\/www.leblogmoto.com\/images\/desmosedicirr_1.jpg","contentUrl":"http:\/\/www.leblogmoto.com\/images\/desmosedicirr_1.jpg"},{"@type":"BreadcrumbList","@id":"https:\/\/blogs.thesocialmedia.com\/leblogmoto\/2006\/05\/25\/ducati-desmo-rr\/#breadcrumb","itemListElement":[{"@type":"ListItem","position":1,"name":"Accueil","item":"https:\/\/blogs.thesocialmedia.com\/leblogmoto\/"},{"@type":"ListItem","position":2,"name":"DUCATI DESMO RR: Le compte \u00e0 rebours a commenc\u00e9"}]},{"@type":"WebSite","@id":"https:\/\/blogs.thesocialmedia.com\/leblogmoto\/#website","url":"https:\/\/blogs.thesocialmedia.com\/leblogmoto\/","name":"leblogmoto","description":"Toute l&#039;actualit\u00e9 des 2 roues","potentialAction":[{"@type":"SearchAction","target":{"@type":"EntryPoint","urlTemplate":"https:\/\/blogs.thesocialmedia.com\/leblogmoto\/?s={search_term_string}"},"query-input":{"@type":"PropertyValueSpecification","valueRequired":true,"valueName":"search_term_string"}}],"inLanguage":"fr-FR"},{"@type":"Person","@id":"https:\/\/blogs.thesocialmedia.com\/leblogmoto\/#\/schema\/person\/1a1dcfc7cec206573105eb4af91155c2","name":"andre leconde","image":{"@type":"ImageObject","inLanguage":"fr-FR","@id":"https:\/\/blogs.thesocialmedia.com\/leblogmoto\/#\/schema\/person\/image\/","url":"https:\/\/secure.gravatar.com\/avatar\/?s=96&d=mm&r=g","contentUrl":"https:\/\/secure.gravatar.com\/avatar\/?s=96&d=mm&r=g","caption":"andre leconde"},"url":"https:\/\/blogs.thesocialmedia.com\/leblogmoto\/author\/andre-leconde\/"}]}},"_links":{"self":[{"href":"https:\/\/blogs.thesocialmedia.com\/leblogmoto\/wp-json\/wp\/v2\/posts\/1816","targetHints":{"allow":["GET"]}}],"collection":[{"href":"https:\/\/blogs.thesocialmedia.com\/leblogmoto\/wp-json\/wp\/v2\/posts"}],"about":[{"href":"https:\/\/blogs.thesocialmedia.com\/leblogmoto\/wp-json\/wp\/v2\/types\/post"}],"author":[{"embeddable":true,"href":"https:\/\/blogs.thesocialmedia.com\/leblogmoto\/wp-json\/wp\/v2\/users\/336"}],"replies":[{"embeddable":true,"href":"https:\/\/blogs.thesocialmedia.com\/leblogmoto\/wp-json\/wp\/v2\/comments?post=1816"}],"version-history":[{"count":2,"href":"https:\/\/blogs.thesocialmedia.com\/leblogmoto\/wp-json\/wp\/v2\/posts\/1816\/revisions"}],"predecessor-version":[{"id":7506,"href":"https:\/\/blogs.thesocialmedia.com\/leblogmoto\/wp-json\/wp\/v2\/posts\/1816\/revisions\/7506"}],"wp:attachment":[{"href":"https:\/\/blogs.thesocialmedia.com\/leblogmoto\/wp-json\/wp\/v2\/media?parent=1816"}],"wp:term":[{"taxonomy":"category","embeddable":true,"href":"https:\/\/blogs.thesocialmedia.com\/leblogmoto\/wp-json\/wp\/v2\/categories?post=1816"},{"taxonomy":"post_tag","embeddable":true,"href":"https:\/\/blogs.thesocialmedia.com\/leblogmoto\/wp-json\/wp\/v2\/tags?post=1816"}],"curies":[{"name":"wp","href":"https:\/\/api.w.org\/{rel}","templated":true}]}}