{"id":1817,"date":"2006-05-25T21:22:33","date_gmt":"2006-05-25T21:22:33","guid":{"rendered":"http:\/\/blogs.thesocialmedia.com\/leblogmoto\/2006\/05\/25\/125-la-tuile-po\/"},"modified":"2012-07-11T14:23:01","modified_gmt":"2012-07-11T14:23:01","slug":"125-la-tuile-po","status":"publish","type":"post","link":"https:\/\/blogs.thesocialmedia.com\/leblogmoto\/2006\/05\/25\/125-la-tuile-po\/","title":{"rendered":"125: La tuile pour L\u00dcTHI"},"content":{"rendered":"<p><a href=\"http:\/\/blogs.thesocialmedia.com\/leblogmoto\/files\/2012\/07\/250506.jpg\"><img loading=\"lazy\" decoding=\"async\" height=\"306\" alt=\"250506\" src=\"http:\/\/www.leblogmoto.com\/images\/250506.jpg\" width=\"470\"  \/><\/a> Si <a href=\"http:\/\/www.leblogmoto.com\/2006\/05\/motogp_officiel.html\">Valentino ROSSI<\/a> peut penser qu&rsquo;il conna\u00eet, en ce d\u00e9but de saison, une <a href=\"http:\/\/www.leblogmoto.com\/2006\/05\/motogp_france_m.html\">s\u00e9rie noire<\/a>, ce n&rsquo;est pourtant rien par rapport \u00e0 ce que conna\u00eet l&rsquo;autre champion en titre, celui de la cat\u00e9gorie 125, <strong>Thomas L\u00dcTHI<\/strong>.<\/p>\n<p>Pire, si le Doctor travaille pour r\u00e9soudre ses <a href=\"http:\/\/www.leblogmoto.com\/2006\/05\/motogp_yamaha_l.html\">probl\u00e8mes techniques<\/a>, pour le Suisse, c&rsquo;est tout simplement dans sa chair qu&rsquo;il souffre. <strong>Et il vient, encore, de se blesser<\/strong>&#8230;&nbsp; <\/p>\n<p><a href=\"http:\/\/clabedan.typepad.com\/.shared\/image.html?\/photos\/uncategorized\/25619_news_2.jpg\"><img loading=\"lazy\" decoding=\"async\" height=\"198\" alt=\"25619_news_2\" src=\"http:\/\/www.leblogmoto.com\/images\/25619_news_2.jpg\" width=\"250\"  \/><\/a> Pourtant, le bout du tunnel semblait se dessiner apr\u00e8s cette <a href=\"http:\/\/www.leblogmoto.com\/2006\/05\/125_france_luth.html\">probante victoire au MANS<\/a>. Le champion en titre se remettait progressivement de sa blessure contract\u00e9e \u00e0 la suite d&rsquo;une <a href=\"http:\/\/www.leblogmoto.com\/2006\/03\/les_premires_jo.html\">vilaine chute \u00e0 BARCELONE<\/a>, lors des tests hivernaux. Las ! Une chute en essai sur le <strong>SACHSENRING<\/strong> vient de salement amocher sa clavicule. Celle l\u00e0 m\u00eame qui avait d\u00e9j\u00e0 souffert.<\/p>\n<p><strong>Sa participation au MUGELLO pourrait bien en \u00eatre compromise<\/strong>. Et si c&rsquo;\u00e9tait le cas, ce serait, pour Thomas, la fin des espoirs de conserver son titre.<\/p>\n<p>SOURCE: <a href=\"http:\/\/www.gpone.com\/\">www.gpone.com<\/a> <\/p>\n","protected":false},"excerpt":{"rendered":"<p>Si Valentino ROSSI peut penser qu&rsquo;il conna\u00eet, en ce d\u00e9but de saison, une s\u00e9rie noire, ce n&rsquo;est pourtant rien par rapport \u00e0 ce que conna\u00eet l&rsquo;autre champion en titre, celui de la cat\u00e9gorie 125, Thomas L\u00dcTHI. Pire, si le Doctor travaille pour r\u00e9soudre ses probl\u00e8mes techniques, pour le Suisse, c&rsquo;est tout simplement dans sa chair [&hellip;]<\/p>\n","protected":false},"author":336,"featured_media":0,"comment_status":"open","ping_status":"open","sticky":false,"template":"","format":"standard","meta":{"footnotes":""},"categories":[22,32],"tags":[],"class_list":["post-1817","post","type-post","status-publish","format-standard","hentry","category-motogp","category-sport-moto"],"yoast_head":"<!-- This site is optimized with the Yoast SEO plugin v26.0 - https:\/\/yoast.com\/wordpress\/plugins\/seo\/ -->\n<title>125: La tuile pour L\u00dcTHI - leblogmoto.com<\/title>\n<meta name=\"robots\" content=\"index, follow, max-snippet:-1, max-image-preview:large, max-video-preview:-1\" \/>\n<link rel=\"canonical\" href=\"https:\/\/blogs.thesocialmedia.com\/leblogmoto\/2006\/05\/25\/125-la-tuile-po\/\" \/>\n<meta name=\"twitter:card\" content=\"summary_large_image\" \/>\n<meta name=\"twitter:title\" content=\"125: La tuile pour L\u00dcTHI - leblogmoto.com\" \/>\n<meta name=\"twitter:description\" content=\"Si Valentino ROSSI peut penser qu&rsquo;il conna\u00eet, en ce d\u00e9but de saison, une s\u00e9rie noire, ce n&rsquo;est pourtant rien par rapport \u00e0 ce que conna\u00eet l&rsquo;autre champion en titre, celui de la cat\u00e9gorie 125, Thomas L\u00dcTHI. Pire, si le Doctor travaille pour r\u00e9soudre ses probl\u00e8mes techniques, pour le Suisse, c&rsquo;est tout simplement dans sa chair [&hellip;]\" \/>\n<meta name=\"twitter:image\" content=\"http:\/\/www.leblogmoto.com\/images\/250506.jpg\" \/>\n<meta name=\"twitter:label1\" content=\"\u00c9crit par\" \/>\n\t<meta name=\"twitter:data1\" content=\"andre leconde\" \/>\n\t<meta name=\"twitter:label2\" content=\"Dur\u00e9e de lecture estim\u00e9e\" \/>\n\t<meta name=\"twitter:data2\" content=\"1 minute\" \/>\n<script type=\"application\/ld+json\" class=\"yoast-schema-graph\">{\"@context\":\"https:\/\/schema.org\",\"@graph\":[{\"@type\":\"WebPage\",\"@id\":\"https:\/\/blogs.thesocialmedia.com\/leblogmoto\/2006\/05\/25\/125-la-tuile-po\/\",\"url\":\"https:\/\/blogs.thesocialmedia.com\/leblogmoto\/2006\/05\/25\/125-la-tuile-po\/\",\"name\":\"125: La tuile pour L\u00dcTHI - leblogmoto.com\",\"isPartOf\":{\"@id\":\"https:\/\/blogs.thesocialmedia.com\/leblogmoto\/#website\"},\"primaryImageOfPage\":{\"@id\":\"https:\/\/blogs.thesocialmedia.com\/leblogmoto\/2006\/05\/25\/125-la-tuile-po\/#primaryimage\"},\"image\":{\"@id\":\"https:\/\/blogs.thesocialmedia.com\/leblogmoto\/2006\/05\/25\/125-la-tuile-po\/#primaryimage\"},\"thumbnailUrl\":\"http:\/\/www.leblogmoto.com\/images\/250506.jpg\",\"datePublished\":\"2006-05-25T21:22:33+00:00\",\"dateModified\":\"2012-07-11T14:23:01+00:00\",\"author\":{\"@id\":\"https:\/\/blogs.thesocialmedia.com\/leblogmoto\/#\/schema\/person\/1a1dcfc7cec206573105eb4af91155c2\"},\"breadcrumb\":{\"@id\":\"https:\/\/blogs.thesocialmedia.com\/leblogmoto\/2006\/05\/25\/125-la-tuile-po\/#breadcrumb\"},\"inLanguage\":\"fr-FR\",\"potentialAction\":[{\"@type\":\"ReadAction\",\"target\":[\"https:\/\/blogs.thesocialmedia.com\/leblogmoto\/2006\/05\/25\/125-la-tuile-po\/\"]}]},{\"@type\":\"ImageObject\",\"inLanguage\":\"fr-FR\",\"@id\":\"https:\/\/blogs.thesocialmedia.com\/leblogmoto\/2006\/05\/25\/125-la-tuile-po\/#primaryimage\",\"url\":\"http:\/\/www.leblogmoto.com\/images\/250506.jpg\",\"contentUrl\":\"http:\/\/www.leblogmoto.com\/images\/250506.jpg\"},{\"@type\":\"BreadcrumbList\",\"@id\":\"https:\/\/blogs.thesocialmedia.com\/leblogmoto\/2006\/05\/25\/125-la-tuile-po\/#breadcrumb\",\"itemListElement\":[{\"@type\":\"ListItem\",\"position\":1,\"name\":\"Accueil\",\"item\":\"https:\/\/blogs.thesocialmedia.com\/leblogmoto\/\"},{\"@type\":\"ListItem\",\"position\":2,\"name\":\"125: La tuile pour L\u00dcTHI\"}]},{\"@type\":\"WebSite\",\"@id\":\"https:\/\/blogs.thesocialmedia.com\/leblogmoto\/#website\",\"url\":\"https:\/\/blogs.thesocialmedia.com\/leblogmoto\/\",\"name\":\"leblogmoto\",\"description\":\"Toute l&#039;actualit\u00e9 des 2 roues\",\"potentialAction\":[{\"@type\":\"SearchAction\",\"target\":{\"@type\":\"EntryPoint\",\"urlTemplate\":\"https:\/\/blogs.thesocialmedia.com\/leblogmoto\/?s={search_term_string}\"},\"query-input\":{\"@type\":\"PropertyValueSpecification\",\"valueRequired\":true,\"valueName\":\"search_term_string\"}}],\"inLanguage\":\"fr-FR\"},{\"@type\":\"Person\",\"@id\":\"https:\/\/blogs.thesocialmedia.com\/leblogmoto\/#\/schema\/person\/1a1dcfc7cec206573105eb4af91155c2\",\"name\":\"andre leconde\",\"image\":{\"@type\":\"ImageObject\",\"inLanguage\":\"fr-FR\",\"@id\":\"https:\/\/blogs.thesocialmedia.com\/leblogmoto\/#\/schema\/person\/image\/\",\"url\":\"https:\/\/secure.gravatar.com\/avatar\/?s=96&d=mm&r=g\",\"contentUrl\":\"https:\/\/secure.gravatar.com\/avatar\/?s=96&d=mm&r=g\",\"caption\":\"andre leconde\"},\"url\":\"https:\/\/blogs.thesocialmedia.com\/leblogmoto\/author\/andre-leconde\/\"}]}<\/script>\n<!-- \/ Yoast SEO plugin. -->","yoast_head_json":{"title":"125: La tuile pour L\u00dcTHI - leblogmoto.com","robots":{"index":"index","follow":"follow","max-snippet":"max-snippet:-1","max-image-preview":"max-image-preview:large","max-video-preview":"max-video-preview:-1"},"canonical":"https:\/\/blogs.thesocialmedia.com\/leblogmoto\/2006\/05\/25\/125-la-tuile-po\/","twitter_card":"summary_large_image","twitter_title":"125: La tuile pour L\u00dcTHI - leblogmoto.com","twitter_description":"Si Valentino ROSSI peut penser qu&rsquo;il conna\u00eet, en ce d\u00e9but de saison, une s\u00e9rie noire, ce n&rsquo;est pourtant rien par rapport \u00e0 ce que conna\u00eet l&rsquo;autre champion en titre, celui de la cat\u00e9gorie 125, Thomas L\u00dcTHI. Pire, si le Doctor travaille pour r\u00e9soudre ses probl\u00e8mes techniques, pour le Suisse, c&rsquo;est tout simplement dans sa chair [&hellip;]","twitter_image":"http:\/\/www.leblogmoto.com\/images\/250506.jpg","twitter_misc":{"\u00c9crit par":"andre leconde","Dur\u00e9e de lecture estim\u00e9e":"1 minute"},"schema":{"@context":"https:\/\/schema.org","@graph":[{"@type":"WebPage","@id":"https:\/\/blogs.thesocialmedia.com\/leblogmoto\/2006\/05\/25\/125-la-tuile-po\/","url":"https:\/\/blogs.thesocialmedia.com\/leblogmoto\/2006\/05\/25\/125-la-tuile-po\/","name":"125: La tuile pour L\u00dcTHI - leblogmoto.com","isPartOf":{"@id":"https:\/\/blogs.thesocialmedia.com\/leblogmoto\/#website"},"primaryImageOfPage":{"@id":"https:\/\/blogs.thesocialmedia.com\/leblogmoto\/2006\/05\/25\/125-la-tuile-po\/#primaryimage"},"image":{"@id":"https:\/\/blogs.thesocialmedia.com\/leblogmoto\/2006\/05\/25\/125-la-tuile-po\/#primaryimage"},"thumbnailUrl":"http:\/\/www.leblogmoto.com\/images\/250506.jpg","datePublished":"2006-05-25T21:22:33+00:00","dateModified":"2012-07-11T14:23:01+00:00","author":{"@id":"https:\/\/blogs.thesocialmedia.com\/leblogmoto\/#\/schema\/person\/1a1dcfc7cec206573105eb4af91155c2"},"breadcrumb":{"@id":"https:\/\/blogs.thesocialmedia.com\/leblogmoto\/2006\/05\/25\/125-la-tuile-po\/#breadcrumb"},"inLanguage":"fr-FR","potentialAction":[{"@type":"ReadAction","target":["https:\/\/blogs.thesocialmedia.com\/leblogmoto\/2006\/05\/25\/125-la-tuile-po\/"]}]},{"@type":"ImageObject","inLanguage":"fr-FR","@id":"https:\/\/blogs.thesocialmedia.com\/leblogmoto\/2006\/05\/25\/125-la-tuile-po\/#primaryimage","url":"http:\/\/www.leblogmoto.com\/images\/250506.jpg","contentUrl":"http:\/\/www.leblogmoto.com\/images\/250506.jpg"},{"@type":"BreadcrumbList","@id":"https:\/\/blogs.thesocialmedia.com\/leblogmoto\/2006\/05\/25\/125-la-tuile-po\/#breadcrumb","itemListElement":[{"@type":"ListItem","position":1,"name":"Accueil","item":"https:\/\/blogs.thesocialmedia.com\/leblogmoto\/"},{"@type":"ListItem","position":2,"name":"125: La tuile pour L\u00dcTHI"}]},{"@type":"WebSite","@id":"https:\/\/blogs.thesocialmedia.com\/leblogmoto\/#website","url":"https:\/\/blogs.thesocialmedia.com\/leblogmoto\/","name":"leblogmoto","description":"Toute l&#039;actualit\u00e9 des 2 roues","potentialAction":[{"@type":"SearchAction","target":{"@type":"EntryPoint","urlTemplate":"https:\/\/blogs.thesocialmedia.com\/leblogmoto\/?s={search_term_string}"},"query-input":{"@type":"PropertyValueSpecification","valueRequired":true,"valueName":"search_term_string"}}],"inLanguage":"fr-FR"},{"@type":"Person","@id":"https:\/\/blogs.thesocialmedia.com\/leblogmoto\/#\/schema\/person\/1a1dcfc7cec206573105eb4af91155c2","name":"andre leconde","image":{"@type":"ImageObject","inLanguage":"fr-FR","@id":"https:\/\/blogs.thesocialmedia.com\/leblogmoto\/#\/schema\/person\/image\/","url":"https:\/\/secure.gravatar.com\/avatar\/?s=96&d=mm&r=g","contentUrl":"https:\/\/secure.gravatar.com\/avatar\/?s=96&d=mm&r=g","caption":"andre leconde"},"url":"https:\/\/blogs.thesocialmedia.com\/leblogmoto\/author\/andre-leconde\/"}]}},"_links":{"self":[{"href":"https:\/\/blogs.thesocialmedia.com\/leblogmoto\/wp-json\/wp\/v2\/posts\/1817","targetHints":{"allow":["GET"]}}],"collection":[{"href":"https:\/\/blogs.thesocialmedia.com\/leblogmoto\/wp-json\/wp\/v2\/posts"}],"about":[{"href":"https:\/\/blogs.thesocialmedia.com\/leblogmoto\/wp-json\/wp\/v2\/types\/post"}],"author":[{"embeddable":true,"href":"https:\/\/blogs.thesocialmedia.com\/leblogmoto\/wp-json\/wp\/v2\/users\/336"}],"replies":[{"embeddable":true,"href":"https:\/\/blogs.thesocialmedia.com\/leblogmoto\/wp-json\/wp\/v2\/comments?post=1817"}],"version-history":[{"count":2,"href":"https:\/\/blogs.thesocialmedia.com\/leblogmoto\/wp-json\/wp\/v2\/posts\/1817\/revisions"}],"predecessor-version":[{"id":7504,"href":"https:\/\/blogs.thesocialmedia.com\/leblogmoto\/wp-json\/wp\/v2\/posts\/1817\/revisions\/7504"}],"wp:attachment":[{"href":"https:\/\/blogs.thesocialmedia.com\/leblogmoto\/wp-json\/wp\/v2\/media?parent=1817"}],"wp:term":[{"taxonomy":"category","embeddable":true,"href":"https:\/\/blogs.thesocialmedia.com\/leblogmoto\/wp-json\/wp\/v2\/categories?post=1817"},{"taxonomy":"post_tag","embeddable":true,"href":"https:\/\/blogs.thesocialmedia.com\/leblogmoto\/wp-json\/wp\/v2\/tags?post=1817"}],"curies":[{"name":"wp","href":"https:\/\/api.w.org\/{rel}","templated":true}]}}