{"id":1818,"date":"2006-05-24T18:31:09","date_gmt":"2006-05-24T18:31:09","guid":{"rendered":"http:\/\/blogs.thesocialmedia.com\/leblogmoto\/2006\/05\/24\/motogp-officiel\/"},"modified":"2012-07-11T14:22:59","modified_gmt":"2012-07-11T14:22:59","slug":"motogp-officiel","status":"publish","type":"post","link":"https:\/\/blogs.thesocialmedia.com\/leblogmoto\/2006\/05\/24\/motogp-officiel\/","title":{"rendered":"MOTOGP: Officiel, ROSSI reste !"},"content":{"rendered":"<p><a href=\"http:\/\/blogs.thesocialmedia.com\/leblogmoto\/files\/2012\/07\/mi4_8656.jpg\"><img loading=\"lazy\" decoding=\"async\" height=\"312\" alt=\"Mi4_8656\" src=\"http:\/\/www.leblogmoto.com\/images\/mi4_8656.jpg\" width=\"470\"  \/><\/a> La nouvelle vient de tomber officiellement, <strong><a href=\"http:\/\/www.leblogmoto.com\/2006\/05\/rossi_rcompens.html\">Valentino ROSSI<\/a> a d\u00e9cid\u00e9 de rester en MotoGP<\/strong>. Dans l&rsquo;article paru ce jour \u00e0 la <strong>Gazetta Dello Sport<\/strong>, le champion d\u00e9clare &quot; <em><span style=\"color: #0000cc\">pour le moment je reste en moto pour laquelle j&rsquo;ai encore beaucoup de motivation. Je remercie FERRARI pour l&rsquo;opportunit\u00e9 qu&rsquo;ils m&rsquo;ont donn\u00e9<\/span><\/em>&quot;&#8230;<\/p>\n<p>&nbsp; <\/p>\n<p><a href=\"http:\/\/clabedan.typepad.com\/.shared\/image.html?\/photos\/uncategorized\/rossiout.jpg\"><img loading=\"lazy\" decoding=\"async\" height=\"170\" alt=\"Rossiout\" src=\"http:\/\/www.leblogmoto.com\/images\/rossiout.jpg\" width=\"250\"  \/><\/a>Valentino ajoute &quot; <em><span style=\"color: #0000cc\">ce fut une tr\u00e8s belle exp\u00e9rience du point de vue technique et surtout humain. J&rsquo;ai rencontr\u00e9 des personnes formidables<\/span><\/em>&quot;. Par ailleurs, le Doctor pense que son &quot;<em><span style=\"color: #0000cc\">travail en moto n&rsquo;est pas encore termin\u00e9. Je suis encore tr\u00e8s motiv\u00e9 et je continuerai en moto encore quelques temps<\/span><\/em>&quot;.<\/p>\n<p>Voil\u00e0 les <a href=\"http:\/\/www.leblogmoto.com\/2006\/05\/motogp_france_m.html\">adversaires<\/a> pr\u00e9venus. Le <strong>GP d&rsquo;Italie au MUGELLO<\/strong> va valoir son pesant d&rsquo;or.  <\/p>\n","protected":false},"excerpt":{"rendered":"<p>La nouvelle vient de tomber officiellement, Valentino ROSSI a d\u00e9cid\u00e9 de rester en MotoGP. Dans l&rsquo;article paru ce jour \u00e0 la Gazetta Dello Sport, le champion d\u00e9clare &quot; pour le moment je reste en moto pour laquelle j&rsquo;ai encore beaucoup de motivation. Je remercie FERRARI pour l&rsquo;opportunit\u00e9 qu&rsquo;ils m&rsquo;ont donn\u00e9&quot;&#8230; &nbsp; Valentino ajoute &quot; ce [&hellip;]<\/p>\n","protected":false},"author":336,"featured_media":0,"comment_status":"open","ping_status":"open","sticky":false,"template":"","format":"standard","meta":{"footnotes":""},"categories":[49,22,32,44],"tags":[],"class_list":["post-1818","post","type-post","status-publish","format-standard","hentry","category-actualites-entreprise","category-motogp","category-sport-moto","category-yamaha"],"yoast_head":"<!-- This site is optimized with the Yoast SEO plugin v26.0 - https:\/\/yoast.com\/wordpress\/plugins\/seo\/ -->\n<title>MOTOGP: Officiel, ROSSI reste ! - leblogmoto.com<\/title>\n<meta name=\"robots\" content=\"index, follow, max-snippet:-1, max-image-preview:large, max-video-preview:-1\" \/>\n<link rel=\"canonical\" href=\"https:\/\/blogs.thesocialmedia.com\/leblogmoto\/2006\/05\/24\/motogp-officiel\/\" \/>\n<meta name=\"twitter:card\" content=\"summary_large_image\" \/>\n<meta name=\"twitter:title\" content=\"MOTOGP: Officiel, ROSSI reste ! - leblogmoto.com\" \/>\n<meta name=\"twitter:description\" content=\"La nouvelle vient de tomber officiellement, Valentino ROSSI a d\u00e9cid\u00e9 de rester en MotoGP. Dans l&rsquo;article paru ce jour \u00e0 la Gazetta Dello Sport, le champion d\u00e9clare &quot; pour le moment je reste en moto pour laquelle j&rsquo;ai encore beaucoup de motivation. Je remercie FERRARI pour l&rsquo;opportunit\u00e9 qu&rsquo;ils m&rsquo;ont donn\u00e9&quot;&#8230; &nbsp; Valentino ajoute &quot; ce [&hellip;]\" \/>\n<meta name=\"twitter:image\" content=\"http:\/\/www.leblogmoto.com\/images\/mi4_8656.jpg\" \/>\n<meta name=\"twitter:label1\" content=\"\u00c9crit par\" \/>\n\t<meta name=\"twitter:data1\" content=\"andre leconde\" \/>\n\t<meta name=\"twitter:label2\" content=\"Dur\u00e9e de lecture estim\u00e9e\" \/>\n\t<meta name=\"twitter:data2\" content=\"1 minute\" \/>\n<script type=\"application\/ld+json\" class=\"yoast-schema-graph\">{\"@context\":\"https:\/\/schema.org\",\"@graph\":[{\"@type\":\"WebPage\",\"@id\":\"https:\/\/blogs.thesocialmedia.com\/leblogmoto\/2006\/05\/24\/motogp-officiel\/\",\"url\":\"https:\/\/blogs.thesocialmedia.com\/leblogmoto\/2006\/05\/24\/motogp-officiel\/\",\"name\":\"MOTOGP: Officiel, ROSSI reste ! - leblogmoto.com\",\"isPartOf\":{\"@id\":\"https:\/\/blogs.thesocialmedia.com\/leblogmoto\/#website\"},\"primaryImageOfPage\":{\"@id\":\"https:\/\/blogs.thesocialmedia.com\/leblogmoto\/2006\/05\/24\/motogp-officiel\/#primaryimage\"},\"image\":{\"@id\":\"https:\/\/blogs.thesocialmedia.com\/leblogmoto\/2006\/05\/24\/motogp-officiel\/#primaryimage\"},\"thumbnailUrl\":\"http:\/\/www.leblogmoto.com\/images\/mi4_8656.jpg\",\"datePublished\":\"2006-05-24T18:31:09+00:00\",\"dateModified\":\"2012-07-11T14:22:59+00:00\",\"author\":{\"@id\":\"https:\/\/blogs.thesocialmedia.com\/leblogmoto\/#\/schema\/person\/1a1dcfc7cec206573105eb4af91155c2\"},\"breadcrumb\":{\"@id\":\"https:\/\/blogs.thesocialmedia.com\/leblogmoto\/2006\/05\/24\/motogp-officiel\/#breadcrumb\"},\"inLanguage\":\"fr-FR\",\"potentialAction\":[{\"@type\":\"ReadAction\",\"target\":[\"https:\/\/blogs.thesocialmedia.com\/leblogmoto\/2006\/05\/24\/motogp-officiel\/\"]}]},{\"@type\":\"ImageObject\",\"inLanguage\":\"fr-FR\",\"@id\":\"https:\/\/blogs.thesocialmedia.com\/leblogmoto\/2006\/05\/24\/motogp-officiel\/#primaryimage\",\"url\":\"http:\/\/www.leblogmoto.com\/images\/mi4_8656.jpg\",\"contentUrl\":\"http:\/\/www.leblogmoto.com\/images\/mi4_8656.jpg\"},{\"@type\":\"BreadcrumbList\",\"@id\":\"https:\/\/blogs.thesocialmedia.com\/leblogmoto\/2006\/05\/24\/motogp-officiel\/#breadcrumb\",\"itemListElement\":[{\"@type\":\"ListItem\",\"position\":1,\"name\":\"Accueil\",\"item\":\"https:\/\/blogs.thesocialmedia.com\/leblogmoto\/\"},{\"@type\":\"ListItem\",\"position\":2,\"name\":\"MOTOGP: Officiel, ROSSI reste !\"}]},{\"@type\":\"WebSite\",\"@id\":\"https:\/\/blogs.thesocialmedia.com\/leblogmoto\/#website\",\"url\":\"https:\/\/blogs.thesocialmedia.com\/leblogmoto\/\",\"name\":\"leblogmoto\",\"description\":\"Toute l&#039;actualit\u00e9 des 2 roues\",\"potentialAction\":[{\"@type\":\"SearchAction\",\"target\":{\"@type\":\"EntryPoint\",\"urlTemplate\":\"https:\/\/blogs.thesocialmedia.com\/leblogmoto\/?s={search_term_string}\"},\"query-input\":{\"@type\":\"PropertyValueSpecification\",\"valueRequired\":true,\"valueName\":\"search_term_string\"}}],\"inLanguage\":\"fr-FR\"},{\"@type\":\"Person\",\"@id\":\"https:\/\/blogs.thesocialmedia.com\/leblogmoto\/#\/schema\/person\/1a1dcfc7cec206573105eb4af91155c2\",\"name\":\"andre leconde\",\"image\":{\"@type\":\"ImageObject\",\"inLanguage\":\"fr-FR\",\"@id\":\"https:\/\/blogs.thesocialmedia.com\/leblogmoto\/#\/schema\/person\/image\/\",\"url\":\"https:\/\/secure.gravatar.com\/avatar\/?s=96&d=mm&r=g\",\"contentUrl\":\"https:\/\/secure.gravatar.com\/avatar\/?s=96&d=mm&r=g\",\"caption\":\"andre leconde\"},\"url\":\"https:\/\/blogs.thesocialmedia.com\/leblogmoto\/author\/andre-leconde\/\"}]}<\/script>\n<!-- \/ Yoast SEO plugin. -->","yoast_head_json":{"title":"MOTOGP: Officiel, ROSSI reste ! - leblogmoto.com","robots":{"index":"index","follow":"follow","max-snippet":"max-snippet:-1","max-image-preview":"max-image-preview:large","max-video-preview":"max-video-preview:-1"},"canonical":"https:\/\/blogs.thesocialmedia.com\/leblogmoto\/2006\/05\/24\/motogp-officiel\/","twitter_card":"summary_large_image","twitter_title":"MOTOGP: Officiel, ROSSI reste ! - leblogmoto.com","twitter_description":"La nouvelle vient de tomber officiellement, Valentino ROSSI a d\u00e9cid\u00e9 de rester en MotoGP. Dans l&rsquo;article paru ce jour \u00e0 la Gazetta Dello Sport, le champion d\u00e9clare &quot; pour le moment je reste en moto pour laquelle j&rsquo;ai encore beaucoup de motivation. Je remercie FERRARI pour l&rsquo;opportunit\u00e9 qu&rsquo;ils m&rsquo;ont donn\u00e9&quot;&#8230; &nbsp; Valentino ajoute &quot; ce [&hellip;]","twitter_image":"http:\/\/www.leblogmoto.com\/images\/mi4_8656.jpg","twitter_misc":{"\u00c9crit par":"andre leconde","Dur\u00e9e de lecture estim\u00e9e":"1 minute"},"schema":{"@context":"https:\/\/schema.org","@graph":[{"@type":"WebPage","@id":"https:\/\/blogs.thesocialmedia.com\/leblogmoto\/2006\/05\/24\/motogp-officiel\/","url":"https:\/\/blogs.thesocialmedia.com\/leblogmoto\/2006\/05\/24\/motogp-officiel\/","name":"MOTOGP: Officiel, ROSSI reste ! - leblogmoto.com","isPartOf":{"@id":"https:\/\/blogs.thesocialmedia.com\/leblogmoto\/#website"},"primaryImageOfPage":{"@id":"https:\/\/blogs.thesocialmedia.com\/leblogmoto\/2006\/05\/24\/motogp-officiel\/#primaryimage"},"image":{"@id":"https:\/\/blogs.thesocialmedia.com\/leblogmoto\/2006\/05\/24\/motogp-officiel\/#primaryimage"},"thumbnailUrl":"http:\/\/www.leblogmoto.com\/images\/mi4_8656.jpg","datePublished":"2006-05-24T18:31:09+00:00","dateModified":"2012-07-11T14:22:59+00:00","author":{"@id":"https:\/\/blogs.thesocialmedia.com\/leblogmoto\/#\/schema\/person\/1a1dcfc7cec206573105eb4af91155c2"},"breadcrumb":{"@id":"https:\/\/blogs.thesocialmedia.com\/leblogmoto\/2006\/05\/24\/motogp-officiel\/#breadcrumb"},"inLanguage":"fr-FR","potentialAction":[{"@type":"ReadAction","target":["https:\/\/blogs.thesocialmedia.com\/leblogmoto\/2006\/05\/24\/motogp-officiel\/"]}]},{"@type":"ImageObject","inLanguage":"fr-FR","@id":"https:\/\/blogs.thesocialmedia.com\/leblogmoto\/2006\/05\/24\/motogp-officiel\/#primaryimage","url":"http:\/\/www.leblogmoto.com\/images\/mi4_8656.jpg","contentUrl":"http:\/\/www.leblogmoto.com\/images\/mi4_8656.jpg"},{"@type":"BreadcrumbList","@id":"https:\/\/blogs.thesocialmedia.com\/leblogmoto\/2006\/05\/24\/motogp-officiel\/#breadcrumb","itemListElement":[{"@type":"ListItem","position":1,"name":"Accueil","item":"https:\/\/blogs.thesocialmedia.com\/leblogmoto\/"},{"@type":"ListItem","position":2,"name":"MOTOGP: Officiel, ROSSI reste !"}]},{"@type":"WebSite","@id":"https:\/\/blogs.thesocialmedia.com\/leblogmoto\/#website","url":"https:\/\/blogs.thesocialmedia.com\/leblogmoto\/","name":"leblogmoto","description":"Toute l&#039;actualit\u00e9 des 2 roues","potentialAction":[{"@type":"SearchAction","target":{"@type":"EntryPoint","urlTemplate":"https:\/\/blogs.thesocialmedia.com\/leblogmoto\/?s={search_term_string}"},"query-input":{"@type":"PropertyValueSpecification","valueRequired":true,"valueName":"search_term_string"}}],"inLanguage":"fr-FR"},{"@type":"Person","@id":"https:\/\/blogs.thesocialmedia.com\/leblogmoto\/#\/schema\/person\/1a1dcfc7cec206573105eb4af91155c2","name":"andre leconde","image":{"@type":"ImageObject","inLanguage":"fr-FR","@id":"https:\/\/blogs.thesocialmedia.com\/leblogmoto\/#\/schema\/person\/image\/","url":"https:\/\/secure.gravatar.com\/avatar\/?s=96&d=mm&r=g","contentUrl":"https:\/\/secure.gravatar.com\/avatar\/?s=96&d=mm&r=g","caption":"andre leconde"},"url":"https:\/\/blogs.thesocialmedia.com\/leblogmoto\/author\/andre-leconde\/"}]}},"_links":{"self":[{"href":"https:\/\/blogs.thesocialmedia.com\/leblogmoto\/wp-json\/wp\/v2\/posts\/1818","targetHints":{"allow":["GET"]}}],"collection":[{"href":"https:\/\/blogs.thesocialmedia.com\/leblogmoto\/wp-json\/wp\/v2\/posts"}],"about":[{"href":"https:\/\/blogs.thesocialmedia.com\/leblogmoto\/wp-json\/wp\/v2\/types\/post"}],"author":[{"embeddable":true,"href":"https:\/\/blogs.thesocialmedia.com\/leblogmoto\/wp-json\/wp\/v2\/users\/336"}],"replies":[{"embeddable":true,"href":"https:\/\/blogs.thesocialmedia.com\/leblogmoto\/wp-json\/wp\/v2\/comments?post=1818"}],"version-history":[{"count":2,"href":"https:\/\/blogs.thesocialmedia.com\/leblogmoto\/wp-json\/wp\/v2\/posts\/1818\/revisions"}],"predecessor-version":[{"id":7502,"href":"https:\/\/blogs.thesocialmedia.com\/leblogmoto\/wp-json\/wp\/v2\/posts\/1818\/revisions\/7502"}],"wp:attachment":[{"href":"https:\/\/blogs.thesocialmedia.com\/leblogmoto\/wp-json\/wp\/v2\/media?parent=1818"}],"wp:term":[{"taxonomy":"category","embeddable":true,"href":"https:\/\/blogs.thesocialmedia.com\/leblogmoto\/wp-json\/wp\/v2\/categories?post=1818"},{"taxonomy":"post_tag","embeddable":true,"href":"https:\/\/blogs.thesocialmedia.com\/leblogmoto\/wp-json\/wp\/v2\/tags?post=1818"}],"curies":[{"name":"wp","href":"https:\/\/api.w.org\/{rel}","templated":true}]}}