{"id":1819,"date":"2006-05-23T21:48:51","date_gmt":"2006-05-23T21:48:51","guid":{"rendered":"http:\/\/blogs.thesocialmedia.com\/leblogmoto\/2006\/05\/23\/rossi-rcompens\/"},"modified":"2012-07-11T13:21:44","modified_gmt":"2012-07-11T13:21:44","slug":"rossi-rcompens","status":"publish","type":"post","link":"https:\/\/blogs.thesocialmedia.com\/leblogmoto\/2006\/05\/23\/rossi-rcompens\/","title":{"rendered":"ROSSI r\u00e9compens\u00e9"},"content":{"rendered":"<p><a href=\"http:\/\/www.leblogmoto.com\/2006\/05\/motogp_france_m.html\"><img loading=\"lazy\" decoding=\"async\" height=\"287\" alt=\"Ilfatto230506\" src=\"http:\/\/www.leblogmoto.com\/images\/ilfatto230506.jpg\" width=\"250\"  \/>Affect\u00e9<\/a> sur le coup par son abandon sarthois, Valentino a repris du poil de la b\u00eate presqu&rsquo;aussit\u00f4t. D\u00e9clarant peu apr\u00e8s ce GP cr\u00e8ve-coeur \u00e0 qui voulait l&rsquo;entendre qu&rsquo;il n&rsquo;avait pas dit son dernier mot, il est remont\u00e9 sur sa machine pour <a href=\"http:\/\/www.leblogmoto.com\/2006\/05\/motogp_yamaha_l.html\">des tests<\/a> au BUGATTI, hier. <\/p>\n<p>Mais la bouff\u00e9e d&rsquo;oxyg\u00e8ne est venue d&rsquo;Espagne et plus exactement de <strong>BARCELONE<\/strong> o\u00f9 se d\u00e9roulait la c\u00e9r\u00e9monie des <a href=\"http:\/\/www.leblogmoto.com\/2006\/05\/rossi_en_lice_p_2.html\">troph\u00e9es Laureus<\/a>.<\/p>\n<p>L\u00e0, le jury lui a attribu\u00e9 la r\u00e9compense du &quot;<strong>Spirit of Sport<\/strong>&quot;, vers laquelle il s&rsquo;est envol\u00e9 pour l&#8217;empoigner. Une arriv\u00e9e sur sc\u00e8ne digne du personnage, soit au guidon d&rsquo;une <a href=\"http:\/\/www.leblogmoto.com\/2005\/06\/yamaha_yzf_1000.html\">R1<\/a>, et la remise des mains m\u00eame d&rsquo;<a href=\"http:\/\/www.leblogmoto.com\/2006\/04\/xlite_x801r_pou.html\">AGOSTINI<\/a>. <\/p>\n<p>Voici confirm\u00e9, si besoin \u00e9tait, l&rsquo;aura de ce prodige, dont profite toute la moto, et qu&rsquo;il serait vraiment dommage de <a href=\"http:\/\/www.leblogmoto.com\/2006\/04\/rossi_on_pourra.html\">voir partir ailleur<\/a>.&nbsp; &nbsp;&nbsp; <\/p>\n","protected":false},"excerpt":{"rendered":"<p>Affect\u00e9 sur le coup par son abandon sarthois, Valentino a repris du poil de la b\u00eate presqu&rsquo;aussit\u00f4t. D\u00e9clarant peu apr\u00e8s ce GP cr\u00e8ve-coeur \u00e0 qui voulait l&rsquo;entendre qu&rsquo;il n&rsquo;avait pas dit son dernier mot, il est remont\u00e9 sur sa machine pour des tests au BUGATTI, hier. Mais la bouff\u00e9e d&rsquo;oxyg\u00e8ne est venue d&rsquo;Espagne et plus [&hellip;]<\/p>\n","protected":false},"author":336,"featured_media":0,"comment_status":"open","ping_status":"open","sticky":false,"template":"","format":"standard","meta":{"footnotes":""},"categories":[22,32],"tags":[],"class_list":["post-1819","post","type-post","status-publish","format-standard","hentry","category-motogp","category-sport-moto"],"yoast_head":"<!-- This site is optimized with the Yoast SEO plugin v26.0 - https:\/\/yoast.com\/wordpress\/plugins\/seo\/ -->\n<title>ROSSI r\u00e9compens\u00e9 - leblogmoto.com<\/title>\n<meta name=\"robots\" content=\"index, follow, max-snippet:-1, max-image-preview:large, max-video-preview:-1\" \/>\n<link rel=\"canonical\" href=\"https:\/\/blogs.thesocialmedia.com\/leblogmoto\/2006\/05\/23\/rossi-rcompens\/\" \/>\n<meta name=\"twitter:card\" content=\"summary_large_image\" \/>\n<meta name=\"twitter:title\" content=\"ROSSI r\u00e9compens\u00e9 - leblogmoto.com\" \/>\n<meta name=\"twitter:description\" content=\"Affect\u00e9 sur le coup par son abandon sarthois, Valentino a repris du poil de la b\u00eate presqu&rsquo;aussit\u00f4t. D\u00e9clarant peu apr\u00e8s ce GP cr\u00e8ve-coeur \u00e0 qui voulait l&rsquo;entendre qu&rsquo;il n&rsquo;avait pas dit son dernier mot, il est remont\u00e9 sur sa machine pour des tests au BUGATTI, hier. Mais la bouff\u00e9e d&rsquo;oxyg\u00e8ne est venue d&rsquo;Espagne et plus [&hellip;]\" \/>\n<meta name=\"twitter:image\" content=\"http:\/\/www.leblogmoto.com\/images\/ilfatto230506.jpg\" \/>\n<meta name=\"twitter:label1\" content=\"\u00c9crit par\" \/>\n\t<meta name=\"twitter:data1\" content=\"andre leconde\" \/>\n\t<meta name=\"twitter:label2\" content=\"Dur\u00e9e de lecture estim\u00e9e\" \/>\n\t<meta name=\"twitter:data2\" content=\"1 minute\" \/>\n<script type=\"application\/ld+json\" class=\"yoast-schema-graph\">{\"@context\":\"https:\/\/schema.org\",\"@graph\":[{\"@type\":\"WebPage\",\"@id\":\"https:\/\/blogs.thesocialmedia.com\/leblogmoto\/2006\/05\/23\/rossi-rcompens\/\",\"url\":\"https:\/\/blogs.thesocialmedia.com\/leblogmoto\/2006\/05\/23\/rossi-rcompens\/\",\"name\":\"ROSSI r\u00e9compens\u00e9 - leblogmoto.com\",\"isPartOf\":{\"@id\":\"https:\/\/blogs.thesocialmedia.com\/leblogmoto\/#website\"},\"primaryImageOfPage\":{\"@id\":\"https:\/\/blogs.thesocialmedia.com\/leblogmoto\/2006\/05\/23\/rossi-rcompens\/#primaryimage\"},\"image\":{\"@id\":\"https:\/\/blogs.thesocialmedia.com\/leblogmoto\/2006\/05\/23\/rossi-rcompens\/#primaryimage\"},\"thumbnailUrl\":\"http:\/\/www.leblogmoto.com\/images\/ilfatto230506.jpg\",\"datePublished\":\"2006-05-23T21:48:51+00:00\",\"dateModified\":\"2012-07-11T13:21:44+00:00\",\"author\":{\"@id\":\"https:\/\/blogs.thesocialmedia.com\/leblogmoto\/#\/schema\/person\/1a1dcfc7cec206573105eb4af91155c2\"},\"breadcrumb\":{\"@id\":\"https:\/\/blogs.thesocialmedia.com\/leblogmoto\/2006\/05\/23\/rossi-rcompens\/#breadcrumb\"},\"inLanguage\":\"fr-FR\",\"potentialAction\":[{\"@type\":\"ReadAction\",\"target\":[\"https:\/\/blogs.thesocialmedia.com\/leblogmoto\/2006\/05\/23\/rossi-rcompens\/\"]}]},{\"@type\":\"ImageObject\",\"inLanguage\":\"fr-FR\",\"@id\":\"https:\/\/blogs.thesocialmedia.com\/leblogmoto\/2006\/05\/23\/rossi-rcompens\/#primaryimage\",\"url\":\"http:\/\/www.leblogmoto.com\/images\/ilfatto230506.jpg\",\"contentUrl\":\"http:\/\/www.leblogmoto.com\/images\/ilfatto230506.jpg\"},{\"@type\":\"BreadcrumbList\",\"@id\":\"https:\/\/blogs.thesocialmedia.com\/leblogmoto\/2006\/05\/23\/rossi-rcompens\/#breadcrumb\",\"itemListElement\":[{\"@type\":\"ListItem\",\"position\":1,\"name\":\"Accueil\",\"item\":\"https:\/\/blogs.thesocialmedia.com\/leblogmoto\/\"},{\"@type\":\"ListItem\",\"position\":2,\"name\":\"ROSSI r\u00e9compens\u00e9\"}]},{\"@type\":\"WebSite\",\"@id\":\"https:\/\/blogs.thesocialmedia.com\/leblogmoto\/#website\",\"url\":\"https:\/\/blogs.thesocialmedia.com\/leblogmoto\/\",\"name\":\"leblogmoto\",\"description\":\"Toute l&#039;actualit\u00e9 des 2 roues\",\"potentialAction\":[{\"@type\":\"SearchAction\",\"target\":{\"@type\":\"EntryPoint\",\"urlTemplate\":\"https:\/\/blogs.thesocialmedia.com\/leblogmoto\/?s={search_term_string}\"},\"query-input\":{\"@type\":\"PropertyValueSpecification\",\"valueRequired\":true,\"valueName\":\"search_term_string\"}}],\"inLanguage\":\"fr-FR\"},{\"@type\":\"Person\",\"@id\":\"https:\/\/blogs.thesocialmedia.com\/leblogmoto\/#\/schema\/person\/1a1dcfc7cec206573105eb4af91155c2\",\"name\":\"andre leconde\",\"image\":{\"@type\":\"ImageObject\",\"inLanguage\":\"fr-FR\",\"@id\":\"https:\/\/blogs.thesocialmedia.com\/leblogmoto\/#\/schema\/person\/image\/\",\"url\":\"https:\/\/secure.gravatar.com\/avatar\/?s=96&d=mm&r=g\",\"contentUrl\":\"https:\/\/secure.gravatar.com\/avatar\/?s=96&d=mm&r=g\",\"caption\":\"andre leconde\"},\"url\":\"https:\/\/blogs.thesocialmedia.com\/leblogmoto\/author\/andre-leconde\/\"}]}<\/script>\n<!-- \/ Yoast SEO plugin. -->","yoast_head_json":{"title":"ROSSI r\u00e9compens\u00e9 - leblogmoto.com","robots":{"index":"index","follow":"follow","max-snippet":"max-snippet:-1","max-image-preview":"max-image-preview:large","max-video-preview":"max-video-preview:-1"},"canonical":"https:\/\/blogs.thesocialmedia.com\/leblogmoto\/2006\/05\/23\/rossi-rcompens\/","twitter_card":"summary_large_image","twitter_title":"ROSSI r\u00e9compens\u00e9 - leblogmoto.com","twitter_description":"Affect\u00e9 sur le coup par son abandon sarthois, Valentino a repris du poil de la b\u00eate presqu&rsquo;aussit\u00f4t. D\u00e9clarant peu apr\u00e8s ce GP cr\u00e8ve-coeur \u00e0 qui voulait l&rsquo;entendre qu&rsquo;il n&rsquo;avait pas dit son dernier mot, il est remont\u00e9 sur sa machine pour des tests au BUGATTI, hier. Mais la bouff\u00e9e d&rsquo;oxyg\u00e8ne est venue d&rsquo;Espagne et plus [&hellip;]","twitter_image":"http:\/\/www.leblogmoto.com\/images\/ilfatto230506.jpg","twitter_misc":{"\u00c9crit par":"andre leconde","Dur\u00e9e de lecture estim\u00e9e":"1 minute"},"schema":{"@context":"https:\/\/schema.org","@graph":[{"@type":"WebPage","@id":"https:\/\/blogs.thesocialmedia.com\/leblogmoto\/2006\/05\/23\/rossi-rcompens\/","url":"https:\/\/blogs.thesocialmedia.com\/leblogmoto\/2006\/05\/23\/rossi-rcompens\/","name":"ROSSI r\u00e9compens\u00e9 - leblogmoto.com","isPartOf":{"@id":"https:\/\/blogs.thesocialmedia.com\/leblogmoto\/#website"},"primaryImageOfPage":{"@id":"https:\/\/blogs.thesocialmedia.com\/leblogmoto\/2006\/05\/23\/rossi-rcompens\/#primaryimage"},"image":{"@id":"https:\/\/blogs.thesocialmedia.com\/leblogmoto\/2006\/05\/23\/rossi-rcompens\/#primaryimage"},"thumbnailUrl":"http:\/\/www.leblogmoto.com\/images\/ilfatto230506.jpg","datePublished":"2006-05-23T21:48:51+00:00","dateModified":"2012-07-11T13:21:44+00:00","author":{"@id":"https:\/\/blogs.thesocialmedia.com\/leblogmoto\/#\/schema\/person\/1a1dcfc7cec206573105eb4af91155c2"},"breadcrumb":{"@id":"https:\/\/blogs.thesocialmedia.com\/leblogmoto\/2006\/05\/23\/rossi-rcompens\/#breadcrumb"},"inLanguage":"fr-FR","potentialAction":[{"@type":"ReadAction","target":["https:\/\/blogs.thesocialmedia.com\/leblogmoto\/2006\/05\/23\/rossi-rcompens\/"]}]},{"@type":"ImageObject","inLanguage":"fr-FR","@id":"https:\/\/blogs.thesocialmedia.com\/leblogmoto\/2006\/05\/23\/rossi-rcompens\/#primaryimage","url":"http:\/\/www.leblogmoto.com\/images\/ilfatto230506.jpg","contentUrl":"http:\/\/www.leblogmoto.com\/images\/ilfatto230506.jpg"},{"@type":"BreadcrumbList","@id":"https:\/\/blogs.thesocialmedia.com\/leblogmoto\/2006\/05\/23\/rossi-rcompens\/#breadcrumb","itemListElement":[{"@type":"ListItem","position":1,"name":"Accueil","item":"https:\/\/blogs.thesocialmedia.com\/leblogmoto\/"},{"@type":"ListItem","position":2,"name":"ROSSI r\u00e9compens\u00e9"}]},{"@type":"WebSite","@id":"https:\/\/blogs.thesocialmedia.com\/leblogmoto\/#website","url":"https:\/\/blogs.thesocialmedia.com\/leblogmoto\/","name":"leblogmoto","description":"Toute l&#039;actualit\u00e9 des 2 roues","potentialAction":[{"@type":"SearchAction","target":{"@type":"EntryPoint","urlTemplate":"https:\/\/blogs.thesocialmedia.com\/leblogmoto\/?s={search_term_string}"},"query-input":{"@type":"PropertyValueSpecification","valueRequired":true,"valueName":"search_term_string"}}],"inLanguage":"fr-FR"},{"@type":"Person","@id":"https:\/\/blogs.thesocialmedia.com\/leblogmoto\/#\/schema\/person\/1a1dcfc7cec206573105eb4af91155c2","name":"andre leconde","image":{"@type":"ImageObject","inLanguage":"fr-FR","@id":"https:\/\/blogs.thesocialmedia.com\/leblogmoto\/#\/schema\/person\/image\/","url":"https:\/\/secure.gravatar.com\/avatar\/?s=96&d=mm&r=g","contentUrl":"https:\/\/secure.gravatar.com\/avatar\/?s=96&d=mm&r=g","caption":"andre leconde"},"url":"https:\/\/blogs.thesocialmedia.com\/leblogmoto\/author\/andre-leconde\/"}]}},"_links":{"self":[{"href":"https:\/\/blogs.thesocialmedia.com\/leblogmoto\/wp-json\/wp\/v2\/posts\/1819","targetHints":{"allow":["GET"]}}],"collection":[{"href":"https:\/\/blogs.thesocialmedia.com\/leblogmoto\/wp-json\/wp\/v2\/posts"}],"about":[{"href":"https:\/\/blogs.thesocialmedia.com\/leblogmoto\/wp-json\/wp\/v2\/types\/post"}],"author":[{"embeddable":true,"href":"https:\/\/blogs.thesocialmedia.com\/leblogmoto\/wp-json\/wp\/v2\/users\/336"}],"replies":[{"embeddable":true,"href":"https:\/\/blogs.thesocialmedia.com\/leblogmoto\/wp-json\/wp\/v2\/comments?post=1819"}],"version-history":[{"count":1,"href":"https:\/\/blogs.thesocialmedia.com\/leblogmoto\/wp-json\/wp\/v2\/posts\/1819\/revisions"}],"predecessor-version":[{"id":3355,"href":"https:\/\/blogs.thesocialmedia.com\/leblogmoto\/wp-json\/wp\/v2\/posts\/1819\/revisions\/3355"}],"wp:attachment":[{"href":"https:\/\/blogs.thesocialmedia.com\/leblogmoto\/wp-json\/wp\/v2\/media?parent=1819"}],"wp:term":[{"taxonomy":"category","embeddable":true,"href":"https:\/\/blogs.thesocialmedia.com\/leblogmoto\/wp-json\/wp\/v2\/categories?post=1819"},{"taxonomy":"post_tag","embeddable":true,"href":"https:\/\/blogs.thesocialmedia.com\/leblogmoto\/wp-json\/wp\/v2\/tags?post=1819"}],"curies":[{"name":"wp","href":"https:\/\/api.w.org\/{rel}","templated":true}]}}