{"id":1822,"date":"2006-05-21T21:51:37","date_gmt":"2006-05-21T21:51:37","guid":{"rendered":"http:\/\/blogs.thesocialmedia.com\/leblogmoto\/2006\/05\/21\/250-france-taka\/"},"modified":"2012-07-11T13:21:44","modified_gmt":"2012-07-11T13:21:44","slug":"250-france-taka","status":"publish","type":"post","link":"https:\/\/blogs.thesocialmedia.com\/leblogmoto\/2006\/05\/21\/250-france-taka\/","title":{"rendered":"250 FRANCE: TAKAHASHI s&rsquo;invite"},"content":{"rendered":"<p><a href=\"http:\/\/www.leblogmoto.com\/2006\/05\/125_france_luth.html\"><img loading=\"lazy\" decoding=\"async\" height=\"180\" alt=\"1148224774\" src=\"http:\/\/www.leblogmoto.com\/images\/1148224774.jpg\" width=\"250\"  \/>Comme en 125<\/a>, la course s&rsquo;est jou\u00e9e dans le dernier tour, et m\u00eame dans le dernier virage, dans un style rappelant les joutes pass\u00e9es entre GIBERNAU et ROSSI. Cette fois, les protagonistes \u00e9taient <strong>TAKAHASHI<\/strong> et <a href=\"http:\/\/www.leblogmoto.com\/2006\/05\/125250_france_q.html\">DOVIZIOSO<\/a>, les deux \u00e9quipiers sur leur <strong>HONDA<\/strong>. Le dernier mot est revenu au japonais, tandis que le <strong>AOYAMA <\/strong>du blason ail\u00e9 devan\u00e7ait le <strong>AOYAMA<\/strong> de KTM pour la derni\u00e8re marche du podium.<\/p>\n<p><strong>Tripl\u00e9 HONDA<\/strong> donc qui renverse la situation du d\u00e9but de saison. Les APRILIA ont marqu\u00e9 le pas et <strong>LORENZO<\/strong> a \u00e9t\u00e9 une nouvelle rattrap\u00e9e par ses vieux d\u00e9mons&#8230; <\/p>\n<p><a href=\"http:\/\/clabedan.typepad.com\/.shared\/image.html?\/photos\/uncategorized\/1148228685.jpg\"><img loading=\"lazy\" decoding=\"async\" height=\"161\" alt=\"1148228685\" src=\"http:\/\/www.leblogmoto.com\/images\/1148228685.jpg\" width=\"250\"  \/><\/a> Au septi\u00e8me tour, LORENZO voit les deux HONDA s&rsquo;enfuir et n&rsquo;arrive pas \u00e0 se d\u00e9barrasser de <strong>LOCATELLI<\/strong> devant lui. Il d\u00e9cide de forcer et chute, manquant d&#8217;emporter l&rsquo;italien dans sa fougue. Du coup, sa position au championnat commence \u00e0 devenir probl\u00e8matique. Cinqui\u00e8me avec vingt neuf points de retard alors que son \u00e9quipier <a href=\"http:\/\/www.leblogmoto.com\/2006\/05\/250_chine_balle.html\">BARBERA<\/a> score, \u00e0 d\u00e9faut de gagner.<\/p>\n<p>C\u00f4te Fran\u00e7ais, on se lamente encore de l&rsquo;envol rat\u00e9 de <strong>GUINTOLI<\/strong> qui a cravach\u00e9 pour remonter de la dix neuvi\u00e8me \u00e0 la neuvi\u00e8me place. <strong>VINCENT<\/strong> marque en quinzi\u00e8me position et <strong>CLUZEL<\/strong> a chut\u00e9 en d\u00e9but de course.<\/p>\n<p>Au championnat, DOVIZIOSO s&rsquo;am\u00e9nage une petite avance. mais il est toujours \u00e0 le recherche de son premier succ\u00e8s dans la discipline. <\/p>\n<p><strong><u><em>Championnat<\/em><\/u><\/strong>:&nbsp; DOVIZIOSO 92 &#8211; BARBERA 78 &#8211; AOYAMA 75 &#8211; TAKAHASHI 67 &#8211; LORENZO 63<\/p>\n","protected":false},"excerpt":{"rendered":"<p>Comme en 125, la course s&rsquo;est jou\u00e9e dans le dernier tour, et m\u00eame dans le dernier virage, dans un style rappelant les joutes pass\u00e9es entre GIBERNAU et ROSSI. Cette fois, les protagonistes \u00e9taient TAKAHASHI et DOVIZIOSO, les deux \u00e9quipiers sur leur HONDA. Le dernier mot est revenu au japonais, tandis que le AOYAMA du blason [&hellip;]<\/p>\n","protected":false},"author":336,"featured_media":0,"comment_status":"open","ping_status":"open","sticky":false,"template":"","format":"standard","meta":{"footnotes":""},"categories":[22,32],"tags":[],"class_list":["post-1822","post","type-post","status-publish","format-standard","hentry","category-motogp","category-sport-moto"],"yoast_head":"<!-- This site is optimized with the Yoast SEO plugin v26.0 - https:\/\/yoast.com\/wordpress\/plugins\/seo\/ -->\n<title>250 FRANCE: TAKAHASHI s&#039;invite - leblogmoto.com<\/title>\n<meta name=\"robots\" content=\"index, follow, max-snippet:-1, max-image-preview:large, max-video-preview:-1\" \/>\n<link rel=\"canonical\" href=\"https:\/\/blogs.thesocialmedia.com\/leblogmoto\/2006\/05\/21\/250-france-taka\/\" \/>\n<meta name=\"twitter:card\" content=\"summary_large_image\" \/>\n<meta name=\"twitter:title\" content=\"250 FRANCE: TAKAHASHI s&#039;invite - leblogmoto.com\" \/>\n<meta name=\"twitter:description\" content=\"Comme en 125, la course s&rsquo;est jou\u00e9e dans le dernier tour, et m\u00eame dans le dernier virage, dans un style rappelant les joutes pass\u00e9es entre GIBERNAU et ROSSI. Cette fois, les protagonistes \u00e9taient TAKAHASHI et DOVIZIOSO, les deux \u00e9quipiers sur leur HONDA. Le dernier mot est revenu au japonais, tandis que le AOYAMA du blason [&hellip;]\" \/>\n<meta name=\"twitter:image\" content=\"http:\/\/www.leblogmoto.com\/images\/1148224774.jpg\" \/>\n<meta name=\"twitter:label1\" content=\"\u00c9crit par\" \/>\n\t<meta name=\"twitter:data1\" content=\"andre leconde\" \/>\n\t<meta name=\"twitter:label2\" content=\"Dur\u00e9e de lecture estim\u00e9e\" \/>\n\t<meta name=\"twitter:data2\" content=\"1 minute\" \/>\n<script type=\"application\/ld+json\" class=\"yoast-schema-graph\">{\"@context\":\"https:\/\/schema.org\",\"@graph\":[{\"@type\":\"WebPage\",\"@id\":\"https:\/\/blogs.thesocialmedia.com\/leblogmoto\/2006\/05\/21\/250-france-taka\/\",\"url\":\"https:\/\/blogs.thesocialmedia.com\/leblogmoto\/2006\/05\/21\/250-france-taka\/\",\"name\":\"250 FRANCE: TAKAHASHI s'invite - leblogmoto.com\",\"isPartOf\":{\"@id\":\"https:\/\/blogs.thesocialmedia.com\/leblogmoto\/#website\"},\"primaryImageOfPage\":{\"@id\":\"https:\/\/blogs.thesocialmedia.com\/leblogmoto\/2006\/05\/21\/250-france-taka\/#primaryimage\"},\"image\":{\"@id\":\"https:\/\/blogs.thesocialmedia.com\/leblogmoto\/2006\/05\/21\/250-france-taka\/#primaryimage\"},\"thumbnailUrl\":\"http:\/\/www.leblogmoto.com\/images\/1148224774.jpg\",\"datePublished\":\"2006-05-21T21:51:37+00:00\",\"dateModified\":\"2012-07-11T13:21:44+00:00\",\"author\":{\"@id\":\"https:\/\/blogs.thesocialmedia.com\/leblogmoto\/#\/schema\/person\/1a1dcfc7cec206573105eb4af91155c2\"},\"breadcrumb\":{\"@id\":\"https:\/\/blogs.thesocialmedia.com\/leblogmoto\/2006\/05\/21\/250-france-taka\/#breadcrumb\"},\"inLanguage\":\"fr-FR\",\"potentialAction\":[{\"@type\":\"ReadAction\",\"target\":[\"https:\/\/blogs.thesocialmedia.com\/leblogmoto\/2006\/05\/21\/250-france-taka\/\"]}]},{\"@type\":\"ImageObject\",\"inLanguage\":\"fr-FR\",\"@id\":\"https:\/\/blogs.thesocialmedia.com\/leblogmoto\/2006\/05\/21\/250-france-taka\/#primaryimage\",\"url\":\"http:\/\/www.leblogmoto.com\/images\/1148224774.jpg\",\"contentUrl\":\"http:\/\/www.leblogmoto.com\/images\/1148224774.jpg\"},{\"@type\":\"BreadcrumbList\",\"@id\":\"https:\/\/blogs.thesocialmedia.com\/leblogmoto\/2006\/05\/21\/250-france-taka\/#breadcrumb\",\"itemListElement\":[{\"@type\":\"ListItem\",\"position\":1,\"name\":\"Accueil\",\"item\":\"https:\/\/blogs.thesocialmedia.com\/leblogmoto\/\"},{\"@type\":\"ListItem\",\"position\":2,\"name\":\"250 FRANCE: TAKAHASHI s&rsquo;invite\"}]},{\"@type\":\"WebSite\",\"@id\":\"https:\/\/blogs.thesocialmedia.com\/leblogmoto\/#website\",\"url\":\"https:\/\/blogs.thesocialmedia.com\/leblogmoto\/\",\"name\":\"leblogmoto\",\"description\":\"Toute l&#039;actualit\u00e9 des 2 roues\",\"potentialAction\":[{\"@type\":\"SearchAction\",\"target\":{\"@type\":\"EntryPoint\",\"urlTemplate\":\"https:\/\/blogs.thesocialmedia.com\/leblogmoto\/?s={search_term_string}\"},\"query-input\":{\"@type\":\"PropertyValueSpecification\",\"valueRequired\":true,\"valueName\":\"search_term_string\"}}],\"inLanguage\":\"fr-FR\"},{\"@type\":\"Person\",\"@id\":\"https:\/\/blogs.thesocialmedia.com\/leblogmoto\/#\/schema\/person\/1a1dcfc7cec206573105eb4af91155c2\",\"name\":\"andre leconde\",\"image\":{\"@type\":\"ImageObject\",\"inLanguage\":\"fr-FR\",\"@id\":\"https:\/\/blogs.thesocialmedia.com\/leblogmoto\/#\/schema\/person\/image\/\",\"url\":\"https:\/\/secure.gravatar.com\/avatar\/?s=96&d=mm&r=g\",\"contentUrl\":\"https:\/\/secure.gravatar.com\/avatar\/?s=96&d=mm&r=g\",\"caption\":\"andre leconde\"},\"url\":\"https:\/\/blogs.thesocialmedia.com\/leblogmoto\/author\/andre-leconde\/\"}]}<\/script>\n<!-- \/ Yoast SEO plugin. -->","yoast_head_json":{"title":"250 FRANCE: TAKAHASHI s'invite - leblogmoto.com","robots":{"index":"index","follow":"follow","max-snippet":"max-snippet:-1","max-image-preview":"max-image-preview:large","max-video-preview":"max-video-preview:-1"},"canonical":"https:\/\/blogs.thesocialmedia.com\/leblogmoto\/2006\/05\/21\/250-france-taka\/","twitter_card":"summary_large_image","twitter_title":"250 FRANCE: TAKAHASHI s'invite - leblogmoto.com","twitter_description":"Comme en 125, la course s&rsquo;est jou\u00e9e dans le dernier tour, et m\u00eame dans le dernier virage, dans un style rappelant les joutes pass\u00e9es entre GIBERNAU et ROSSI. Cette fois, les protagonistes \u00e9taient TAKAHASHI et DOVIZIOSO, les deux \u00e9quipiers sur leur HONDA. Le dernier mot est revenu au japonais, tandis que le AOYAMA du blason [&hellip;]","twitter_image":"http:\/\/www.leblogmoto.com\/images\/1148224774.jpg","twitter_misc":{"\u00c9crit par":"andre leconde","Dur\u00e9e de lecture estim\u00e9e":"1 minute"},"schema":{"@context":"https:\/\/schema.org","@graph":[{"@type":"WebPage","@id":"https:\/\/blogs.thesocialmedia.com\/leblogmoto\/2006\/05\/21\/250-france-taka\/","url":"https:\/\/blogs.thesocialmedia.com\/leblogmoto\/2006\/05\/21\/250-france-taka\/","name":"250 FRANCE: TAKAHASHI s'invite - leblogmoto.com","isPartOf":{"@id":"https:\/\/blogs.thesocialmedia.com\/leblogmoto\/#website"},"primaryImageOfPage":{"@id":"https:\/\/blogs.thesocialmedia.com\/leblogmoto\/2006\/05\/21\/250-france-taka\/#primaryimage"},"image":{"@id":"https:\/\/blogs.thesocialmedia.com\/leblogmoto\/2006\/05\/21\/250-france-taka\/#primaryimage"},"thumbnailUrl":"http:\/\/www.leblogmoto.com\/images\/1148224774.jpg","datePublished":"2006-05-21T21:51:37+00:00","dateModified":"2012-07-11T13:21:44+00:00","author":{"@id":"https:\/\/blogs.thesocialmedia.com\/leblogmoto\/#\/schema\/person\/1a1dcfc7cec206573105eb4af91155c2"},"breadcrumb":{"@id":"https:\/\/blogs.thesocialmedia.com\/leblogmoto\/2006\/05\/21\/250-france-taka\/#breadcrumb"},"inLanguage":"fr-FR","potentialAction":[{"@type":"ReadAction","target":["https:\/\/blogs.thesocialmedia.com\/leblogmoto\/2006\/05\/21\/250-france-taka\/"]}]},{"@type":"ImageObject","inLanguage":"fr-FR","@id":"https:\/\/blogs.thesocialmedia.com\/leblogmoto\/2006\/05\/21\/250-france-taka\/#primaryimage","url":"http:\/\/www.leblogmoto.com\/images\/1148224774.jpg","contentUrl":"http:\/\/www.leblogmoto.com\/images\/1148224774.jpg"},{"@type":"BreadcrumbList","@id":"https:\/\/blogs.thesocialmedia.com\/leblogmoto\/2006\/05\/21\/250-france-taka\/#breadcrumb","itemListElement":[{"@type":"ListItem","position":1,"name":"Accueil","item":"https:\/\/blogs.thesocialmedia.com\/leblogmoto\/"},{"@type":"ListItem","position":2,"name":"250 FRANCE: TAKAHASHI s&rsquo;invite"}]},{"@type":"WebSite","@id":"https:\/\/blogs.thesocialmedia.com\/leblogmoto\/#website","url":"https:\/\/blogs.thesocialmedia.com\/leblogmoto\/","name":"leblogmoto","description":"Toute l&#039;actualit\u00e9 des 2 roues","potentialAction":[{"@type":"SearchAction","target":{"@type":"EntryPoint","urlTemplate":"https:\/\/blogs.thesocialmedia.com\/leblogmoto\/?s={search_term_string}"},"query-input":{"@type":"PropertyValueSpecification","valueRequired":true,"valueName":"search_term_string"}}],"inLanguage":"fr-FR"},{"@type":"Person","@id":"https:\/\/blogs.thesocialmedia.com\/leblogmoto\/#\/schema\/person\/1a1dcfc7cec206573105eb4af91155c2","name":"andre leconde","image":{"@type":"ImageObject","inLanguage":"fr-FR","@id":"https:\/\/blogs.thesocialmedia.com\/leblogmoto\/#\/schema\/person\/image\/","url":"https:\/\/secure.gravatar.com\/avatar\/?s=96&d=mm&r=g","contentUrl":"https:\/\/secure.gravatar.com\/avatar\/?s=96&d=mm&r=g","caption":"andre leconde"},"url":"https:\/\/blogs.thesocialmedia.com\/leblogmoto\/author\/andre-leconde\/"}]}},"_links":{"self":[{"href":"https:\/\/blogs.thesocialmedia.com\/leblogmoto\/wp-json\/wp\/v2\/posts\/1822","targetHints":{"allow":["GET"]}}],"collection":[{"href":"https:\/\/blogs.thesocialmedia.com\/leblogmoto\/wp-json\/wp\/v2\/posts"}],"about":[{"href":"https:\/\/blogs.thesocialmedia.com\/leblogmoto\/wp-json\/wp\/v2\/types\/post"}],"author":[{"embeddable":true,"href":"https:\/\/blogs.thesocialmedia.com\/leblogmoto\/wp-json\/wp\/v2\/users\/336"}],"replies":[{"embeddable":true,"href":"https:\/\/blogs.thesocialmedia.com\/leblogmoto\/wp-json\/wp\/v2\/comments?post=1822"}],"version-history":[{"count":1,"href":"https:\/\/blogs.thesocialmedia.com\/leblogmoto\/wp-json\/wp\/v2\/posts\/1822\/revisions"}],"predecessor-version":[{"id":3352,"href":"https:\/\/blogs.thesocialmedia.com\/leblogmoto\/wp-json\/wp\/v2\/posts\/1822\/revisions\/3352"}],"wp:attachment":[{"href":"https:\/\/blogs.thesocialmedia.com\/leblogmoto\/wp-json\/wp\/v2\/media?parent=1822"}],"wp:term":[{"taxonomy":"category","embeddable":true,"href":"https:\/\/blogs.thesocialmedia.com\/leblogmoto\/wp-json\/wp\/v2\/categories?post=1822"},{"taxonomy":"post_tag","embeddable":true,"href":"https:\/\/blogs.thesocialmedia.com\/leblogmoto\/wp-json\/wp\/v2\/tags?post=1822"}],"curies":[{"name":"wp","href":"https:\/\/api.w.org\/{rel}","templated":true}]}}