{"id":1823,"date":"2006-05-21T20:39:28","date_gmt":"2006-05-21T20:39:28","guid":{"rendered":"http:\/\/blogs.thesocialmedia.com\/leblogmoto\/2006\/05\/21\/125-france-luth\/"},"modified":"2012-07-11T14:22:53","modified_gmt":"2012-07-11T14:22:53","slug":"125-france-luth","status":"publish","type":"post","link":"https:\/\/blogs.thesocialmedia.com\/leblogmoto\/2006\/05\/21\/125-france-luth\/","title":{"rendered":"125 FRANCE: LUTHI \u00e0 la relance"},"content":{"rendered":"<p><a href=\"http:\/\/blogs.thesocialmedia.com\/leblogmoto\/files\/2012\/07\/29454205.jpg\"><img loading=\"lazy\" decoding=\"async\" height=\"175\" alt=\"29454205\" src=\"http:\/\/www.leblogmoto.com\/images\/29454205.jpg\" width=\"250\"  \/><\/a>Dernier tour, <strong>BAUTISTA<\/strong> semble contr\u00f4ler <strong>LUTHI<\/strong> lorsque son <strong>APRILIA<\/strong> refuse soudainement toute relance au sortir d&rsquo;une courbe. Le champion suisse \u00e9vite de justesse la chicane mobile et s&rsquo;envole vers le cinqui\u00e8me succ\u00e9s de sa carri\u00e8re, son premier de la saison, comme celui de <strong>HONDA<\/strong> dans la cat\u00e9gorie.<\/p>\n<p>Derri\u00e8re, <a href=\"http:\/\/www.leblogmoto.com\/2006\/05\/125_chine_kalli.html\">KALLIO<\/a> est heureux de finir second tout comme<strong> LA\u00cf<\/strong> qui monte sur un podium providentiel. BAUTISTA se tra\u00eene quand m\u00eame \u00e0 la <strong>quatri\u00e8me<\/strong> place, et sauve les meubles. Ce qui n&rsquo;a pas \u00e9t\u00e9 du tout le cas pour nos Fran\u00e7ais&#8230; <\/p>\n<p><a href=\"http:\/\/clabedan.typepad.com\/.shared\/image.html?\/photos\/uncategorized\/268128959041317238.jpg\"><img loading=\"lazy\" decoding=\"async\" height=\"187\" alt=\"268128959041317238\" src=\"http:\/\/www.leblogmoto.com\/images\/268128959041317238.jpg\" width=\"250\"  \/><\/a>Le d\u00e9but de course sur une piste mixte humide-s\u00e8che a \u00e9t\u00e9 une lutte d&rsquo;influence entre les tenants des pneus retaill\u00e9s et des slicks. Le premier tiers a fait sa s\u00e9lection naturelle en \u00e9liminant sur chute, <strong>PASINI<\/strong>, le <a href=\"http:\/\/www.leblogmoto.com\/2006\/05\/125250_france_q.html\">poleman<\/a> qui a entra\u00een\u00e9 malgr\u00e8 lui <strong>ZANETTI<\/strong>, puis <strong>PESEK<\/strong> et enfin <strong>DI MEGLIO<\/strong> qui remontait fort. A terre, il est quand m\u00eame reparti, pour le public. <strong>MASBOU<\/strong> avait d\u00e9j\u00e0 tat\u00e9 du gravier d\u00e8s le d\u00e9part dans un carambolage de fin de peloton.<\/p>\n<p>Au bilan, une vingt septi\u00e8me position pour Mike, MASBOU vingt neuvi\u00e8me. Pas de quoi se satisfaire.<\/p>\n<p><strong>Au championnat<\/strong>, BAUTISTA m\u00e8ne toujours avec 99 points mais l\u00e2che des unit\u00e9s \u00e0 KALLIO qui revient \u00e0 vingt et un points. Avec sa victoire, LUTHI remonte septi\u00e8me avec trente sept points. La saison est encore longue. <\/p>\n","protected":false},"excerpt":{"rendered":"<p>Dernier tour, BAUTISTA semble contr\u00f4ler LUTHI lorsque son APRILIA refuse soudainement toute relance au sortir d&rsquo;une courbe. Le champion suisse \u00e9vite de justesse la chicane mobile et s&rsquo;envole vers le cinqui\u00e8me succ\u00e9s de sa carri\u00e8re, son premier de la saison, comme celui de HONDA dans la cat\u00e9gorie. Derri\u00e8re, KALLIO est heureux de finir second tout [&hellip;]<\/p>\n","protected":false},"author":336,"featured_media":0,"comment_status":"open","ping_status":"open","sticky":false,"template":"","format":"standard","meta":{"footnotes":""},"categories":[22,32],"tags":[],"class_list":["post-1823","post","type-post","status-publish","format-standard","hentry","category-motogp","category-sport-moto"],"yoast_head":"<!-- This site is optimized with the Yoast SEO plugin v26.0 - https:\/\/yoast.com\/wordpress\/plugins\/seo\/ -->\n<title>125 FRANCE: LUTHI \u00e0 la relance - leblogmoto.com<\/title>\n<meta name=\"robots\" content=\"index, follow, max-snippet:-1, max-image-preview:large, max-video-preview:-1\" \/>\n<link rel=\"canonical\" href=\"https:\/\/blogs.thesocialmedia.com\/leblogmoto\/2006\/05\/21\/125-france-luth\/\" \/>\n<meta name=\"twitter:card\" content=\"summary_large_image\" \/>\n<meta name=\"twitter:title\" content=\"125 FRANCE: LUTHI \u00e0 la relance - leblogmoto.com\" \/>\n<meta name=\"twitter:description\" content=\"Dernier tour, BAUTISTA semble contr\u00f4ler LUTHI lorsque son APRILIA refuse soudainement toute relance au sortir d&rsquo;une courbe. Le champion suisse \u00e9vite de justesse la chicane mobile et s&rsquo;envole vers le cinqui\u00e8me succ\u00e9s de sa carri\u00e8re, son premier de la saison, comme celui de HONDA dans la cat\u00e9gorie. Derri\u00e8re, KALLIO est heureux de finir second tout [&hellip;]\" \/>\n<meta name=\"twitter:image\" content=\"http:\/\/www.leblogmoto.com\/images\/29454205.jpg\" \/>\n<meta name=\"twitter:label1\" content=\"\u00c9crit par\" \/>\n\t<meta name=\"twitter:data1\" content=\"andre leconde\" \/>\n\t<meta name=\"twitter:label2\" content=\"Dur\u00e9e de lecture estim\u00e9e\" \/>\n\t<meta name=\"twitter:data2\" content=\"1 minute\" \/>\n<script type=\"application\/ld+json\" class=\"yoast-schema-graph\">{\"@context\":\"https:\/\/schema.org\",\"@graph\":[{\"@type\":\"WebPage\",\"@id\":\"https:\/\/blogs.thesocialmedia.com\/leblogmoto\/2006\/05\/21\/125-france-luth\/\",\"url\":\"https:\/\/blogs.thesocialmedia.com\/leblogmoto\/2006\/05\/21\/125-france-luth\/\",\"name\":\"125 FRANCE: LUTHI \u00e0 la relance - leblogmoto.com\",\"isPartOf\":{\"@id\":\"https:\/\/blogs.thesocialmedia.com\/leblogmoto\/#website\"},\"primaryImageOfPage\":{\"@id\":\"https:\/\/blogs.thesocialmedia.com\/leblogmoto\/2006\/05\/21\/125-france-luth\/#primaryimage\"},\"image\":{\"@id\":\"https:\/\/blogs.thesocialmedia.com\/leblogmoto\/2006\/05\/21\/125-france-luth\/#primaryimage\"},\"thumbnailUrl\":\"http:\/\/www.leblogmoto.com\/images\/29454205.jpg\",\"datePublished\":\"2006-05-21T20:39:28+00:00\",\"dateModified\":\"2012-07-11T14:22:53+00:00\",\"author\":{\"@id\":\"https:\/\/blogs.thesocialmedia.com\/leblogmoto\/#\/schema\/person\/1a1dcfc7cec206573105eb4af91155c2\"},\"breadcrumb\":{\"@id\":\"https:\/\/blogs.thesocialmedia.com\/leblogmoto\/2006\/05\/21\/125-france-luth\/#breadcrumb\"},\"inLanguage\":\"fr-FR\",\"potentialAction\":[{\"@type\":\"ReadAction\",\"target\":[\"https:\/\/blogs.thesocialmedia.com\/leblogmoto\/2006\/05\/21\/125-france-luth\/\"]}]},{\"@type\":\"ImageObject\",\"inLanguage\":\"fr-FR\",\"@id\":\"https:\/\/blogs.thesocialmedia.com\/leblogmoto\/2006\/05\/21\/125-france-luth\/#primaryimage\",\"url\":\"http:\/\/www.leblogmoto.com\/images\/29454205.jpg\",\"contentUrl\":\"http:\/\/www.leblogmoto.com\/images\/29454205.jpg\"},{\"@type\":\"BreadcrumbList\",\"@id\":\"https:\/\/blogs.thesocialmedia.com\/leblogmoto\/2006\/05\/21\/125-france-luth\/#breadcrumb\",\"itemListElement\":[{\"@type\":\"ListItem\",\"position\":1,\"name\":\"Accueil\",\"item\":\"https:\/\/blogs.thesocialmedia.com\/leblogmoto\/\"},{\"@type\":\"ListItem\",\"position\":2,\"name\":\"125 FRANCE: LUTHI \u00e0 la relance\"}]},{\"@type\":\"WebSite\",\"@id\":\"https:\/\/blogs.thesocialmedia.com\/leblogmoto\/#website\",\"url\":\"https:\/\/blogs.thesocialmedia.com\/leblogmoto\/\",\"name\":\"leblogmoto\",\"description\":\"Toute l&#039;actualit\u00e9 des 2 roues\",\"potentialAction\":[{\"@type\":\"SearchAction\",\"target\":{\"@type\":\"EntryPoint\",\"urlTemplate\":\"https:\/\/blogs.thesocialmedia.com\/leblogmoto\/?s={search_term_string}\"},\"query-input\":{\"@type\":\"PropertyValueSpecification\",\"valueRequired\":true,\"valueName\":\"search_term_string\"}}],\"inLanguage\":\"fr-FR\"},{\"@type\":\"Person\",\"@id\":\"https:\/\/blogs.thesocialmedia.com\/leblogmoto\/#\/schema\/person\/1a1dcfc7cec206573105eb4af91155c2\",\"name\":\"andre leconde\",\"image\":{\"@type\":\"ImageObject\",\"inLanguage\":\"fr-FR\",\"@id\":\"https:\/\/blogs.thesocialmedia.com\/leblogmoto\/#\/schema\/person\/image\/\",\"url\":\"https:\/\/secure.gravatar.com\/avatar\/?s=96&d=mm&r=g\",\"contentUrl\":\"https:\/\/secure.gravatar.com\/avatar\/?s=96&d=mm&r=g\",\"caption\":\"andre leconde\"},\"url\":\"https:\/\/blogs.thesocialmedia.com\/leblogmoto\/author\/andre-leconde\/\"}]}<\/script>\n<!-- \/ Yoast SEO plugin. -->","yoast_head_json":{"title":"125 FRANCE: LUTHI \u00e0 la relance - leblogmoto.com","robots":{"index":"index","follow":"follow","max-snippet":"max-snippet:-1","max-image-preview":"max-image-preview:large","max-video-preview":"max-video-preview:-1"},"canonical":"https:\/\/blogs.thesocialmedia.com\/leblogmoto\/2006\/05\/21\/125-france-luth\/","twitter_card":"summary_large_image","twitter_title":"125 FRANCE: LUTHI \u00e0 la relance - leblogmoto.com","twitter_description":"Dernier tour, BAUTISTA semble contr\u00f4ler LUTHI lorsque son APRILIA refuse soudainement toute relance au sortir d&rsquo;une courbe. Le champion suisse \u00e9vite de justesse la chicane mobile et s&rsquo;envole vers le cinqui\u00e8me succ\u00e9s de sa carri\u00e8re, son premier de la saison, comme celui de HONDA dans la cat\u00e9gorie. Derri\u00e8re, KALLIO est heureux de finir second tout [&hellip;]","twitter_image":"http:\/\/www.leblogmoto.com\/images\/29454205.jpg","twitter_misc":{"\u00c9crit par":"andre leconde","Dur\u00e9e de lecture estim\u00e9e":"1 minute"},"schema":{"@context":"https:\/\/schema.org","@graph":[{"@type":"WebPage","@id":"https:\/\/blogs.thesocialmedia.com\/leblogmoto\/2006\/05\/21\/125-france-luth\/","url":"https:\/\/blogs.thesocialmedia.com\/leblogmoto\/2006\/05\/21\/125-france-luth\/","name":"125 FRANCE: LUTHI \u00e0 la relance - leblogmoto.com","isPartOf":{"@id":"https:\/\/blogs.thesocialmedia.com\/leblogmoto\/#website"},"primaryImageOfPage":{"@id":"https:\/\/blogs.thesocialmedia.com\/leblogmoto\/2006\/05\/21\/125-france-luth\/#primaryimage"},"image":{"@id":"https:\/\/blogs.thesocialmedia.com\/leblogmoto\/2006\/05\/21\/125-france-luth\/#primaryimage"},"thumbnailUrl":"http:\/\/www.leblogmoto.com\/images\/29454205.jpg","datePublished":"2006-05-21T20:39:28+00:00","dateModified":"2012-07-11T14:22:53+00:00","author":{"@id":"https:\/\/blogs.thesocialmedia.com\/leblogmoto\/#\/schema\/person\/1a1dcfc7cec206573105eb4af91155c2"},"breadcrumb":{"@id":"https:\/\/blogs.thesocialmedia.com\/leblogmoto\/2006\/05\/21\/125-france-luth\/#breadcrumb"},"inLanguage":"fr-FR","potentialAction":[{"@type":"ReadAction","target":["https:\/\/blogs.thesocialmedia.com\/leblogmoto\/2006\/05\/21\/125-france-luth\/"]}]},{"@type":"ImageObject","inLanguage":"fr-FR","@id":"https:\/\/blogs.thesocialmedia.com\/leblogmoto\/2006\/05\/21\/125-france-luth\/#primaryimage","url":"http:\/\/www.leblogmoto.com\/images\/29454205.jpg","contentUrl":"http:\/\/www.leblogmoto.com\/images\/29454205.jpg"},{"@type":"BreadcrumbList","@id":"https:\/\/blogs.thesocialmedia.com\/leblogmoto\/2006\/05\/21\/125-france-luth\/#breadcrumb","itemListElement":[{"@type":"ListItem","position":1,"name":"Accueil","item":"https:\/\/blogs.thesocialmedia.com\/leblogmoto\/"},{"@type":"ListItem","position":2,"name":"125 FRANCE: LUTHI \u00e0 la relance"}]},{"@type":"WebSite","@id":"https:\/\/blogs.thesocialmedia.com\/leblogmoto\/#website","url":"https:\/\/blogs.thesocialmedia.com\/leblogmoto\/","name":"leblogmoto","description":"Toute l&#039;actualit\u00e9 des 2 roues","potentialAction":[{"@type":"SearchAction","target":{"@type":"EntryPoint","urlTemplate":"https:\/\/blogs.thesocialmedia.com\/leblogmoto\/?s={search_term_string}"},"query-input":{"@type":"PropertyValueSpecification","valueRequired":true,"valueName":"search_term_string"}}],"inLanguage":"fr-FR"},{"@type":"Person","@id":"https:\/\/blogs.thesocialmedia.com\/leblogmoto\/#\/schema\/person\/1a1dcfc7cec206573105eb4af91155c2","name":"andre leconde","image":{"@type":"ImageObject","inLanguage":"fr-FR","@id":"https:\/\/blogs.thesocialmedia.com\/leblogmoto\/#\/schema\/person\/image\/","url":"https:\/\/secure.gravatar.com\/avatar\/?s=96&d=mm&r=g","contentUrl":"https:\/\/secure.gravatar.com\/avatar\/?s=96&d=mm&r=g","caption":"andre leconde"},"url":"https:\/\/blogs.thesocialmedia.com\/leblogmoto\/author\/andre-leconde\/"}]}},"_links":{"self":[{"href":"https:\/\/blogs.thesocialmedia.com\/leblogmoto\/wp-json\/wp\/v2\/posts\/1823","targetHints":{"allow":["GET"]}}],"collection":[{"href":"https:\/\/blogs.thesocialmedia.com\/leblogmoto\/wp-json\/wp\/v2\/posts"}],"about":[{"href":"https:\/\/blogs.thesocialmedia.com\/leblogmoto\/wp-json\/wp\/v2\/types\/post"}],"author":[{"embeddable":true,"href":"https:\/\/blogs.thesocialmedia.com\/leblogmoto\/wp-json\/wp\/v2\/users\/336"}],"replies":[{"embeddable":true,"href":"https:\/\/blogs.thesocialmedia.com\/leblogmoto\/wp-json\/wp\/v2\/comments?post=1823"}],"version-history":[{"count":2,"href":"https:\/\/blogs.thesocialmedia.com\/leblogmoto\/wp-json\/wp\/v2\/posts\/1823\/revisions"}],"predecessor-version":[{"id":7496,"href":"https:\/\/blogs.thesocialmedia.com\/leblogmoto\/wp-json\/wp\/v2\/posts\/1823\/revisions\/7496"}],"wp:attachment":[{"href":"https:\/\/blogs.thesocialmedia.com\/leblogmoto\/wp-json\/wp\/v2\/media?parent=1823"}],"wp:term":[{"taxonomy":"category","embeddable":true,"href":"https:\/\/blogs.thesocialmedia.com\/leblogmoto\/wp-json\/wp\/v2\/categories?post=1823"},{"taxonomy":"post_tag","embeddable":true,"href":"https:\/\/blogs.thesocialmedia.com\/leblogmoto\/wp-json\/wp\/v2\/tags?post=1823"}],"curies":[{"name":"wp","href":"https:\/\/api.w.org\/{rel}","templated":true}]}}