{"id":1824,"date":"2006-05-21T00:45:37","date_gmt":"2006-05-21T00:45:37","guid":{"rendered":"http:\/\/blogs.thesocialmedia.com\/leblogmoto\/2006\/05\/21\/125250-france-q\/"},"modified":"2012-07-11T14:22:51","modified_gmt":"2012-07-11T14:22:51","slug":"125250-france-q","status":"publish","type":"post","link":"https:\/\/blogs.thesocialmedia.com\/leblogmoto\/2006\/05\/21\/125250-france-q\/","title":{"rendered":"125-250 FRANCE: Qualifs: Les poles italiennes"},"content":{"rendered":"<p><a href=\"http:\/\/blogs.thesocialmedia.com\/leblogmoto\/files\/2012\/07\/andreadovi.jpg\"><img loading=\"lazy\" decoding=\"async\" height=\"206\" alt=\"Andreadovi\" src=\"http:\/\/www.leblogmoto.com\/images\/andreadovi.jpg\" width=\"250\"  \/><\/a>Le match virtuel <strong>Espagne-Italie<\/strong> en cours sur les GP a cette fois tourn\u00e9 en faveur de l&rsquo;Italie pour ce qui est des qualifs des cylindr\u00e9es interm\u00e9diaires, celle de la <a href=\"http:\/\/www.leblogmoto.com\/2006\/05\/motogp_france_q.html\">cat\u00e9gorie reine<\/a> ayant \u00e9t\u00e9 enlev\u00e9e par un ib\u00e8re.<\/p>\n<p><strong>DOVIZIOSO<\/strong> en 250 et <a href=\"http:\/\/www.leblogmoto.com\/2006\/03\/125_pasini_prem.html\">PASINI<\/a> en 125 partiront ainsi en position de pointe. Pour l&rsquo;un, c&rsquo;est le signal que <strong>HONDA<\/strong> r\u00e9agit \u00e0 l&rsquo;offensive APRILIA qui voit son poulain <a href=\"http:\/\/www.leblogmoto.com\/2006\/05\/250_chine_balle.html\">LORENZO<\/a> continuer \u00e0 battre en retraite. Pour l&rsquo;autre, c&rsquo;est un accessit, le leader du championnat <a href=\"http:\/\/www.leblogmoto.com\/2006\/04\/qatar_125_bauti.html\">BAUTISTA<\/a>, le marquant de tr\u00e8s pr\u00e9s, avec la m\u00eame machine&#8230; <\/p>\n<p><a href=\"http:\/\/clabedan.typepad.com\/.shared\/image.html?\/photos\/uncategorized\/mattiapasini1.jpg\"><img loading=\"lazy\" decoding=\"async\" height=\"191\" alt=\"Mattiapasini1\" src=\"http:\/\/www.leblogmoto.com\/images\/mattiapasini1.jpg\" width=\"250\"  \/><\/a>En 250, LORENZO a \u00e9t\u00e9 une fois encore domin\u00e9 par son \u00e9quipier <strong>BARBERA<\/strong>. Troisi\u00e8me c&rsquo;est lui, avec <strong>DE ANGELIS<\/strong>, deuxi\u00e8me, qui a donn\u00e9 la r\u00e9plique au leader du championnat, toujours \u00e0 la recherche de son premier succ\u00e8s de l&rsquo;ann\u00e9e. L&rsquo;autre HONDA, celle de <strong>TAKAHASHI<\/strong> ferme la premi\u00e8re ligne. <strong>LORENZO<\/strong> est loin, huiti\u00e8me. <strong>GUINTOLI <\/strong>est douzi\u00e8me, <strong>CLUZEL<\/strong> vingt et uni\u00e8me juste devant <strong>VINCENT<\/strong>. <a href=\"http:\/\/www.leblogmoto.com\/2006\/05\/gp_de_france_le.html\">SCACCIA<\/a>, wild-card pour l&rsquo;occasion, ne s&rsquo;est pas qualifi\u00e9.<\/p>\n<p>Pour la 125, BAUTISTA est \u00e0 l&rsquo;affut, \u00e0 la deuxi\u00e8me position derri\u00e8re son \u00e9quipier PASINI. Son poursuivant <a href=\"http:\/\/www.leblogmoto.com\/2006\/05\/125_chine_kalli.html\">KALLIO<\/a> est seulement sixi\u00e8me, LUTHI neuvi\u00e8me. D\u00e9ception c\u00f4t\u00e9 Fran\u00e7ais: <strong>DI MEGLIO<\/strong> est isol\u00e9 en seizi\u00e8me position, <strong>MASBOU<\/strong> anonyme trente troisi\u00e8me. <a href=\"http:\/\/www.leblogmoto.com\/2006\/05\/gp_de_france_le.html\">DUNIKOWSKI<\/a> a r\u00e9ussi \u00e0 se qualifier.<\/p>\n<p>Demain est un autre jour, surtout s&rsquo;il pleut. <\/p>\n","protected":false},"excerpt":{"rendered":"<p>Le match virtuel Espagne-Italie en cours sur les GP a cette fois tourn\u00e9 en faveur de l&rsquo;Italie pour ce qui est des qualifs des cylindr\u00e9es interm\u00e9diaires, celle de la cat\u00e9gorie reine ayant \u00e9t\u00e9 enlev\u00e9e par un ib\u00e8re. DOVIZIOSO en 250 et PASINI en 125 partiront ainsi en position de pointe. Pour l&rsquo;un, c&rsquo;est le signal [&hellip;]<\/p>\n","protected":false},"author":336,"featured_media":0,"comment_status":"open","ping_status":"open","sticky":false,"template":"","format":"standard","meta":{"footnotes":""},"categories":[22,32],"tags":[],"class_list":["post-1824","post","type-post","status-publish","format-standard","hentry","category-motogp","category-sport-moto"],"yoast_head":"<!-- This site is optimized with the Yoast SEO plugin v26.0 - https:\/\/yoast.com\/wordpress\/plugins\/seo\/ -->\n<title>125-250 FRANCE: Qualifs: Les poles italiennes - leblogmoto.com<\/title>\n<meta name=\"robots\" content=\"index, follow, max-snippet:-1, max-image-preview:large, max-video-preview:-1\" \/>\n<link rel=\"canonical\" href=\"https:\/\/blogs.thesocialmedia.com\/leblogmoto\/2006\/05\/21\/125250-france-q\/\" \/>\n<meta name=\"twitter:card\" content=\"summary_large_image\" \/>\n<meta name=\"twitter:title\" content=\"125-250 FRANCE: Qualifs: Les poles italiennes - leblogmoto.com\" \/>\n<meta name=\"twitter:description\" content=\"Le match virtuel Espagne-Italie en cours sur les GP a cette fois tourn\u00e9 en faveur de l&rsquo;Italie pour ce qui est des qualifs des cylindr\u00e9es interm\u00e9diaires, celle de la cat\u00e9gorie reine ayant \u00e9t\u00e9 enlev\u00e9e par un ib\u00e8re. DOVIZIOSO en 250 et PASINI en 125 partiront ainsi en position de pointe. Pour l&rsquo;un, c&rsquo;est le signal [&hellip;]\" \/>\n<meta name=\"twitter:image\" content=\"http:\/\/www.leblogmoto.com\/images\/andreadovi.jpg\" \/>\n<meta name=\"twitter:label1\" content=\"\u00c9crit par\" \/>\n\t<meta name=\"twitter:data1\" content=\"andre leconde\" \/>\n\t<meta name=\"twitter:label2\" content=\"Dur\u00e9e de lecture estim\u00e9e\" \/>\n\t<meta name=\"twitter:data2\" content=\"1 minute\" \/>\n<script type=\"application\/ld+json\" class=\"yoast-schema-graph\">{\"@context\":\"https:\/\/schema.org\",\"@graph\":[{\"@type\":\"WebPage\",\"@id\":\"https:\/\/blogs.thesocialmedia.com\/leblogmoto\/2006\/05\/21\/125250-france-q\/\",\"url\":\"https:\/\/blogs.thesocialmedia.com\/leblogmoto\/2006\/05\/21\/125250-france-q\/\",\"name\":\"125-250 FRANCE: Qualifs: Les poles italiennes - leblogmoto.com\",\"isPartOf\":{\"@id\":\"https:\/\/blogs.thesocialmedia.com\/leblogmoto\/#website\"},\"primaryImageOfPage\":{\"@id\":\"https:\/\/blogs.thesocialmedia.com\/leblogmoto\/2006\/05\/21\/125250-france-q\/#primaryimage\"},\"image\":{\"@id\":\"https:\/\/blogs.thesocialmedia.com\/leblogmoto\/2006\/05\/21\/125250-france-q\/#primaryimage\"},\"thumbnailUrl\":\"http:\/\/www.leblogmoto.com\/images\/andreadovi.jpg\",\"datePublished\":\"2006-05-21T00:45:37+00:00\",\"dateModified\":\"2012-07-11T14:22:51+00:00\",\"author\":{\"@id\":\"https:\/\/blogs.thesocialmedia.com\/leblogmoto\/#\/schema\/person\/1a1dcfc7cec206573105eb4af91155c2\"},\"breadcrumb\":{\"@id\":\"https:\/\/blogs.thesocialmedia.com\/leblogmoto\/2006\/05\/21\/125250-france-q\/#breadcrumb\"},\"inLanguage\":\"fr-FR\",\"potentialAction\":[{\"@type\":\"ReadAction\",\"target\":[\"https:\/\/blogs.thesocialmedia.com\/leblogmoto\/2006\/05\/21\/125250-france-q\/\"]}]},{\"@type\":\"ImageObject\",\"inLanguage\":\"fr-FR\",\"@id\":\"https:\/\/blogs.thesocialmedia.com\/leblogmoto\/2006\/05\/21\/125250-france-q\/#primaryimage\",\"url\":\"http:\/\/www.leblogmoto.com\/images\/andreadovi.jpg\",\"contentUrl\":\"http:\/\/www.leblogmoto.com\/images\/andreadovi.jpg\"},{\"@type\":\"BreadcrumbList\",\"@id\":\"https:\/\/blogs.thesocialmedia.com\/leblogmoto\/2006\/05\/21\/125250-france-q\/#breadcrumb\",\"itemListElement\":[{\"@type\":\"ListItem\",\"position\":1,\"name\":\"Accueil\",\"item\":\"https:\/\/blogs.thesocialmedia.com\/leblogmoto\/\"},{\"@type\":\"ListItem\",\"position\":2,\"name\":\"125-250 FRANCE: Qualifs: Les poles italiennes\"}]},{\"@type\":\"WebSite\",\"@id\":\"https:\/\/blogs.thesocialmedia.com\/leblogmoto\/#website\",\"url\":\"https:\/\/blogs.thesocialmedia.com\/leblogmoto\/\",\"name\":\"leblogmoto\",\"description\":\"Toute l&#039;actualit\u00e9 des 2 roues\",\"potentialAction\":[{\"@type\":\"SearchAction\",\"target\":{\"@type\":\"EntryPoint\",\"urlTemplate\":\"https:\/\/blogs.thesocialmedia.com\/leblogmoto\/?s={search_term_string}\"},\"query-input\":{\"@type\":\"PropertyValueSpecification\",\"valueRequired\":true,\"valueName\":\"search_term_string\"}}],\"inLanguage\":\"fr-FR\"},{\"@type\":\"Person\",\"@id\":\"https:\/\/blogs.thesocialmedia.com\/leblogmoto\/#\/schema\/person\/1a1dcfc7cec206573105eb4af91155c2\",\"name\":\"andre leconde\",\"image\":{\"@type\":\"ImageObject\",\"inLanguage\":\"fr-FR\",\"@id\":\"https:\/\/blogs.thesocialmedia.com\/leblogmoto\/#\/schema\/person\/image\/\",\"url\":\"https:\/\/secure.gravatar.com\/avatar\/?s=96&d=mm&r=g\",\"contentUrl\":\"https:\/\/secure.gravatar.com\/avatar\/?s=96&d=mm&r=g\",\"caption\":\"andre leconde\"},\"url\":\"https:\/\/blogs.thesocialmedia.com\/leblogmoto\/author\/andre-leconde\/\"}]}<\/script>\n<!-- \/ Yoast SEO plugin. -->","yoast_head_json":{"title":"125-250 FRANCE: Qualifs: Les poles italiennes - leblogmoto.com","robots":{"index":"index","follow":"follow","max-snippet":"max-snippet:-1","max-image-preview":"max-image-preview:large","max-video-preview":"max-video-preview:-1"},"canonical":"https:\/\/blogs.thesocialmedia.com\/leblogmoto\/2006\/05\/21\/125250-france-q\/","twitter_card":"summary_large_image","twitter_title":"125-250 FRANCE: Qualifs: Les poles italiennes - leblogmoto.com","twitter_description":"Le match virtuel Espagne-Italie en cours sur les GP a cette fois tourn\u00e9 en faveur de l&rsquo;Italie pour ce qui est des qualifs des cylindr\u00e9es interm\u00e9diaires, celle de la cat\u00e9gorie reine ayant \u00e9t\u00e9 enlev\u00e9e par un ib\u00e8re. DOVIZIOSO en 250 et PASINI en 125 partiront ainsi en position de pointe. Pour l&rsquo;un, c&rsquo;est le signal [&hellip;]","twitter_image":"http:\/\/www.leblogmoto.com\/images\/andreadovi.jpg","twitter_misc":{"\u00c9crit par":"andre leconde","Dur\u00e9e de lecture estim\u00e9e":"1 minute"},"schema":{"@context":"https:\/\/schema.org","@graph":[{"@type":"WebPage","@id":"https:\/\/blogs.thesocialmedia.com\/leblogmoto\/2006\/05\/21\/125250-france-q\/","url":"https:\/\/blogs.thesocialmedia.com\/leblogmoto\/2006\/05\/21\/125250-france-q\/","name":"125-250 FRANCE: Qualifs: Les poles italiennes - leblogmoto.com","isPartOf":{"@id":"https:\/\/blogs.thesocialmedia.com\/leblogmoto\/#website"},"primaryImageOfPage":{"@id":"https:\/\/blogs.thesocialmedia.com\/leblogmoto\/2006\/05\/21\/125250-france-q\/#primaryimage"},"image":{"@id":"https:\/\/blogs.thesocialmedia.com\/leblogmoto\/2006\/05\/21\/125250-france-q\/#primaryimage"},"thumbnailUrl":"http:\/\/www.leblogmoto.com\/images\/andreadovi.jpg","datePublished":"2006-05-21T00:45:37+00:00","dateModified":"2012-07-11T14:22:51+00:00","author":{"@id":"https:\/\/blogs.thesocialmedia.com\/leblogmoto\/#\/schema\/person\/1a1dcfc7cec206573105eb4af91155c2"},"breadcrumb":{"@id":"https:\/\/blogs.thesocialmedia.com\/leblogmoto\/2006\/05\/21\/125250-france-q\/#breadcrumb"},"inLanguage":"fr-FR","potentialAction":[{"@type":"ReadAction","target":["https:\/\/blogs.thesocialmedia.com\/leblogmoto\/2006\/05\/21\/125250-france-q\/"]}]},{"@type":"ImageObject","inLanguage":"fr-FR","@id":"https:\/\/blogs.thesocialmedia.com\/leblogmoto\/2006\/05\/21\/125250-france-q\/#primaryimage","url":"http:\/\/www.leblogmoto.com\/images\/andreadovi.jpg","contentUrl":"http:\/\/www.leblogmoto.com\/images\/andreadovi.jpg"},{"@type":"BreadcrumbList","@id":"https:\/\/blogs.thesocialmedia.com\/leblogmoto\/2006\/05\/21\/125250-france-q\/#breadcrumb","itemListElement":[{"@type":"ListItem","position":1,"name":"Accueil","item":"https:\/\/blogs.thesocialmedia.com\/leblogmoto\/"},{"@type":"ListItem","position":2,"name":"125-250 FRANCE: Qualifs: Les poles italiennes"}]},{"@type":"WebSite","@id":"https:\/\/blogs.thesocialmedia.com\/leblogmoto\/#website","url":"https:\/\/blogs.thesocialmedia.com\/leblogmoto\/","name":"leblogmoto","description":"Toute l&#039;actualit\u00e9 des 2 roues","potentialAction":[{"@type":"SearchAction","target":{"@type":"EntryPoint","urlTemplate":"https:\/\/blogs.thesocialmedia.com\/leblogmoto\/?s={search_term_string}"},"query-input":{"@type":"PropertyValueSpecification","valueRequired":true,"valueName":"search_term_string"}}],"inLanguage":"fr-FR"},{"@type":"Person","@id":"https:\/\/blogs.thesocialmedia.com\/leblogmoto\/#\/schema\/person\/1a1dcfc7cec206573105eb4af91155c2","name":"andre leconde","image":{"@type":"ImageObject","inLanguage":"fr-FR","@id":"https:\/\/blogs.thesocialmedia.com\/leblogmoto\/#\/schema\/person\/image\/","url":"https:\/\/secure.gravatar.com\/avatar\/?s=96&d=mm&r=g","contentUrl":"https:\/\/secure.gravatar.com\/avatar\/?s=96&d=mm&r=g","caption":"andre leconde"},"url":"https:\/\/blogs.thesocialmedia.com\/leblogmoto\/author\/andre-leconde\/"}]}},"_links":{"self":[{"href":"https:\/\/blogs.thesocialmedia.com\/leblogmoto\/wp-json\/wp\/v2\/posts\/1824","targetHints":{"allow":["GET"]}}],"collection":[{"href":"https:\/\/blogs.thesocialmedia.com\/leblogmoto\/wp-json\/wp\/v2\/posts"}],"about":[{"href":"https:\/\/blogs.thesocialmedia.com\/leblogmoto\/wp-json\/wp\/v2\/types\/post"}],"author":[{"embeddable":true,"href":"https:\/\/blogs.thesocialmedia.com\/leblogmoto\/wp-json\/wp\/v2\/users\/336"}],"replies":[{"embeddable":true,"href":"https:\/\/blogs.thesocialmedia.com\/leblogmoto\/wp-json\/wp\/v2\/comments?post=1824"}],"version-history":[{"count":2,"href":"https:\/\/blogs.thesocialmedia.com\/leblogmoto\/wp-json\/wp\/v2\/posts\/1824\/revisions"}],"predecessor-version":[{"id":7494,"href":"https:\/\/blogs.thesocialmedia.com\/leblogmoto\/wp-json\/wp\/v2\/posts\/1824\/revisions\/7494"}],"wp:attachment":[{"href":"https:\/\/blogs.thesocialmedia.com\/leblogmoto\/wp-json\/wp\/v2\/media?parent=1824"}],"wp:term":[{"taxonomy":"category","embeddable":true,"href":"https:\/\/blogs.thesocialmedia.com\/leblogmoto\/wp-json\/wp\/v2\/categories?post=1824"},{"taxonomy":"post_tag","embeddable":true,"href":"https:\/\/blogs.thesocialmedia.com\/leblogmoto\/wp-json\/wp\/v2\/tags?post=1824"}],"curies":[{"name":"wp","href":"https:\/\/api.w.org\/{rel}","templated":true}]}}