{"id":1825,"date":"2006-05-21T00:07:29","date_gmt":"2006-05-21T00:07:29","guid":{"rendered":"http:\/\/blogs.thesocialmedia.com\/leblogmoto\/2006\/05\/21\/motogp-france-q\/"},"modified":"2012-07-11T14:22:50","modified_gmt":"2012-07-11T14:22:50","slug":"motogp-france-q","status":"publish","type":"post","link":"https:\/\/blogs.thesocialmedia.com\/leblogmoto\/2006\/05\/21\/motogp-france-q\/","title":{"rendered":"MOTOGP FRANCE: Qualif: PEDROSA en patron"},"content":{"rendered":"<p><a href=\"http:\/\/blogs.thesocialmedia.com\/leblogmoto\/files\/2012\/07\/ml4_1765.jpg\"><img loading=\"lazy\" decoding=\"async\" height=\"166\" alt=\"Ml4_1765\" src=\"http:\/\/www.leblogmoto.com\/images\/ml4_1765.jpg\" width=\"250\"  \/><\/a>Il s&rsquo;est fait oublier quasiment toute la s\u00e9ance avant de surgir tel un diable de sa boite dans les derniers instants.<\/p>\n<p>Il assomm\u00e9 le plateau avec un chrono d&rsquo;<strong>1&rsquo;33 990<\/strong>, soit le seul temps en dessous des 1&rsquo;34. Il a rel\u00e9gu\u00e9 son \u00e9quipier <strong>HAYDEN<\/strong>, leader du championnat, <strong>dixi\u00e8me \u00e0 une seconde<\/strong>. Plus de doute, <a href=\"http:\/\/www.leblogmoto.com\/2006\/05\/motogp_chine_pe.html\">le petit espagnol<\/a> n&rsquo;est pas venu en MotoGP pour faire de la figuration. Il veut jouer le titre, d\u00e8s cette ann\u00e9e&#8230;&nbsp; <\/p>\n<p><a href=\"http:\/\/clabedan.typepad.com\/.shared\/image.html?\/photos\/uncategorized\/ml4_9192.jpg\"><img loading=\"lazy\" decoding=\"async\" height=\"376\" alt=\"Ml4_9192\" src=\"http:\/\/www.leblogmoto.com\/images\/ml4_9192.jpg\" width=\"250\"  \/><\/a>Derri\u00e8re, <strong>NAKANO<\/strong> et <strong>HOPKINS<\/strong> suivent tandis de <strong>Randy est quatri\u00e8me<\/strong> devant <strong>MELANDRI<\/strong> et <strong>CAPIREX<\/strong>. C\u00f4t\u00e9 <a href=\"http:\/\/www.leblogmoto.com\/2006\/05\/motogp_yamaha_l.html\">YAMAHA<\/a>, \u00e7a va mieux, mais le nouveau ch\u00e2ssis, s&rsquo;il permet de revenir dans le rythme, n&rsquo;est pas une botte secr\u00e8te. <\/p>\n<p>La course sera d\u00e9terminante et fixera <strong>ROSSI septi\u00e8me<\/strong> et <strong>EDWARDS neuvi\u00e8me<\/strong> sur leur sort pour la suite des \u00e9v\u00e9nements. Reste que la qualif est un exercice \u00e0 haut grip, ce que n&rsquo;aime pas, pr\u00e9cis\u00e9ment, la M1. En fin de GP, avec les pneus us\u00e9s, l&rsquo;\u00e9chelle des valeurs peut s&rsquo;inverser.<\/p>\n<p>Et quitte \u00e0 parler de renversement, autant parler de la m\u00e9t\u00e9o, qui pr\u00e9voit de <strong>la pluie<\/strong> pour demain. <\/p>\n<p>Ce qui donne le sourir aux clients <strong>BRIDGESTONE<\/strong>, dont fait parti <strong>DE PUNIET<\/strong>&#8230; <\/p>\n","protected":false},"excerpt":{"rendered":"<p>Il s&rsquo;est fait oublier quasiment toute la s\u00e9ance avant de surgir tel un diable de sa boite dans les derniers instants. Il assomm\u00e9 le plateau avec un chrono d&rsquo;1&rsquo;33 990, soit le seul temps en dessous des 1&rsquo;34. Il a rel\u00e9gu\u00e9 son \u00e9quipier HAYDEN, leader du championnat, dixi\u00e8me \u00e0 une seconde. Plus de doute, le [&hellip;]<\/p>\n","protected":false},"author":336,"featured_media":0,"comment_status":"open","ping_status":"open","sticky":false,"template":"","format":"standard","meta":{"footnotes":""},"categories":[22,32],"tags":[],"class_list":["post-1825","post","type-post","status-publish","format-standard","hentry","category-motogp","category-sport-moto"],"yoast_head":"<!-- This site is optimized with the Yoast SEO plugin v26.0 - https:\/\/yoast.com\/wordpress\/plugins\/seo\/ -->\n<title>MOTOGP FRANCE: Qualif: PEDROSA en patron - leblogmoto.com<\/title>\n<meta name=\"robots\" content=\"index, follow, max-snippet:-1, max-image-preview:large, max-video-preview:-1\" \/>\n<link rel=\"canonical\" href=\"https:\/\/blogs.thesocialmedia.com\/leblogmoto\/2006\/05\/21\/motogp-france-q\/\" \/>\n<meta name=\"twitter:card\" content=\"summary_large_image\" \/>\n<meta name=\"twitter:title\" content=\"MOTOGP FRANCE: Qualif: PEDROSA en patron - leblogmoto.com\" \/>\n<meta name=\"twitter:description\" content=\"Il s&rsquo;est fait oublier quasiment toute la s\u00e9ance avant de surgir tel un diable de sa boite dans les derniers instants. Il assomm\u00e9 le plateau avec un chrono d&rsquo;1&rsquo;33 990, soit le seul temps en dessous des 1&rsquo;34. Il a rel\u00e9gu\u00e9 son \u00e9quipier HAYDEN, leader du championnat, dixi\u00e8me \u00e0 une seconde. Plus de doute, le [&hellip;]\" \/>\n<meta name=\"twitter:image\" content=\"http:\/\/www.leblogmoto.com\/images\/ml4_1765.jpg\" \/>\n<meta name=\"twitter:label1\" content=\"\u00c9crit par\" \/>\n\t<meta name=\"twitter:data1\" content=\"andre leconde\" \/>\n\t<meta name=\"twitter:label2\" content=\"Dur\u00e9e de lecture estim\u00e9e\" \/>\n\t<meta name=\"twitter:data2\" content=\"1 minute\" \/>\n<script type=\"application\/ld+json\" class=\"yoast-schema-graph\">{\"@context\":\"https:\/\/schema.org\",\"@graph\":[{\"@type\":\"WebPage\",\"@id\":\"https:\/\/blogs.thesocialmedia.com\/leblogmoto\/2006\/05\/21\/motogp-france-q\/\",\"url\":\"https:\/\/blogs.thesocialmedia.com\/leblogmoto\/2006\/05\/21\/motogp-france-q\/\",\"name\":\"MOTOGP FRANCE: Qualif: PEDROSA en patron - leblogmoto.com\",\"isPartOf\":{\"@id\":\"https:\/\/blogs.thesocialmedia.com\/leblogmoto\/#website\"},\"primaryImageOfPage\":{\"@id\":\"https:\/\/blogs.thesocialmedia.com\/leblogmoto\/2006\/05\/21\/motogp-france-q\/#primaryimage\"},\"image\":{\"@id\":\"https:\/\/blogs.thesocialmedia.com\/leblogmoto\/2006\/05\/21\/motogp-france-q\/#primaryimage\"},\"thumbnailUrl\":\"http:\/\/www.leblogmoto.com\/images\/ml4_1765.jpg\",\"datePublished\":\"2006-05-21T00:07:29+00:00\",\"dateModified\":\"2012-07-11T14:22:50+00:00\",\"author\":{\"@id\":\"https:\/\/blogs.thesocialmedia.com\/leblogmoto\/#\/schema\/person\/1a1dcfc7cec206573105eb4af91155c2\"},\"breadcrumb\":{\"@id\":\"https:\/\/blogs.thesocialmedia.com\/leblogmoto\/2006\/05\/21\/motogp-france-q\/#breadcrumb\"},\"inLanguage\":\"fr-FR\",\"potentialAction\":[{\"@type\":\"ReadAction\",\"target\":[\"https:\/\/blogs.thesocialmedia.com\/leblogmoto\/2006\/05\/21\/motogp-france-q\/\"]}]},{\"@type\":\"ImageObject\",\"inLanguage\":\"fr-FR\",\"@id\":\"https:\/\/blogs.thesocialmedia.com\/leblogmoto\/2006\/05\/21\/motogp-france-q\/#primaryimage\",\"url\":\"http:\/\/www.leblogmoto.com\/images\/ml4_1765.jpg\",\"contentUrl\":\"http:\/\/www.leblogmoto.com\/images\/ml4_1765.jpg\"},{\"@type\":\"BreadcrumbList\",\"@id\":\"https:\/\/blogs.thesocialmedia.com\/leblogmoto\/2006\/05\/21\/motogp-france-q\/#breadcrumb\",\"itemListElement\":[{\"@type\":\"ListItem\",\"position\":1,\"name\":\"Accueil\",\"item\":\"https:\/\/blogs.thesocialmedia.com\/leblogmoto\/\"},{\"@type\":\"ListItem\",\"position\":2,\"name\":\"MOTOGP FRANCE: Qualif: PEDROSA en patron\"}]},{\"@type\":\"WebSite\",\"@id\":\"https:\/\/blogs.thesocialmedia.com\/leblogmoto\/#website\",\"url\":\"https:\/\/blogs.thesocialmedia.com\/leblogmoto\/\",\"name\":\"leblogmoto\",\"description\":\"Toute l&#039;actualit\u00e9 des 2 roues\",\"potentialAction\":[{\"@type\":\"SearchAction\",\"target\":{\"@type\":\"EntryPoint\",\"urlTemplate\":\"https:\/\/blogs.thesocialmedia.com\/leblogmoto\/?s={search_term_string}\"},\"query-input\":{\"@type\":\"PropertyValueSpecification\",\"valueRequired\":true,\"valueName\":\"search_term_string\"}}],\"inLanguage\":\"fr-FR\"},{\"@type\":\"Person\",\"@id\":\"https:\/\/blogs.thesocialmedia.com\/leblogmoto\/#\/schema\/person\/1a1dcfc7cec206573105eb4af91155c2\",\"name\":\"andre leconde\",\"image\":{\"@type\":\"ImageObject\",\"inLanguage\":\"fr-FR\",\"@id\":\"https:\/\/blogs.thesocialmedia.com\/leblogmoto\/#\/schema\/person\/image\/\",\"url\":\"https:\/\/secure.gravatar.com\/avatar\/?s=96&d=mm&r=g\",\"contentUrl\":\"https:\/\/secure.gravatar.com\/avatar\/?s=96&d=mm&r=g\",\"caption\":\"andre leconde\"},\"url\":\"https:\/\/blogs.thesocialmedia.com\/leblogmoto\/author\/andre-leconde\/\"}]}<\/script>\n<!-- \/ Yoast SEO plugin. -->","yoast_head_json":{"title":"MOTOGP FRANCE: Qualif: PEDROSA en patron - leblogmoto.com","robots":{"index":"index","follow":"follow","max-snippet":"max-snippet:-1","max-image-preview":"max-image-preview:large","max-video-preview":"max-video-preview:-1"},"canonical":"https:\/\/blogs.thesocialmedia.com\/leblogmoto\/2006\/05\/21\/motogp-france-q\/","twitter_card":"summary_large_image","twitter_title":"MOTOGP FRANCE: Qualif: PEDROSA en patron - leblogmoto.com","twitter_description":"Il s&rsquo;est fait oublier quasiment toute la s\u00e9ance avant de surgir tel un diable de sa boite dans les derniers instants. Il assomm\u00e9 le plateau avec un chrono d&rsquo;1&rsquo;33 990, soit le seul temps en dessous des 1&rsquo;34. Il a rel\u00e9gu\u00e9 son \u00e9quipier HAYDEN, leader du championnat, dixi\u00e8me \u00e0 une seconde. Plus de doute, le [&hellip;]","twitter_image":"http:\/\/www.leblogmoto.com\/images\/ml4_1765.jpg","twitter_misc":{"\u00c9crit par":"andre leconde","Dur\u00e9e de lecture estim\u00e9e":"1 minute"},"schema":{"@context":"https:\/\/schema.org","@graph":[{"@type":"WebPage","@id":"https:\/\/blogs.thesocialmedia.com\/leblogmoto\/2006\/05\/21\/motogp-france-q\/","url":"https:\/\/blogs.thesocialmedia.com\/leblogmoto\/2006\/05\/21\/motogp-france-q\/","name":"MOTOGP FRANCE: Qualif: PEDROSA en patron - leblogmoto.com","isPartOf":{"@id":"https:\/\/blogs.thesocialmedia.com\/leblogmoto\/#website"},"primaryImageOfPage":{"@id":"https:\/\/blogs.thesocialmedia.com\/leblogmoto\/2006\/05\/21\/motogp-france-q\/#primaryimage"},"image":{"@id":"https:\/\/blogs.thesocialmedia.com\/leblogmoto\/2006\/05\/21\/motogp-france-q\/#primaryimage"},"thumbnailUrl":"http:\/\/www.leblogmoto.com\/images\/ml4_1765.jpg","datePublished":"2006-05-21T00:07:29+00:00","dateModified":"2012-07-11T14:22:50+00:00","author":{"@id":"https:\/\/blogs.thesocialmedia.com\/leblogmoto\/#\/schema\/person\/1a1dcfc7cec206573105eb4af91155c2"},"breadcrumb":{"@id":"https:\/\/blogs.thesocialmedia.com\/leblogmoto\/2006\/05\/21\/motogp-france-q\/#breadcrumb"},"inLanguage":"fr-FR","potentialAction":[{"@type":"ReadAction","target":["https:\/\/blogs.thesocialmedia.com\/leblogmoto\/2006\/05\/21\/motogp-france-q\/"]}]},{"@type":"ImageObject","inLanguage":"fr-FR","@id":"https:\/\/blogs.thesocialmedia.com\/leblogmoto\/2006\/05\/21\/motogp-france-q\/#primaryimage","url":"http:\/\/www.leblogmoto.com\/images\/ml4_1765.jpg","contentUrl":"http:\/\/www.leblogmoto.com\/images\/ml4_1765.jpg"},{"@type":"BreadcrumbList","@id":"https:\/\/blogs.thesocialmedia.com\/leblogmoto\/2006\/05\/21\/motogp-france-q\/#breadcrumb","itemListElement":[{"@type":"ListItem","position":1,"name":"Accueil","item":"https:\/\/blogs.thesocialmedia.com\/leblogmoto\/"},{"@type":"ListItem","position":2,"name":"MOTOGP FRANCE: Qualif: PEDROSA en patron"}]},{"@type":"WebSite","@id":"https:\/\/blogs.thesocialmedia.com\/leblogmoto\/#website","url":"https:\/\/blogs.thesocialmedia.com\/leblogmoto\/","name":"leblogmoto","description":"Toute l&#039;actualit\u00e9 des 2 roues","potentialAction":[{"@type":"SearchAction","target":{"@type":"EntryPoint","urlTemplate":"https:\/\/blogs.thesocialmedia.com\/leblogmoto\/?s={search_term_string}"},"query-input":{"@type":"PropertyValueSpecification","valueRequired":true,"valueName":"search_term_string"}}],"inLanguage":"fr-FR"},{"@type":"Person","@id":"https:\/\/blogs.thesocialmedia.com\/leblogmoto\/#\/schema\/person\/1a1dcfc7cec206573105eb4af91155c2","name":"andre leconde","image":{"@type":"ImageObject","inLanguage":"fr-FR","@id":"https:\/\/blogs.thesocialmedia.com\/leblogmoto\/#\/schema\/person\/image\/","url":"https:\/\/secure.gravatar.com\/avatar\/?s=96&d=mm&r=g","contentUrl":"https:\/\/secure.gravatar.com\/avatar\/?s=96&d=mm&r=g","caption":"andre leconde"},"url":"https:\/\/blogs.thesocialmedia.com\/leblogmoto\/author\/andre-leconde\/"}]}},"_links":{"self":[{"href":"https:\/\/blogs.thesocialmedia.com\/leblogmoto\/wp-json\/wp\/v2\/posts\/1825","targetHints":{"allow":["GET"]}}],"collection":[{"href":"https:\/\/blogs.thesocialmedia.com\/leblogmoto\/wp-json\/wp\/v2\/posts"}],"about":[{"href":"https:\/\/blogs.thesocialmedia.com\/leblogmoto\/wp-json\/wp\/v2\/types\/post"}],"author":[{"embeddable":true,"href":"https:\/\/blogs.thesocialmedia.com\/leblogmoto\/wp-json\/wp\/v2\/users\/336"}],"replies":[{"embeddable":true,"href":"https:\/\/blogs.thesocialmedia.com\/leblogmoto\/wp-json\/wp\/v2\/comments?post=1825"}],"version-history":[{"count":2,"href":"https:\/\/blogs.thesocialmedia.com\/leblogmoto\/wp-json\/wp\/v2\/posts\/1825\/revisions"}],"predecessor-version":[{"id":7492,"href":"https:\/\/blogs.thesocialmedia.com\/leblogmoto\/wp-json\/wp\/v2\/posts\/1825\/revisions\/7492"}],"wp:attachment":[{"href":"https:\/\/blogs.thesocialmedia.com\/leblogmoto\/wp-json\/wp\/v2\/media?parent=1825"}],"wp:term":[{"taxonomy":"category","embeddable":true,"href":"https:\/\/blogs.thesocialmedia.com\/leblogmoto\/wp-json\/wp\/v2\/categories?post=1825"},{"taxonomy":"post_tag","embeddable":true,"href":"https:\/\/blogs.thesocialmedia.com\/leblogmoto\/wp-json\/wp\/v2\/tags?post=1825"}],"curies":[{"name":"wp","href":"https:\/\/api.w.org\/{rel}","templated":true}]}}