{"id":1827,"date":"2006-05-19T00:10:17","date_gmt":"2006-05-19T00:10:17","guid":{"rendered":"http:\/\/blogs.thesocialmedia.com\/leblogmoto\/2006\/05\/19\/motogp-yamaha-l\/"},"modified":"2012-07-11T14:22:46","modified_gmt":"2012-07-11T14:22:46","slug":"motogp-yamaha-l","status":"publish","type":"post","link":"https:\/\/blogs.thesocialmedia.com\/leblogmoto\/2006\/05\/19\/motogp-yamaha-l\/","title":{"rendered":"MotoGP YAMAHA: Le ch\u00e2ssis de la derni\u00e8re chance"},"content":{"rendered":"<p><a href=\"http:\/\/blogs.thesocialmedia.com\/leblogmoto\/files\/2012\/07\/china20gp20motogp03188.jpg\"><img loading=\"lazy\" decoding=\"async\" height=\"166\" alt=\"China20gp20motogp03188\" src=\"http:\/\/www.leblogmoto.com\/images\/china20gp20motogp03188.jpg\" width=\"250\"  \/><\/a> <a href=\"http:\/\/www.leblogmoto.com\/2006\/05\/motogp_chine_pe.html\">Au pied du mur<\/a>, le team <a href=\"http:\/\/www.leblogmoto.com\/2006\/05\/motogp_yamaha_p.html\">YAMAHA<\/a> Camel se pr\u00e9sentera ce week-end au <a href=\"http:\/\/www.leblogmoto.com\/2006\/05\/gp_de_france_le.html\">MANS<\/a> avec un <strong>tout nouveau ch\u00e2ssis<\/strong>.<\/p>\n<p>Un pari de la derni\u00e8re chance pour cette entame de campagne europ\u00e9enne tr\u00e8s serr\u00e9e, <strong>quatre<\/strong> \u00e9preuves se succ\u00e9dant pratiquement \u00e0 partir de l&rsquo;escale sarthoise.<\/p>\n<p>Est ce pour autant un acte d\u00e9s\u00e9sp\u00e9r\u00e9 ? Voire&#8230;&nbsp; <\/p>\n<p><a href=\"http:\/\/clabedan.typepad.com\/.shared\/image.html?\/photos\/uncategorized\/ml5_6845.jpg\"><img loading=\"lazy\" decoding=\"async\" height=\"166\" alt=\"Ml5_6845\" src=\"http:\/\/www.leblogmoto.com\/images\/ml5_6845.jpg\" width=\"250\"  \/><\/a> Valentino a d&rsquo;abord demand\u00e9 de reprendre le ch\u00e2ssis 2005 avec le moteur 2006, mais techniquement cela s&rsquo;est av\u00e9r\u00e9 impossible. De fait, les hommes de YAMAHA ont travaill\u00e9 sur une autre base reprenant les caract\u00e9ristiques globales de l&rsquo;an dernier pour les marier aux imp\u00e9ratifs m\u00e9caniques de cette ann\u00e9e.<\/p>\n<p>Mais ce qui est acquis, c&rsquo;est que <strong>le ch\u00e2ssis du d\u00e9but de saison est d\u00e9finitivement jet\u00e9 aux orties.<\/strong><\/p>\n<p>Un sacr\u00e9 pari lorsque l&rsquo;on sait l&rsquo;\u00e9nergie qu&rsquo;il faut d\u00e9ployer pour d\u00e9grossir puis optimiser le corps d&rsquo;une machine. Mais la bande \u00e0 <strong>BURGESS<\/strong> y croit, et d&rsquo;abord parce que le circuit BUGATTI n&rsquo;est pas trop exigeant en r\u00e9glages. Puis le travail continuera; le lundi apr\u00e8s la course l&rsquo;\u00e9quipe poursuivra sa course contre le temps. <\/p>\n<p>Une course que Valentino, plus que tout autre, esp\u00e8re qu&rsquo;elle sera synonyme de r\u00e9colte de gros points.&nbsp; <\/p>\n<p>SOURCE: <a href=\"http:\/\/www.crash.net\">www.crash.net<\/a>&nbsp; &nbsp;<\/p>\n","protected":false},"excerpt":{"rendered":"<p>Au pied du mur, le team YAMAHA Camel se pr\u00e9sentera ce week-end au MANS avec un tout nouveau ch\u00e2ssis. Un pari de la derni\u00e8re chance pour cette entame de campagne europ\u00e9enne tr\u00e8s serr\u00e9e, quatre \u00e9preuves se succ\u00e9dant pratiquement \u00e0 partir de l&rsquo;escale sarthoise. Est ce pour autant un acte d\u00e9s\u00e9sp\u00e9r\u00e9 ? Voire&#8230;&nbsp; Valentino a d&rsquo;abord [&hellip;]<\/p>\n","protected":false},"author":336,"featured_media":0,"comment_status":"open","ping_status":"open","sticky":false,"template":"","format":"standard","meta":{"footnotes":""},"categories":[22,32,44],"tags":[],"class_list":["post-1827","post","type-post","status-publish","format-standard","hentry","category-motogp","category-sport-moto","category-yamaha"],"yoast_head":"<!-- This site is optimized with the Yoast SEO plugin v26.0 - https:\/\/yoast.com\/wordpress\/plugins\/seo\/ -->\n<title>MotoGP YAMAHA: Le ch\u00e2ssis de la derni\u00e8re chance - leblogmoto.com<\/title>\n<meta name=\"robots\" content=\"index, follow, max-snippet:-1, max-image-preview:large, max-video-preview:-1\" \/>\n<link rel=\"canonical\" href=\"https:\/\/blogs.thesocialmedia.com\/leblogmoto\/2006\/05\/19\/motogp-yamaha-l\/\" \/>\n<meta name=\"twitter:card\" content=\"summary_large_image\" \/>\n<meta name=\"twitter:title\" content=\"MotoGP YAMAHA: Le ch\u00e2ssis de la derni\u00e8re chance - leblogmoto.com\" \/>\n<meta name=\"twitter:description\" content=\"Au pied du mur, le team YAMAHA Camel se pr\u00e9sentera ce week-end au MANS avec un tout nouveau ch\u00e2ssis. Un pari de la derni\u00e8re chance pour cette entame de campagne europ\u00e9enne tr\u00e8s serr\u00e9e, quatre \u00e9preuves se succ\u00e9dant pratiquement \u00e0 partir de l&rsquo;escale sarthoise. Est ce pour autant un acte d\u00e9s\u00e9sp\u00e9r\u00e9 ? Voire&#8230;&nbsp; Valentino a d&rsquo;abord [&hellip;]\" \/>\n<meta name=\"twitter:image\" content=\"http:\/\/www.leblogmoto.com\/images\/china20gp20motogp03188.jpg\" \/>\n<meta name=\"twitter:label1\" content=\"\u00c9crit par\" \/>\n\t<meta name=\"twitter:data1\" content=\"andre leconde\" \/>\n\t<meta name=\"twitter:label2\" content=\"Dur\u00e9e de lecture estim\u00e9e\" \/>\n\t<meta name=\"twitter:data2\" content=\"1 minute\" \/>\n<script type=\"application\/ld+json\" class=\"yoast-schema-graph\">{\"@context\":\"https:\/\/schema.org\",\"@graph\":[{\"@type\":\"WebPage\",\"@id\":\"https:\/\/blogs.thesocialmedia.com\/leblogmoto\/2006\/05\/19\/motogp-yamaha-l\/\",\"url\":\"https:\/\/blogs.thesocialmedia.com\/leblogmoto\/2006\/05\/19\/motogp-yamaha-l\/\",\"name\":\"MotoGP YAMAHA: Le ch\u00e2ssis de la derni\u00e8re chance - leblogmoto.com\",\"isPartOf\":{\"@id\":\"https:\/\/blogs.thesocialmedia.com\/leblogmoto\/#website\"},\"primaryImageOfPage\":{\"@id\":\"https:\/\/blogs.thesocialmedia.com\/leblogmoto\/2006\/05\/19\/motogp-yamaha-l\/#primaryimage\"},\"image\":{\"@id\":\"https:\/\/blogs.thesocialmedia.com\/leblogmoto\/2006\/05\/19\/motogp-yamaha-l\/#primaryimage\"},\"thumbnailUrl\":\"http:\/\/www.leblogmoto.com\/images\/china20gp20motogp03188.jpg\",\"datePublished\":\"2006-05-19T00:10:17+00:00\",\"dateModified\":\"2012-07-11T14:22:46+00:00\",\"author\":{\"@id\":\"https:\/\/blogs.thesocialmedia.com\/leblogmoto\/#\/schema\/person\/1a1dcfc7cec206573105eb4af91155c2\"},\"breadcrumb\":{\"@id\":\"https:\/\/blogs.thesocialmedia.com\/leblogmoto\/2006\/05\/19\/motogp-yamaha-l\/#breadcrumb\"},\"inLanguage\":\"fr-FR\",\"potentialAction\":[{\"@type\":\"ReadAction\",\"target\":[\"https:\/\/blogs.thesocialmedia.com\/leblogmoto\/2006\/05\/19\/motogp-yamaha-l\/\"]}]},{\"@type\":\"ImageObject\",\"inLanguage\":\"fr-FR\",\"@id\":\"https:\/\/blogs.thesocialmedia.com\/leblogmoto\/2006\/05\/19\/motogp-yamaha-l\/#primaryimage\",\"url\":\"http:\/\/www.leblogmoto.com\/images\/china20gp20motogp03188.jpg\",\"contentUrl\":\"http:\/\/www.leblogmoto.com\/images\/china20gp20motogp03188.jpg\"},{\"@type\":\"BreadcrumbList\",\"@id\":\"https:\/\/blogs.thesocialmedia.com\/leblogmoto\/2006\/05\/19\/motogp-yamaha-l\/#breadcrumb\",\"itemListElement\":[{\"@type\":\"ListItem\",\"position\":1,\"name\":\"Accueil\",\"item\":\"https:\/\/blogs.thesocialmedia.com\/leblogmoto\/\"},{\"@type\":\"ListItem\",\"position\":2,\"name\":\"MotoGP YAMAHA: Le ch\u00e2ssis de la derni\u00e8re chance\"}]},{\"@type\":\"WebSite\",\"@id\":\"https:\/\/blogs.thesocialmedia.com\/leblogmoto\/#website\",\"url\":\"https:\/\/blogs.thesocialmedia.com\/leblogmoto\/\",\"name\":\"leblogmoto\",\"description\":\"Toute l&#039;actualit\u00e9 des 2 roues\",\"potentialAction\":[{\"@type\":\"SearchAction\",\"target\":{\"@type\":\"EntryPoint\",\"urlTemplate\":\"https:\/\/blogs.thesocialmedia.com\/leblogmoto\/?s={search_term_string}\"},\"query-input\":{\"@type\":\"PropertyValueSpecification\",\"valueRequired\":true,\"valueName\":\"search_term_string\"}}],\"inLanguage\":\"fr-FR\"},{\"@type\":\"Person\",\"@id\":\"https:\/\/blogs.thesocialmedia.com\/leblogmoto\/#\/schema\/person\/1a1dcfc7cec206573105eb4af91155c2\",\"name\":\"andre leconde\",\"image\":{\"@type\":\"ImageObject\",\"inLanguage\":\"fr-FR\",\"@id\":\"https:\/\/blogs.thesocialmedia.com\/leblogmoto\/#\/schema\/person\/image\/\",\"url\":\"https:\/\/secure.gravatar.com\/avatar\/?s=96&d=mm&r=g\",\"contentUrl\":\"https:\/\/secure.gravatar.com\/avatar\/?s=96&d=mm&r=g\",\"caption\":\"andre leconde\"},\"url\":\"https:\/\/blogs.thesocialmedia.com\/leblogmoto\/author\/andre-leconde\/\"}]}<\/script>\n<!-- \/ Yoast SEO plugin. -->","yoast_head_json":{"title":"MotoGP YAMAHA: Le ch\u00e2ssis de la derni\u00e8re chance - leblogmoto.com","robots":{"index":"index","follow":"follow","max-snippet":"max-snippet:-1","max-image-preview":"max-image-preview:large","max-video-preview":"max-video-preview:-1"},"canonical":"https:\/\/blogs.thesocialmedia.com\/leblogmoto\/2006\/05\/19\/motogp-yamaha-l\/","twitter_card":"summary_large_image","twitter_title":"MotoGP YAMAHA: Le ch\u00e2ssis de la derni\u00e8re chance - leblogmoto.com","twitter_description":"Au pied du mur, le team YAMAHA Camel se pr\u00e9sentera ce week-end au MANS avec un tout nouveau ch\u00e2ssis. Un pari de la derni\u00e8re chance pour cette entame de campagne europ\u00e9enne tr\u00e8s serr\u00e9e, quatre \u00e9preuves se succ\u00e9dant pratiquement \u00e0 partir de l&rsquo;escale sarthoise. Est ce pour autant un acte d\u00e9s\u00e9sp\u00e9r\u00e9 ? Voire&#8230;&nbsp; Valentino a d&rsquo;abord [&hellip;]","twitter_image":"http:\/\/www.leblogmoto.com\/images\/china20gp20motogp03188.jpg","twitter_misc":{"\u00c9crit par":"andre leconde","Dur\u00e9e de lecture estim\u00e9e":"1 minute"},"schema":{"@context":"https:\/\/schema.org","@graph":[{"@type":"WebPage","@id":"https:\/\/blogs.thesocialmedia.com\/leblogmoto\/2006\/05\/19\/motogp-yamaha-l\/","url":"https:\/\/blogs.thesocialmedia.com\/leblogmoto\/2006\/05\/19\/motogp-yamaha-l\/","name":"MotoGP YAMAHA: Le ch\u00e2ssis de la derni\u00e8re chance - leblogmoto.com","isPartOf":{"@id":"https:\/\/blogs.thesocialmedia.com\/leblogmoto\/#website"},"primaryImageOfPage":{"@id":"https:\/\/blogs.thesocialmedia.com\/leblogmoto\/2006\/05\/19\/motogp-yamaha-l\/#primaryimage"},"image":{"@id":"https:\/\/blogs.thesocialmedia.com\/leblogmoto\/2006\/05\/19\/motogp-yamaha-l\/#primaryimage"},"thumbnailUrl":"http:\/\/www.leblogmoto.com\/images\/china20gp20motogp03188.jpg","datePublished":"2006-05-19T00:10:17+00:00","dateModified":"2012-07-11T14:22:46+00:00","author":{"@id":"https:\/\/blogs.thesocialmedia.com\/leblogmoto\/#\/schema\/person\/1a1dcfc7cec206573105eb4af91155c2"},"breadcrumb":{"@id":"https:\/\/blogs.thesocialmedia.com\/leblogmoto\/2006\/05\/19\/motogp-yamaha-l\/#breadcrumb"},"inLanguage":"fr-FR","potentialAction":[{"@type":"ReadAction","target":["https:\/\/blogs.thesocialmedia.com\/leblogmoto\/2006\/05\/19\/motogp-yamaha-l\/"]}]},{"@type":"ImageObject","inLanguage":"fr-FR","@id":"https:\/\/blogs.thesocialmedia.com\/leblogmoto\/2006\/05\/19\/motogp-yamaha-l\/#primaryimage","url":"http:\/\/www.leblogmoto.com\/images\/china20gp20motogp03188.jpg","contentUrl":"http:\/\/www.leblogmoto.com\/images\/china20gp20motogp03188.jpg"},{"@type":"BreadcrumbList","@id":"https:\/\/blogs.thesocialmedia.com\/leblogmoto\/2006\/05\/19\/motogp-yamaha-l\/#breadcrumb","itemListElement":[{"@type":"ListItem","position":1,"name":"Accueil","item":"https:\/\/blogs.thesocialmedia.com\/leblogmoto\/"},{"@type":"ListItem","position":2,"name":"MotoGP YAMAHA: Le ch\u00e2ssis de la derni\u00e8re chance"}]},{"@type":"WebSite","@id":"https:\/\/blogs.thesocialmedia.com\/leblogmoto\/#website","url":"https:\/\/blogs.thesocialmedia.com\/leblogmoto\/","name":"leblogmoto","description":"Toute l&#039;actualit\u00e9 des 2 roues","potentialAction":[{"@type":"SearchAction","target":{"@type":"EntryPoint","urlTemplate":"https:\/\/blogs.thesocialmedia.com\/leblogmoto\/?s={search_term_string}"},"query-input":{"@type":"PropertyValueSpecification","valueRequired":true,"valueName":"search_term_string"}}],"inLanguage":"fr-FR"},{"@type":"Person","@id":"https:\/\/blogs.thesocialmedia.com\/leblogmoto\/#\/schema\/person\/1a1dcfc7cec206573105eb4af91155c2","name":"andre leconde","image":{"@type":"ImageObject","inLanguage":"fr-FR","@id":"https:\/\/blogs.thesocialmedia.com\/leblogmoto\/#\/schema\/person\/image\/","url":"https:\/\/secure.gravatar.com\/avatar\/?s=96&d=mm&r=g","contentUrl":"https:\/\/secure.gravatar.com\/avatar\/?s=96&d=mm&r=g","caption":"andre leconde"},"url":"https:\/\/blogs.thesocialmedia.com\/leblogmoto\/author\/andre-leconde\/"}]}},"_links":{"self":[{"href":"https:\/\/blogs.thesocialmedia.com\/leblogmoto\/wp-json\/wp\/v2\/posts\/1827","targetHints":{"allow":["GET"]}}],"collection":[{"href":"https:\/\/blogs.thesocialmedia.com\/leblogmoto\/wp-json\/wp\/v2\/posts"}],"about":[{"href":"https:\/\/blogs.thesocialmedia.com\/leblogmoto\/wp-json\/wp\/v2\/types\/post"}],"author":[{"embeddable":true,"href":"https:\/\/blogs.thesocialmedia.com\/leblogmoto\/wp-json\/wp\/v2\/users\/336"}],"replies":[{"embeddable":true,"href":"https:\/\/blogs.thesocialmedia.com\/leblogmoto\/wp-json\/wp\/v2\/comments?post=1827"}],"version-history":[{"count":2,"href":"https:\/\/blogs.thesocialmedia.com\/leblogmoto\/wp-json\/wp\/v2\/posts\/1827\/revisions"}],"predecessor-version":[{"id":7488,"href":"https:\/\/blogs.thesocialmedia.com\/leblogmoto\/wp-json\/wp\/v2\/posts\/1827\/revisions\/7488"}],"wp:attachment":[{"href":"https:\/\/blogs.thesocialmedia.com\/leblogmoto\/wp-json\/wp\/v2\/media?parent=1827"}],"wp:term":[{"taxonomy":"category","embeddable":true,"href":"https:\/\/blogs.thesocialmedia.com\/leblogmoto\/wp-json\/wp\/v2\/categories?post=1827"},{"taxonomy":"post_tag","embeddable":true,"href":"https:\/\/blogs.thesocialmedia.com\/leblogmoto\/wp-json\/wp\/v2\/tags?post=1827"}],"curies":[{"name":"wp","href":"https:\/\/api.w.org\/{rel}","templated":true}]}}