{"id":1828,"date":"2006-05-18T21:19:07","date_gmt":"2006-05-18T21:19:07","guid":{"rendered":"http:\/\/blogs.thesocialmedia.com\/leblogmoto\/2006\/05\/18\/gp-de-france-le\/"},"modified":"2012-07-11T14:22:43","modified_gmt":"2012-07-11T14:22:43","slug":"gp-de-france-le","status":"publish","type":"post","link":"https:\/\/blogs.thesocialmedia.com\/leblogmoto\/2006\/05\/18\/gp-de-france-le\/","title":{"rendered":"GP de FRANCE: Les invit\u00e9s \u00e0 domicile"},"content":{"rendered":"<p><a href=\"http:\/\/blogs.thesocialmedia.com\/leblogmoto\/files\/2012\/07\/acc3.jpg\"><img loading=\"lazy\" decoding=\"async\" height=\"330\" alt=\"Acc3\" src=\"http:\/\/www.leblogmoto.com\/images\/acc3.jpg\" width=\"470\"  \/><\/a>Avec <strong>une hausse de 15%<\/strong> du nombre de billets d\u00e9j\u00e0 vendus, le <strong>GP de FRANCE Moto<\/strong> qui se d\u00e9roulera ce week-end au <a href=\"http:\/\/www.leblogmoto.com\/2006\/04\/le_mans_rien_ne.html\">MANS<\/a> s&rsquo;annonce d&rsquo;ores et d\u00e9j\u00e0 comme un grand succ\u00e8s populaire.<\/p>\n<p>Comme \u00e0 chaque \u00e9tape de ce championnat des <strong>wild-cards<\/strong> sont distribu\u00e9s, permettant \u00e0 des champions locaux de go\u00fbter ponctuellement \u00e0 la discipline internationale. Cette ann\u00e9e, <strong>cinq pilotes tricolores<\/strong> vont pouvoir s&rsquo;en donner \u00e0 coeur joie. Quatre en <strong>125<\/strong> et un en <strong>250<\/strong>.<\/p>\n<p><a href=\"http:\/\/clabedan.typepad.com\/.shared\/image.html?\/photos\/uncategorized\/gpcina_1.jpg\"><img loading=\"lazy\" decoding=\"async\" height=\"145\" alt=\"Gpcina_1\" src=\"http:\/\/www.leblogmoto.com\/images\/gpcina_1.jpg\" width=\"250\"  \/><\/a> Mathieu <strong>LUSSIANA<\/strong>, Romain <strong>MA\u00ceTRE<\/strong>, Mathieu <strong>OLAGNON <\/strong>et Cl\u00e9ment <strong>DUNIKOWSKI <\/strong>sortiront du championnat<a href=\"http:\/\/www.leblogmoto.com\/2006\/03\/france_open_vit.html\"> Open de vitesse<\/a> 125 pour se pr\u00e9senter avec leur HONDA devant le gratin mondial.<\/p>\n<p>Pour le dernier cit\u00e9, l&rsquo;entreprise aura m\u00eame une connotation historique. Du haut de ses <a href=\"http:\/\/www.leblogmoto.com\/2006\/05\/kevin_galdes_15.html\">15 ans<\/a>, le jeune DUNIKOWSKI devient <strong>le Fran\u00e7ais le plus jeune engag\u00e9 en GP<\/strong>.<\/p>\n<p>En 250, Marc Antoine <strong>SCACCIA<\/strong> viendra avec son APRILIA avec laquelle il participe au championnat d&rsquo;Europe. Pour lui, c&rsquo;est une seconde exp\u00e9rience, apr\u00e8s sa dix huiti\u00e8me place de l&rsquo;an dernier.<\/p>\n<p>SOURCE: <a href=\"http:\/\/www.gmtopen.com\">www.gmtopen.com<\/a>&nbsp; <\/p>\n","protected":false},"excerpt":{"rendered":"<p>Avec une hausse de 15% du nombre de billets d\u00e9j\u00e0 vendus, le GP de FRANCE Moto qui se d\u00e9roulera ce week-end au MANS s&rsquo;annonce d&rsquo;ores et d\u00e9j\u00e0 comme un grand succ\u00e8s populaire. Comme \u00e0 chaque \u00e9tape de ce championnat des wild-cards sont distribu\u00e9s, permettant \u00e0 des champions locaux de go\u00fbter ponctuellement \u00e0 la discipline internationale. [&hellip;]<\/p>\n","protected":false},"author":336,"featured_media":0,"comment_status":"open","ping_status":"open","sticky":false,"template":"","format":"standard","meta":{"footnotes":""},"categories":[22,32],"tags":[],"class_list":["post-1828","post","type-post","status-publish","format-standard","hentry","category-motogp","category-sport-moto"],"yoast_head":"<!-- This site is optimized with the Yoast SEO plugin v26.0 - https:\/\/yoast.com\/wordpress\/plugins\/seo\/ -->\n<title>GP de FRANCE: Les invit\u00e9s \u00e0 domicile - leblogmoto.com<\/title>\n<meta name=\"robots\" content=\"index, follow, max-snippet:-1, max-image-preview:large, max-video-preview:-1\" \/>\n<link rel=\"canonical\" href=\"https:\/\/blogs.thesocialmedia.com\/leblogmoto\/2006\/05\/18\/gp-de-france-le\/\" \/>\n<meta name=\"twitter:card\" content=\"summary_large_image\" \/>\n<meta name=\"twitter:title\" content=\"GP de FRANCE: Les invit\u00e9s \u00e0 domicile - leblogmoto.com\" \/>\n<meta name=\"twitter:description\" content=\"Avec une hausse de 15% du nombre de billets d\u00e9j\u00e0 vendus, le GP de FRANCE Moto qui se d\u00e9roulera ce week-end au MANS s&rsquo;annonce d&rsquo;ores et d\u00e9j\u00e0 comme un grand succ\u00e8s populaire. Comme \u00e0 chaque \u00e9tape de ce championnat des wild-cards sont distribu\u00e9s, permettant \u00e0 des champions locaux de go\u00fbter ponctuellement \u00e0 la discipline internationale. [&hellip;]\" \/>\n<meta name=\"twitter:image\" content=\"http:\/\/www.leblogmoto.com\/images\/acc3.jpg\" \/>\n<meta name=\"twitter:label1\" content=\"\u00c9crit par\" \/>\n\t<meta name=\"twitter:data1\" content=\"andre leconde\" \/>\n\t<meta name=\"twitter:label2\" content=\"Dur\u00e9e de lecture estim\u00e9e\" \/>\n\t<meta name=\"twitter:data2\" content=\"1 minute\" \/>\n<script type=\"application\/ld+json\" class=\"yoast-schema-graph\">{\"@context\":\"https:\/\/schema.org\",\"@graph\":[{\"@type\":\"WebPage\",\"@id\":\"https:\/\/blogs.thesocialmedia.com\/leblogmoto\/2006\/05\/18\/gp-de-france-le\/\",\"url\":\"https:\/\/blogs.thesocialmedia.com\/leblogmoto\/2006\/05\/18\/gp-de-france-le\/\",\"name\":\"GP de FRANCE: Les invit\u00e9s \u00e0 domicile - leblogmoto.com\",\"isPartOf\":{\"@id\":\"https:\/\/blogs.thesocialmedia.com\/leblogmoto\/#website\"},\"primaryImageOfPage\":{\"@id\":\"https:\/\/blogs.thesocialmedia.com\/leblogmoto\/2006\/05\/18\/gp-de-france-le\/#primaryimage\"},\"image\":{\"@id\":\"https:\/\/blogs.thesocialmedia.com\/leblogmoto\/2006\/05\/18\/gp-de-france-le\/#primaryimage\"},\"thumbnailUrl\":\"http:\/\/www.leblogmoto.com\/images\/acc3.jpg\",\"datePublished\":\"2006-05-18T21:19:07+00:00\",\"dateModified\":\"2012-07-11T14:22:43+00:00\",\"author\":{\"@id\":\"https:\/\/blogs.thesocialmedia.com\/leblogmoto\/#\/schema\/person\/1a1dcfc7cec206573105eb4af91155c2\"},\"breadcrumb\":{\"@id\":\"https:\/\/blogs.thesocialmedia.com\/leblogmoto\/2006\/05\/18\/gp-de-france-le\/#breadcrumb\"},\"inLanguage\":\"fr-FR\",\"potentialAction\":[{\"@type\":\"ReadAction\",\"target\":[\"https:\/\/blogs.thesocialmedia.com\/leblogmoto\/2006\/05\/18\/gp-de-france-le\/\"]}]},{\"@type\":\"ImageObject\",\"inLanguage\":\"fr-FR\",\"@id\":\"https:\/\/blogs.thesocialmedia.com\/leblogmoto\/2006\/05\/18\/gp-de-france-le\/#primaryimage\",\"url\":\"http:\/\/www.leblogmoto.com\/images\/acc3.jpg\",\"contentUrl\":\"http:\/\/www.leblogmoto.com\/images\/acc3.jpg\"},{\"@type\":\"BreadcrumbList\",\"@id\":\"https:\/\/blogs.thesocialmedia.com\/leblogmoto\/2006\/05\/18\/gp-de-france-le\/#breadcrumb\",\"itemListElement\":[{\"@type\":\"ListItem\",\"position\":1,\"name\":\"Accueil\",\"item\":\"https:\/\/blogs.thesocialmedia.com\/leblogmoto\/\"},{\"@type\":\"ListItem\",\"position\":2,\"name\":\"GP de FRANCE: Les invit\u00e9s \u00e0 domicile\"}]},{\"@type\":\"WebSite\",\"@id\":\"https:\/\/blogs.thesocialmedia.com\/leblogmoto\/#website\",\"url\":\"https:\/\/blogs.thesocialmedia.com\/leblogmoto\/\",\"name\":\"leblogmoto\",\"description\":\"Toute l&#039;actualit\u00e9 des 2 roues\",\"potentialAction\":[{\"@type\":\"SearchAction\",\"target\":{\"@type\":\"EntryPoint\",\"urlTemplate\":\"https:\/\/blogs.thesocialmedia.com\/leblogmoto\/?s={search_term_string}\"},\"query-input\":{\"@type\":\"PropertyValueSpecification\",\"valueRequired\":true,\"valueName\":\"search_term_string\"}}],\"inLanguage\":\"fr-FR\"},{\"@type\":\"Person\",\"@id\":\"https:\/\/blogs.thesocialmedia.com\/leblogmoto\/#\/schema\/person\/1a1dcfc7cec206573105eb4af91155c2\",\"name\":\"andre leconde\",\"image\":{\"@type\":\"ImageObject\",\"inLanguage\":\"fr-FR\",\"@id\":\"https:\/\/blogs.thesocialmedia.com\/leblogmoto\/#\/schema\/person\/image\/\",\"url\":\"https:\/\/secure.gravatar.com\/avatar\/?s=96&d=mm&r=g\",\"contentUrl\":\"https:\/\/secure.gravatar.com\/avatar\/?s=96&d=mm&r=g\",\"caption\":\"andre leconde\"},\"url\":\"https:\/\/blogs.thesocialmedia.com\/leblogmoto\/author\/andre-leconde\/\"}]}<\/script>\n<!-- \/ Yoast SEO plugin. -->","yoast_head_json":{"title":"GP de FRANCE: Les invit\u00e9s \u00e0 domicile - leblogmoto.com","robots":{"index":"index","follow":"follow","max-snippet":"max-snippet:-1","max-image-preview":"max-image-preview:large","max-video-preview":"max-video-preview:-1"},"canonical":"https:\/\/blogs.thesocialmedia.com\/leblogmoto\/2006\/05\/18\/gp-de-france-le\/","twitter_card":"summary_large_image","twitter_title":"GP de FRANCE: Les invit\u00e9s \u00e0 domicile - leblogmoto.com","twitter_description":"Avec une hausse de 15% du nombre de billets d\u00e9j\u00e0 vendus, le GP de FRANCE Moto qui se d\u00e9roulera ce week-end au MANS s&rsquo;annonce d&rsquo;ores et d\u00e9j\u00e0 comme un grand succ\u00e8s populaire. Comme \u00e0 chaque \u00e9tape de ce championnat des wild-cards sont distribu\u00e9s, permettant \u00e0 des champions locaux de go\u00fbter ponctuellement \u00e0 la discipline internationale. [&hellip;]","twitter_image":"http:\/\/www.leblogmoto.com\/images\/acc3.jpg","twitter_misc":{"\u00c9crit par":"andre leconde","Dur\u00e9e de lecture estim\u00e9e":"1 minute"},"schema":{"@context":"https:\/\/schema.org","@graph":[{"@type":"WebPage","@id":"https:\/\/blogs.thesocialmedia.com\/leblogmoto\/2006\/05\/18\/gp-de-france-le\/","url":"https:\/\/blogs.thesocialmedia.com\/leblogmoto\/2006\/05\/18\/gp-de-france-le\/","name":"GP de FRANCE: Les invit\u00e9s \u00e0 domicile - leblogmoto.com","isPartOf":{"@id":"https:\/\/blogs.thesocialmedia.com\/leblogmoto\/#website"},"primaryImageOfPage":{"@id":"https:\/\/blogs.thesocialmedia.com\/leblogmoto\/2006\/05\/18\/gp-de-france-le\/#primaryimage"},"image":{"@id":"https:\/\/blogs.thesocialmedia.com\/leblogmoto\/2006\/05\/18\/gp-de-france-le\/#primaryimage"},"thumbnailUrl":"http:\/\/www.leblogmoto.com\/images\/acc3.jpg","datePublished":"2006-05-18T21:19:07+00:00","dateModified":"2012-07-11T14:22:43+00:00","author":{"@id":"https:\/\/blogs.thesocialmedia.com\/leblogmoto\/#\/schema\/person\/1a1dcfc7cec206573105eb4af91155c2"},"breadcrumb":{"@id":"https:\/\/blogs.thesocialmedia.com\/leblogmoto\/2006\/05\/18\/gp-de-france-le\/#breadcrumb"},"inLanguage":"fr-FR","potentialAction":[{"@type":"ReadAction","target":["https:\/\/blogs.thesocialmedia.com\/leblogmoto\/2006\/05\/18\/gp-de-france-le\/"]}]},{"@type":"ImageObject","inLanguage":"fr-FR","@id":"https:\/\/blogs.thesocialmedia.com\/leblogmoto\/2006\/05\/18\/gp-de-france-le\/#primaryimage","url":"http:\/\/www.leblogmoto.com\/images\/acc3.jpg","contentUrl":"http:\/\/www.leblogmoto.com\/images\/acc3.jpg"},{"@type":"BreadcrumbList","@id":"https:\/\/blogs.thesocialmedia.com\/leblogmoto\/2006\/05\/18\/gp-de-france-le\/#breadcrumb","itemListElement":[{"@type":"ListItem","position":1,"name":"Accueil","item":"https:\/\/blogs.thesocialmedia.com\/leblogmoto\/"},{"@type":"ListItem","position":2,"name":"GP de FRANCE: Les invit\u00e9s \u00e0 domicile"}]},{"@type":"WebSite","@id":"https:\/\/blogs.thesocialmedia.com\/leblogmoto\/#website","url":"https:\/\/blogs.thesocialmedia.com\/leblogmoto\/","name":"leblogmoto","description":"Toute l&#039;actualit\u00e9 des 2 roues","potentialAction":[{"@type":"SearchAction","target":{"@type":"EntryPoint","urlTemplate":"https:\/\/blogs.thesocialmedia.com\/leblogmoto\/?s={search_term_string}"},"query-input":{"@type":"PropertyValueSpecification","valueRequired":true,"valueName":"search_term_string"}}],"inLanguage":"fr-FR"},{"@type":"Person","@id":"https:\/\/blogs.thesocialmedia.com\/leblogmoto\/#\/schema\/person\/1a1dcfc7cec206573105eb4af91155c2","name":"andre leconde","image":{"@type":"ImageObject","inLanguage":"fr-FR","@id":"https:\/\/blogs.thesocialmedia.com\/leblogmoto\/#\/schema\/person\/image\/","url":"https:\/\/secure.gravatar.com\/avatar\/?s=96&d=mm&r=g","contentUrl":"https:\/\/secure.gravatar.com\/avatar\/?s=96&d=mm&r=g","caption":"andre leconde"},"url":"https:\/\/blogs.thesocialmedia.com\/leblogmoto\/author\/andre-leconde\/"}]}},"_links":{"self":[{"href":"https:\/\/blogs.thesocialmedia.com\/leblogmoto\/wp-json\/wp\/v2\/posts\/1828","targetHints":{"allow":["GET"]}}],"collection":[{"href":"https:\/\/blogs.thesocialmedia.com\/leblogmoto\/wp-json\/wp\/v2\/posts"}],"about":[{"href":"https:\/\/blogs.thesocialmedia.com\/leblogmoto\/wp-json\/wp\/v2\/types\/post"}],"author":[{"embeddable":true,"href":"https:\/\/blogs.thesocialmedia.com\/leblogmoto\/wp-json\/wp\/v2\/users\/336"}],"replies":[{"embeddable":true,"href":"https:\/\/blogs.thesocialmedia.com\/leblogmoto\/wp-json\/wp\/v2\/comments?post=1828"}],"version-history":[{"count":2,"href":"https:\/\/blogs.thesocialmedia.com\/leblogmoto\/wp-json\/wp\/v2\/posts\/1828\/revisions"}],"predecessor-version":[{"id":7486,"href":"https:\/\/blogs.thesocialmedia.com\/leblogmoto\/wp-json\/wp\/v2\/posts\/1828\/revisions\/7486"}],"wp:attachment":[{"href":"https:\/\/blogs.thesocialmedia.com\/leblogmoto\/wp-json\/wp\/v2\/media?parent=1828"}],"wp:term":[{"taxonomy":"category","embeddable":true,"href":"https:\/\/blogs.thesocialmedia.com\/leblogmoto\/wp-json\/wp\/v2\/categories?post=1828"},{"taxonomy":"post_tag","embeddable":true,"href":"https:\/\/blogs.thesocialmedia.com\/leblogmoto\/wp-json\/wp\/v2\/tags?post=1828"}],"curies":[{"name":"wp","href":"https:\/\/api.w.org\/{rel}","templated":true}]}}