{"id":1833,"date":"2006-05-17T15:49:10","date_gmt":"2006-05-17T15:49:10","guid":{"rendered":"http:\/\/blogs.thesocialmedia.com\/leblogmoto\/2006\/05\/17\/kevin-galdes-15\/"},"modified":"2012-07-11T14:22:33","modified_gmt":"2012-07-11T14:22:33","slug":"kevin-galdes-15","status":"publish","type":"post","link":"https:\/\/blogs.thesocialmedia.com\/leblogmoto\/2006\/05\/17\/kevin-galdes-15\/","title":{"rendered":"Kevin GALDES, 15 ans, Espoir"},"content":{"rendered":"<p><a href=\"http:\/\/blogs.thesocialmedia.com\/leblogmoto\/files\/2012\/07\/normal_d0bg9955_1.jpg\"><strong><img loading=\"lazy\" decoding=\"async\" height=\"314\" alt=\"Normal_d0bg9955_1\" src=\"http:\/\/www.leblogmoto.com\/images\/normal_d0bg9955_1.jpg\" width=\"470\"  \/><\/strong><\/a><strong>La rel\u00e8ve fran\u00e7aise<\/strong> malgr\u00e9 ses tr\u00e8s bonnes dispositions, et les efforts conjugu\u00e9s de la <a href=\"http:\/\/www.leblogmoto.com\/2005\/12\/125_un_3_french.html\">f\u00e9d\u00e9ration<\/a> et <a href=\"http:\/\/www.leblogmoto.com\/2006\/03\/dark_dog_academ.html\">d&rsquo;initiatives priv\u00e9es<\/a>, a quand m\u00eame du mal \u00e0 s&rsquo;\u00e9manciper, dans une contr\u00e9e o\u00f9 les sports m\u00e9caniques ne sont pas vraiment consid\u00e9r\u00e9s par ceux qui ont les budgets.<\/p>\n<p>Alors un Fran\u00e7ais de <strong>15<\/strong> ans, que l&rsquo;on vient chercher de l&rsquo;autre c\u00f4t\u00e9 des Alpes, du pays des ROSSI, MELANDRI et autres CAPIROSSI, c&rsquo;est forc\u00e9ment d\u00e9tonnant. Cette curiosit\u00e9 a un nom: <strong>Kevin GALDES<\/strong>&#8230;<\/p>\n<p>&nbsp; &nbsp;&nbsp; <\/p>\n<p><a href=\"http:\/\/clabedan.typepad.com\/.shared\/image.html?\/photos\/uncategorized\/italie0005.jpg\"><img loading=\"lazy\" decoding=\"async\" height=\"187\" alt=\"Italie0005\" src=\"http:\/\/www.leblogmoto.com\/images\/italie0005.jpg\" width=\"250\"  \/><\/a> Ce <strong>Ni\u00e7ois<\/strong> de naissance a commenc\u00e9 \u00e0 s\u00e9vir d\u00e8s l&rsquo;\u00e2ge de quatre ans sur un PW50. Gravissant les \u00e9chelons, il se fait rep\u00e8rer par un team Italien, qui flairant sans doute le ph\u00e9nom\u00e8ne, lui propose ni plus ni moins que deux ann\u00e9es de contrat avec une option pour une ann\u00e9e suppl\u00e9mentaire.<\/p>\n<p>Le terrain de jeu devient donc pour cette ann\u00e9e le <strong>Championnat Open Italien 1000 Supersport<\/strong> et le <strong>Ninja Trophy<\/strong> transalpin. Au passage, on notera qu&rsquo;une fois de plus, la couleur verte <a href=\"http:\/\/www.leblogmoto.com\/2006\/01\/supersport_kawa.html\">porte bonheur<\/a> \u00e0 nos compatriotes. <a href=\"http:\/\/clabedan.typepad.com\/.shared\/image.html?\/photos\/uncategorized\/normal_de8e9292.jpg\"><img loading=\"lazy\" decoding=\"async\" height=\"167\" alt=\"Normal_de8e9292\" src=\"http:\/\/www.leblogmoto.com\/images\/normal_de8e9292.jpg\" width=\"250\"  \/><\/a> De <strong>LACONI \u00e0 DE PUNIET<\/strong>, ils sont nombreux \u00e0 beaucoup devoir au K.<\/p>\n<p>Les choses ont par ailleurs pas mal commenc\u00e9, puisqu&rsquo;\u00e0 la derni\u00e8re excursion \u00e0 <strong>VALLELUNGA<\/strong>, Kevin GALDES n&rsquo;a laiss\u00e9 \u00e9chapper la victoire que pour 5\/100\u00e8me sur la 1000, alors qu&rsquo;un embrayage d\u00e9fectueux a eu raison de ses efforts en Ninja Trophy o\u00f9 il bataillait pour la sixi\u00e8me position.<\/p>\n<p>Nul doute que l&rsquo;on entendra encore parler de cet azur\u00e9en d&rsquo;ici peu. <\/p>\n<p>SOURCE: <a href=\"http:\/\/www.kevingaldes.com\">www.kevingaldes.com<\/a> <\/p>\n","protected":false},"excerpt":{"rendered":"<p>La rel\u00e8ve fran\u00e7aise malgr\u00e9 ses tr\u00e8s bonnes dispositions, et les efforts conjugu\u00e9s de la f\u00e9d\u00e9ration et d&rsquo;initiatives priv\u00e9es, a quand m\u00eame du mal \u00e0 s&rsquo;\u00e9manciper, dans une contr\u00e9e o\u00f9 les sports m\u00e9caniques ne sont pas vraiment consid\u00e9r\u00e9s par ceux qui ont les budgets. Alors un Fran\u00e7ais de 15 ans, que l&rsquo;on vient chercher de l&rsquo;autre [&hellip;]<\/p>\n","protected":false},"author":336,"featured_media":0,"comment_status":"open","ping_status":"open","sticky":false,"template":"","format":"standard","meta":{"footnotes":""},"categories":[32,46],"tags":[],"class_list":["post-1833","post","type-post","status-publish","format-standard","hentry","category-sport-moto","category-superbike"],"yoast_head":"<!-- This site is optimized with the Yoast SEO plugin v26.0 - https:\/\/yoast.com\/wordpress\/plugins\/seo\/ -->\n<title>Kevin GALDES, 15 ans, Espoir - leblogmoto.com<\/title>\n<meta name=\"robots\" content=\"index, follow, max-snippet:-1, max-image-preview:large, max-video-preview:-1\" \/>\n<link rel=\"canonical\" href=\"https:\/\/blogs.thesocialmedia.com\/leblogmoto\/2006\/05\/17\/kevin-galdes-15\/\" \/>\n<meta name=\"twitter:card\" content=\"summary_large_image\" \/>\n<meta name=\"twitter:title\" content=\"Kevin GALDES, 15 ans, Espoir - leblogmoto.com\" \/>\n<meta name=\"twitter:description\" content=\"La rel\u00e8ve fran\u00e7aise malgr\u00e9 ses tr\u00e8s bonnes dispositions, et les efforts conjugu\u00e9s de la f\u00e9d\u00e9ration et d&rsquo;initiatives priv\u00e9es, a quand m\u00eame du mal \u00e0 s&rsquo;\u00e9manciper, dans une contr\u00e9e o\u00f9 les sports m\u00e9caniques ne sont pas vraiment consid\u00e9r\u00e9s par ceux qui ont les budgets. Alors un Fran\u00e7ais de 15 ans, que l&rsquo;on vient chercher de l&rsquo;autre [&hellip;]\" \/>\n<meta name=\"twitter:image\" content=\"http:\/\/www.leblogmoto.com\/images\/normal_d0bg9955_1.jpg\" \/>\n<meta name=\"twitter:label1\" content=\"\u00c9crit par\" \/>\n\t<meta name=\"twitter:data1\" content=\"andre leconde\" \/>\n\t<meta name=\"twitter:label2\" content=\"Dur\u00e9e de lecture estim\u00e9e\" \/>\n\t<meta name=\"twitter:data2\" content=\"1 minute\" \/>\n<script type=\"application\/ld+json\" class=\"yoast-schema-graph\">{\"@context\":\"https:\/\/schema.org\",\"@graph\":[{\"@type\":\"WebPage\",\"@id\":\"https:\/\/blogs.thesocialmedia.com\/leblogmoto\/2006\/05\/17\/kevin-galdes-15\/\",\"url\":\"https:\/\/blogs.thesocialmedia.com\/leblogmoto\/2006\/05\/17\/kevin-galdes-15\/\",\"name\":\"Kevin GALDES, 15 ans, Espoir - leblogmoto.com\",\"isPartOf\":{\"@id\":\"https:\/\/blogs.thesocialmedia.com\/leblogmoto\/#website\"},\"primaryImageOfPage\":{\"@id\":\"https:\/\/blogs.thesocialmedia.com\/leblogmoto\/2006\/05\/17\/kevin-galdes-15\/#primaryimage\"},\"image\":{\"@id\":\"https:\/\/blogs.thesocialmedia.com\/leblogmoto\/2006\/05\/17\/kevin-galdes-15\/#primaryimage\"},\"thumbnailUrl\":\"http:\/\/www.leblogmoto.com\/images\/normal_d0bg9955_1.jpg\",\"datePublished\":\"2006-05-17T15:49:10+00:00\",\"dateModified\":\"2012-07-11T14:22:33+00:00\",\"author\":{\"@id\":\"https:\/\/blogs.thesocialmedia.com\/leblogmoto\/#\/schema\/person\/1a1dcfc7cec206573105eb4af91155c2\"},\"breadcrumb\":{\"@id\":\"https:\/\/blogs.thesocialmedia.com\/leblogmoto\/2006\/05\/17\/kevin-galdes-15\/#breadcrumb\"},\"inLanguage\":\"fr-FR\",\"potentialAction\":[{\"@type\":\"ReadAction\",\"target\":[\"https:\/\/blogs.thesocialmedia.com\/leblogmoto\/2006\/05\/17\/kevin-galdes-15\/\"]}]},{\"@type\":\"ImageObject\",\"inLanguage\":\"fr-FR\",\"@id\":\"https:\/\/blogs.thesocialmedia.com\/leblogmoto\/2006\/05\/17\/kevin-galdes-15\/#primaryimage\",\"url\":\"http:\/\/www.leblogmoto.com\/images\/normal_d0bg9955_1.jpg\",\"contentUrl\":\"http:\/\/www.leblogmoto.com\/images\/normal_d0bg9955_1.jpg\"},{\"@type\":\"BreadcrumbList\",\"@id\":\"https:\/\/blogs.thesocialmedia.com\/leblogmoto\/2006\/05\/17\/kevin-galdes-15\/#breadcrumb\",\"itemListElement\":[{\"@type\":\"ListItem\",\"position\":1,\"name\":\"Accueil\",\"item\":\"https:\/\/blogs.thesocialmedia.com\/leblogmoto\/\"},{\"@type\":\"ListItem\",\"position\":2,\"name\":\"Kevin GALDES, 15 ans, Espoir\"}]},{\"@type\":\"WebSite\",\"@id\":\"https:\/\/blogs.thesocialmedia.com\/leblogmoto\/#website\",\"url\":\"https:\/\/blogs.thesocialmedia.com\/leblogmoto\/\",\"name\":\"leblogmoto\",\"description\":\"Toute l&#039;actualit\u00e9 des 2 roues\",\"potentialAction\":[{\"@type\":\"SearchAction\",\"target\":{\"@type\":\"EntryPoint\",\"urlTemplate\":\"https:\/\/blogs.thesocialmedia.com\/leblogmoto\/?s={search_term_string}\"},\"query-input\":{\"@type\":\"PropertyValueSpecification\",\"valueRequired\":true,\"valueName\":\"search_term_string\"}}],\"inLanguage\":\"fr-FR\"},{\"@type\":\"Person\",\"@id\":\"https:\/\/blogs.thesocialmedia.com\/leblogmoto\/#\/schema\/person\/1a1dcfc7cec206573105eb4af91155c2\",\"name\":\"andre leconde\",\"image\":{\"@type\":\"ImageObject\",\"inLanguage\":\"fr-FR\",\"@id\":\"https:\/\/blogs.thesocialmedia.com\/leblogmoto\/#\/schema\/person\/image\/\",\"url\":\"https:\/\/secure.gravatar.com\/avatar\/?s=96&d=mm&r=g\",\"contentUrl\":\"https:\/\/secure.gravatar.com\/avatar\/?s=96&d=mm&r=g\",\"caption\":\"andre leconde\"},\"url\":\"https:\/\/blogs.thesocialmedia.com\/leblogmoto\/author\/andre-leconde\/\"}]}<\/script>\n<!-- \/ Yoast SEO plugin. -->","yoast_head_json":{"title":"Kevin GALDES, 15 ans, Espoir - leblogmoto.com","robots":{"index":"index","follow":"follow","max-snippet":"max-snippet:-1","max-image-preview":"max-image-preview:large","max-video-preview":"max-video-preview:-1"},"canonical":"https:\/\/blogs.thesocialmedia.com\/leblogmoto\/2006\/05\/17\/kevin-galdes-15\/","twitter_card":"summary_large_image","twitter_title":"Kevin GALDES, 15 ans, Espoir - leblogmoto.com","twitter_description":"La rel\u00e8ve fran\u00e7aise malgr\u00e9 ses tr\u00e8s bonnes dispositions, et les efforts conjugu\u00e9s de la f\u00e9d\u00e9ration et d&rsquo;initiatives priv\u00e9es, a quand m\u00eame du mal \u00e0 s&rsquo;\u00e9manciper, dans une contr\u00e9e o\u00f9 les sports m\u00e9caniques ne sont pas vraiment consid\u00e9r\u00e9s par ceux qui ont les budgets. Alors un Fran\u00e7ais de 15 ans, que l&rsquo;on vient chercher de l&rsquo;autre [&hellip;]","twitter_image":"http:\/\/www.leblogmoto.com\/images\/normal_d0bg9955_1.jpg","twitter_misc":{"\u00c9crit par":"andre leconde","Dur\u00e9e de lecture estim\u00e9e":"1 minute"},"schema":{"@context":"https:\/\/schema.org","@graph":[{"@type":"WebPage","@id":"https:\/\/blogs.thesocialmedia.com\/leblogmoto\/2006\/05\/17\/kevin-galdes-15\/","url":"https:\/\/blogs.thesocialmedia.com\/leblogmoto\/2006\/05\/17\/kevin-galdes-15\/","name":"Kevin GALDES, 15 ans, Espoir - leblogmoto.com","isPartOf":{"@id":"https:\/\/blogs.thesocialmedia.com\/leblogmoto\/#website"},"primaryImageOfPage":{"@id":"https:\/\/blogs.thesocialmedia.com\/leblogmoto\/2006\/05\/17\/kevin-galdes-15\/#primaryimage"},"image":{"@id":"https:\/\/blogs.thesocialmedia.com\/leblogmoto\/2006\/05\/17\/kevin-galdes-15\/#primaryimage"},"thumbnailUrl":"http:\/\/www.leblogmoto.com\/images\/normal_d0bg9955_1.jpg","datePublished":"2006-05-17T15:49:10+00:00","dateModified":"2012-07-11T14:22:33+00:00","author":{"@id":"https:\/\/blogs.thesocialmedia.com\/leblogmoto\/#\/schema\/person\/1a1dcfc7cec206573105eb4af91155c2"},"breadcrumb":{"@id":"https:\/\/blogs.thesocialmedia.com\/leblogmoto\/2006\/05\/17\/kevin-galdes-15\/#breadcrumb"},"inLanguage":"fr-FR","potentialAction":[{"@type":"ReadAction","target":["https:\/\/blogs.thesocialmedia.com\/leblogmoto\/2006\/05\/17\/kevin-galdes-15\/"]}]},{"@type":"ImageObject","inLanguage":"fr-FR","@id":"https:\/\/blogs.thesocialmedia.com\/leblogmoto\/2006\/05\/17\/kevin-galdes-15\/#primaryimage","url":"http:\/\/www.leblogmoto.com\/images\/normal_d0bg9955_1.jpg","contentUrl":"http:\/\/www.leblogmoto.com\/images\/normal_d0bg9955_1.jpg"},{"@type":"BreadcrumbList","@id":"https:\/\/blogs.thesocialmedia.com\/leblogmoto\/2006\/05\/17\/kevin-galdes-15\/#breadcrumb","itemListElement":[{"@type":"ListItem","position":1,"name":"Accueil","item":"https:\/\/blogs.thesocialmedia.com\/leblogmoto\/"},{"@type":"ListItem","position":2,"name":"Kevin GALDES, 15 ans, Espoir"}]},{"@type":"WebSite","@id":"https:\/\/blogs.thesocialmedia.com\/leblogmoto\/#website","url":"https:\/\/blogs.thesocialmedia.com\/leblogmoto\/","name":"leblogmoto","description":"Toute l&#039;actualit\u00e9 des 2 roues","potentialAction":[{"@type":"SearchAction","target":{"@type":"EntryPoint","urlTemplate":"https:\/\/blogs.thesocialmedia.com\/leblogmoto\/?s={search_term_string}"},"query-input":{"@type":"PropertyValueSpecification","valueRequired":true,"valueName":"search_term_string"}}],"inLanguage":"fr-FR"},{"@type":"Person","@id":"https:\/\/blogs.thesocialmedia.com\/leblogmoto\/#\/schema\/person\/1a1dcfc7cec206573105eb4af91155c2","name":"andre leconde","image":{"@type":"ImageObject","inLanguage":"fr-FR","@id":"https:\/\/blogs.thesocialmedia.com\/leblogmoto\/#\/schema\/person\/image\/","url":"https:\/\/secure.gravatar.com\/avatar\/?s=96&d=mm&r=g","contentUrl":"https:\/\/secure.gravatar.com\/avatar\/?s=96&d=mm&r=g","caption":"andre leconde"},"url":"https:\/\/blogs.thesocialmedia.com\/leblogmoto\/author\/andre-leconde\/"}]}},"_links":{"self":[{"href":"https:\/\/blogs.thesocialmedia.com\/leblogmoto\/wp-json\/wp\/v2\/posts\/1833","targetHints":{"allow":["GET"]}}],"collection":[{"href":"https:\/\/blogs.thesocialmedia.com\/leblogmoto\/wp-json\/wp\/v2\/posts"}],"about":[{"href":"https:\/\/blogs.thesocialmedia.com\/leblogmoto\/wp-json\/wp\/v2\/types\/post"}],"author":[{"embeddable":true,"href":"https:\/\/blogs.thesocialmedia.com\/leblogmoto\/wp-json\/wp\/v2\/users\/336"}],"replies":[{"embeddable":true,"href":"https:\/\/blogs.thesocialmedia.com\/leblogmoto\/wp-json\/wp\/v2\/comments?post=1833"}],"version-history":[{"count":2,"href":"https:\/\/blogs.thesocialmedia.com\/leblogmoto\/wp-json\/wp\/v2\/posts\/1833\/revisions"}],"predecessor-version":[{"id":7476,"href":"https:\/\/blogs.thesocialmedia.com\/leblogmoto\/wp-json\/wp\/v2\/posts\/1833\/revisions\/7476"}],"wp:attachment":[{"href":"https:\/\/blogs.thesocialmedia.com\/leblogmoto\/wp-json\/wp\/v2\/media?parent=1833"}],"wp:term":[{"taxonomy":"category","embeddable":true,"href":"https:\/\/blogs.thesocialmedia.com\/leblogmoto\/wp-json\/wp\/v2\/categories?post=1833"},{"taxonomy":"post_tag","embeddable":true,"href":"https:\/\/blogs.thesocialmedia.com\/leblogmoto\/wp-json\/wp\/v2\/tags?post=1833"}],"curies":[{"name":"wp","href":"https:\/\/api.w.org\/{rel}","templated":true}]}}