{"id":1837,"date":"2006-05-16T19:23:16","date_gmt":"2006-05-16T19:23:16","guid":{"rendered":"http:\/\/blogs.thesocialmedia.com\/leblogmoto\/2006\/05\/16\/les-bcanes-agri\/"},"modified":"2012-07-11T14:22:27","modified_gmt":"2012-07-11T14:22:27","slug":"les-bcanes-agri","status":"publish","type":"post","link":"https:\/\/blogs.thesocialmedia.com\/leblogmoto\/2006\/05\/16\/les-bcanes-agri\/","title":{"rendered":"Les b\u00e9canes agricoles"},"content":{"rendered":"<p><a href=\"http:\/\/blogs.thesocialmedia.com\/leblogmoto\/files\/2012\/07\/1024x768chopper.jpg\"><strong><img loading=\"lazy\" decoding=\"async\" height=\"187\" alt=\"1024x768chopper\" src=\"http:\/\/www.leblogmoto.com\/images\/1024x768chopper.jpg\" width=\"250\"  \/><\/strong><\/a><strong>HONDA<\/strong> me direz-vous, fabriquait d&rsquo;abord des tondeuses avant d&rsquo;\u00e9tendre son ombre sur le monde de la moto. Et d&rsquo;ailleurs, <a href=\"http:\/\/www.leblogmoto.com\/2006\/05\/toujours_se_mfi.html\">les petits engins<\/a> de jardin sont toujours une activit\u00e9 de ce qui est devenu le premier constructeur mondial de deux roues.<\/p>\n<p>Les connexions entre ces deux mondes ne rel\u00e8vent donc pas de l&rsquo;in\u00e9ptie. Mais l\u00e0, on touche aussi au ph\u00e9nom\u00e8ne de chantier, du lourd, du tracteur de barroudeur. Et le r\u00e9sultat est \u00e0 l&rsquo;unisson. Heureusement, il ne s&rsquo;ag\u00eet que d&rsquo;une vue de style&#8230; <\/p>\n<p><a href=\"http:\/\/clabedan.typepad.com\/.shared\/image.html?\/photos\/uncategorized\/boss_hoss_2.jpg\"><img loading=\"lazy\" decoding=\"async\" height=\"142\" alt=\"Boss_hoss_2\" src=\"http:\/\/www.leblogmoto.com\/images\/boss_hoss_2.jpg\" width=\"250\"  \/><\/a> <strong>CATERPILLAR<\/strong> et <strong>JOHN DEERE<\/strong> ont donc pos\u00e9 leur nom sur des r\u00e9alisations \u00e0 deux roues. Certainement un peu \u00e0 leur corps d\u00e9fendant, m\u00eame si le r\u00e9sultat est quand m\u00eame assez proche de ce que ces deux blasons ont l&rsquo;habitude de faire.<\/p>\n<p>Mention sp\u00e9ciale pour la verte qui pr\u00e9sente un exhub\u00e9rant <strong>V8<\/strong> comme m\u00e9canique. D&rsquo;origine <strong>CHEVROLET<\/strong>, de pr\u00e8s de six litres pour une conso de <a href=\"http:\/\/blogs.thesocialmedia.com\/leblogmoto\/files\/2012\/07\/boss_hoss_3_1.jpg\"><img loading=\"lazy\" decoding=\"async\" height=\"185\" alt=\"Boss_hoss_3_1\" src=\"http:\/\/www.leblogmoto.com\/images\/boss_hoss_3_1.jpg\" width=\"250\"  \/><\/a> quatorze litres au cent. Et elle roule. Ca vient de chez <a href=\"http:\/\/www.bosshoss.com\/\">Boss Hoss<\/a>.<\/p>\n<p>SOURCE: <a href=\"http:\/\/www.motoblog.it\/\">www.motoblog.it<\/a> <\/p>\n","protected":false},"excerpt":{"rendered":"<p>HONDA me direz-vous, fabriquait d&rsquo;abord des tondeuses avant d&rsquo;\u00e9tendre son ombre sur le monde de la moto. Et d&rsquo;ailleurs, les petits engins de jardin sont toujours une activit\u00e9 de ce qui est devenu le premier constructeur mondial de deux roues. Les connexions entre ces deux mondes ne rel\u00e8vent donc pas de l&rsquo;in\u00e9ptie. Mais l\u00e0, on [&hellip;]<\/p>\n","protected":false},"author":336,"featured_media":0,"comment_status":"open","ping_status":"open","sticky":false,"template":"","format":"standard","meta":{"footnotes":""},"categories":[17],"tags":[],"class_list":["post-1837","post","type-post","status-publish","format-standard","hentry","category-divers"],"yoast_head":"<!-- This site is optimized with the Yoast SEO plugin v26.0 - https:\/\/yoast.com\/wordpress\/plugins\/seo\/ -->\n<title>Les b\u00e9canes agricoles - leblogmoto.com<\/title>\n<meta name=\"robots\" content=\"index, follow, max-snippet:-1, max-image-preview:large, max-video-preview:-1\" \/>\n<link rel=\"canonical\" href=\"https:\/\/blogs.thesocialmedia.com\/leblogmoto\/2006\/05\/16\/les-bcanes-agri\/\" \/>\n<meta name=\"twitter:card\" content=\"summary_large_image\" \/>\n<meta name=\"twitter:title\" content=\"Les b\u00e9canes agricoles - leblogmoto.com\" \/>\n<meta name=\"twitter:description\" content=\"HONDA me direz-vous, fabriquait d&rsquo;abord des tondeuses avant d&rsquo;\u00e9tendre son ombre sur le monde de la moto. Et d&rsquo;ailleurs, les petits engins de jardin sont toujours une activit\u00e9 de ce qui est devenu le premier constructeur mondial de deux roues. Les connexions entre ces deux mondes ne rel\u00e8vent donc pas de l&rsquo;in\u00e9ptie. Mais l\u00e0, on [&hellip;]\" \/>\n<meta name=\"twitter:image\" content=\"http:\/\/www.leblogmoto.com\/images\/1024x768chopper.jpg\" \/>\n<meta name=\"twitter:label1\" content=\"\u00c9crit par\" \/>\n\t<meta name=\"twitter:data1\" content=\"andre leconde\" \/>\n\t<meta name=\"twitter:label2\" content=\"Dur\u00e9e de lecture estim\u00e9e\" \/>\n\t<meta name=\"twitter:data2\" content=\"1 minute\" \/>\n<script type=\"application\/ld+json\" class=\"yoast-schema-graph\">{\"@context\":\"https:\/\/schema.org\",\"@graph\":[{\"@type\":\"WebPage\",\"@id\":\"https:\/\/blogs.thesocialmedia.com\/leblogmoto\/2006\/05\/16\/les-bcanes-agri\/\",\"url\":\"https:\/\/blogs.thesocialmedia.com\/leblogmoto\/2006\/05\/16\/les-bcanes-agri\/\",\"name\":\"Les b\u00e9canes agricoles - leblogmoto.com\",\"isPartOf\":{\"@id\":\"https:\/\/blogs.thesocialmedia.com\/leblogmoto\/#website\"},\"primaryImageOfPage\":{\"@id\":\"https:\/\/blogs.thesocialmedia.com\/leblogmoto\/2006\/05\/16\/les-bcanes-agri\/#primaryimage\"},\"image\":{\"@id\":\"https:\/\/blogs.thesocialmedia.com\/leblogmoto\/2006\/05\/16\/les-bcanes-agri\/#primaryimage\"},\"thumbnailUrl\":\"http:\/\/www.leblogmoto.com\/images\/1024x768chopper.jpg\",\"datePublished\":\"2006-05-16T19:23:16+00:00\",\"dateModified\":\"2012-07-11T14:22:27+00:00\",\"author\":{\"@id\":\"https:\/\/blogs.thesocialmedia.com\/leblogmoto\/#\/schema\/person\/1a1dcfc7cec206573105eb4af91155c2\"},\"breadcrumb\":{\"@id\":\"https:\/\/blogs.thesocialmedia.com\/leblogmoto\/2006\/05\/16\/les-bcanes-agri\/#breadcrumb\"},\"inLanguage\":\"fr-FR\",\"potentialAction\":[{\"@type\":\"ReadAction\",\"target\":[\"https:\/\/blogs.thesocialmedia.com\/leblogmoto\/2006\/05\/16\/les-bcanes-agri\/\"]}]},{\"@type\":\"ImageObject\",\"inLanguage\":\"fr-FR\",\"@id\":\"https:\/\/blogs.thesocialmedia.com\/leblogmoto\/2006\/05\/16\/les-bcanes-agri\/#primaryimage\",\"url\":\"http:\/\/www.leblogmoto.com\/images\/1024x768chopper.jpg\",\"contentUrl\":\"http:\/\/www.leblogmoto.com\/images\/1024x768chopper.jpg\"},{\"@type\":\"BreadcrumbList\",\"@id\":\"https:\/\/blogs.thesocialmedia.com\/leblogmoto\/2006\/05\/16\/les-bcanes-agri\/#breadcrumb\",\"itemListElement\":[{\"@type\":\"ListItem\",\"position\":1,\"name\":\"Accueil\",\"item\":\"https:\/\/blogs.thesocialmedia.com\/leblogmoto\/\"},{\"@type\":\"ListItem\",\"position\":2,\"name\":\"Les b\u00e9canes agricoles\"}]},{\"@type\":\"WebSite\",\"@id\":\"https:\/\/blogs.thesocialmedia.com\/leblogmoto\/#website\",\"url\":\"https:\/\/blogs.thesocialmedia.com\/leblogmoto\/\",\"name\":\"leblogmoto\",\"description\":\"Toute l&#039;actualit\u00e9 des 2 roues\",\"potentialAction\":[{\"@type\":\"SearchAction\",\"target\":{\"@type\":\"EntryPoint\",\"urlTemplate\":\"https:\/\/blogs.thesocialmedia.com\/leblogmoto\/?s={search_term_string}\"},\"query-input\":{\"@type\":\"PropertyValueSpecification\",\"valueRequired\":true,\"valueName\":\"search_term_string\"}}],\"inLanguage\":\"fr-FR\"},{\"@type\":\"Person\",\"@id\":\"https:\/\/blogs.thesocialmedia.com\/leblogmoto\/#\/schema\/person\/1a1dcfc7cec206573105eb4af91155c2\",\"name\":\"andre leconde\",\"image\":{\"@type\":\"ImageObject\",\"inLanguage\":\"fr-FR\",\"@id\":\"https:\/\/blogs.thesocialmedia.com\/leblogmoto\/#\/schema\/person\/image\/\",\"url\":\"https:\/\/secure.gravatar.com\/avatar\/?s=96&d=mm&r=g\",\"contentUrl\":\"https:\/\/secure.gravatar.com\/avatar\/?s=96&d=mm&r=g\",\"caption\":\"andre leconde\"},\"url\":\"https:\/\/blogs.thesocialmedia.com\/leblogmoto\/author\/andre-leconde\/\"}]}<\/script>\n<!-- \/ Yoast SEO plugin. -->","yoast_head_json":{"title":"Les b\u00e9canes agricoles - leblogmoto.com","robots":{"index":"index","follow":"follow","max-snippet":"max-snippet:-1","max-image-preview":"max-image-preview:large","max-video-preview":"max-video-preview:-1"},"canonical":"https:\/\/blogs.thesocialmedia.com\/leblogmoto\/2006\/05\/16\/les-bcanes-agri\/","twitter_card":"summary_large_image","twitter_title":"Les b\u00e9canes agricoles - leblogmoto.com","twitter_description":"HONDA me direz-vous, fabriquait d&rsquo;abord des tondeuses avant d&rsquo;\u00e9tendre son ombre sur le monde de la moto. Et d&rsquo;ailleurs, les petits engins de jardin sont toujours une activit\u00e9 de ce qui est devenu le premier constructeur mondial de deux roues. Les connexions entre ces deux mondes ne rel\u00e8vent donc pas de l&rsquo;in\u00e9ptie. Mais l\u00e0, on [&hellip;]","twitter_image":"http:\/\/www.leblogmoto.com\/images\/1024x768chopper.jpg","twitter_misc":{"\u00c9crit par":"andre leconde","Dur\u00e9e de lecture estim\u00e9e":"1 minute"},"schema":{"@context":"https:\/\/schema.org","@graph":[{"@type":"WebPage","@id":"https:\/\/blogs.thesocialmedia.com\/leblogmoto\/2006\/05\/16\/les-bcanes-agri\/","url":"https:\/\/blogs.thesocialmedia.com\/leblogmoto\/2006\/05\/16\/les-bcanes-agri\/","name":"Les b\u00e9canes agricoles - leblogmoto.com","isPartOf":{"@id":"https:\/\/blogs.thesocialmedia.com\/leblogmoto\/#website"},"primaryImageOfPage":{"@id":"https:\/\/blogs.thesocialmedia.com\/leblogmoto\/2006\/05\/16\/les-bcanes-agri\/#primaryimage"},"image":{"@id":"https:\/\/blogs.thesocialmedia.com\/leblogmoto\/2006\/05\/16\/les-bcanes-agri\/#primaryimage"},"thumbnailUrl":"http:\/\/www.leblogmoto.com\/images\/1024x768chopper.jpg","datePublished":"2006-05-16T19:23:16+00:00","dateModified":"2012-07-11T14:22:27+00:00","author":{"@id":"https:\/\/blogs.thesocialmedia.com\/leblogmoto\/#\/schema\/person\/1a1dcfc7cec206573105eb4af91155c2"},"breadcrumb":{"@id":"https:\/\/blogs.thesocialmedia.com\/leblogmoto\/2006\/05\/16\/les-bcanes-agri\/#breadcrumb"},"inLanguage":"fr-FR","potentialAction":[{"@type":"ReadAction","target":["https:\/\/blogs.thesocialmedia.com\/leblogmoto\/2006\/05\/16\/les-bcanes-agri\/"]}]},{"@type":"ImageObject","inLanguage":"fr-FR","@id":"https:\/\/blogs.thesocialmedia.com\/leblogmoto\/2006\/05\/16\/les-bcanes-agri\/#primaryimage","url":"http:\/\/www.leblogmoto.com\/images\/1024x768chopper.jpg","contentUrl":"http:\/\/www.leblogmoto.com\/images\/1024x768chopper.jpg"},{"@type":"BreadcrumbList","@id":"https:\/\/blogs.thesocialmedia.com\/leblogmoto\/2006\/05\/16\/les-bcanes-agri\/#breadcrumb","itemListElement":[{"@type":"ListItem","position":1,"name":"Accueil","item":"https:\/\/blogs.thesocialmedia.com\/leblogmoto\/"},{"@type":"ListItem","position":2,"name":"Les b\u00e9canes agricoles"}]},{"@type":"WebSite","@id":"https:\/\/blogs.thesocialmedia.com\/leblogmoto\/#website","url":"https:\/\/blogs.thesocialmedia.com\/leblogmoto\/","name":"leblogmoto","description":"Toute l&#039;actualit\u00e9 des 2 roues","potentialAction":[{"@type":"SearchAction","target":{"@type":"EntryPoint","urlTemplate":"https:\/\/blogs.thesocialmedia.com\/leblogmoto\/?s={search_term_string}"},"query-input":{"@type":"PropertyValueSpecification","valueRequired":true,"valueName":"search_term_string"}}],"inLanguage":"fr-FR"},{"@type":"Person","@id":"https:\/\/blogs.thesocialmedia.com\/leblogmoto\/#\/schema\/person\/1a1dcfc7cec206573105eb4af91155c2","name":"andre leconde","image":{"@type":"ImageObject","inLanguage":"fr-FR","@id":"https:\/\/blogs.thesocialmedia.com\/leblogmoto\/#\/schema\/person\/image\/","url":"https:\/\/secure.gravatar.com\/avatar\/?s=96&d=mm&r=g","contentUrl":"https:\/\/secure.gravatar.com\/avatar\/?s=96&d=mm&r=g","caption":"andre leconde"},"url":"https:\/\/blogs.thesocialmedia.com\/leblogmoto\/author\/andre-leconde\/"}]}},"_links":{"self":[{"href":"https:\/\/blogs.thesocialmedia.com\/leblogmoto\/wp-json\/wp\/v2\/posts\/1837","targetHints":{"allow":["GET"]}}],"collection":[{"href":"https:\/\/blogs.thesocialmedia.com\/leblogmoto\/wp-json\/wp\/v2\/posts"}],"about":[{"href":"https:\/\/blogs.thesocialmedia.com\/leblogmoto\/wp-json\/wp\/v2\/types\/post"}],"author":[{"embeddable":true,"href":"https:\/\/blogs.thesocialmedia.com\/leblogmoto\/wp-json\/wp\/v2\/users\/336"}],"replies":[{"embeddable":true,"href":"https:\/\/blogs.thesocialmedia.com\/leblogmoto\/wp-json\/wp\/v2\/comments?post=1837"}],"version-history":[{"count":2,"href":"https:\/\/blogs.thesocialmedia.com\/leblogmoto\/wp-json\/wp\/v2\/posts\/1837\/revisions"}],"predecessor-version":[{"id":7470,"href":"https:\/\/blogs.thesocialmedia.com\/leblogmoto\/wp-json\/wp\/v2\/posts\/1837\/revisions\/7470"}],"wp:attachment":[{"href":"https:\/\/blogs.thesocialmedia.com\/leblogmoto\/wp-json\/wp\/v2\/media?parent=1837"}],"wp:term":[{"taxonomy":"category","embeddable":true,"href":"https:\/\/blogs.thesocialmedia.com\/leblogmoto\/wp-json\/wp\/v2\/categories?post=1837"},{"taxonomy":"post_tag","embeddable":true,"href":"https:\/\/blogs.thesocialmedia.com\/leblogmoto\/wp-json\/wp\/v2\/tags?post=1837"}],"curies":[{"name":"wp","href":"https:\/\/api.w.org\/{rel}","templated":true}]}}