{"id":1838,"date":"2006-05-16T18:36:32","date_gmt":"2006-05-16T18:36:32","guid":{"rendered":"http:\/\/blogs.thesocialmedia.com\/leblogmoto\/2006\/05\/16\/les-circuits-ou\/"},"modified":"2012-07-11T14:22:21","modified_gmt":"2012-07-11T14:22:21","slug":"les-circuits-ou","status":"publish","type":"post","link":"https:\/\/blogs.thesocialmedia.com\/leblogmoto\/2006\/05\/16\/les-circuits-ou\/","title":{"rendered":"Les circuits ouvrent leurs portes"},"content":{"rendered":"<p><a href=\"http:\/\/blogs.thesocialmedia.com\/leblogmoto\/files\/2012\/07\/carole_graviers.jpg\"><img loading=\"lazy\" decoding=\"async\" height=\"170\" alt=\"Carole_graviers\" src=\"http:\/\/www.leblogmoto.com\/images\/carole_graviers.jpg\" width=\"250\"  \/><\/a>Gr\u00e2ce aux efforts conjugu\u00e9s de la <strong>FFM<\/strong>, du <strong>Minist\u00e8re de la Jeunesse et des Sport <\/strong>ainsi que, et c&rsquo;est une premi\u00e8re, de celui des <strong>Transports<\/strong>, les circuits de l&rsquo;h\u00e9xagone ouvrent leurs portes aux <a href=\"http:\/\/www.leblogmoto.com\/2005\/12\/lhomo_motardicu.html\">motards lambda<\/a>.<\/p>\n<p><strong>45 000<\/strong> euros ont ainsi \u00e9t\u00e9 d\u00e9volus \u00e0 cette op\u00e9ration qui pr\u00e9sente enfin sous un jour <a href=\"http:\/\/www.leblogmoto.com\/2006\/02\/_httpruinerpwpb.html\">responsable et intelligent<\/a> le plaisir de la conduite d&rsquo;une moto. Le tout dans un <strong>cadre s\u00e9curis\u00e9<\/strong> et sous l&rsquo;oeil <strong>d&rsquo;\u00e9ducateurs dipl\u00f4m\u00e9s d&rsquo;Etat<\/strong>&#8230; <\/p>\n<p><a href=\"http:\/\/clabedan.typepad.com\/.shared\/image.html?\/photos\/uncategorized\/carole_01.jpg\"><img loading=\"lazy\" decoding=\"async\" height=\"187\" alt=\"Carole_01\" src=\"http:\/\/www.leblogmoto.com\/images\/carole_01.jpg\" width=\"250\"  \/><\/a>Machines homologu\u00e9es et \u00e9quipements de s\u00e9curit\u00e9 obligatoires dont le cuir sont les seules conditions pour profiter de sa monture sans appr\u00e9hension, et, surtout l&rsquo;apprendre pour d\u00e9guster son potentiel sans ivresse fatale.<\/p>\n<p>de <strong>Mai \u00e0 Octobre<\/strong>, sur les circuits de Carole, Albi, Croix, Mas du Clos, Issoire et Nogaro, par s\u00e9ance de vingt minutes. <\/p>\n<p>A consommer sans mod\u00e9ration. <\/p>\n<p>SOURCES: <a href=\"http:\/\/moto-net.com\">http:\/\/moto-net.com<\/a>&nbsp; &nbsp;ILLUSTRATIONS: <a href=\"http:\/\/eric.cabrol.free\">http:\/\/eric.cabrol.free<\/a>&nbsp; <\/p>\n","protected":false},"excerpt":{"rendered":"<p>Gr\u00e2ce aux efforts conjugu\u00e9s de la FFM, du Minist\u00e8re de la Jeunesse et des Sport ainsi que, et c&rsquo;est une premi\u00e8re, de celui des Transports, les circuits de l&rsquo;h\u00e9xagone ouvrent leurs portes aux motards lambda. 45 000 euros ont ainsi \u00e9t\u00e9 d\u00e9volus \u00e0 cette op\u00e9ration qui pr\u00e9sente enfin sous un jour responsable et intelligent le [&hellip;]<\/p>\n","protected":false},"author":336,"featured_media":0,"comment_status":"open","ping_status":"open","sticky":false,"template":"","format":"standard","meta":{"footnotes":""},"categories":[3,17,27],"tags":[],"class_list":["post-1838","post","type-post","status-publish","format-standard","hentry","category-actualite","category-divers","category-securite"],"yoast_head":"<!-- This site is optimized with the Yoast SEO plugin v26.0 - https:\/\/yoast.com\/wordpress\/plugins\/seo\/ -->\n<title>Les circuits ouvrent leurs portes - leblogmoto.com<\/title>\n<meta name=\"robots\" content=\"index, follow, max-snippet:-1, max-image-preview:large, max-video-preview:-1\" \/>\n<link rel=\"canonical\" href=\"https:\/\/blogs.thesocialmedia.com\/leblogmoto\/2006\/05\/16\/les-circuits-ou\/\" \/>\n<meta name=\"twitter:card\" content=\"summary_large_image\" \/>\n<meta name=\"twitter:title\" content=\"Les circuits ouvrent leurs portes - leblogmoto.com\" \/>\n<meta name=\"twitter:description\" content=\"Gr\u00e2ce aux efforts conjugu\u00e9s de la FFM, du Minist\u00e8re de la Jeunesse et des Sport ainsi que, et c&rsquo;est une premi\u00e8re, de celui des Transports, les circuits de l&rsquo;h\u00e9xagone ouvrent leurs portes aux motards lambda. 45 000 euros ont ainsi \u00e9t\u00e9 d\u00e9volus \u00e0 cette op\u00e9ration qui pr\u00e9sente enfin sous un jour responsable et intelligent le [&hellip;]\" \/>\n<meta name=\"twitter:image\" content=\"http:\/\/www.leblogmoto.com\/images\/carole_graviers.jpg\" \/>\n<meta name=\"twitter:label1\" content=\"\u00c9crit par\" \/>\n\t<meta name=\"twitter:data1\" content=\"andre leconde\" \/>\n\t<meta name=\"twitter:label2\" content=\"Dur\u00e9e de lecture estim\u00e9e\" \/>\n\t<meta name=\"twitter:data2\" content=\"1 minute\" \/>\n<script type=\"application\/ld+json\" class=\"yoast-schema-graph\">{\"@context\":\"https:\/\/schema.org\",\"@graph\":[{\"@type\":\"WebPage\",\"@id\":\"https:\/\/blogs.thesocialmedia.com\/leblogmoto\/2006\/05\/16\/les-circuits-ou\/\",\"url\":\"https:\/\/blogs.thesocialmedia.com\/leblogmoto\/2006\/05\/16\/les-circuits-ou\/\",\"name\":\"Les circuits ouvrent leurs portes - leblogmoto.com\",\"isPartOf\":{\"@id\":\"https:\/\/blogs.thesocialmedia.com\/leblogmoto\/#website\"},\"primaryImageOfPage\":{\"@id\":\"https:\/\/blogs.thesocialmedia.com\/leblogmoto\/2006\/05\/16\/les-circuits-ou\/#primaryimage\"},\"image\":{\"@id\":\"https:\/\/blogs.thesocialmedia.com\/leblogmoto\/2006\/05\/16\/les-circuits-ou\/#primaryimage\"},\"thumbnailUrl\":\"http:\/\/www.leblogmoto.com\/images\/carole_graviers.jpg\",\"datePublished\":\"2006-05-16T18:36:32+00:00\",\"dateModified\":\"2012-07-11T14:22:21+00:00\",\"author\":{\"@id\":\"https:\/\/blogs.thesocialmedia.com\/leblogmoto\/#\/schema\/person\/1a1dcfc7cec206573105eb4af91155c2\"},\"breadcrumb\":{\"@id\":\"https:\/\/blogs.thesocialmedia.com\/leblogmoto\/2006\/05\/16\/les-circuits-ou\/#breadcrumb\"},\"inLanguage\":\"fr-FR\",\"potentialAction\":[{\"@type\":\"ReadAction\",\"target\":[\"https:\/\/blogs.thesocialmedia.com\/leblogmoto\/2006\/05\/16\/les-circuits-ou\/\"]}]},{\"@type\":\"ImageObject\",\"inLanguage\":\"fr-FR\",\"@id\":\"https:\/\/blogs.thesocialmedia.com\/leblogmoto\/2006\/05\/16\/les-circuits-ou\/#primaryimage\",\"url\":\"http:\/\/www.leblogmoto.com\/images\/carole_graviers.jpg\",\"contentUrl\":\"http:\/\/www.leblogmoto.com\/images\/carole_graviers.jpg\"},{\"@type\":\"BreadcrumbList\",\"@id\":\"https:\/\/blogs.thesocialmedia.com\/leblogmoto\/2006\/05\/16\/les-circuits-ou\/#breadcrumb\",\"itemListElement\":[{\"@type\":\"ListItem\",\"position\":1,\"name\":\"Accueil\",\"item\":\"https:\/\/blogs.thesocialmedia.com\/leblogmoto\/\"},{\"@type\":\"ListItem\",\"position\":2,\"name\":\"Les circuits ouvrent leurs portes\"}]},{\"@type\":\"WebSite\",\"@id\":\"https:\/\/blogs.thesocialmedia.com\/leblogmoto\/#website\",\"url\":\"https:\/\/blogs.thesocialmedia.com\/leblogmoto\/\",\"name\":\"leblogmoto\",\"description\":\"Toute l&#039;actualit\u00e9 des 2 roues\",\"potentialAction\":[{\"@type\":\"SearchAction\",\"target\":{\"@type\":\"EntryPoint\",\"urlTemplate\":\"https:\/\/blogs.thesocialmedia.com\/leblogmoto\/?s={search_term_string}\"},\"query-input\":{\"@type\":\"PropertyValueSpecification\",\"valueRequired\":true,\"valueName\":\"search_term_string\"}}],\"inLanguage\":\"fr-FR\"},{\"@type\":\"Person\",\"@id\":\"https:\/\/blogs.thesocialmedia.com\/leblogmoto\/#\/schema\/person\/1a1dcfc7cec206573105eb4af91155c2\",\"name\":\"andre leconde\",\"image\":{\"@type\":\"ImageObject\",\"inLanguage\":\"fr-FR\",\"@id\":\"https:\/\/blogs.thesocialmedia.com\/leblogmoto\/#\/schema\/person\/image\/\",\"url\":\"https:\/\/secure.gravatar.com\/avatar\/?s=96&d=mm&r=g\",\"contentUrl\":\"https:\/\/secure.gravatar.com\/avatar\/?s=96&d=mm&r=g\",\"caption\":\"andre leconde\"},\"url\":\"https:\/\/blogs.thesocialmedia.com\/leblogmoto\/author\/andre-leconde\/\"}]}<\/script>\n<!-- \/ Yoast SEO plugin. -->","yoast_head_json":{"title":"Les circuits ouvrent leurs portes - leblogmoto.com","robots":{"index":"index","follow":"follow","max-snippet":"max-snippet:-1","max-image-preview":"max-image-preview:large","max-video-preview":"max-video-preview:-1"},"canonical":"https:\/\/blogs.thesocialmedia.com\/leblogmoto\/2006\/05\/16\/les-circuits-ou\/","twitter_card":"summary_large_image","twitter_title":"Les circuits ouvrent leurs portes - leblogmoto.com","twitter_description":"Gr\u00e2ce aux efforts conjugu\u00e9s de la FFM, du Minist\u00e8re de la Jeunesse et des Sport ainsi que, et c&rsquo;est une premi\u00e8re, de celui des Transports, les circuits de l&rsquo;h\u00e9xagone ouvrent leurs portes aux motards lambda. 45 000 euros ont ainsi \u00e9t\u00e9 d\u00e9volus \u00e0 cette op\u00e9ration qui pr\u00e9sente enfin sous un jour responsable et intelligent le [&hellip;]","twitter_image":"http:\/\/www.leblogmoto.com\/images\/carole_graviers.jpg","twitter_misc":{"\u00c9crit par":"andre leconde","Dur\u00e9e de lecture estim\u00e9e":"1 minute"},"schema":{"@context":"https:\/\/schema.org","@graph":[{"@type":"WebPage","@id":"https:\/\/blogs.thesocialmedia.com\/leblogmoto\/2006\/05\/16\/les-circuits-ou\/","url":"https:\/\/blogs.thesocialmedia.com\/leblogmoto\/2006\/05\/16\/les-circuits-ou\/","name":"Les circuits ouvrent leurs portes - leblogmoto.com","isPartOf":{"@id":"https:\/\/blogs.thesocialmedia.com\/leblogmoto\/#website"},"primaryImageOfPage":{"@id":"https:\/\/blogs.thesocialmedia.com\/leblogmoto\/2006\/05\/16\/les-circuits-ou\/#primaryimage"},"image":{"@id":"https:\/\/blogs.thesocialmedia.com\/leblogmoto\/2006\/05\/16\/les-circuits-ou\/#primaryimage"},"thumbnailUrl":"http:\/\/www.leblogmoto.com\/images\/carole_graviers.jpg","datePublished":"2006-05-16T18:36:32+00:00","dateModified":"2012-07-11T14:22:21+00:00","author":{"@id":"https:\/\/blogs.thesocialmedia.com\/leblogmoto\/#\/schema\/person\/1a1dcfc7cec206573105eb4af91155c2"},"breadcrumb":{"@id":"https:\/\/blogs.thesocialmedia.com\/leblogmoto\/2006\/05\/16\/les-circuits-ou\/#breadcrumb"},"inLanguage":"fr-FR","potentialAction":[{"@type":"ReadAction","target":["https:\/\/blogs.thesocialmedia.com\/leblogmoto\/2006\/05\/16\/les-circuits-ou\/"]}]},{"@type":"ImageObject","inLanguage":"fr-FR","@id":"https:\/\/blogs.thesocialmedia.com\/leblogmoto\/2006\/05\/16\/les-circuits-ou\/#primaryimage","url":"http:\/\/www.leblogmoto.com\/images\/carole_graviers.jpg","contentUrl":"http:\/\/www.leblogmoto.com\/images\/carole_graviers.jpg"},{"@type":"BreadcrumbList","@id":"https:\/\/blogs.thesocialmedia.com\/leblogmoto\/2006\/05\/16\/les-circuits-ou\/#breadcrumb","itemListElement":[{"@type":"ListItem","position":1,"name":"Accueil","item":"https:\/\/blogs.thesocialmedia.com\/leblogmoto\/"},{"@type":"ListItem","position":2,"name":"Les circuits ouvrent leurs portes"}]},{"@type":"WebSite","@id":"https:\/\/blogs.thesocialmedia.com\/leblogmoto\/#website","url":"https:\/\/blogs.thesocialmedia.com\/leblogmoto\/","name":"leblogmoto","description":"Toute l&#039;actualit\u00e9 des 2 roues","potentialAction":[{"@type":"SearchAction","target":{"@type":"EntryPoint","urlTemplate":"https:\/\/blogs.thesocialmedia.com\/leblogmoto\/?s={search_term_string}"},"query-input":{"@type":"PropertyValueSpecification","valueRequired":true,"valueName":"search_term_string"}}],"inLanguage":"fr-FR"},{"@type":"Person","@id":"https:\/\/blogs.thesocialmedia.com\/leblogmoto\/#\/schema\/person\/1a1dcfc7cec206573105eb4af91155c2","name":"andre leconde","image":{"@type":"ImageObject","inLanguage":"fr-FR","@id":"https:\/\/blogs.thesocialmedia.com\/leblogmoto\/#\/schema\/person\/image\/","url":"https:\/\/secure.gravatar.com\/avatar\/?s=96&d=mm&r=g","contentUrl":"https:\/\/secure.gravatar.com\/avatar\/?s=96&d=mm&r=g","caption":"andre leconde"},"url":"https:\/\/blogs.thesocialmedia.com\/leblogmoto\/author\/andre-leconde\/"}]}},"_links":{"self":[{"href":"https:\/\/blogs.thesocialmedia.com\/leblogmoto\/wp-json\/wp\/v2\/posts\/1838","targetHints":{"allow":["GET"]}}],"collection":[{"href":"https:\/\/blogs.thesocialmedia.com\/leblogmoto\/wp-json\/wp\/v2\/posts"}],"about":[{"href":"https:\/\/blogs.thesocialmedia.com\/leblogmoto\/wp-json\/wp\/v2\/types\/post"}],"author":[{"embeddable":true,"href":"https:\/\/blogs.thesocialmedia.com\/leblogmoto\/wp-json\/wp\/v2\/users\/336"}],"replies":[{"embeddable":true,"href":"https:\/\/blogs.thesocialmedia.com\/leblogmoto\/wp-json\/wp\/v2\/comments?post=1838"}],"version-history":[{"count":2,"href":"https:\/\/blogs.thesocialmedia.com\/leblogmoto\/wp-json\/wp\/v2\/posts\/1838\/revisions"}],"predecessor-version":[{"id":7467,"href":"https:\/\/blogs.thesocialmedia.com\/leblogmoto\/wp-json\/wp\/v2\/posts\/1838\/revisions\/7467"}],"wp:attachment":[{"href":"https:\/\/blogs.thesocialmedia.com\/leblogmoto\/wp-json\/wp\/v2\/media?parent=1838"}],"wp:term":[{"taxonomy":"category","embeddable":true,"href":"https:\/\/blogs.thesocialmedia.com\/leblogmoto\/wp-json\/wp\/v2\/categories?post=1838"},{"taxonomy":"post_tag","embeddable":true,"href":"https:\/\/blogs.thesocialmedia.com\/leblogmoto\/wp-json\/wp\/v2\/tags?post=1838"}],"curies":[{"name":"wp","href":"https:\/\/api.w.org\/{rel}","templated":true}]}}