{"id":184,"date":"2009-04-14T05:13:40","date_gmt":"2009-04-14T05:13:40","guid":{"rendered":"http:\/\/blogs.thesocialmedia.com\/leblogmoto\/2009\/04\/14\/moto-gp-qatar-stoner-pose-la-premiere-pierre\/"},"modified":"2012-07-11T17:18:34","modified_gmt":"2012-07-11T17:18:34","slug":"moto-gp-qatar-stoner-pose-la-premiere-pierre","status":"publish","type":"post","link":"https:\/\/blogs.thesocialmedia.com\/leblogmoto\/2009\/04\/14\/moto-gp-qatar-stoner-pose-la-premiere-pierre\/","title":{"rendered":"Moto GP Qatar &#8211; Stoner pose la premi\u00e8re pierre"},"content":{"rendered":"<p><a href=\"http:\/\/blogs.thesocialmedia.com\/leblogmoto\/files\/2012\/07\/6a00d83451b18369e2011570199aab970b-popup.png\"><img decoding=\"async\" alt=\"Qatar1\" class=\"at-xid-6a00d83451b18369e2011570199aab970b \" src=\"http:\/\/blogs.thesocialmedia.com\/leblogmoto\/files\/2012\/07\/6a00d83451b18369e2011570199aab970b-500wi.jpg\" style=\"width: 470px\" \/><\/a> <\/p>\n<p>Les rouges n&#039;ont pas fait le spectacle \u00e0 Qatar ce lundi, apr\u00e8s que la premi\u00e8re course de la saison en Moto GP soit report\u00e9e au lendemain pour cause de pluie diluvienne. Vive le d\u00e9sert!<br \/>Le rouge donc, Stoner trop fort, Hayden trop amoch\u00e9, Rossi voyant rouge aussi, d&#039;abord de se faire passer par Lorenzo dans le premier tour, puis d&#039;\u00eatre incapable de recoller \u00e0 la Ducati de Stoner et de s&#039;y accrocher. Au point de se contenter d&#039;un vague signe de la main envers son \u00e9quipe passant la ligne d&#039;arriv\u00e9e au drapeau \u00e0 damier.<\/p>\n<p> Et si Casey Stoner a pu se b\u00e2tir sept secondes d&#039;avance au fil d&#039;arriv\u00e9e, on osera esp\u00e9rer pour le spectacle du reste de la saison que son poignet ne le fait plus souffrir!<br \/>Une hirondelle ne fait pas le printemps, et une victoire m\u00eame convaincante ne fait pas un championnat non plus, alors on ne couronnera pas l&#039;Australien trop rapidement, mais cela laisse pr\u00e9sager de beaux duels.<\/p>\n<p>Derri\u00e8re, Capirossi montra de belles mani\u00e8res sur sa Suzuki, roulant m\u00eame deuxi\u00e8me un petit moment gr\u00e2ce \u00e0 un bon d\u00e9part, mais il tomba rapidement derri\u00e8re Lorenzo et Dovizioso pour, au 9e tour \u00e9chapper sa machine et terminer son week-end sous une pluie d&#039;\u00e9tincelles. L&#039;autre Suzuki de Vermeulen terminera septi\u00e8me, peut-\u00eatre sixi\u00e8me si Alex de Angelis se fait semoncer pour le contact avec le pauvre Dani Pedrosa, qui vit sa <a href=\"http:\/\/world.honda.com\/MotoGP\/\">Repsol Honda<\/a> servir de butoir \u00e0 la <a href=\"http:\/\/www.gresiniracing.com\/\">Honda Gresini<\/a> trop ambitieuse \u00e0 profiter d&#039;une ouverture. Pedrosa r\u00e9ussit \u00e0 conserver le contr\u00f4le de sa machine, mais \u00e0 quel prix, lui qui se remet \u00e0 peine des op\u00e9rations aux genoux et \u00e0 l&#039;avant-bras? L&#039;Espagnol terminera onzi\u00e8me, plus au courage qu&#039;\u00e0 l&#039;attaque.<\/p>\n<p>Si ce premier rendez-vous de la saison 2009 en Moto GP ne donna pas le spectacle esp\u00e9r\u00e9 aux avant-postes, il aura toutefois mis la table pour les manches subs\u00e9quentes.<br \/>Avec un Stoner aux anges et confiant dans les capacit\u00e9s de sa machine, et un Rossi d\u00e9j\u00e0 hargneux, vivement le prochain rendez-vous au Japon.<\/p>\n<p>1- <strong>Casey Stoner<\/strong> &#8211; Ducati Marlboro <strong>42, 53.984<\/strong><br \/>2- <strong>Valentino Ross<\/strong>i &#8211; Fiat Yamaha Team <strong>43, 1.755<\/strong><br \/>3- <strong>Jorge Lorenzo<\/strong> &#8211; Fiat Yamaha Team <strong>43, 10.228<\/strong><br \/>4- Colin Edwards &#8211; Monster Yamaha Tech 3 <strong>43, 18.394<\/strong><br \/>5- Andrea Dovizioso &#8211; Repsol Honda Team <strong>43, 21.247<\/strong><br \/>6- Alex de Angelis &#8211; San Carlo Honda Gresini <strong>43, 23.867<\/strong><br \/>7- Chris Vermeulen &#8211; Rizla Suzuki MotoGP <strong>43, 27.611<\/strong><br \/>8- Mika Kallio &#8211; Pramac Racing <strong>43, 28.739<\/strong><br \/>9- Toni Elias &#8211; San Carlo Honda Gresini <strong>43, 33.465<\/strong><br \/>10- Randy de Puniet &#8211; LCR Honda MotoGP <strong>43, 36.268<\/strong><br \/>11- Dani Pedrosa &#8211; Repsol Honda Team <strong>43, 42.510<\/strong><br \/>12- Nicky Hayden &#8211; Ducati Marlboro Team <strong>43, 42.867<\/strong><br \/>13- Sete Gibernau &#8211; Grupo Francisco Hernando <strong>43, 46.199<\/strong><br \/>14- Marco Melandri &#8211; Hayate Racing Team <strong>43, 50.363<\/strong><br \/>15- Yuki Takahashi &#8211; Scot Racing Team MotoGP <strong>43, 54.270<\/strong><br \/>16- James Toseland &#8211; Monster Yamaha Tech 3 <strong>44, 8.962<\/strong><br \/>17- Niccolo Canepa &#8211; Pramac Racing <strong>44, 9.012<\/strong><\/p>\n<p>DNF : Loris Capirossi &#8211; Rizla Suzuki MotoGP<\/p>\n<p><a href=\"http:\/\/clabedan.typepad.com\/.a\/6a00d83451b18369e2011570199aed970b-popup\"><img decoding=\"async\" alt=\"Qatar2\" class=\"at-xid-6a00d83451b18369e2011570199aed970b \" src=\"http:\/\/blogs.thesocialmedia.com\/leblogmoto\/files\/2012\/07\/6a00d83451b18369e2011570199aed970b-500wi.jpg\" style=\"width: 470px\" \/><\/a> <\/p>\n<p><a href=\"http:\/\/blogs.thesocialmedia.com\/leblogmoto\/files\/2012\/07\/6a00d83451b18369e2011570199b2e970b-popup.png\"><img decoding=\"async\" alt=\"Qatar3\" class=\"at-xid-6a00d83451b18369e2011570199b2e970b \" src=\"http:\/\/blogs.thesocialmedia.com\/leblogmoto\/files\/2012\/07\/6a00d83451b18369e2011570199b2e970b-500wi.jpg\" style=\"width: 470px\" \/><\/a> <br \/>Capirossi<\/p>\n<p><a href=\"http:\/\/blogs.thesocialmedia.com\/leblogmoto\/files\/2012\/07\/6a00d83451b18369e201156f22bbe6970c-popup.png\"><img decoding=\"async\" alt=\"Qatar4\" class=\"at-xid-6a00d83451b18369e201156f22bbe6970c \" src=\"http:\/\/blogs.thesocialmedia.com\/leblogmoto\/files\/2012\/07\/6a00d83451b18369e201156f22bbe6970c-500wi.jpg\" style=\"width: 470px\" \/><\/a> <br \/>Casey Stoner<\/p>\n<p><a href=\"http:\/\/blogs.thesocialmedia.com\/leblogmoto\/files\/2012\/07\/6a00d83451b18369e201156f22bc0f970c-popup.png\"><img decoding=\"async\" alt=\"Qatar5\" class=\"at-xid-6a00d83451b18369e201156f22bc0f970c \" src=\"http:\/\/blogs.thesocialmedia.com\/leblogmoto\/files\/2012\/07\/6a00d83451b18369e201156f22bc0f970c-500wi.jpg\" style=\"width: 470px\" \/><\/a> <br \/>Stoner m\u00e8ne la meute<\/p>\n<p><a href=\"http:\/\/blogs.thesocialmedia.com\/leblogmoto\/files\/2012\/07\/6a00d83451b18369e201156f22bc45970c-popup.png\"><img decoding=\"async\" alt=\"Qatar6\" class=\"at-xid-6a00d83451b18369e201156f22bc45970c \" src=\"http:\/\/blogs.thesocialmedia.com\/leblogmoto\/files\/2012\/07\/6a00d83451b18369e201156f22bc45970c-500wi.jpg\" style=\"width: 470px\" \/><\/a> <br \/>Rossi prenant la mesure de Capirossi<\/p>\n<p><a href=\"http:\/\/blogs.thesocialmedia.com\/leblogmoto\/files\/2012\/07\/6a00d83451b18369e201156f22bca8970c-popup.png\"><img decoding=\"async\" alt=\"Qatar7\" class=\"at-xid-6a00d83451b18369e201156f22bca8970c \" src=\"http:\/\/blogs.thesocialmedia.com\/leblogmoto\/files\/2012\/07\/6a00d83451b18369e201156f22bca8970c-500wi.jpg\" style=\"width: 470px\" \/><\/a> <br \/>Rossi devant Dovizioso<\/p>\n<p><a href=\"http:\/\/blogs.thesocialmedia.com\/leblogmoto\/files\/2012\/07\/6a00d83451b18369e2011570199ca6970b-popup.png\"><img decoding=\"async\" alt=\"Qatar8\" class=\"at-xid-6a00d83451b18369e2011570199ca6970b \" src=\"http:\/\/blogs.thesocialmedia.com\/leblogmoto\/files\/2012\/07\/6a00d83451b18369e2011570199ca6970b-500wi.jpg\" style=\"width: 470px\" \/><\/a> <br \/>Randy De Puniet<\/p>\n<p><a href=\"http:\/\/blogs.thesocialmedia.com\/leblogmoto\/files\/2012\/07\/6a00d83451b18369e2011570199cd8970b-popup.png\"><img decoding=\"async\" alt=\"Qatar9\" class=\"at-xid-6a00d83451b18369e2011570199cd8970b \" src=\"http:\/\/blogs.thesocialmedia.com\/leblogmoto\/files\/2012\/07\/6a00d83451b18369e2011570199cd8970b-500wi.jpg\" style=\"width: 470px\" \/><\/a> <br \/>Casey Stoner<\/p>\n<p><a href=\"http:\/\/blogs.thesocialmedia.com\/leblogmoto\/files\/2012\/07\/6a00d83451b18369e201156f22bd4f970c-popup.png\"><img decoding=\"async\" alt=\"Qatar10\" class=\"at-xid-6a00d83451b18369e201156f22bd4f970c \" src=\"http:\/\/blogs.thesocialmedia.com\/leblogmoto\/files\/2012\/07\/6a00d83451b18369e201156f22bd4f970c-500wi.jpg\" style=\"width: 470px\" \/><\/a> <\/p>\n","protected":false},"excerpt":{"rendered":"<p>Les rouges n&#039;ont pas fait le spectacle \u00e0 Qatar ce lundi, apr\u00e8s que la premi\u00e8re course de la saison en Moto GP soit report\u00e9e au lendemain pour cause de pluie diluvienne. Vive le d\u00e9sert!Le rouge donc, Stoner trop fort, Hayden trop amoch\u00e9, Rossi voyant rouge aussi, d&#039;abord de se faire passer par Lorenzo dans le [&hellip;]<\/p>\n","protected":false},"author":325,"featured_media":13225,"comment_status":"open","ping_status":"open","sticky":false,"template":"","format":"standard","meta":{"footnotes":""},"categories":[22],"tags":[],"class_list":["post-184","post","type-post","status-publish","format-standard","has-post-thumbnail","hentry","category-motogp"],"yoast_head":"<!-- This site is optimized with the Yoast SEO plugin v26.0 - https:\/\/yoast.com\/wordpress\/plugins\/seo\/ -->\n<title>Moto GP Qatar - Stoner pose la premi\u00e8re pierre - leblogmoto.com<\/title>\n<meta name=\"robots\" content=\"index, follow, max-snippet:-1, max-image-preview:large, max-video-preview:-1\" \/>\n<link rel=\"canonical\" href=\"https:\/\/blogs.thesocialmedia.com\/leblogmoto\/2009\/04\/14\/moto-gp-qatar-stoner-pose-la-premiere-pierre\/\" \/>\n<meta name=\"twitter:card\" content=\"summary_large_image\" \/>\n<meta name=\"twitter:title\" content=\"Moto GP Qatar - Stoner pose la premi\u00e8re pierre - leblogmoto.com\" \/>\n<meta name=\"twitter:description\" content=\"Les rouges n&#039;ont pas fait le spectacle \u00e0 Qatar ce lundi, apr\u00e8s que la premi\u00e8re course de la saison en Moto GP soit report\u00e9e au lendemain pour cause de pluie diluvienne. Vive le d\u00e9sert!Le rouge donc, Stoner trop fort, Hayden trop amoch\u00e9, Rossi voyant rouge aussi, d&#039;abord de se faire passer par Lorenzo dans le [&hellip;]\" \/>\n<meta name=\"twitter:image\" content=\"https:\/\/blogs.thesocialmedia.com\/leblogmoto\/files\/2012\/07\/6a00d83451b18369e2011570199aab970b-500wi.jpg\" \/>\n<meta name=\"twitter:label1\" content=\"\u00c9crit par\" \/>\n\t<meta name=\"twitter:data1\" content=\"jacques lesage\" \/>\n\t<meta name=\"twitter:label2\" content=\"Dur\u00e9e de lecture estim\u00e9e\" \/>\n\t<meta name=\"twitter:data2\" content=\"3 minutes\" \/>\n<script type=\"application\/ld+json\" class=\"yoast-schema-graph\">{\"@context\":\"https:\/\/schema.org\",\"@graph\":[{\"@type\":\"WebPage\",\"@id\":\"https:\/\/blogs.thesocialmedia.com\/leblogmoto\/2009\/04\/14\/moto-gp-qatar-stoner-pose-la-premiere-pierre\/\",\"url\":\"https:\/\/blogs.thesocialmedia.com\/leblogmoto\/2009\/04\/14\/moto-gp-qatar-stoner-pose-la-premiere-pierre\/\",\"name\":\"Moto GP Qatar - Stoner pose la premi\u00e8re pierre - leblogmoto.com\",\"isPartOf\":{\"@id\":\"https:\/\/blogs.thesocialmedia.com\/leblogmoto\/#website\"},\"primaryImageOfPage\":{\"@id\":\"https:\/\/blogs.thesocialmedia.com\/leblogmoto\/2009\/04\/14\/moto-gp-qatar-stoner-pose-la-premiere-pierre\/#primaryimage\"},\"image\":{\"@id\":\"https:\/\/blogs.thesocialmedia.com\/leblogmoto\/2009\/04\/14\/moto-gp-qatar-stoner-pose-la-premiere-pierre\/#primaryimage\"},\"thumbnailUrl\":\"https:\/\/blogs.thesocialmedia.com\/leblogmoto\/files\/2012\/07\/6a00d83451b18369e2011570199aab970b-500wi.jpg\",\"datePublished\":\"2009-04-14T05:13:40+00:00\",\"dateModified\":\"2012-07-11T17:18:34+00:00\",\"author\":{\"@id\":\"https:\/\/blogs.thesocialmedia.com\/leblogmoto\/#\/schema\/person\/e82a0ca8a9a63d031586097a3ed58526\"},\"breadcrumb\":{\"@id\":\"https:\/\/blogs.thesocialmedia.com\/leblogmoto\/2009\/04\/14\/moto-gp-qatar-stoner-pose-la-premiere-pierre\/#breadcrumb\"},\"inLanguage\":\"fr-FR\",\"potentialAction\":[{\"@type\":\"ReadAction\",\"target\":[\"https:\/\/blogs.thesocialmedia.com\/leblogmoto\/2009\/04\/14\/moto-gp-qatar-stoner-pose-la-premiere-pierre\/\"]}]},{\"@type\":\"ImageObject\",\"inLanguage\":\"fr-FR\",\"@id\":\"https:\/\/blogs.thesocialmedia.com\/leblogmoto\/2009\/04\/14\/moto-gp-qatar-stoner-pose-la-premiere-pierre\/#primaryimage\",\"url\":\"https:\/\/blogs.thesocialmedia.com\/leblogmoto\/files\/2012\/07\/6a00d83451b18369e2011570199aab970b-500wi.jpg\",\"contentUrl\":\"https:\/\/blogs.thesocialmedia.com\/leblogmoto\/files\/2012\/07\/6a00d83451b18369e2011570199aab970b-500wi.jpg\",\"width\":\"500\",\"height\":\"249\"},{\"@type\":\"BreadcrumbList\",\"@id\":\"https:\/\/blogs.thesocialmedia.com\/leblogmoto\/2009\/04\/14\/moto-gp-qatar-stoner-pose-la-premiere-pierre\/#breadcrumb\",\"itemListElement\":[{\"@type\":\"ListItem\",\"position\":1,\"name\":\"Accueil\",\"item\":\"https:\/\/blogs.thesocialmedia.com\/leblogmoto\/\"},{\"@type\":\"ListItem\",\"position\":2,\"name\":\"Moto GP Qatar &#8211; Stoner pose la premi\u00e8re pierre\"}]},{\"@type\":\"WebSite\",\"@id\":\"https:\/\/blogs.thesocialmedia.com\/leblogmoto\/#website\",\"url\":\"https:\/\/blogs.thesocialmedia.com\/leblogmoto\/\",\"name\":\"leblogmoto\",\"description\":\"Toute l&#039;actualit\u00e9 des 2 roues\",\"potentialAction\":[{\"@type\":\"SearchAction\",\"target\":{\"@type\":\"EntryPoint\",\"urlTemplate\":\"https:\/\/blogs.thesocialmedia.com\/leblogmoto\/?s={search_term_string}\"},\"query-input\":{\"@type\":\"PropertyValueSpecification\",\"valueRequired\":true,\"valueName\":\"search_term_string\"}}],\"inLanguage\":\"fr-FR\"},{\"@type\":\"Person\",\"@id\":\"https:\/\/blogs.thesocialmedia.com\/leblogmoto\/#\/schema\/person\/e82a0ca8a9a63d031586097a3ed58526\",\"name\":\"jacques lesage\",\"image\":{\"@type\":\"ImageObject\",\"inLanguage\":\"fr-FR\",\"@id\":\"https:\/\/blogs.thesocialmedia.com\/leblogmoto\/#\/schema\/person\/image\/\",\"url\":\"https:\/\/secure.gravatar.com\/avatar\/?s=96&d=mm&r=g\",\"contentUrl\":\"https:\/\/secure.gravatar.com\/avatar\/?s=96&d=mm&r=g\",\"caption\":\"jacques lesage\"},\"url\":\"https:\/\/blogs.thesocialmedia.com\/leblogmoto\/author\/jacques-lesage\/\"}]}<\/script>\n<!-- \/ Yoast SEO plugin. -->","yoast_head_json":{"title":"Moto GP Qatar - Stoner pose la premi\u00e8re pierre - leblogmoto.com","robots":{"index":"index","follow":"follow","max-snippet":"max-snippet:-1","max-image-preview":"max-image-preview:large","max-video-preview":"max-video-preview:-1"},"canonical":"https:\/\/blogs.thesocialmedia.com\/leblogmoto\/2009\/04\/14\/moto-gp-qatar-stoner-pose-la-premiere-pierre\/","twitter_card":"summary_large_image","twitter_title":"Moto GP Qatar - Stoner pose la premi\u00e8re pierre - leblogmoto.com","twitter_description":"Les rouges n&#039;ont pas fait le spectacle \u00e0 Qatar ce lundi, apr\u00e8s que la premi\u00e8re course de la saison en Moto GP soit report\u00e9e au lendemain pour cause de pluie diluvienne. Vive le d\u00e9sert!Le rouge donc, Stoner trop fort, Hayden trop amoch\u00e9, Rossi voyant rouge aussi, d&#039;abord de se faire passer par Lorenzo dans le [&hellip;]","twitter_image":"https:\/\/blogs.thesocialmedia.com\/leblogmoto\/files\/2012\/07\/6a00d83451b18369e2011570199aab970b-500wi.jpg","twitter_misc":{"\u00c9crit par":"jacques lesage","Dur\u00e9e de lecture estim\u00e9e":"3 minutes"},"schema":{"@context":"https:\/\/schema.org","@graph":[{"@type":"WebPage","@id":"https:\/\/blogs.thesocialmedia.com\/leblogmoto\/2009\/04\/14\/moto-gp-qatar-stoner-pose-la-premiere-pierre\/","url":"https:\/\/blogs.thesocialmedia.com\/leblogmoto\/2009\/04\/14\/moto-gp-qatar-stoner-pose-la-premiere-pierre\/","name":"Moto GP Qatar - Stoner pose la premi\u00e8re pierre - leblogmoto.com","isPartOf":{"@id":"https:\/\/blogs.thesocialmedia.com\/leblogmoto\/#website"},"primaryImageOfPage":{"@id":"https:\/\/blogs.thesocialmedia.com\/leblogmoto\/2009\/04\/14\/moto-gp-qatar-stoner-pose-la-premiere-pierre\/#primaryimage"},"image":{"@id":"https:\/\/blogs.thesocialmedia.com\/leblogmoto\/2009\/04\/14\/moto-gp-qatar-stoner-pose-la-premiere-pierre\/#primaryimage"},"thumbnailUrl":"https:\/\/blogs.thesocialmedia.com\/leblogmoto\/files\/2012\/07\/6a00d83451b18369e2011570199aab970b-500wi.jpg","datePublished":"2009-04-14T05:13:40+00:00","dateModified":"2012-07-11T17:18:34+00:00","author":{"@id":"https:\/\/blogs.thesocialmedia.com\/leblogmoto\/#\/schema\/person\/e82a0ca8a9a63d031586097a3ed58526"},"breadcrumb":{"@id":"https:\/\/blogs.thesocialmedia.com\/leblogmoto\/2009\/04\/14\/moto-gp-qatar-stoner-pose-la-premiere-pierre\/#breadcrumb"},"inLanguage":"fr-FR","potentialAction":[{"@type":"ReadAction","target":["https:\/\/blogs.thesocialmedia.com\/leblogmoto\/2009\/04\/14\/moto-gp-qatar-stoner-pose-la-premiere-pierre\/"]}]},{"@type":"ImageObject","inLanguage":"fr-FR","@id":"https:\/\/blogs.thesocialmedia.com\/leblogmoto\/2009\/04\/14\/moto-gp-qatar-stoner-pose-la-premiere-pierre\/#primaryimage","url":"https:\/\/blogs.thesocialmedia.com\/leblogmoto\/files\/2012\/07\/6a00d83451b18369e2011570199aab970b-500wi.jpg","contentUrl":"https:\/\/blogs.thesocialmedia.com\/leblogmoto\/files\/2012\/07\/6a00d83451b18369e2011570199aab970b-500wi.jpg","width":"500","height":"249"},{"@type":"BreadcrumbList","@id":"https:\/\/blogs.thesocialmedia.com\/leblogmoto\/2009\/04\/14\/moto-gp-qatar-stoner-pose-la-premiere-pierre\/#breadcrumb","itemListElement":[{"@type":"ListItem","position":1,"name":"Accueil","item":"https:\/\/blogs.thesocialmedia.com\/leblogmoto\/"},{"@type":"ListItem","position":2,"name":"Moto GP Qatar &#8211; Stoner pose la premi\u00e8re pierre"}]},{"@type":"WebSite","@id":"https:\/\/blogs.thesocialmedia.com\/leblogmoto\/#website","url":"https:\/\/blogs.thesocialmedia.com\/leblogmoto\/","name":"leblogmoto","description":"Toute l&#039;actualit\u00e9 des 2 roues","potentialAction":[{"@type":"SearchAction","target":{"@type":"EntryPoint","urlTemplate":"https:\/\/blogs.thesocialmedia.com\/leblogmoto\/?s={search_term_string}"},"query-input":{"@type":"PropertyValueSpecification","valueRequired":true,"valueName":"search_term_string"}}],"inLanguage":"fr-FR"},{"@type":"Person","@id":"https:\/\/blogs.thesocialmedia.com\/leblogmoto\/#\/schema\/person\/e82a0ca8a9a63d031586097a3ed58526","name":"jacques lesage","image":{"@type":"ImageObject","inLanguage":"fr-FR","@id":"https:\/\/blogs.thesocialmedia.com\/leblogmoto\/#\/schema\/person\/image\/","url":"https:\/\/secure.gravatar.com\/avatar\/?s=96&d=mm&r=g","contentUrl":"https:\/\/secure.gravatar.com\/avatar\/?s=96&d=mm&r=g","caption":"jacques lesage"},"url":"https:\/\/blogs.thesocialmedia.com\/leblogmoto\/author\/jacques-lesage\/"}]}},"_links":{"self":[{"href":"https:\/\/blogs.thesocialmedia.com\/leblogmoto\/wp-json\/wp\/v2\/posts\/184","targetHints":{"allow":["GET"]}}],"collection":[{"href":"https:\/\/blogs.thesocialmedia.com\/leblogmoto\/wp-json\/wp\/v2\/posts"}],"about":[{"href":"https:\/\/blogs.thesocialmedia.com\/leblogmoto\/wp-json\/wp\/v2\/types\/post"}],"author":[{"embeddable":true,"href":"https:\/\/blogs.thesocialmedia.com\/leblogmoto\/wp-json\/wp\/v2\/users\/325"}],"replies":[{"embeddable":true,"href":"https:\/\/blogs.thesocialmedia.com\/leblogmoto\/wp-json\/wp\/v2\/comments?post=184"}],"version-history":[{"count":2,"href":"https:\/\/blogs.thesocialmedia.com\/leblogmoto\/wp-json\/wp\/v2\/posts\/184\/revisions"}],"predecessor-version":[{"id":13244,"href":"https:\/\/blogs.thesocialmedia.com\/leblogmoto\/wp-json\/wp\/v2\/posts\/184\/revisions\/13244"}],"wp:featuredmedia":[{"embeddable":true,"href":"https:\/\/blogs.thesocialmedia.com\/leblogmoto\/wp-json\/wp\/v2\/media\/13225"}],"wp:attachment":[{"href":"https:\/\/blogs.thesocialmedia.com\/leblogmoto\/wp-json\/wp\/v2\/media?parent=184"}],"wp:term":[{"taxonomy":"category","embeddable":true,"href":"https:\/\/blogs.thesocialmedia.com\/leblogmoto\/wp-json\/wp\/v2\/categories?post=184"},{"taxonomy":"post_tag","embeddable":true,"href":"https:\/\/blogs.thesocialmedia.com\/leblogmoto\/wp-json\/wp\/v2\/tags?post=184"}],"curies":[{"name":"wp","href":"https:\/\/api.w.org\/{rel}","templated":true}]}}