{"id":1846,"date":"2006-05-13T21:07:29","date_gmt":"2006-05-13T21:07:29","guid":{"rendered":"http:\/\/blogs.thesocialmedia.com\/leblogmoto\/2006\/05\/13\/sbk-laconi-du-r\/"},"modified":"2012-07-11T14:22:04","modified_gmt":"2012-07-11T14:22:04","slug":"sbk-laconi-du-r","status":"publish","type":"post","link":"https:\/\/blogs.thesocialmedia.com\/leblogmoto\/2006\/05\/13\/sbk-laconi-du-r\/","title":{"rendered":"SBK: LACONI du rouge au vert pour l&rsquo;orange ?"},"content":{"rendered":"<p><a href=\"http:\/\/blogs.thesocialmedia.com\/leblogmoto\/files\/2012\/07\/ragazzaeocchifoggy.jpg\"><img loading=\"lazy\" decoding=\"async\" height=\"165\" alt=\"Ragazzaeocchifoggy\" src=\"http:\/\/www.leblogmoto.com\/images\/ragazzaeocchifoggy.jpg\" width=\"250\"  \/><\/a> La carri\u00e8re de <a href=\"http:\/\/www.leblogmoto.com\/2005\/11\/rgis_passe_au_v.html\">R\u00e9gis en SBK<\/a> se conjuguera-t-elle sur le ton d&rsquo;un feu tricolore de carrefour ? C&rsquo;est toujours mieux que de se retrouver dans l&rsquo;impasse. <a href=\"http:\/\/www.leblogmoto.com\/2006\/05\/sbk_mv_agusta_i.html\">Entre autres bruits<\/a> colport\u00e9s de <strong>MONZA<\/strong>, celui d&rsquo;un duo <strong>LACONI-NEUKIRCHNER<\/strong> sur la future <a href=\"http:\/\/www.leblogmoto.com\/2006\/04\/ktm_rc_8_elle_a.html\">KTM<\/a> n&rsquo;\u00e9tait pas le moins discret.<\/p>\n<p>NEUKIRCHNER, c&rsquo;est le jeune Allemand remerci\u00e9 par <a href=\"http:\/\/www.leblogmoto.com\/2006\/05\/sbk_lagrive_se_.html\">Klaffi<\/a>, non pas \u00e0 cause de ses r\u00e9sultats prometteurs, mais du fait de l&rsquo;arriv\u00e9e de <strong>BARROS<\/strong> et de son budget HONDA-BRESIL. <\/p>\n<p>Mais ce qui est aussi int\u00e9ressant, c&rsquo;est que KTM tenterait l&rsquo;aventure SBK en s&rsquo;appuyant sur la structure <strong>FOGGY-PETRONAS<\/strong>. Une \u00e9quipe rod\u00e9e, un manager de renom, des pilotes pleins de caract\u00e8re. De quoi alimenter encore un peu plus en vitamine, la discipline.&nbsp; <\/p>\n<p>SOURCE: <a href=\"http:\/\/www.racergp.com\">www.racergp.com<\/a> <\/p>\n","protected":false},"excerpt":{"rendered":"<p>La carri\u00e8re de R\u00e9gis en SBK se conjuguera-t-elle sur le ton d&rsquo;un feu tricolore de carrefour ? C&rsquo;est toujours mieux que de se retrouver dans l&rsquo;impasse. Entre autres bruits colport\u00e9s de MONZA, celui d&rsquo;un duo LACONI-NEUKIRCHNER sur la future KTM n&rsquo;\u00e9tait pas le moins discret. NEUKIRCHNER, c&rsquo;est le jeune Allemand remerci\u00e9 par Klaffi, non pas [&hellip;]<\/p>\n","protected":false},"author":336,"featured_media":0,"comment_status":"open","ping_status":"open","sticky":false,"template":"","format":"standard","meta":{"footnotes":""},"categories":[39,32,46],"tags":[],"class_list":["post-1846","post","type-post","status-publish","format-standard","hentry","category-ktm","category-sport-moto","category-superbike"],"yoast_head":"<!-- This site is optimized with the Yoast SEO plugin v26.0 - https:\/\/yoast.com\/wordpress\/plugins\/seo\/ -->\n<title>SBK: LACONI du rouge au vert pour l&#039;orange ? - leblogmoto.com<\/title>\n<meta name=\"robots\" content=\"index, follow, max-snippet:-1, max-image-preview:large, max-video-preview:-1\" \/>\n<link rel=\"canonical\" href=\"https:\/\/blogs.thesocialmedia.com\/leblogmoto\/2006\/05\/13\/sbk-laconi-du-r\/\" \/>\n<meta name=\"twitter:card\" content=\"summary_large_image\" \/>\n<meta name=\"twitter:title\" content=\"SBK: LACONI du rouge au vert pour l&#039;orange ? - leblogmoto.com\" \/>\n<meta name=\"twitter:description\" content=\"La carri\u00e8re de R\u00e9gis en SBK se conjuguera-t-elle sur le ton d&rsquo;un feu tricolore de carrefour ? C&rsquo;est toujours mieux que de se retrouver dans l&rsquo;impasse. Entre autres bruits colport\u00e9s de MONZA, celui d&rsquo;un duo LACONI-NEUKIRCHNER sur la future KTM n&rsquo;\u00e9tait pas le moins discret. NEUKIRCHNER, c&rsquo;est le jeune Allemand remerci\u00e9 par Klaffi, non pas [&hellip;]\" \/>\n<meta name=\"twitter:image\" content=\"http:\/\/www.leblogmoto.com\/images\/ragazzaeocchifoggy.jpg\" \/>\n<meta name=\"twitter:label1\" content=\"\u00c9crit par\" \/>\n\t<meta name=\"twitter:data1\" content=\"andre leconde\" \/>\n\t<meta name=\"twitter:label2\" content=\"Dur\u00e9e de lecture estim\u00e9e\" \/>\n\t<meta name=\"twitter:data2\" content=\"1 minute\" \/>\n<script type=\"application\/ld+json\" class=\"yoast-schema-graph\">{\"@context\":\"https:\/\/schema.org\",\"@graph\":[{\"@type\":\"WebPage\",\"@id\":\"https:\/\/blogs.thesocialmedia.com\/leblogmoto\/2006\/05\/13\/sbk-laconi-du-r\/\",\"url\":\"https:\/\/blogs.thesocialmedia.com\/leblogmoto\/2006\/05\/13\/sbk-laconi-du-r\/\",\"name\":\"SBK: LACONI du rouge au vert pour l'orange ? - leblogmoto.com\",\"isPartOf\":{\"@id\":\"https:\/\/blogs.thesocialmedia.com\/leblogmoto\/#website\"},\"primaryImageOfPage\":{\"@id\":\"https:\/\/blogs.thesocialmedia.com\/leblogmoto\/2006\/05\/13\/sbk-laconi-du-r\/#primaryimage\"},\"image\":{\"@id\":\"https:\/\/blogs.thesocialmedia.com\/leblogmoto\/2006\/05\/13\/sbk-laconi-du-r\/#primaryimage\"},\"thumbnailUrl\":\"http:\/\/www.leblogmoto.com\/images\/ragazzaeocchifoggy.jpg\",\"datePublished\":\"2006-05-13T21:07:29+00:00\",\"dateModified\":\"2012-07-11T14:22:04+00:00\",\"author\":{\"@id\":\"https:\/\/blogs.thesocialmedia.com\/leblogmoto\/#\/schema\/person\/1a1dcfc7cec206573105eb4af91155c2\"},\"breadcrumb\":{\"@id\":\"https:\/\/blogs.thesocialmedia.com\/leblogmoto\/2006\/05\/13\/sbk-laconi-du-r\/#breadcrumb\"},\"inLanguage\":\"fr-FR\",\"potentialAction\":[{\"@type\":\"ReadAction\",\"target\":[\"https:\/\/blogs.thesocialmedia.com\/leblogmoto\/2006\/05\/13\/sbk-laconi-du-r\/\"]}]},{\"@type\":\"ImageObject\",\"inLanguage\":\"fr-FR\",\"@id\":\"https:\/\/blogs.thesocialmedia.com\/leblogmoto\/2006\/05\/13\/sbk-laconi-du-r\/#primaryimage\",\"url\":\"http:\/\/www.leblogmoto.com\/images\/ragazzaeocchifoggy.jpg\",\"contentUrl\":\"http:\/\/www.leblogmoto.com\/images\/ragazzaeocchifoggy.jpg\"},{\"@type\":\"BreadcrumbList\",\"@id\":\"https:\/\/blogs.thesocialmedia.com\/leblogmoto\/2006\/05\/13\/sbk-laconi-du-r\/#breadcrumb\",\"itemListElement\":[{\"@type\":\"ListItem\",\"position\":1,\"name\":\"Accueil\",\"item\":\"https:\/\/blogs.thesocialmedia.com\/leblogmoto\/\"},{\"@type\":\"ListItem\",\"position\":2,\"name\":\"SBK: LACONI du rouge au vert pour l&rsquo;orange ?\"}]},{\"@type\":\"WebSite\",\"@id\":\"https:\/\/blogs.thesocialmedia.com\/leblogmoto\/#website\",\"url\":\"https:\/\/blogs.thesocialmedia.com\/leblogmoto\/\",\"name\":\"leblogmoto\",\"description\":\"Toute l&#039;actualit\u00e9 des 2 roues\",\"potentialAction\":[{\"@type\":\"SearchAction\",\"target\":{\"@type\":\"EntryPoint\",\"urlTemplate\":\"https:\/\/blogs.thesocialmedia.com\/leblogmoto\/?s={search_term_string}\"},\"query-input\":{\"@type\":\"PropertyValueSpecification\",\"valueRequired\":true,\"valueName\":\"search_term_string\"}}],\"inLanguage\":\"fr-FR\"},{\"@type\":\"Person\",\"@id\":\"https:\/\/blogs.thesocialmedia.com\/leblogmoto\/#\/schema\/person\/1a1dcfc7cec206573105eb4af91155c2\",\"name\":\"andre leconde\",\"image\":{\"@type\":\"ImageObject\",\"inLanguage\":\"fr-FR\",\"@id\":\"https:\/\/blogs.thesocialmedia.com\/leblogmoto\/#\/schema\/person\/image\/\",\"url\":\"https:\/\/secure.gravatar.com\/avatar\/?s=96&d=mm&r=g\",\"contentUrl\":\"https:\/\/secure.gravatar.com\/avatar\/?s=96&d=mm&r=g\",\"caption\":\"andre leconde\"},\"url\":\"https:\/\/blogs.thesocialmedia.com\/leblogmoto\/author\/andre-leconde\/\"}]}<\/script>\n<!-- \/ Yoast SEO plugin. -->","yoast_head_json":{"title":"SBK: LACONI du rouge au vert pour l'orange ? - leblogmoto.com","robots":{"index":"index","follow":"follow","max-snippet":"max-snippet:-1","max-image-preview":"max-image-preview:large","max-video-preview":"max-video-preview:-1"},"canonical":"https:\/\/blogs.thesocialmedia.com\/leblogmoto\/2006\/05\/13\/sbk-laconi-du-r\/","twitter_card":"summary_large_image","twitter_title":"SBK: LACONI du rouge au vert pour l'orange ? - leblogmoto.com","twitter_description":"La carri\u00e8re de R\u00e9gis en SBK se conjuguera-t-elle sur le ton d&rsquo;un feu tricolore de carrefour ? C&rsquo;est toujours mieux que de se retrouver dans l&rsquo;impasse. Entre autres bruits colport\u00e9s de MONZA, celui d&rsquo;un duo LACONI-NEUKIRCHNER sur la future KTM n&rsquo;\u00e9tait pas le moins discret. NEUKIRCHNER, c&rsquo;est le jeune Allemand remerci\u00e9 par Klaffi, non pas [&hellip;]","twitter_image":"http:\/\/www.leblogmoto.com\/images\/ragazzaeocchifoggy.jpg","twitter_misc":{"\u00c9crit par":"andre leconde","Dur\u00e9e de lecture estim\u00e9e":"1 minute"},"schema":{"@context":"https:\/\/schema.org","@graph":[{"@type":"WebPage","@id":"https:\/\/blogs.thesocialmedia.com\/leblogmoto\/2006\/05\/13\/sbk-laconi-du-r\/","url":"https:\/\/blogs.thesocialmedia.com\/leblogmoto\/2006\/05\/13\/sbk-laconi-du-r\/","name":"SBK: LACONI du rouge au vert pour l'orange ? - leblogmoto.com","isPartOf":{"@id":"https:\/\/blogs.thesocialmedia.com\/leblogmoto\/#website"},"primaryImageOfPage":{"@id":"https:\/\/blogs.thesocialmedia.com\/leblogmoto\/2006\/05\/13\/sbk-laconi-du-r\/#primaryimage"},"image":{"@id":"https:\/\/blogs.thesocialmedia.com\/leblogmoto\/2006\/05\/13\/sbk-laconi-du-r\/#primaryimage"},"thumbnailUrl":"http:\/\/www.leblogmoto.com\/images\/ragazzaeocchifoggy.jpg","datePublished":"2006-05-13T21:07:29+00:00","dateModified":"2012-07-11T14:22:04+00:00","author":{"@id":"https:\/\/blogs.thesocialmedia.com\/leblogmoto\/#\/schema\/person\/1a1dcfc7cec206573105eb4af91155c2"},"breadcrumb":{"@id":"https:\/\/blogs.thesocialmedia.com\/leblogmoto\/2006\/05\/13\/sbk-laconi-du-r\/#breadcrumb"},"inLanguage":"fr-FR","potentialAction":[{"@type":"ReadAction","target":["https:\/\/blogs.thesocialmedia.com\/leblogmoto\/2006\/05\/13\/sbk-laconi-du-r\/"]}]},{"@type":"ImageObject","inLanguage":"fr-FR","@id":"https:\/\/blogs.thesocialmedia.com\/leblogmoto\/2006\/05\/13\/sbk-laconi-du-r\/#primaryimage","url":"http:\/\/www.leblogmoto.com\/images\/ragazzaeocchifoggy.jpg","contentUrl":"http:\/\/www.leblogmoto.com\/images\/ragazzaeocchifoggy.jpg"},{"@type":"BreadcrumbList","@id":"https:\/\/blogs.thesocialmedia.com\/leblogmoto\/2006\/05\/13\/sbk-laconi-du-r\/#breadcrumb","itemListElement":[{"@type":"ListItem","position":1,"name":"Accueil","item":"https:\/\/blogs.thesocialmedia.com\/leblogmoto\/"},{"@type":"ListItem","position":2,"name":"SBK: LACONI du rouge au vert pour l&rsquo;orange ?"}]},{"@type":"WebSite","@id":"https:\/\/blogs.thesocialmedia.com\/leblogmoto\/#website","url":"https:\/\/blogs.thesocialmedia.com\/leblogmoto\/","name":"leblogmoto","description":"Toute l&#039;actualit\u00e9 des 2 roues","potentialAction":[{"@type":"SearchAction","target":{"@type":"EntryPoint","urlTemplate":"https:\/\/blogs.thesocialmedia.com\/leblogmoto\/?s={search_term_string}"},"query-input":{"@type":"PropertyValueSpecification","valueRequired":true,"valueName":"search_term_string"}}],"inLanguage":"fr-FR"},{"@type":"Person","@id":"https:\/\/blogs.thesocialmedia.com\/leblogmoto\/#\/schema\/person\/1a1dcfc7cec206573105eb4af91155c2","name":"andre leconde","image":{"@type":"ImageObject","inLanguage":"fr-FR","@id":"https:\/\/blogs.thesocialmedia.com\/leblogmoto\/#\/schema\/person\/image\/","url":"https:\/\/secure.gravatar.com\/avatar\/?s=96&d=mm&r=g","contentUrl":"https:\/\/secure.gravatar.com\/avatar\/?s=96&d=mm&r=g","caption":"andre leconde"},"url":"https:\/\/blogs.thesocialmedia.com\/leblogmoto\/author\/andre-leconde\/"}]}},"_links":{"self":[{"href":"https:\/\/blogs.thesocialmedia.com\/leblogmoto\/wp-json\/wp\/v2\/posts\/1846","targetHints":{"allow":["GET"]}}],"collection":[{"href":"https:\/\/blogs.thesocialmedia.com\/leblogmoto\/wp-json\/wp\/v2\/posts"}],"about":[{"href":"https:\/\/blogs.thesocialmedia.com\/leblogmoto\/wp-json\/wp\/v2\/types\/post"}],"author":[{"embeddable":true,"href":"https:\/\/blogs.thesocialmedia.com\/leblogmoto\/wp-json\/wp\/v2\/users\/336"}],"replies":[{"embeddable":true,"href":"https:\/\/blogs.thesocialmedia.com\/leblogmoto\/wp-json\/wp\/v2\/comments?post=1846"}],"version-history":[{"count":2,"href":"https:\/\/blogs.thesocialmedia.com\/leblogmoto\/wp-json\/wp\/v2\/posts\/1846\/revisions"}],"predecessor-version":[{"id":7453,"href":"https:\/\/blogs.thesocialmedia.com\/leblogmoto\/wp-json\/wp\/v2\/posts\/1846\/revisions\/7453"}],"wp:attachment":[{"href":"https:\/\/blogs.thesocialmedia.com\/leblogmoto\/wp-json\/wp\/v2\/media?parent=1846"}],"wp:term":[{"taxonomy":"category","embeddable":true,"href":"https:\/\/blogs.thesocialmedia.com\/leblogmoto\/wp-json\/wp\/v2\/categories?post=1846"},{"taxonomy":"post_tag","embeddable":true,"href":"https:\/\/blogs.thesocialmedia.com\/leblogmoto\/wp-json\/wp\/v2\/tags?post=1846"}],"curies":[{"name":"wp","href":"https:\/\/api.w.org\/{rel}","templated":true}]}}