{"id":1847,"date":"2006-05-13T20:24:56","date_gmt":"2006-05-13T20:24:56","guid":{"rendered":"http:\/\/blogs.thesocialmedia.com\/leblogmoto\/2006\/05\/13\/sbk-mv-agusta-i\/"},"modified":"2012-07-11T14:22:03","modified_gmt":"2012-07-11T14:22:03","slug":"sbk-mv-agusta-i","status":"publish","type":"post","link":"https:\/\/blogs.thesocialmedia.com\/leblogmoto\/2006\/05\/13\/sbk-mv-agusta-i\/","title":{"rendered":"SBK: MV AGUSTA int\u00e9ress\u00e9"},"content":{"rendered":"<p><a href=\"http:\/\/blogs.thesocialmedia.com\/leblogmoto\/files\/2012\/07\/teuchert.jpg\"><img loading=\"lazy\" decoding=\"async\" height=\"181\" alt=\"Teuchert\" src=\"http:\/\/www.leblogmoto.com\/images\/teuchert.jpg\" width=\"250\"  \/><\/a> Dans le <a href=\"http:\/\/www.leblogmoto.com\/2006\/05\/sbk_monza_bayli.html\">paddock de MONZA<\/a> qui accueillait la manche mondiale de SBK, un duo a attir\u00e9 particuli\u00e8rement l&rsquo;attention sur lui. Compos\u00e9 de <strong>Virginio FERRARI<\/strong> et de <a href=\"http:\/\/www.leblogmoto.com\/2006\/04\/xlite_x801r_pou.html\">Giacomo AGOSTINI<\/a>, il ne se cachait gu\u00e8re de repr\u00e9senter les int\u00e9r\u00eats de <a href=\"http:\/\/www.leblogmoto.com\/2006\/03\/mv_agusta_vous_.html\">MV AGUSTA<\/a>. Et de laisser entendre que le blason pourrait bien occuper pour de bon les stands d\u00e8s <strong>2007<\/strong>.<\/p>\n<p><strong>FERRARI<\/strong> s&rsquo;occuperait du team, <strong>AGOSTINI<\/strong> de la vitrine que ne manquerait pas de l\u00eacher les incontournables sponsors. Du moins l&rsquo;esp\u00e8re-t-on.<\/p>\n<p>Voil\u00e0 un projet ambitieux qui ne sera pas pour d\u00e9plaire aux <a href=\"http:\/\/www.leblogmoto.com\/2006\/02\/forza_agusta_.html\">inconditionnels<\/a> de la premi\u00e8re heure. D&rsquo;autant plus que c\u00f4t\u00e9 pilotes, on esp\u00e8re constituer un duo d&rsquo;enfer. On sortirait <a href=\"http:\/\/www.leblogmoto.com\/2006\/03\/pendant_ce_temp_1.html\">BIAGGI<\/a> du repos forc\u00e9 et on d\u00e9baucherait <strong>EDWARDS<\/strong>. Pas moins !&nbsp; &nbsp; <\/p>\n<p>SOURCE: <a href=\"http:\/\/www.motoblog.it\">www.motoblog.it<\/a> <\/p>\n","protected":false},"excerpt":{"rendered":"<p>Dans le paddock de MONZA qui accueillait la manche mondiale de SBK, un duo a attir\u00e9 particuli\u00e8rement l&rsquo;attention sur lui. Compos\u00e9 de Virginio FERRARI et de Giacomo AGOSTINI, il ne se cachait gu\u00e8re de repr\u00e9senter les int\u00e9r\u00eats de MV AGUSTA. Et de laisser entendre que le blason pourrait bien occuper pour de bon les stands [&hellip;]<\/p>\n","protected":false},"author":336,"featured_media":0,"comment_status":"open","ping_status":"open","sticky":false,"template":"","format":"standard","meta":{"footnotes":""},"categories":[49,50,32,46],"tags":[],"class_list":["post-1847","post","type-post","status-publish","format-standard","hentry","category-actualites-entreprise","category-mv-agusta","category-sport-moto","category-superbike"],"yoast_head":"<!-- This site is optimized with the Yoast SEO plugin v26.0 - https:\/\/yoast.com\/wordpress\/plugins\/seo\/ -->\n<title>SBK: MV AGUSTA int\u00e9ress\u00e9 - leblogmoto.com<\/title>\n<meta name=\"robots\" content=\"index, follow, max-snippet:-1, max-image-preview:large, max-video-preview:-1\" \/>\n<link rel=\"canonical\" href=\"https:\/\/blogs.thesocialmedia.com\/leblogmoto\/2006\/05\/13\/sbk-mv-agusta-i\/\" \/>\n<meta name=\"twitter:card\" content=\"summary_large_image\" \/>\n<meta name=\"twitter:title\" content=\"SBK: MV AGUSTA int\u00e9ress\u00e9 - leblogmoto.com\" \/>\n<meta name=\"twitter:description\" content=\"Dans le paddock de MONZA qui accueillait la manche mondiale de SBK, un duo a attir\u00e9 particuli\u00e8rement l&rsquo;attention sur lui. Compos\u00e9 de Virginio FERRARI et de Giacomo AGOSTINI, il ne se cachait gu\u00e8re de repr\u00e9senter les int\u00e9r\u00eats de MV AGUSTA. Et de laisser entendre que le blason pourrait bien occuper pour de bon les stands [&hellip;]\" \/>\n<meta name=\"twitter:image\" content=\"http:\/\/www.leblogmoto.com\/images\/teuchert.jpg\" \/>\n<meta name=\"twitter:label1\" content=\"\u00c9crit par\" \/>\n\t<meta name=\"twitter:data1\" content=\"andre leconde\" \/>\n\t<meta name=\"twitter:label2\" content=\"Dur\u00e9e de lecture estim\u00e9e\" \/>\n\t<meta name=\"twitter:data2\" content=\"1 minute\" \/>\n<script type=\"application\/ld+json\" class=\"yoast-schema-graph\">{\"@context\":\"https:\/\/schema.org\",\"@graph\":[{\"@type\":\"WebPage\",\"@id\":\"https:\/\/blogs.thesocialmedia.com\/leblogmoto\/2006\/05\/13\/sbk-mv-agusta-i\/\",\"url\":\"https:\/\/blogs.thesocialmedia.com\/leblogmoto\/2006\/05\/13\/sbk-mv-agusta-i\/\",\"name\":\"SBK: MV AGUSTA int\u00e9ress\u00e9 - leblogmoto.com\",\"isPartOf\":{\"@id\":\"https:\/\/blogs.thesocialmedia.com\/leblogmoto\/#website\"},\"primaryImageOfPage\":{\"@id\":\"https:\/\/blogs.thesocialmedia.com\/leblogmoto\/2006\/05\/13\/sbk-mv-agusta-i\/#primaryimage\"},\"image\":{\"@id\":\"https:\/\/blogs.thesocialmedia.com\/leblogmoto\/2006\/05\/13\/sbk-mv-agusta-i\/#primaryimage\"},\"thumbnailUrl\":\"http:\/\/www.leblogmoto.com\/images\/teuchert.jpg\",\"datePublished\":\"2006-05-13T20:24:56+00:00\",\"dateModified\":\"2012-07-11T14:22:03+00:00\",\"author\":{\"@id\":\"https:\/\/blogs.thesocialmedia.com\/leblogmoto\/#\/schema\/person\/1a1dcfc7cec206573105eb4af91155c2\"},\"breadcrumb\":{\"@id\":\"https:\/\/blogs.thesocialmedia.com\/leblogmoto\/2006\/05\/13\/sbk-mv-agusta-i\/#breadcrumb\"},\"inLanguage\":\"fr-FR\",\"potentialAction\":[{\"@type\":\"ReadAction\",\"target\":[\"https:\/\/blogs.thesocialmedia.com\/leblogmoto\/2006\/05\/13\/sbk-mv-agusta-i\/\"]}]},{\"@type\":\"ImageObject\",\"inLanguage\":\"fr-FR\",\"@id\":\"https:\/\/blogs.thesocialmedia.com\/leblogmoto\/2006\/05\/13\/sbk-mv-agusta-i\/#primaryimage\",\"url\":\"http:\/\/www.leblogmoto.com\/images\/teuchert.jpg\",\"contentUrl\":\"http:\/\/www.leblogmoto.com\/images\/teuchert.jpg\"},{\"@type\":\"BreadcrumbList\",\"@id\":\"https:\/\/blogs.thesocialmedia.com\/leblogmoto\/2006\/05\/13\/sbk-mv-agusta-i\/#breadcrumb\",\"itemListElement\":[{\"@type\":\"ListItem\",\"position\":1,\"name\":\"Accueil\",\"item\":\"https:\/\/blogs.thesocialmedia.com\/leblogmoto\/\"},{\"@type\":\"ListItem\",\"position\":2,\"name\":\"SBK: MV AGUSTA int\u00e9ress\u00e9\"}]},{\"@type\":\"WebSite\",\"@id\":\"https:\/\/blogs.thesocialmedia.com\/leblogmoto\/#website\",\"url\":\"https:\/\/blogs.thesocialmedia.com\/leblogmoto\/\",\"name\":\"leblogmoto\",\"description\":\"Toute l&#039;actualit\u00e9 des 2 roues\",\"potentialAction\":[{\"@type\":\"SearchAction\",\"target\":{\"@type\":\"EntryPoint\",\"urlTemplate\":\"https:\/\/blogs.thesocialmedia.com\/leblogmoto\/?s={search_term_string}\"},\"query-input\":{\"@type\":\"PropertyValueSpecification\",\"valueRequired\":true,\"valueName\":\"search_term_string\"}}],\"inLanguage\":\"fr-FR\"},{\"@type\":\"Person\",\"@id\":\"https:\/\/blogs.thesocialmedia.com\/leblogmoto\/#\/schema\/person\/1a1dcfc7cec206573105eb4af91155c2\",\"name\":\"andre leconde\",\"image\":{\"@type\":\"ImageObject\",\"inLanguage\":\"fr-FR\",\"@id\":\"https:\/\/blogs.thesocialmedia.com\/leblogmoto\/#\/schema\/person\/image\/\",\"url\":\"https:\/\/secure.gravatar.com\/avatar\/?s=96&d=mm&r=g\",\"contentUrl\":\"https:\/\/secure.gravatar.com\/avatar\/?s=96&d=mm&r=g\",\"caption\":\"andre leconde\"},\"url\":\"https:\/\/blogs.thesocialmedia.com\/leblogmoto\/author\/andre-leconde\/\"}]}<\/script>\n<!-- \/ Yoast SEO plugin. -->","yoast_head_json":{"title":"SBK: MV AGUSTA int\u00e9ress\u00e9 - leblogmoto.com","robots":{"index":"index","follow":"follow","max-snippet":"max-snippet:-1","max-image-preview":"max-image-preview:large","max-video-preview":"max-video-preview:-1"},"canonical":"https:\/\/blogs.thesocialmedia.com\/leblogmoto\/2006\/05\/13\/sbk-mv-agusta-i\/","twitter_card":"summary_large_image","twitter_title":"SBK: MV AGUSTA int\u00e9ress\u00e9 - leblogmoto.com","twitter_description":"Dans le paddock de MONZA qui accueillait la manche mondiale de SBK, un duo a attir\u00e9 particuli\u00e8rement l&rsquo;attention sur lui. Compos\u00e9 de Virginio FERRARI et de Giacomo AGOSTINI, il ne se cachait gu\u00e8re de repr\u00e9senter les int\u00e9r\u00eats de MV AGUSTA. Et de laisser entendre que le blason pourrait bien occuper pour de bon les stands [&hellip;]","twitter_image":"http:\/\/www.leblogmoto.com\/images\/teuchert.jpg","twitter_misc":{"\u00c9crit par":"andre leconde","Dur\u00e9e de lecture estim\u00e9e":"1 minute"},"schema":{"@context":"https:\/\/schema.org","@graph":[{"@type":"WebPage","@id":"https:\/\/blogs.thesocialmedia.com\/leblogmoto\/2006\/05\/13\/sbk-mv-agusta-i\/","url":"https:\/\/blogs.thesocialmedia.com\/leblogmoto\/2006\/05\/13\/sbk-mv-agusta-i\/","name":"SBK: MV AGUSTA int\u00e9ress\u00e9 - leblogmoto.com","isPartOf":{"@id":"https:\/\/blogs.thesocialmedia.com\/leblogmoto\/#website"},"primaryImageOfPage":{"@id":"https:\/\/blogs.thesocialmedia.com\/leblogmoto\/2006\/05\/13\/sbk-mv-agusta-i\/#primaryimage"},"image":{"@id":"https:\/\/blogs.thesocialmedia.com\/leblogmoto\/2006\/05\/13\/sbk-mv-agusta-i\/#primaryimage"},"thumbnailUrl":"http:\/\/www.leblogmoto.com\/images\/teuchert.jpg","datePublished":"2006-05-13T20:24:56+00:00","dateModified":"2012-07-11T14:22:03+00:00","author":{"@id":"https:\/\/blogs.thesocialmedia.com\/leblogmoto\/#\/schema\/person\/1a1dcfc7cec206573105eb4af91155c2"},"breadcrumb":{"@id":"https:\/\/blogs.thesocialmedia.com\/leblogmoto\/2006\/05\/13\/sbk-mv-agusta-i\/#breadcrumb"},"inLanguage":"fr-FR","potentialAction":[{"@type":"ReadAction","target":["https:\/\/blogs.thesocialmedia.com\/leblogmoto\/2006\/05\/13\/sbk-mv-agusta-i\/"]}]},{"@type":"ImageObject","inLanguage":"fr-FR","@id":"https:\/\/blogs.thesocialmedia.com\/leblogmoto\/2006\/05\/13\/sbk-mv-agusta-i\/#primaryimage","url":"http:\/\/www.leblogmoto.com\/images\/teuchert.jpg","contentUrl":"http:\/\/www.leblogmoto.com\/images\/teuchert.jpg"},{"@type":"BreadcrumbList","@id":"https:\/\/blogs.thesocialmedia.com\/leblogmoto\/2006\/05\/13\/sbk-mv-agusta-i\/#breadcrumb","itemListElement":[{"@type":"ListItem","position":1,"name":"Accueil","item":"https:\/\/blogs.thesocialmedia.com\/leblogmoto\/"},{"@type":"ListItem","position":2,"name":"SBK: MV AGUSTA int\u00e9ress\u00e9"}]},{"@type":"WebSite","@id":"https:\/\/blogs.thesocialmedia.com\/leblogmoto\/#website","url":"https:\/\/blogs.thesocialmedia.com\/leblogmoto\/","name":"leblogmoto","description":"Toute l&#039;actualit\u00e9 des 2 roues","potentialAction":[{"@type":"SearchAction","target":{"@type":"EntryPoint","urlTemplate":"https:\/\/blogs.thesocialmedia.com\/leblogmoto\/?s={search_term_string}"},"query-input":{"@type":"PropertyValueSpecification","valueRequired":true,"valueName":"search_term_string"}}],"inLanguage":"fr-FR"},{"@type":"Person","@id":"https:\/\/blogs.thesocialmedia.com\/leblogmoto\/#\/schema\/person\/1a1dcfc7cec206573105eb4af91155c2","name":"andre leconde","image":{"@type":"ImageObject","inLanguage":"fr-FR","@id":"https:\/\/blogs.thesocialmedia.com\/leblogmoto\/#\/schema\/person\/image\/","url":"https:\/\/secure.gravatar.com\/avatar\/?s=96&d=mm&r=g","contentUrl":"https:\/\/secure.gravatar.com\/avatar\/?s=96&d=mm&r=g","caption":"andre leconde"},"url":"https:\/\/blogs.thesocialmedia.com\/leblogmoto\/author\/andre-leconde\/"}]}},"_links":{"self":[{"href":"https:\/\/blogs.thesocialmedia.com\/leblogmoto\/wp-json\/wp\/v2\/posts\/1847","targetHints":{"allow":["GET"]}}],"collection":[{"href":"https:\/\/blogs.thesocialmedia.com\/leblogmoto\/wp-json\/wp\/v2\/posts"}],"about":[{"href":"https:\/\/blogs.thesocialmedia.com\/leblogmoto\/wp-json\/wp\/v2\/types\/post"}],"author":[{"embeddable":true,"href":"https:\/\/blogs.thesocialmedia.com\/leblogmoto\/wp-json\/wp\/v2\/users\/336"}],"replies":[{"embeddable":true,"href":"https:\/\/blogs.thesocialmedia.com\/leblogmoto\/wp-json\/wp\/v2\/comments?post=1847"}],"version-history":[{"count":2,"href":"https:\/\/blogs.thesocialmedia.com\/leblogmoto\/wp-json\/wp\/v2\/posts\/1847\/revisions"}],"predecessor-version":[{"id":7451,"href":"https:\/\/blogs.thesocialmedia.com\/leblogmoto\/wp-json\/wp\/v2\/posts\/1847\/revisions\/7451"}],"wp:attachment":[{"href":"https:\/\/blogs.thesocialmedia.com\/leblogmoto\/wp-json\/wp\/v2\/media?parent=1847"}],"wp:term":[{"taxonomy":"category","embeddable":true,"href":"https:\/\/blogs.thesocialmedia.com\/leblogmoto\/wp-json\/wp\/v2\/categories?post=1847"},{"taxonomy":"post_tag","embeddable":true,"href":"https:\/\/blogs.thesocialmedia.com\/leblogmoto\/wp-json\/wp\/v2\/tags?post=1847"}],"curies":[{"name":"wp","href":"https:\/\/api.w.org\/{rel}","templated":true}]}}