{"id":1848,"date":"2006-05-13T18:42:47","date_gmt":"2006-05-13T18:42:47","guid":{"rendered":"http:\/\/blogs.thesocialmedia.com\/leblogmoto\/2006\/05\/13\/motogp-un-secon\/"},"modified":"2012-07-11T14:22:01","modified_gmt":"2012-07-11T14:22:01","slug":"motogp-un-secon","status":"publish","type":"post","link":"https:\/\/blogs.thesocialmedia.com\/leblogmoto\/2006\/05\/13\/motogp-un-secon\/","title":{"rendered":"MotoGP: Un second Team YAM en 2007"},"content":{"rendered":"<p><a href=\"http:\/\/blogs.thesocialmedia.com\/leblogmoto\/files\/2012\/07\/yamahapaper.jpg\"><img loading=\"lazy\" decoding=\"async\" height=\"255\" alt=\"Yamahapaper\" src=\"http:\/\/www.leblogmoto.com\/images\/yamahapaper.jpg\" width=\"250\"  \/><\/a> L&rsquo;effectif <a href=\"http:\/\/www.leblogmoto.com\/2006\/04\/motogp_2007_le_.html\">fam\u00e9lique<\/a> du <strong>MotoGP<\/strong> semble \u00eatre en mesure de pr\u00e9senter quelques signes de convalescence \u00e0 la suite de cette annonce faite de l&rsquo;arriv\u00e9e d&rsquo;un <strong>Team YAMAHA<\/strong> sponsoris\u00e9 par le cigarettier <strong>WINSTON<\/strong>.<\/p>\n<p>En <strong>2007<\/strong>, la procession \u00e9tir\u00e9e du peloton MotoGP sur les longues lignes droites de certains circuits du championnat du Monde, aura ainsi moins l&rsquo;allure d&rsquo;une hupp\u00e9e course de club. Mais est-ce pour autant le signe d&rsquo;une bonne sant\u00e9 de la discipline ? Voire&#8230;&nbsp; &nbsp;<\/p>\n<p><a href=\"http:\/\/clabedan.typepad.com\/.shared\/image.html?\/photos\/uncategorized\/med_1145732079_toseland_valencia_saturda_2.jpg\"><img loading=\"lazy\" decoding=\"async\" height=\"376\" alt=\"Med_1145732079_toseland_valencia_saturda_2\" src=\"http:\/\/www.leblogmoto.com\/images\/med_1145732079_toseland_valencia_saturda_2.jpg\" width=\"250\"  \/><\/a> La MotoGP a perdu <a href=\"http:\/\/www.leblogauto.com\/2005\/12\/kronos_rcupre_l.html\">GAULOISE<\/a>, <a href=\"http:\/\/www.leblogauto.com\/2005\/12\/kronos_rcupre_l.html\">Telefonica Movistar<\/a>, elle a vu s&rsquo;effondrer une de ses <a href=\"http:\/\/www.leblogmoto.com\/2006\/01\/les_premires_co.html\">\u00e9quipes<\/a> embl\u00e9matiques, pour nous pr\u00e9senter une famille de <strong>dix neuf<\/strong> machines cette ann\u00e9e. Certes, des belles b\u00eates, des stars et du spectacle. Mais l&rsquo;image d&rsquo;une discipline anorexique qui souffrirait presque \u00e0 c\u00f4t\u00e9 du boulimique <strong>SBK<\/strong>.<\/p>\n<p><strong>Deux YAMAHA-WINSTON<\/strong> devraient \u00e9dulcorer cette mauvaise impression. Mais ce n&rsquo;est paradoxalement pas synonyme d&#8217;embellie, puisque le sponsor qui arrive n&rsquo;est pas \u00e0 proprement parler un nouvel investisseur. C&rsquo;est une filiale de <a href=\"http:\/\/www.leblogmoto.com\/2006\/01\/polmiques_sans_.html\">CAMEL<\/a>. Il n&rsquo;est que l&rsquo;\u00e9cho de l&rsquo;int\u00e9r\u00eat que porte les jaunes \u00e0 la marque aux diapasons et au milieu. Bref, on reste entre les m\u00eames.<\/p>\n<p>Reste \u00e0 savoir si cette d\u00e9marche aura ou non la mauvaise cons\u00e9quence collat\u00e9rale d&rsquo;un d\u00e9sengagement en <strong>SBK et SuperSport<\/strong>. La marque y est avec <strong>Ten Kate<\/strong> et <strong>HONDA<\/strong>. Soit l&rsquo;adversaire en MotoGP. Par ailleurs, rien n&rsquo;a filtr\u00e9 sur la structure, ni sur les futurs pilotes.&nbsp; &nbsp;&nbsp; &nbsp;<\/p>\n","protected":false},"excerpt":{"rendered":"<p>L&rsquo;effectif fam\u00e9lique du MotoGP semble \u00eatre en mesure de pr\u00e9senter quelques signes de convalescence \u00e0 la suite de cette annonce faite de l&rsquo;arriv\u00e9e d&rsquo;un Team YAMAHA sponsoris\u00e9 par le cigarettier WINSTON. En 2007, la procession \u00e9tir\u00e9e du peloton MotoGP sur les longues lignes droites de certains circuits du championnat du Monde, aura ainsi moins l&rsquo;allure [&hellip;]<\/p>\n","protected":false},"author":336,"featured_media":0,"comment_status":"open","ping_status":"open","sticky":false,"template":"","format":"standard","meta":{"footnotes":""},"categories":[22,32,44],"tags":[],"class_list":["post-1848","post","type-post","status-publish","format-standard","hentry","category-motogp","category-sport-moto","category-yamaha"],"yoast_head":"<!-- This site is optimized with the Yoast SEO plugin v26.0 - https:\/\/yoast.com\/wordpress\/plugins\/seo\/ -->\n<title>MotoGP: Un second Team YAM en 2007 - leblogmoto.com<\/title>\n<meta name=\"robots\" content=\"index, follow, max-snippet:-1, max-image-preview:large, max-video-preview:-1\" \/>\n<link rel=\"canonical\" href=\"https:\/\/blogs.thesocialmedia.com\/leblogmoto\/2006\/05\/13\/motogp-un-secon\/\" \/>\n<meta name=\"twitter:card\" content=\"summary_large_image\" \/>\n<meta name=\"twitter:title\" content=\"MotoGP: Un second Team YAM en 2007 - leblogmoto.com\" \/>\n<meta name=\"twitter:description\" content=\"L&rsquo;effectif fam\u00e9lique du MotoGP semble \u00eatre en mesure de pr\u00e9senter quelques signes de convalescence \u00e0 la suite de cette annonce faite de l&rsquo;arriv\u00e9e d&rsquo;un Team YAMAHA sponsoris\u00e9 par le cigarettier WINSTON. En 2007, la procession \u00e9tir\u00e9e du peloton MotoGP sur les longues lignes droites de certains circuits du championnat du Monde, aura ainsi moins l&rsquo;allure [&hellip;]\" \/>\n<meta name=\"twitter:image\" content=\"http:\/\/www.leblogmoto.com\/images\/yamahapaper.jpg\" \/>\n<meta name=\"twitter:label1\" content=\"\u00c9crit par\" \/>\n\t<meta name=\"twitter:data1\" content=\"andre leconde\" \/>\n\t<meta name=\"twitter:label2\" content=\"Dur\u00e9e de lecture estim\u00e9e\" \/>\n\t<meta name=\"twitter:data2\" content=\"1 minute\" \/>\n<script type=\"application\/ld+json\" class=\"yoast-schema-graph\">{\"@context\":\"https:\/\/schema.org\",\"@graph\":[{\"@type\":\"WebPage\",\"@id\":\"https:\/\/blogs.thesocialmedia.com\/leblogmoto\/2006\/05\/13\/motogp-un-secon\/\",\"url\":\"https:\/\/blogs.thesocialmedia.com\/leblogmoto\/2006\/05\/13\/motogp-un-secon\/\",\"name\":\"MotoGP: Un second Team YAM en 2007 - leblogmoto.com\",\"isPartOf\":{\"@id\":\"https:\/\/blogs.thesocialmedia.com\/leblogmoto\/#website\"},\"primaryImageOfPage\":{\"@id\":\"https:\/\/blogs.thesocialmedia.com\/leblogmoto\/2006\/05\/13\/motogp-un-secon\/#primaryimage\"},\"image\":{\"@id\":\"https:\/\/blogs.thesocialmedia.com\/leblogmoto\/2006\/05\/13\/motogp-un-secon\/#primaryimage\"},\"thumbnailUrl\":\"http:\/\/www.leblogmoto.com\/images\/yamahapaper.jpg\",\"datePublished\":\"2006-05-13T18:42:47+00:00\",\"dateModified\":\"2012-07-11T14:22:01+00:00\",\"author\":{\"@id\":\"https:\/\/blogs.thesocialmedia.com\/leblogmoto\/#\/schema\/person\/1a1dcfc7cec206573105eb4af91155c2\"},\"breadcrumb\":{\"@id\":\"https:\/\/blogs.thesocialmedia.com\/leblogmoto\/2006\/05\/13\/motogp-un-secon\/#breadcrumb\"},\"inLanguage\":\"fr-FR\",\"potentialAction\":[{\"@type\":\"ReadAction\",\"target\":[\"https:\/\/blogs.thesocialmedia.com\/leblogmoto\/2006\/05\/13\/motogp-un-secon\/\"]}]},{\"@type\":\"ImageObject\",\"inLanguage\":\"fr-FR\",\"@id\":\"https:\/\/blogs.thesocialmedia.com\/leblogmoto\/2006\/05\/13\/motogp-un-secon\/#primaryimage\",\"url\":\"http:\/\/www.leblogmoto.com\/images\/yamahapaper.jpg\",\"contentUrl\":\"http:\/\/www.leblogmoto.com\/images\/yamahapaper.jpg\"},{\"@type\":\"BreadcrumbList\",\"@id\":\"https:\/\/blogs.thesocialmedia.com\/leblogmoto\/2006\/05\/13\/motogp-un-secon\/#breadcrumb\",\"itemListElement\":[{\"@type\":\"ListItem\",\"position\":1,\"name\":\"Accueil\",\"item\":\"https:\/\/blogs.thesocialmedia.com\/leblogmoto\/\"},{\"@type\":\"ListItem\",\"position\":2,\"name\":\"MotoGP: Un second Team YAM en 2007\"}]},{\"@type\":\"WebSite\",\"@id\":\"https:\/\/blogs.thesocialmedia.com\/leblogmoto\/#website\",\"url\":\"https:\/\/blogs.thesocialmedia.com\/leblogmoto\/\",\"name\":\"leblogmoto\",\"description\":\"Toute l&#039;actualit\u00e9 des 2 roues\",\"potentialAction\":[{\"@type\":\"SearchAction\",\"target\":{\"@type\":\"EntryPoint\",\"urlTemplate\":\"https:\/\/blogs.thesocialmedia.com\/leblogmoto\/?s={search_term_string}\"},\"query-input\":{\"@type\":\"PropertyValueSpecification\",\"valueRequired\":true,\"valueName\":\"search_term_string\"}}],\"inLanguage\":\"fr-FR\"},{\"@type\":\"Person\",\"@id\":\"https:\/\/blogs.thesocialmedia.com\/leblogmoto\/#\/schema\/person\/1a1dcfc7cec206573105eb4af91155c2\",\"name\":\"andre leconde\",\"image\":{\"@type\":\"ImageObject\",\"inLanguage\":\"fr-FR\",\"@id\":\"https:\/\/blogs.thesocialmedia.com\/leblogmoto\/#\/schema\/person\/image\/\",\"url\":\"https:\/\/secure.gravatar.com\/avatar\/?s=96&d=mm&r=g\",\"contentUrl\":\"https:\/\/secure.gravatar.com\/avatar\/?s=96&d=mm&r=g\",\"caption\":\"andre leconde\"},\"url\":\"https:\/\/blogs.thesocialmedia.com\/leblogmoto\/author\/andre-leconde\/\"}]}<\/script>\n<!-- \/ Yoast SEO plugin. -->","yoast_head_json":{"title":"MotoGP: Un second Team YAM en 2007 - leblogmoto.com","robots":{"index":"index","follow":"follow","max-snippet":"max-snippet:-1","max-image-preview":"max-image-preview:large","max-video-preview":"max-video-preview:-1"},"canonical":"https:\/\/blogs.thesocialmedia.com\/leblogmoto\/2006\/05\/13\/motogp-un-secon\/","twitter_card":"summary_large_image","twitter_title":"MotoGP: Un second Team YAM en 2007 - leblogmoto.com","twitter_description":"L&rsquo;effectif fam\u00e9lique du MotoGP semble \u00eatre en mesure de pr\u00e9senter quelques signes de convalescence \u00e0 la suite de cette annonce faite de l&rsquo;arriv\u00e9e d&rsquo;un Team YAMAHA sponsoris\u00e9 par le cigarettier WINSTON. En 2007, la procession \u00e9tir\u00e9e du peloton MotoGP sur les longues lignes droites de certains circuits du championnat du Monde, aura ainsi moins l&rsquo;allure [&hellip;]","twitter_image":"http:\/\/www.leblogmoto.com\/images\/yamahapaper.jpg","twitter_misc":{"\u00c9crit par":"andre leconde","Dur\u00e9e de lecture estim\u00e9e":"1 minute"},"schema":{"@context":"https:\/\/schema.org","@graph":[{"@type":"WebPage","@id":"https:\/\/blogs.thesocialmedia.com\/leblogmoto\/2006\/05\/13\/motogp-un-secon\/","url":"https:\/\/blogs.thesocialmedia.com\/leblogmoto\/2006\/05\/13\/motogp-un-secon\/","name":"MotoGP: Un second Team YAM en 2007 - leblogmoto.com","isPartOf":{"@id":"https:\/\/blogs.thesocialmedia.com\/leblogmoto\/#website"},"primaryImageOfPage":{"@id":"https:\/\/blogs.thesocialmedia.com\/leblogmoto\/2006\/05\/13\/motogp-un-secon\/#primaryimage"},"image":{"@id":"https:\/\/blogs.thesocialmedia.com\/leblogmoto\/2006\/05\/13\/motogp-un-secon\/#primaryimage"},"thumbnailUrl":"http:\/\/www.leblogmoto.com\/images\/yamahapaper.jpg","datePublished":"2006-05-13T18:42:47+00:00","dateModified":"2012-07-11T14:22:01+00:00","author":{"@id":"https:\/\/blogs.thesocialmedia.com\/leblogmoto\/#\/schema\/person\/1a1dcfc7cec206573105eb4af91155c2"},"breadcrumb":{"@id":"https:\/\/blogs.thesocialmedia.com\/leblogmoto\/2006\/05\/13\/motogp-un-secon\/#breadcrumb"},"inLanguage":"fr-FR","potentialAction":[{"@type":"ReadAction","target":["https:\/\/blogs.thesocialmedia.com\/leblogmoto\/2006\/05\/13\/motogp-un-secon\/"]}]},{"@type":"ImageObject","inLanguage":"fr-FR","@id":"https:\/\/blogs.thesocialmedia.com\/leblogmoto\/2006\/05\/13\/motogp-un-secon\/#primaryimage","url":"http:\/\/www.leblogmoto.com\/images\/yamahapaper.jpg","contentUrl":"http:\/\/www.leblogmoto.com\/images\/yamahapaper.jpg"},{"@type":"BreadcrumbList","@id":"https:\/\/blogs.thesocialmedia.com\/leblogmoto\/2006\/05\/13\/motogp-un-secon\/#breadcrumb","itemListElement":[{"@type":"ListItem","position":1,"name":"Accueil","item":"https:\/\/blogs.thesocialmedia.com\/leblogmoto\/"},{"@type":"ListItem","position":2,"name":"MotoGP: Un second Team YAM en 2007"}]},{"@type":"WebSite","@id":"https:\/\/blogs.thesocialmedia.com\/leblogmoto\/#website","url":"https:\/\/blogs.thesocialmedia.com\/leblogmoto\/","name":"leblogmoto","description":"Toute l&#039;actualit\u00e9 des 2 roues","potentialAction":[{"@type":"SearchAction","target":{"@type":"EntryPoint","urlTemplate":"https:\/\/blogs.thesocialmedia.com\/leblogmoto\/?s={search_term_string}"},"query-input":{"@type":"PropertyValueSpecification","valueRequired":true,"valueName":"search_term_string"}}],"inLanguage":"fr-FR"},{"@type":"Person","@id":"https:\/\/blogs.thesocialmedia.com\/leblogmoto\/#\/schema\/person\/1a1dcfc7cec206573105eb4af91155c2","name":"andre leconde","image":{"@type":"ImageObject","inLanguage":"fr-FR","@id":"https:\/\/blogs.thesocialmedia.com\/leblogmoto\/#\/schema\/person\/image\/","url":"https:\/\/secure.gravatar.com\/avatar\/?s=96&d=mm&r=g","contentUrl":"https:\/\/secure.gravatar.com\/avatar\/?s=96&d=mm&r=g","caption":"andre leconde"},"url":"https:\/\/blogs.thesocialmedia.com\/leblogmoto\/author\/andre-leconde\/"}]}},"_links":{"self":[{"href":"https:\/\/blogs.thesocialmedia.com\/leblogmoto\/wp-json\/wp\/v2\/posts\/1848","targetHints":{"allow":["GET"]}}],"collection":[{"href":"https:\/\/blogs.thesocialmedia.com\/leblogmoto\/wp-json\/wp\/v2\/posts"}],"about":[{"href":"https:\/\/blogs.thesocialmedia.com\/leblogmoto\/wp-json\/wp\/v2\/types\/post"}],"author":[{"embeddable":true,"href":"https:\/\/blogs.thesocialmedia.com\/leblogmoto\/wp-json\/wp\/v2\/users\/336"}],"replies":[{"embeddable":true,"href":"https:\/\/blogs.thesocialmedia.com\/leblogmoto\/wp-json\/wp\/v2\/comments?post=1848"}],"version-history":[{"count":2,"href":"https:\/\/blogs.thesocialmedia.com\/leblogmoto\/wp-json\/wp\/v2\/posts\/1848\/revisions"}],"predecessor-version":[{"id":7449,"href":"https:\/\/blogs.thesocialmedia.com\/leblogmoto\/wp-json\/wp\/v2\/posts\/1848\/revisions\/7449"}],"wp:attachment":[{"href":"https:\/\/blogs.thesocialmedia.com\/leblogmoto\/wp-json\/wp\/v2\/media?parent=1848"}],"wp:term":[{"taxonomy":"category","embeddable":true,"href":"https:\/\/blogs.thesocialmedia.com\/leblogmoto\/wp-json\/wp\/v2\/categories?post=1848"},{"taxonomy":"post_tag","embeddable":true,"href":"https:\/\/blogs.thesocialmedia.com\/leblogmoto\/wp-json\/wp\/v2\/tags?post=1848"}],"curies":[{"name":"wp","href":"https:\/\/api.w.org\/{rel}","templated":true}]}}