{"id":1852,"date":"2006-05-12T17:17:49","date_gmt":"2006-05-12T17:17:49","guid":{"rendered":"http:\/\/blogs.thesocialmedia.com\/leblogmoto\/2006\/05\/12\/rallye-de-lain\/"},"modified":"2012-07-11T13:21:43","modified_gmt":"2012-07-11T13:21:43","slug":"rallye-de-lain","status":"publish","type":"post","link":"https:\/\/blogs.thesocialmedia.com\/leblogmoto\/2006\/05\/12\/rallye-de-lain\/","title":{"rendered":"Rallye de l&rsquo;Ain"},"content":{"rendered":"<p>Le championnat de france des rallyes routiers a fait \u00e9tape le week-end dernier dans l&rsquo;Ain, autour de Poncin. Et comme dans la <a href=\"http:\/\/www.leblogmoto.com\/2006\/03\/rallye_de_la_sa.html\">Sarthe<\/a>, les conditions m\u00e9t\u00e9o n&rsquo;ont pas \u00e9t\u00e9 particuli\u00e8rement cl\u00e9mentes pour les 150 inscrits, avec notamment un samedi apr\u00e8s-midi puis une \u00e9tape de nuit franchement humides : m\u00eame de jour les trombes d&rsquo;eau \u00e9taient par moment telles que la visibilit\u00e9 descendait \u00e0 une dizaine de m\u00e8tres &#8230;<br \/>Le parcours chronom\u00e9tr\u00e9 se d\u00e9composait en trois \u00e9preuves sp\u00e9ciales : <em>Pr\u00e9au<\/em>, vari\u00e9e et viroleuse, <em>Bolozon<\/em> compos\u00e9e de grands bouts droits tr\u00e8s bossel\u00e9s dans lesquels les meilleurs prennent 200 avant de planter de gros freinages pour n\u00e9gocier les quelques \u00e9pingles du trac\u00e9, et <em>Chappiat<\/em> caract\u00e9ris\u00e9e par un bitume dans un \u00e9tat de d\u00e9composition avanc\u00e9e, avec force raccords de bitume. <br \/>Vous savez, ces bandes noires qui offrent d\u00e9j\u00e0 un grip limite sur le sec mais sont carr\u00e9ment franchement casse-gueule sur le mouill\u00e9 &#8230;<\/p>\n<p>Dans ces conditions difficiles les monos se sont encore une fois illustr\u00e9s, et contrairement \u00e0 la manche pr\u00e9c\u00e9dente ou Gr\u00e9gory Debize avait profit\u00e9 de l&rsquo;avance acquise sur le Bugatti, cette fois l&rsquo;absence d&rsquo;\u00e9preuve sur circuit l&rsquo;a oblig\u00e9 \u00e0 courir derri\u00e8re les li\u00e8vres &#8230; <\/p>\n<p>C&rsquo;est tout d&rsquo;abord Patrick Curtat (Yam 450) qui s&rsquo;illustre par un d\u00e9but de rallye tonitruant, puisqu&rsquo;il m\u00e8ne jusqu&rsquo;\u00e0 l&rsquo;ES5. Mais des soucis lui font perdre une quinzaine de secondes dans la sixi\u00e8me sp\u00e9ciale, o\u00f9 il laisse la t\u00eate \u00e0 un trio constitu\u00e9 par Alain Amblard (KTM 660), Yves Constantin (Yam R1) et Gregory Debize (Suz GSX-R 750).<br \/>Les sp\u00e9ciales de nuit verront Constantin perdre progressivement du terrain, alors que Debize grignote peu \u00e0 peu son retard : 8 secondes apr\u00e8s l&rsquo;ES6, moins de 5 secondes apr\u00e8s la 7, encore 2 dixi\u00e8mes gagn\u00e9s lors de la 8, et il terminera finalement \u00e0 1&quot;44 d&rsquo;Amblard. Les 7 secondes qu&rsquo;il a perdues sur ce dernier dans l&rsquo;ES6 p\u00e8sent assur\u00e9ment lourd lors du d\u00e9compte final. <br \/>On notera \u00e9galement quelques tr\u00e8s bons chronos de Fran\u00e7ois Bos (Aprilia 1000 Tuono), ainsi que la r\u00e9gularit\u00e9 de Florent Parret (BMW 1200 HPZ) et de Thomas Laroche (Yam 450) qui finissent tous deux \u00e0 moins de 20 secondes du leader.<\/p>\n<p>Au championnat Debize confirme son avance, et se voit bien empocher le titre d\u00e8s la fin du mois au rallye du Dourdou &#8230;<\/p>\n","protected":false},"excerpt":{"rendered":"<p>Le championnat de france des rallyes routiers a fait \u00e9tape le week-end dernier dans l&rsquo;Ain, autour de Poncin. Et comme dans la Sarthe, les conditions m\u00e9t\u00e9o n&rsquo;ont pas \u00e9t\u00e9 particuli\u00e8rement cl\u00e9mentes pour les 150 inscrits, avec notamment un samedi apr\u00e8s-midi puis une \u00e9tape de nuit franchement humides : m\u00eame de jour les trombes d&rsquo;eau \u00e9taient [&hellip;]<\/p>\n","protected":false},"author":332,"featured_media":0,"comment_status":"open","ping_status":"open","sticky":false,"template":"","format":"standard","meta":{"footnotes":""},"categories":[32],"tags":[],"class_list":["post-1852","post","type-post","status-publish","format-standard","hentry","category-sport-moto"],"yoast_head":"<!-- This site is optimized with the Yoast SEO plugin v26.0 - https:\/\/yoast.com\/wordpress\/plugins\/seo\/ -->\n<title>Rallye de l&#039;Ain - leblogmoto.com<\/title>\n<meta name=\"robots\" content=\"index, follow, max-snippet:-1, max-image-preview:large, max-video-preview:-1\" \/>\n<link rel=\"canonical\" href=\"https:\/\/blogs.thesocialmedia.com\/leblogmoto\/2006\/05\/12\/rallye-de-lain\/\" \/>\n<meta name=\"twitter:card\" content=\"summary_large_image\" \/>\n<meta name=\"twitter:title\" content=\"Rallye de l&#039;Ain - leblogmoto.com\" \/>\n<meta name=\"twitter:description\" content=\"Le championnat de france des rallyes routiers a fait \u00e9tape le week-end dernier dans l&rsquo;Ain, autour de Poncin. Et comme dans la Sarthe, les conditions m\u00e9t\u00e9o n&rsquo;ont pas \u00e9t\u00e9 particuli\u00e8rement cl\u00e9mentes pour les 150 inscrits, avec notamment un samedi apr\u00e8s-midi puis une \u00e9tape de nuit franchement humides : m\u00eame de jour les trombes d&rsquo;eau \u00e9taient [&hellip;]\" \/>\n<meta name=\"twitter:label1\" content=\"\u00c9crit par\" \/>\n\t<meta name=\"twitter:data1\" content=\"eric cabrol\" \/>\n\t<meta name=\"twitter:label2\" content=\"Dur\u00e9e de lecture estim\u00e9e\" \/>\n\t<meta name=\"twitter:data2\" content=\"2 minutes\" \/>\n<script type=\"application\/ld+json\" class=\"yoast-schema-graph\">{\"@context\":\"https:\/\/schema.org\",\"@graph\":[{\"@type\":\"WebPage\",\"@id\":\"https:\/\/blogs.thesocialmedia.com\/leblogmoto\/2006\/05\/12\/rallye-de-lain\/\",\"url\":\"https:\/\/blogs.thesocialmedia.com\/leblogmoto\/2006\/05\/12\/rallye-de-lain\/\",\"name\":\"Rallye de l'Ain - leblogmoto.com\",\"isPartOf\":{\"@id\":\"https:\/\/blogs.thesocialmedia.com\/leblogmoto\/#website\"},\"datePublished\":\"2006-05-12T17:17:49+00:00\",\"dateModified\":\"2012-07-11T13:21:43+00:00\",\"author\":{\"@id\":\"https:\/\/blogs.thesocialmedia.com\/leblogmoto\/#\/schema\/person\/2d0df6c5d59ff2f74f5d0b431cdcd17d\"},\"breadcrumb\":{\"@id\":\"https:\/\/blogs.thesocialmedia.com\/leblogmoto\/2006\/05\/12\/rallye-de-lain\/#breadcrumb\"},\"inLanguage\":\"fr-FR\",\"potentialAction\":[{\"@type\":\"ReadAction\",\"target\":[\"https:\/\/blogs.thesocialmedia.com\/leblogmoto\/2006\/05\/12\/rallye-de-lain\/\"]}]},{\"@type\":\"BreadcrumbList\",\"@id\":\"https:\/\/blogs.thesocialmedia.com\/leblogmoto\/2006\/05\/12\/rallye-de-lain\/#breadcrumb\",\"itemListElement\":[{\"@type\":\"ListItem\",\"position\":1,\"name\":\"Accueil\",\"item\":\"https:\/\/blogs.thesocialmedia.com\/leblogmoto\/\"},{\"@type\":\"ListItem\",\"position\":2,\"name\":\"Rallye de l&rsquo;Ain\"}]},{\"@type\":\"WebSite\",\"@id\":\"https:\/\/blogs.thesocialmedia.com\/leblogmoto\/#website\",\"url\":\"https:\/\/blogs.thesocialmedia.com\/leblogmoto\/\",\"name\":\"leblogmoto\",\"description\":\"Toute l&#039;actualit\u00e9 des 2 roues\",\"potentialAction\":[{\"@type\":\"SearchAction\",\"target\":{\"@type\":\"EntryPoint\",\"urlTemplate\":\"https:\/\/blogs.thesocialmedia.com\/leblogmoto\/?s={search_term_string}\"},\"query-input\":{\"@type\":\"PropertyValueSpecification\",\"valueRequired\":true,\"valueName\":\"search_term_string\"}}],\"inLanguage\":\"fr-FR\"},{\"@type\":\"Person\",\"@id\":\"https:\/\/blogs.thesocialmedia.com\/leblogmoto\/#\/schema\/person\/2d0df6c5d59ff2f74f5d0b431cdcd17d\",\"name\":\"eric cabrol\",\"image\":{\"@type\":\"ImageObject\",\"inLanguage\":\"fr-FR\",\"@id\":\"https:\/\/blogs.thesocialmedia.com\/leblogmoto\/#\/schema\/person\/image\/\",\"url\":\"https:\/\/secure.gravatar.com\/avatar\/?s=96&d=mm&r=g\",\"contentUrl\":\"https:\/\/secure.gravatar.com\/avatar\/?s=96&d=mm&r=g\",\"caption\":\"eric cabrol\"},\"url\":\"https:\/\/blogs.thesocialmedia.com\/leblogmoto\/author\/eric-cabrol\/\"}]}<\/script>\n<!-- \/ Yoast SEO plugin. -->","yoast_head_json":{"title":"Rallye de l'Ain - leblogmoto.com","robots":{"index":"index","follow":"follow","max-snippet":"max-snippet:-1","max-image-preview":"max-image-preview:large","max-video-preview":"max-video-preview:-1"},"canonical":"https:\/\/blogs.thesocialmedia.com\/leblogmoto\/2006\/05\/12\/rallye-de-lain\/","twitter_card":"summary_large_image","twitter_title":"Rallye de l'Ain - leblogmoto.com","twitter_description":"Le championnat de france des rallyes routiers a fait \u00e9tape le week-end dernier dans l&rsquo;Ain, autour de Poncin. Et comme dans la Sarthe, les conditions m\u00e9t\u00e9o n&rsquo;ont pas \u00e9t\u00e9 particuli\u00e8rement cl\u00e9mentes pour les 150 inscrits, avec notamment un samedi apr\u00e8s-midi puis une \u00e9tape de nuit franchement humides : m\u00eame de jour les trombes d&rsquo;eau \u00e9taient [&hellip;]","twitter_misc":{"\u00c9crit par":"eric cabrol","Dur\u00e9e de lecture estim\u00e9e":"2 minutes"},"schema":{"@context":"https:\/\/schema.org","@graph":[{"@type":"WebPage","@id":"https:\/\/blogs.thesocialmedia.com\/leblogmoto\/2006\/05\/12\/rallye-de-lain\/","url":"https:\/\/blogs.thesocialmedia.com\/leblogmoto\/2006\/05\/12\/rallye-de-lain\/","name":"Rallye de l'Ain - leblogmoto.com","isPartOf":{"@id":"https:\/\/blogs.thesocialmedia.com\/leblogmoto\/#website"},"datePublished":"2006-05-12T17:17:49+00:00","dateModified":"2012-07-11T13:21:43+00:00","author":{"@id":"https:\/\/blogs.thesocialmedia.com\/leblogmoto\/#\/schema\/person\/2d0df6c5d59ff2f74f5d0b431cdcd17d"},"breadcrumb":{"@id":"https:\/\/blogs.thesocialmedia.com\/leblogmoto\/2006\/05\/12\/rallye-de-lain\/#breadcrumb"},"inLanguage":"fr-FR","potentialAction":[{"@type":"ReadAction","target":["https:\/\/blogs.thesocialmedia.com\/leblogmoto\/2006\/05\/12\/rallye-de-lain\/"]}]},{"@type":"BreadcrumbList","@id":"https:\/\/blogs.thesocialmedia.com\/leblogmoto\/2006\/05\/12\/rallye-de-lain\/#breadcrumb","itemListElement":[{"@type":"ListItem","position":1,"name":"Accueil","item":"https:\/\/blogs.thesocialmedia.com\/leblogmoto\/"},{"@type":"ListItem","position":2,"name":"Rallye de l&rsquo;Ain"}]},{"@type":"WebSite","@id":"https:\/\/blogs.thesocialmedia.com\/leblogmoto\/#website","url":"https:\/\/blogs.thesocialmedia.com\/leblogmoto\/","name":"leblogmoto","description":"Toute l&#039;actualit\u00e9 des 2 roues","potentialAction":[{"@type":"SearchAction","target":{"@type":"EntryPoint","urlTemplate":"https:\/\/blogs.thesocialmedia.com\/leblogmoto\/?s={search_term_string}"},"query-input":{"@type":"PropertyValueSpecification","valueRequired":true,"valueName":"search_term_string"}}],"inLanguage":"fr-FR"},{"@type":"Person","@id":"https:\/\/blogs.thesocialmedia.com\/leblogmoto\/#\/schema\/person\/2d0df6c5d59ff2f74f5d0b431cdcd17d","name":"eric cabrol","image":{"@type":"ImageObject","inLanguage":"fr-FR","@id":"https:\/\/blogs.thesocialmedia.com\/leblogmoto\/#\/schema\/person\/image\/","url":"https:\/\/secure.gravatar.com\/avatar\/?s=96&d=mm&r=g","contentUrl":"https:\/\/secure.gravatar.com\/avatar\/?s=96&d=mm&r=g","caption":"eric cabrol"},"url":"https:\/\/blogs.thesocialmedia.com\/leblogmoto\/author\/eric-cabrol\/"}]}},"_links":{"self":[{"href":"https:\/\/blogs.thesocialmedia.com\/leblogmoto\/wp-json\/wp\/v2\/posts\/1852","targetHints":{"allow":["GET"]}}],"collection":[{"href":"https:\/\/blogs.thesocialmedia.com\/leblogmoto\/wp-json\/wp\/v2\/posts"}],"about":[{"href":"https:\/\/blogs.thesocialmedia.com\/leblogmoto\/wp-json\/wp\/v2\/types\/post"}],"author":[{"embeddable":true,"href":"https:\/\/blogs.thesocialmedia.com\/leblogmoto\/wp-json\/wp\/v2\/users\/332"}],"replies":[{"embeddable":true,"href":"https:\/\/blogs.thesocialmedia.com\/leblogmoto\/wp-json\/wp\/v2\/comments?post=1852"}],"version-history":[{"count":1,"href":"https:\/\/blogs.thesocialmedia.com\/leblogmoto\/wp-json\/wp\/v2\/posts\/1852\/revisions"}],"predecessor-version":[{"id":3324,"href":"https:\/\/blogs.thesocialmedia.com\/leblogmoto\/wp-json\/wp\/v2\/posts\/1852\/revisions\/3324"}],"wp:attachment":[{"href":"https:\/\/blogs.thesocialmedia.com\/leblogmoto\/wp-json\/wp\/v2\/media?parent=1852"}],"wp:term":[{"taxonomy":"category","embeddable":true,"href":"https:\/\/blogs.thesocialmedia.com\/leblogmoto\/wp-json\/wp\/v2\/categories?post=1852"},{"taxonomy":"post_tag","embeddable":true,"href":"https:\/\/blogs.thesocialmedia.com\/leblogmoto\/wp-json\/wp\/v2\/tags?post=1852"}],"curies":[{"name":"wp","href":"https:\/\/api.w.org\/{rel}","templated":true}]}}