{"id":1859,"date":"2006-05-09T22:18:37","date_gmt":"2006-05-09T22:18:37","guid":{"rendered":"http:\/\/blogs.thesocialmedia.com\/leblogmoto\/2006\/05\/09\/mathieu-gines-s-1\/"},"modified":"2012-07-11T13:21:42","modified_gmt":"2012-07-11T13:21:42","slug":"mathieu-gines-s-1","status":"publish","type":"post","link":"https:\/\/blogs.thesocialmedia.com\/leblogmoto\/2006\/05\/09\/mathieu-gines-s-1\/","title":{"rendered":"Mathieu GINES sorti d&rsquo;affaire"},"content":{"rendered":"<p><a href=\"http:\/\/www.leblogmoto.com\/2006\/05\/mathieu_gines_s.html\"><img loading=\"lazy\" decoding=\"async\" height=\"165\" alt=\"Partenzasbkcrash5\" src=\"http:\/\/www.leblogmoto.com\/images\/partenzasbkcrash5.jpg\" width=\"250\"  \/>Victime d&rsquo;une violente chute peu apr\u00e8s le d\u00e9part de la manche 600 SuperStock de MONZA<\/a>, pris dans un accrochage au sein du peloton \u00e0 l&rsquo;abord de la premi\u00e8re chicane, <strong>Mathieu GINES<\/strong> avait \u00e9t\u00e9 \u00e9vacu\u00e9 du circuit dans un \u00e9tat pr\u00e9occupant.<\/p>\n<p><strong>Tout va mieux<\/strong> au sortir de ce Dimanche noire, puisque le jeune espoir tricolore est parti de l&rsquo;H\u00f4pital dans lequel il avait \u00e9t\u00e9 d&rsquo;abord transport\u00e9. Certes, il va devoir prendre <strong>trois semaines<\/strong> de repos, mais aucune l\u00e9sion neurologique dommageable n&rsquo;a \u00e9t\u00e9 d\u00e9cel\u00e9e. Il se remet n\u00e9anmoins d&rsquo;un <strong>h\u00e9matome c\u00e9r\u00e9bral<\/strong>.<\/p>\n<p>SOURCE: <a href=\"http:\/\/www.motomag.com\">www.motomag.com<\/a> <\/p>\n<p>&nbsp; <\/p>\n","protected":false},"excerpt":{"rendered":"<p>Victime d&rsquo;une violente chute peu apr\u00e8s le d\u00e9part de la manche 600 SuperStock de MONZA, pris dans un accrochage au sein du peloton \u00e0 l&rsquo;abord de la premi\u00e8re chicane, Mathieu GINES avait \u00e9t\u00e9 \u00e9vacu\u00e9 du circuit dans un \u00e9tat pr\u00e9occupant. Tout va mieux au sortir de ce Dimanche noire, puisque le jeune espoir tricolore est [&hellip;]<\/p>\n","protected":false},"author":336,"featured_media":0,"comment_status":"open","ping_status":"open","sticky":false,"template":"","format":"standard","meta":{"footnotes":""},"categories":[32,46],"tags":[],"class_list":["post-1859","post","type-post","status-publish","format-standard","hentry","category-sport-moto","category-superbike"],"yoast_head":"<!-- This site is optimized with the Yoast SEO plugin v26.0 - https:\/\/yoast.com\/wordpress\/plugins\/seo\/ -->\n<title>Mathieu GINES sorti d&#039;affaire - leblogmoto.com<\/title>\n<meta name=\"robots\" content=\"index, follow, max-snippet:-1, max-image-preview:large, max-video-preview:-1\" \/>\n<link rel=\"canonical\" href=\"https:\/\/blogs.thesocialmedia.com\/leblogmoto\/2006\/05\/09\/mathieu-gines-s-1\/\" \/>\n<meta name=\"twitter:card\" content=\"summary_large_image\" \/>\n<meta name=\"twitter:title\" content=\"Mathieu GINES sorti d&#039;affaire - leblogmoto.com\" \/>\n<meta name=\"twitter:description\" content=\"Victime d&rsquo;une violente chute peu apr\u00e8s le d\u00e9part de la manche 600 SuperStock de MONZA, pris dans un accrochage au sein du peloton \u00e0 l&rsquo;abord de la premi\u00e8re chicane, Mathieu GINES avait \u00e9t\u00e9 \u00e9vacu\u00e9 du circuit dans un \u00e9tat pr\u00e9occupant. Tout va mieux au sortir de ce Dimanche noire, puisque le jeune espoir tricolore est [&hellip;]\" \/>\n<meta name=\"twitter:image\" content=\"http:\/\/www.leblogmoto.com\/images\/partenzasbkcrash5.jpg\" \/>\n<meta name=\"twitter:label1\" content=\"\u00c9crit par\" \/>\n\t<meta name=\"twitter:data1\" content=\"andre leconde\" \/>\n\t<meta name=\"twitter:label2\" content=\"Dur\u00e9e de lecture estim\u00e9e\" \/>\n\t<meta name=\"twitter:data2\" content=\"1 minute\" \/>\n<script type=\"application\/ld+json\" class=\"yoast-schema-graph\">{\"@context\":\"https:\/\/schema.org\",\"@graph\":[{\"@type\":\"WebPage\",\"@id\":\"https:\/\/blogs.thesocialmedia.com\/leblogmoto\/2006\/05\/09\/mathieu-gines-s-1\/\",\"url\":\"https:\/\/blogs.thesocialmedia.com\/leblogmoto\/2006\/05\/09\/mathieu-gines-s-1\/\",\"name\":\"Mathieu GINES sorti d'affaire - leblogmoto.com\",\"isPartOf\":{\"@id\":\"https:\/\/blogs.thesocialmedia.com\/leblogmoto\/#website\"},\"primaryImageOfPage\":{\"@id\":\"https:\/\/blogs.thesocialmedia.com\/leblogmoto\/2006\/05\/09\/mathieu-gines-s-1\/#primaryimage\"},\"image\":{\"@id\":\"https:\/\/blogs.thesocialmedia.com\/leblogmoto\/2006\/05\/09\/mathieu-gines-s-1\/#primaryimage\"},\"thumbnailUrl\":\"http:\/\/www.leblogmoto.com\/images\/partenzasbkcrash5.jpg\",\"datePublished\":\"2006-05-09T22:18:37+00:00\",\"dateModified\":\"2012-07-11T13:21:42+00:00\",\"author\":{\"@id\":\"https:\/\/blogs.thesocialmedia.com\/leblogmoto\/#\/schema\/person\/1a1dcfc7cec206573105eb4af91155c2\"},\"breadcrumb\":{\"@id\":\"https:\/\/blogs.thesocialmedia.com\/leblogmoto\/2006\/05\/09\/mathieu-gines-s-1\/#breadcrumb\"},\"inLanguage\":\"fr-FR\",\"potentialAction\":[{\"@type\":\"ReadAction\",\"target\":[\"https:\/\/blogs.thesocialmedia.com\/leblogmoto\/2006\/05\/09\/mathieu-gines-s-1\/\"]}]},{\"@type\":\"ImageObject\",\"inLanguage\":\"fr-FR\",\"@id\":\"https:\/\/blogs.thesocialmedia.com\/leblogmoto\/2006\/05\/09\/mathieu-gines-s-1\/#primaryimage\",\"url\":\"http:\/\/www.leblogmoto.com\/images\/partenzasbkcrash5.jpg\",\"contentUrl\":\"http:\/\/www.leblogmoto.com\/images\/partenzasbkcrash5.jpg\"},{\"@type\":\"BreadcrumbList\",\"@id\":\"https:\/\/blogs.thesocialmedia.com\/leblogmoto\/2006\/05\/09\/mathieu-gines-s-1\/#breadcrumb\",\"itemListElement\":[{\"@type\":\"ListItem\",\"position\":1,\"name\":\"Accueil\",\"item\":\"https:\/\/blogs.thesocialmedia.com\/leblogmoto\/\"},{\"@type\":\"ListItem\",\"position\":2,\"name\":\"Mathieu GINES sorti d&rsquo;affaire\"}]},{\"@type\":\"WebSite\",\"@id\":\"https:\/\/blogs.thesocialmedia.com\/leblogmoto\/#website\",\"url\":\"https:\/\/blogs.thesocialmedia.com\/leblogmoto\/\",\"name\":\"leblogmoto\",\"description\":\"Toute l&#039;actualit\u00e9 des 2 roues\",\"potentialAction\":[{\"@type\":\"SearchAction\",\"target\":{\"@type\":\"EntryPoint\",\"urlTemplate\":\"https:\/\/blogs.thesocialmedia.com\/leblogmoto\/?s={search_term_string}\"},\"query-input\":{\"@type\":\"PropertyValueSpecification\",\"valueRequired\":true,\"valueName\":\"search_term_string\"}}],\"inLanguage\":\"fr-FR\"},{\"@type\":\"Person\",\"@id\":\"https:\/\/blogs.thesocialmedia.com\/leblogmoto\/#\/schema\/person\/1a1dcfc7cec206573105eb4af91155c2\",\"name\":\"andre leconde\",\"image\":{\"@type\":\"ImageObject\",\"inLanguage\":\"fr-FR\",\"@id\":\"https:\/\/blogs.thesocialmedia.com\/leblogmoto\/#\/schema\/person\/image\/\",\"url\":\"https:\/\/secure.gravatar.com\/avatar\/?s=96&d=mm&r=g\",\"contentUrl\":\"https:\/\/secure.gravatar.com\/avatar\/?s=96&d=mm&r=g\",\"caption\":\"andre leconde\"},\"url\":\"https:\/\/blogs.thesocialmedia.com\/leblogmoto\/author\/andre-leconde\/\"}]}<\/script>\n<!-- \/ Yoast SEO plugin. -->","yoast_head_json":{"title":"Mathieu GINES sorti d'affaire - leblogmoto.com","robots":{"index":"index","follow":"follow","max-snippet":"max-snippet:-1","max-image-preview":"max-image-preview:large","max-video-preview":"max-video-preview:-1"},"canonical":"https:\/\/blogs.thesocialmedia.com\/leblogmoto\/2006\/05\/09\/mathieu-gines-s-1\/","twitter_card":"summary_large_image","twitter_title":"Mathieu GINES sorti d'affaire - leblogmoto.com","twitter_description":"Victime d&rsquo;une violente chute peu apr\u00e8s le d\u00e9part de la manche 600 SuperStock de MONZA, pris dans un accrochage au sein du peloton \u00e0 l&rsquo;abord de la premi\u00e8re chicane, Mathieu GINES avait \u00e9t\u00e9 \u00e9vacu\u00e9 du circuit dans un \u00e9tat pr\u00e9occupant. Tout va mieux au sortir de ce Dimanche noire, puisque le jeune espoir tricolore est [&hellip;]","twitter_image":"http:\/\/www.leblogmoto.com\/images\/partenzasbkcrash5.jpg","twitter_misc":{"\u00c9crit par":"andre leconde","Dur\u00e9e de lecture estim\u00e9e":"1 minute"},"schema":{"@context":"https:\/\/schema.org","@graph":[{"@type":"WebPage","@id":"https:\/\/blogs.thesocialmedia.com\/leblogmoto\/2006\/05\/09\/mathieu-gines-s-1\/","url":"https:\/\/blogs.thesocialmedia.com\/leblogmoto\/2006\/05\/09\/mathieu-gines-s-1\/","name":"Mathieu GINES sorti d'affaire - leblogmoto.com","isPartOf":{"@id":"https:\/\/blogs.thesocialmedia.com\/leblogmoto\/#website"},"primaryImageOfPage":{"@id":"https:\/\/blogs.thesocialmedia.com\/leblogmoto\/2006\/05\/09\/mathieu-gines-s-1\/#primaryimage"},"image":{"@id":"https:\/\/blogs.thesocialmedia.com\/leblogmoto\/2006\/05\/09\/mathieu-gines-s-1\/#primaryimage"},"thumbnailUrl":"http:\/\/www.leblogmoto.com\/images\/partenzasbkcrash5.jpg","datePublished":"2006-05-09T22:18:37+00:00","dateModified":"2012-07-11T13:21:42+00:00","author":{"@id":"https:\/\/blogs.thesocialmedia.com\/leblogmoto\/#\/schema\/person\/1a1dcfc7cec206573105eb4af91155c2"},"breadcrumb":{"@id":"https:\/\/blogs.thesocialmedia.com\/leblogmoto\/2006\/05\/09\/mathieu-gines-s-1\/#breadcrumb"},"inLanguage":"fr-FR","potentialAction":[{"@type":"ReadAction","target":["https:\/\/blogs.thesocialmedia.com\/leblogmoto\/2006\/05\/09\/mathieu-gines-s-1\/"]}]},{"@type":"ImageObject","inLanguage":"fr-FR","@id":"https:\/\/blogs.thesocialmedia.com\/leblogmoto\/2006\/05\/09\/mathieu-gines-s-1\/#primaryimage","url":"http:\/\/www.leblogmoto.com\/images\/partenzasbkcrash5.jpg","contentUrl":"http:\/\/www.leblogmoto.com\/images\/partenzasbkcrash5.jpg"},{"@type":"BreadcrumbList","@id":"https:\/\/blogs.thesocialmedia.com\/leblogmoto\/2006\/05\/09\/mathieu-gines-s-1\/#breadcrumb","itemListElement":[{"@type":"ListItem","position":1,"name":"Accueil","item":"https:\/\/blogs.thesocialmedia.com\/leblogmoto\/"},{"@type":"ListItem","position":2,"name":"Mathieu GINES sorti d&rsquo;affaire"}]},{"@type":"WebSite","@id":"https:\/\/blogs.thesocialmedia.com\/leblogmoto\/#website","url":"https:\/\/blogs.thesocialmedia.com\/leblogmoto\/","name":"leblogmoto","description":"Toute l&#039;actualit\u00e9 des 2 roues","potentialAction":[{"@type":"SearchAction","target":{"@type":"EntryPoint","urlTemplate":"https:\/\/blogs.thesocialmedia.com\/leblogmoto\/?s={search_term_string}"},"query-input":{"@type":"PropertyValueSpecification","valueRequired":true,"valueName":"search_term_string"}}],"inLanguage":"fr-FR"},{"@type":"Person","@id":"https:\/\/blogs.thesocialmedia.com\/leblogmoto\/#\/schema\/person\/1a1dcfc7cec206573105eb4af91155c2","name":"andre leconde","image":{"@type":"ImageObject","inLanguage":"fr-FR","@id":"https:\/\/blogs.thesocialmedia.com\/leblogmoto\/#\/schema\/person\/image\/","url":"https:\/\/secure.gravatar.com\/avatar\/?s=96&d=mm&r=g","contentUrl":"https:\/\/secure.gravatar.com\/avatar\/?s=96&d=mm&r=g","caption":"andre leconde"},"url":"https:\/\/blogs.thesocialmedia.com\/leblogmoto\/author\/andre-leconde\/"}]}},"_links":{"self":[{"href":"https:\/\/blogs.thesocialmedia.com\/leblogmoto\/wp-json\/wp\/v2\/posts\/1859","targetHints":{"allow":["GET"]}}],"collection":[{"href":"https:\/\/blogs.thesocialmedia.com\/leblogmoto\/wp-json\/wp\/v2\/posts"}],"about":[{"href":"https:\/\/blogs.thesocialmedia.com\/leblogmoto\/wp-json\/wp\/v2\/types\/post"}],"author":[{"embeddable":true,"href":"https:\/\/blogs.thesocialmedia.com\/leblogmoto\/wp-json\/wp\/v2\/users\/336"}],"replies":[{"embeddable":true,"href":"https:\/\/blogs.thesocialmedia.com\/leblogmoto\/wp-json\/wp\/v2\/comments?post=1859"}],"version-history":[{"count":1,"href":"https:\/\/blogs.thesocialmedia.com\/leblogmoto\/wp-json\/wp\/v2\/posts\/1859\/revisions"}],"predecessor-version":[{"id":3317,"href":"https:\/\/blogs.thesocialmedia.com\/leblogmoto\/wp-json\/wp\/v2\/posts\/1859\/revisions\/3317"}],"wp:attachment":[{"href":"https:\/\/blogs.thesocialmedia.com\/leblogmoto\/wp-json\/wp\/v2\/media?parent=1859"}],"wp:term":[{"taxonomy":"category","embeddable":true,"href":"https:\/\/blogs.thesocialmedia.com\/leblogmoto\/wp-json\/wp\/v2\/categories?post=1859"},{"taxonomy":"post_tag","embeddable":true,"href":"https:\/\/blogs.thesocialmedia.com\/leblogmoto\/wp-json\/wp\/v2\/tags?post=1859"}],"curies":[{"name":"wp","href":"https:\/\/api.w.org\/{rel}","templated":true}]}}